{"id":836,"date":"2025-07-25T17:18:08","date_gmt":"2025-07-25T17:18:08","guid":{"rendered":"https:\/\/descartes.tn\/?p=836"},"modified":"2025-07-25T17:18:08","modified_gmt":"2025-07-25T17:18:08","slug":"trump-ce-que-dit-macron-sur-la-letat-de-palestine-ne-changera-rien","status":"publish","type":"post","link":"https:\/\/descartes.tn\/index.php\/2025\/07\/25\/trump-ce-que-dit-macron-sur-la-letat-de-palestine-ne-changera-rien\/","title":{"rendered":"Trump : Ce que dit Macron sur la l&#8217;\u00c9tat de Palestine ne changera rien"},"content":{"rendered":"\n<p>Donald Trump a comment\u00e9, ce vendredi 25 juillet 2025, les d\u00e9clarations de son homologue fran\u00e7ais Emmanuel Macron en faveur de la reconnaissance d\u2019un \u00c9tat palestinien, estimant qu\u2019elles n\u2019avaient \u00ab pas beaucoup de poids \u00bb.<\/p>\n\n\n\n<p>S\u2019exprimant depuis la Maison-Blanche peu avant son d\u00e9part pour l\u2019\u00c9cosse, Trump a d\u00e9clar\u00e9 : \u00ab Ce qu\u2019il dit importe peu. C\u2019est quelqu\u2019un de tr\u00e8s bien, je l\u2019appr\u00e9cie, mais cette d\u00e9claration n\u2019a pas beaucoup de poids. Cela ne changera rien. \u00bb<\/p>\n\n\n\n<p>Ces propos interviennent alors que le pr\u00e9sident fran\u00e7ais a r\u00e9cemment r\u00e9affirm\u00e9 la n\u00e9cessit\u00e9 de reconna\u00eetre officiellement l\u2019\u00c9tat palestinien.<\/p>\n","protected":false},"excerpt":{"rendered":"<p>Donald Trump a comment\u00e9, ce vendredi 25 juillet 2025, les d\u00e9clarations de son homologue fran\u00e7ais Emmanuel Macron en faveur de la reconnaissance d\u2019un \u00c9tat palestinien, estimant qu\u2019elles n\u2019avaient \u00ab pas beaucoup de poids \u00bb. S\u2019exprimant depuis la Maison-Blanche peu avant son d\u00e9part pour l\u2019\u00c9cosse, Trump a d\u00e9clar\u00e9 : \u00ab Ce qu\u2019il dit importe peu. C\u2019est [&hellip;]<\/p>\n","protected":false},"author":1,"featured_media":837,"comment_status":"open","ping_status":"closed","sticky":false,"template":"","format":"standard","meta":{"footnotes":""},"categories":[1],"tags":[507,69,137],"class_list":["post-836","post","type-post","status-publish","format-standard","has-post-thumbnail","hentry","category-actualites","tag-macron","tag-palestine","tag-trump"],"yoast_head":"<!-- This site is optimized with the Yoast SEO plugin v27.5 - https:\/\/yoast.com\/product\/yoast-seo-wordpress\/ -->\n<title>Trump : Ce que dit Macron sur la l&#039;\u00c9tat de Palestine ne changera rien - Descartes.tn<\/title>\n<meta name=\"robots\" content=\"index, follow, max-snippet:-1, max-image-preview:large, max-video-preview:-1\" \/>\n<link rel=\"canonical\" href=\"https:\/\/descartes.tn\/index.php\/2025\/07\/25\/trump-ce-que-dit-macron-sur-la-letat-de-palestine-ne-changera-rien\/\" \/>\n<meta property=\"og:locale\" content=\"en_US\" \/>\n<meta property=\"og:type\" content=\"article\" \/>\n<meta property=\"og:title\" content=\"Trump : Ce que dit Macron sur la l&#039;\u00c9tat de Palestine ne changera rien\" \/>\n<meta property=\"og:description\" content=\"Donald Trump a comment\u00e9, ce vendredi 25 juillet 2025, les d\u00e9clarations de son homologue fran\u00e7ais Emmanuel Macron en faveur de la reconnaissance d\u2019un \u00c9tat palestinien, estimant qu\u2019elles n\u2019avaient \u00ab pas beaucoup de poids \u00bb. S\u2019exprimant depuis la Maison-Blanche peu avant son d\u00e9part pour l\u2019\u00c9cosse, Trump a d\u00e9clar\u00e9 : \u00ab Ce qu\u2019il dit importe peu. C\u2019est [&hellip;]\" \/>\n<meta property=\"og:url\" content=\"https:\/\/descartes.tn\/index.php\/2025\/07\/25\/trump-ce-que-dit-macron-sur-la-letat-de-palestine-ne-changera-rien\/\" \/>\n<meta property=\"og:site_name\" content=\"Descartes.tn\" \/>\n<meta property=\"article:publisher\" content=\"https:\/\/www.facebook.com\/Magdescartes\" \/>\n<meta property=\"article:published_time\" content=\"2025-07-25T17:18:08+00:00\" \/>\n<meta property=\"og:image\" content=\"https:\/\/descartes.tn\/wp-content\/uploads\/2025\/07\/image-56.png\" \/>\n\t<meta property=\"og:image:width\" content=\"1280\" \/>\n\t<meta property=\"og:image:height\" content=\"720\" \/>\n\t<meta property=\"og:image:type\" content=\"image\/png\" \/>\n<meta name=\"author\" content=\"admin\" \/>\n<meta name=\"twitter:card\" content=\"summary_large_image\" \/>\n<meta name=\"twitter:label1\" content=\"Written by\" \/>\n\t<meta name=\"twitter:data1\" content=\"admin\" \/>\n\t<meta name=\"twitter:label2\" content=\"Est. reading time\" \/>\n\t<meta name=\"twitter:data2\" content=\"1 minute\" \/>\n<script type=\"application\/ld+json\" class=\"yoast-schema-graph\">{\"@context\":\"https:\\\/\\\/schema.org\",\"@graph\":[{\"@type\":\"Article\",\"@id\":\"https:\\\/\\\/descartes.tn\\\/index.php\\\/2025\\\/07\\\/25\\\/trump-ce-que-dit-macron-sur-la-letat-de-palestine-ne-changera-rien\\\/#article\",\"isPartOf\":{\"@id\":\"https:\\\/\\\/descartes.tn\\\/index.php\\\/2025\\\/07\\\/25\\\/trump-ce-que-dit-macron-sur-la-letat-de-palestine-ne-changera-rien\\\/\"},\"author\":{\"name\":\"admin\",\"@id\":\"https:\\\/\\\/descartes.tn\\\/#\\\/schema\\\/person\\\/9fd67540eb53221af50a61878b6721ae\"},\"headline\":\"Trump : Ce que dit Macron sur la l&#8217;\u00c9tat de Palestine ne changera rien\",\"datePublished\":\"2025-07-25T17:18:08+00:00\",\"mainEntityOfPage\":{\"@id\":\"https:\\\/\\\/descartes.tn\\\/index.php\\\/2025\\\/07\\\/25\\\/trump-ce-que-dit-macron-sur-la-letat-de-palestine-ne-changera-rien\\\/\"},\"wordCount\":123,\"commentCount\":0,\"publisher\":{\"@id\":\"https:\\\/\\\/descartes.tn\\\/#organization\"},\"image\":{\"@id\":\"https:\\\/\\\/descartes.tn\\\/index.php\\\/2025\\\/07\\\/25\\\/trump-ce-que-dit-macron-sur-la-letat-de-palestine-ne-changera-rien\\\/#primaryimage\"},\"thumbnailUrl\":\"https:\\\/\\\/descartes.tn\\\/wp-content\\\/uploads\\\/2025\\\/07\\\/image-56.png\",\"keywords\":[\"Macron\",\"Palestine\",\"Trump\"],\"articleSection\":[\"Actualit\u00e9s\"],\"inLanguage\":\"en-US\",\"potentialAction\":[{\"@type\":\"CommentAction\",\"name\":\"Comment\",\"target\":[\"https:\\\/\\\/descartes.tn\\\/index.php\\\/2025\\\/07\\\/25\\\/trump-ce-que-dit-macron-sur-la-letat-de-palestine-ne-changera-rien\\\/#respond\"]}]},{\"@type\":\"WebPage\",\"@id\":\"https:\\\/\\\/descartes.tn\\\/index.php\\\/2025\\\/07\\\/25\\\/trump-ce-que-dit-macron-sur-la-letat-de-palestine-ne-changera-rien\\\/\",\"url\":\"https:\\\/\\\/descartes.tn\\\/index.php\\\/2025\\\/07\\\/25\\\/trump-ce-que-dit-macron-sur-la-letat-de-palestine-ne-changera-rien\\\/\",\"name\":\"Trump : Ce que dit Macron sur la l'\u00c9tat de Palestine ne changera rien - Descartes.tn\",\"isPartOf\":{\"@id\":\"https:\\\/\\\/descartes.tn\\\/#website\"},\"primaryImageOfPage\":{\"@id\":\"https:\\\/\\\/descartes.tn\\\/index.php\\\/2025\\\/07\\\/25\\\/trump-ce-que-dit-macron-sur-la-letat-de-palestine-ne-changera-rien\\\/#primaryimage\"},\"image\":{\"@id\":\"https:\\\/\\\/descartes.tn\\\/index.php\\\/2025\\\/07\\\/25\\\/trump-ce-que-dit-macron-sur-la-letat-de-palestine-ne-changera-rien\\\/#primaryimage\"},\"thumbnailUrl\":\"https:\\\/\\\/descartes.tn\\\/wp-content\\\/uploads\\\/2025\\\/07\\\/image-56.png\",\"datePublished\":\"2025-07-25T17:18:08+00:00\",\"breadcrumb\":{\"@id\":\"https:\\\/\\\/descartes.tn\\\/index.php\\\/2025\\\/07\\\/25\\\/trump-ce-que-dit-macron-sur-la-letat-de-palestine-ne-changera-rien\\\/#breadcrumb\"},\"inLanguage\":\"en-US\",\"potentialAction\":[{\"@type\":\"ReadAction\",\"target\":[\"https:\\\/\\\/descartes.tn\\\/index.php\\\/2025\\\/07\\\/25\\\/trump-ce-que-dit-macron-sur-la-letat-de-palestine-ne-changera-rien\\\/\"]}]},{\"@type\":\"ImageObject\",\"inLanguage\":\"en-US\",\"@id\":\"https:\\\/\\\/descartes.tn\\\/index.php\\\/2025\\\/07\\\/25\\\/trump-ce-que-dit-macron-sur-la-letat-de-palestine-ne-changera-rien\\\/#primaryimage\",\"url\":\"https:\\\/\\\/descartes.tn\\\/wp-content\\\/uploads\\\/2025\\\/07\\\/image-56.png\",\"contentUrl\":\"https:\\\/\\\/descartes.tn\\\/wp-content\\\/uploads\\\/2025\\\/07\\\/image-56.png\",\"width\":1280,\"height\":720},{\"@type\":\"BreadcrumbList\",\"@id\":\"https:\\\/\\\/descartes.tn\\\/index.php\\\/2025\\\/07\\\/25\\\/trump-ce-que-dit-macron-sur-la-letat-de-palestine-ne-changera-rien\\\/#breadcrumb\",\"itemListElement\":[{\"@type\":\"ListItem\",\"position\":1,\"name\":\"Home\",\"item\":\"https:\\\/\\\/descartes.tn\\\/\"},{\"@type\":\"ListItem\",\"position\":2,\"name\":\"Trump : Ce que dit Macron sur la l&#8217;\u00c9tat de Palestine ne changera rien\"}]},{\"@type\":\"WebSite\",\"@id\":\"https:\\\/\\\/descartes.tn\\\/#website\",\"url\":\"https:\\\/\\\/descartes.tn\\\/\",\"name\":\"Descartes.tn\",\"description\":\"\",\"publisher\":{\"@id\":\"https:\\\/\\\/descartes.tn\\\/#organization\"},\"potentialAction\":[{\"@type\":\"SearchAction\",\"target\":{\"@type\":\"EntryPoint\",\"urlTemplate\":\"https:\\\/\\\/descartes.tn\\\/?s={search_term_string}\"},\"query-input\":{\"@type\":\"PropertyValueSpecification\",\"valueRequired\":true,\"valueName\":\"search_term_string\"}}],\"inLanguage\":\"en-US\"},{\"@type\":\"Organization\",\"@id\":\"https:\\\/\\\/descartes.tn\\\/#organization\",\"name\":\"Descartes.tn\",\"url\":\"https:\\\/\\\/descartes.tn\\\/\",\"logo\":{\"@type\":\"ImageObject\",\"inLanguage\":\"en-US\",\"@id\":\"https:\\\/\\\/descartes.tn\\\/#\\\/schema\\\/logo\\\/image\\\/\",\"url\":\"https:\\\/\\\/descartes.tn\\\/wp-content\\\/uploads\\\/2025\\\/10\\\/cropped-Fichier-1-1.png\",\"contentUrl\":\"https:\\\/\\\/descartes.tn\\\/wp-content\\\/uploads\\\/2025\\\/10\\\/cropped-Fichier-1-1.png\",\"width\":136,\"height\":19,\"caption\":\"Descartes.tn\"},\"image\":{\"@id\":\"https:\\\/\\\/descartes.tn\\\/#\\\/schema\\\/logo\\\/image\\\/\"},\"sameAs\":[\"https:\\\/\\\/www.facebook.com\\\/Magdescartes\",\"https:\\\/\\\/www.instagram.com\\\/descartes.magazine\\\/\"]},{\"@type\":\"Person\",\"@id\":\"https:\\\/\\\/descartes.tn\\\/#\\\/schema\\\/person\\\/9fd67540eb53221af50a61878b6721ae\",\"name\":\"admin\",\"image\":{\"@type\":\"ImageObject\",\"inLanguage\":\"en-US\",\"@id\":\"https:\\\/\\\/secure.gravatar.com\\\/avatar\\\/871417dfba5a884ed81f7f8e04e2eea75e8ef480bcb1e5ea634438506d493132?s=96&d=mm&r=g\",\"url\":\"https:\\\/\\\/secure.gravatar.com\\\/avatar\\\/871417dfba5a884ed81f7f8e04e2eea75e8ef480bcb1e5ea634438506d493132?s=96&d=mm&r=g\",\"contentUrl\":\"https:\\\/\\\/secure.gravatar.com\\\/avatar\\\/871417dfba5a884ed81f7f8e04e2eea75e8ef480bcb1e5ea634438506d493132?s=96&d=mm&r=g\",\"caption\":\"admin\"},\"sameAs\":[\"https:\\\/\\\/descartes.tn\"],\"url\":\"https:\\\/\\\/descartes.tn\\\/index.php\\\/author\\\/admin_pmykj64c\\\/\"}]}<\/script>\n<!-- \/ Yoast SEO plugin. -->","yoast_head_json":{"title":"Trump : Ce que dit Macron sur la l'\u00c9tat de Palestine ne changera rien - Descartes.tn","robots":{"index":"index","follow":"follow","max-snippet":"max-snippet:-1","max-image-preview":"max-image-preview:large","max-video-preview":"max-video-preview:-1"},"canonical":"https:\/\/descartes.tn\/index.php\/2025\/07\/25\/trump-ce-que-dit-macron-sur-la-letat-de-palestine-ne-changera-rien\/","og_locale":"en_US","og_type":"article","og_title":"Trump : Ce que dit Macron sur la l'\u00c9tat de Palestine ne changera rien","og_description":"Donald Trump a comment\u00e9, ce vendredi 25 juillet 2025, les d\u00e9clarations de son homologue fran\u00e7ais Emmanuel Macron en faveur de la reconnaissance d\u2019un \u00c9tat palestinien, estimant qu\u2019elles n\u2019avaient \u00ab pas beaucoup de poids \u00bb. S\u2019exprimant depuis la Maison-Blanche peu avant son d\u00e9part pour l\u2019\u00c9cosse, Trump a d\u00e9clar\u00e9 : \u00ab Ce qu\u2019il dit importe peu. C\u2019est [&hellip;]","og_url":"https:\/\/descartes.tn\/index.php\/2025\/07\/25\/trump-ce-que-dit-macron-sur-la-letat-de-palestine-ne-changera-rien\/","og_site_name":"Descartes.tn","article_publisher":"https:\/\/www.facebook.com\/Magdescartes","article_published_time":"2025-07-25T17:18:08+00:00","og_image":[{"width":1280,"height":720,"url":"https:\/\/descartes.tn\/wp-content\/uploads\/2025\/07\/image-56.png","type":"image\/png"}],"author":"admin","twitter_card":"summary_large_image","twitter_misc":{"Written by":"admin","Est. reading time":"1 minute"},"schema":{"@context":"https:\/\/schema.org","@graph":[{"@type":"Article","@id":"https:\/\/descartes.tn\/index.php\/2025\/07\/25\/trump-ce-que-dit-macron-sur-la-letat-de-palestine-ne-changera-rien\/#article","isPartOf":{"@id":"https:\/\/descartes.tn\/index.php\/2025\/07\/25\/trump-ce-que-dit-macron-sur-la-letat-de-palestine-ne-changera-rien\/"},"author":{"name":"admin","@id":"https:\/\/descartes.tn\/#\/schema\/person\/9fd67540eb53221af50a61878b6721ae"},"headline":"Trump : Ce que dit Macron sur la l&#8217;\u00c9tat de Palestine ne changera rien","datePublished":"2025-07-25T17:18:08+00:00","mainEntityOfPage":{"@id":"https:\/\/descartes.tn\/index.php\/2025\/07\/25\/trump-ce-que-dit-macron-sur-la-letat-de-palestine-ne-changera-rien\/"},"wordCount":123,"commentCount":0,"publisher":{"@id":"https:\/\/descartes.tn\/#organization"},"image":{"@id":"https:\/\/descartes.tn\/index.php\/2025\/07\/25\/trump-ce-que-dit-macron-sur-la-letat-de-palestine-ne-changera-rien\/#primaryimage"},"thumbnailUrl":"https:\/\/descartes.tn\/wp-content\/uploads\/2025\/07\/image-56.png","keywords":["Macron","Palestine","Trump"],"articleSection":["Actualit\u00e9s"],"inLanguage":"en-US","potentialAction":[{"@type":"CommentAction","name":"Comment","target":["https:\/\/descartes.tn\/index.php\/2025\/07\/25\/trump-ce-que-dit-macron-sur-la-letat-de-palestine-ne-changera-rien\/#respond"]}]},{"@type":"WebPage","@id":"https:\/\/descartes.tn\/index.php\/2025\/07\/25\/trump-ce-que-dit-macron-sur-la-letat-de-palestine-ne-changera-rien\/","url":"https:\/\/descartes.tn\/index.php\/2025\/07\/25\/trump-ce-que-dit-macron-sur-la-letat-de-palestine-ne-changera-rien\/","name":"Trump : Ce que dit Macron sur la l'\u00c9tat de Palestine ne changera rien - Descartes.tn","isPartOf":{"@id":"https:\/\/descartes.tn\/#website"},"primaryImageOfPage":{"@id":"https:\/\/descartes.tn\/index.php\/2025\/07\/25\/trump-ce-que-dit-macron-sur-la-letat-de-palestine-ne-changera-rien\/#primaryimage"},"image":{"@id":"https:\/\/descartes.tn\/index.php\/2025\/07\/25\/trump-ce-que-dit-macron-sur-la-letat-de-palestine-ne-changera-rien\/#primaryimage"},"thumbnailUrl":"https:\/\/descartes.tn\/wp-content\/uploads\/2025\/07\/image-56.png","datePublished":"2025-07-25T17:18:08+00:00","breadcrumb":{"@id":"https:\/\/descartes.tn\/index.php\/2025\/07\/25\/trump-ce-que-dit-macron-sur-la-letat-de-palestine-ne-changera-rien\/#breadcrumb"},"inLanguage":"en-US","potentialAction":[{"@type":"ReadAction","target":["https:\/\/descartes.tn\/index.php\/2025\/07\/25\/trump-ce-que-dit-macron-sur-la-letat-de-palestine-ne-changera-rien\/"]}]},{"@type":"ImageObject","inLanguage":"en-US","@id":"https:\/\/descartes.tn\/index.php\/2025\/07\/25\/trump-ce-que-dit-macron-sur-la-letat-de-palestine-ne-changera-rien\/#primaryimage","url":"https:\/\/descartes.tn\/wp-content\/uploads\/2025\/07\/image-56.png","contentUrl":"https:\/\/descartes.tn\/wp-content\/uploads\/2025\/07\/image-56.png","width":1280,"height":720},{"@type":"BreadcrumbList","@id":"https:\/\/descartes.tn\/index.php\/2025\/07\/25\/trump-ce-que-dit-macron-sur-la-letat-de-palestine-ne-changera-rien\/#breadcrumb","itemListElement":[{"@type":"ListItem","position":1,"name":"Home","item":"https:\/\/descartes.tn\/"},{"@type":"ListItem","position":2,"name":"Trump : Ce que dit Macron sur la l&#8217;\u00c9tat de Palestine ne changera rien"}]},{"@type":"WebSite","@id":"https:\/\/descartes.tn\/#website","url":"https:\/\/descartes.tn\/","name":"Descartes.tn","description":"","publisher":{"@id":"https:\/\/descartes.tn\/#organization"},"potentialAction":[{"@type":"SearchAction","target":{"@type":"EntryPoint","urlTemplate":"https:\/\/descartes.tn\/?s={search_term_string}"},"query-input":{"@type":"PropertyValueSpecification","valueRequired":true,"valueName":"search_term_string"}}],"inLanguage":"en-US"},{"@type":"Organization","@id":"https:\/\/descartes.tn\/#organization","name":"Descartes.tn","url":"https:\/\/descartes.tn\/","logo":{"@type":"ImageObject","inLanguage":"en-US","@id":"https:\/\/descartes.tn\/#\/schema\/logo\/image\/","url":"https:\/\/descartes.tn\/wp-content\/uploads\/2025\/10\/cropped-Fichier-1-1.png","contentUrl":"https:\/\/descartes.tn\/wp-content\/uploads\/2025\/10\/cropped-Fichier-1-1.png","width":136,"height":19,"caption":"Descartes.tn"},"image":{"@id":"https:\/\/descartes.tn\/#\/schema\/logo\/image\/"},"sameAs":["https:\/\/www.facebook.com\/Magdescartes","https:\/\/www.instagram.com\/descartes.magazine\/"]},{"@type":"Person","@id":"https:\/\/descartes.tn\/#\/schema\/person\/9fd67540eb53221af50a61878b6721ae","name":"admin","image":{"@type":"ImageObject","inLanguage":"en-US","@id":"https:\/\/secure.gravatar.com\/avatar\/871417dfba5a884ed81f7f8e04e2eea75e8ef480bcb1e5ea634438506d493132?s=96&d=mm&r=g","url":"https:\/\/secure.gravatar.com\/avatar\/871417dfba5a884ed81f7f8e04e2eea75e8ef480bcb1e5ea634438506d493132?s=96&d=mm&r=g","contentUrl":"https:\/\/secure.gravatar.com\/avatar\/871417dfba5a884ed81f7f8e04e2eea75e8ef480bcb1e5ea634438506d493132?s=96&d=mm&r=g","caption":"admin"},"sameAs":["https:\/\/descartes.tn"],"url":"https:\/\/descartes.tn\/index.php\/author\/admin_pmykj64c\/"}]}},"_links":{"self":[{"href":"https:\/\/descartes.tn\/index.php\/wp-json\/wp\/v2\/posts\/836","targetHints":{"allow":["GET"]}}],"collection":[{"href":"https:\/\/descartes.tn\/index.php\/wp-json\/wp\/v2\/posts"}],"about":[{"href":"https:\/\/descartes.tn\/index.php\/wp-json\/wp\/v2\/types\/post"}],"author":[{"embeddable":true,"href":"https:\/\/descartes.tn\/index.php\/wp-json\/wp\/v2\/users\/1"}],"replies":[{"embeddable":true,"href":"https:\/\/descartes.tn\/index.php\/wp-json\/wp\/v2\/comments?post=836"}],"version-history":[{"count":1,"href":"https:\/\/descartes.tn\/index.php\/wp-json\/wp\/v2\/posts\/836\/revisions"}],"predecessor-version":[{"id":838,"href":"https:\/\/descartes.tn\/index.php\/wp-json\/wp\/v2\/posts\/836\/revisions\/838"}],"wp:featuredmedia":[{"embeddable":true,"href":"https:\/\/descartes.tn\/index.php\/wp-json\/wp\/v2\/media\/837"}],"wp:attachment":[{"href":"https:\/\/descartes.tn\/index.php\/wp-json\/wp\/v2\/media?parent=836"}],"wp:term":[{"taxonomy":"category","embeddable":true,"href":"https:\/\/descartes.tn\/index.php\/wp-json\/wp\/v2\/categories?post=836"},{"taxonomy":"post_tag","embeddable":true,"href":"https:\/\/descartes.tn\/index.php\/wp-json\/wp\/v2\/tags?post=836"}],"curies":[{"name":"wp","href":"https:\/\/api.w.org\/{rel}","templated":true}]}}