{"id":5533,"date":"2026-09-02T16:24:48","date_gmt":"2026-09-02T15:24:48","guid":{"rendered":"https:\/\/descartes.tn\/?p=5533"},"modified":"2026-09-02T16:25:15","modified_gmt":"2026-09-02T15:25:15","slug":"ali-riahi-lhistoire-de-lune-des-grandes-voix-de-la-chanson-tunisienne","status":"publish","type":"post","link":"https:\/\/descartes.tn\/index.php\/2026\/09\/02\/ali-riahi-lhistoire-de-lune-des-grandes-voix-de-la-chanson-tunisienne\/","title":{"rendered":"Ali Riahi : l\u2019histoire de \u00ab \u0645\u0637\u0631\u0628 \u0627\u0644\u062e\u0636\u0631\u0627\u0621 \u00bb, l\u2019une des grandes voix de la chanson tunisienne"},"content":{"rendered":"\n<p class=\"wp-block-paragraph\"><strong>Ali Riahi (\u0639\u0644\u064a \u0627\u0644\u0631\u064a\u0627\u062d\u064a)<\/strong> demeure l\u2019une des figures les plus marquantes de l\u2019histoire de la musique tunisienne. Chanteur, compositeur et auteur, il a construit en quelques d\u00e9cennies une \u0153uvre qui a profond\u00e9ment marqu\u00e9 la chanson tunisienne du XXe si\u00e8cle. Son parcours est \u00e9galement marqu\u00e9 par une fin tragique : le 27 mars 1970, alors qu\u2019il se produisait au Th\u00e9\u00e2tre municipal de Tunis, il s\u2019effondre sur sc\u00e8ne. Il meurt \u00e0 l\u2019\u00e2ge de 57 ans, trois jours seulement avant son 58e anniversaire.<\/p>\n\n\n\n<iframe loading=\"lazy\" src=\"https:\/\/www.facebook.com\/plugins\/video.php?height=476&#038;href=https%3A%2F%2Fwww.facebook.com%2Freel%2F2310894859765573%2F&#038;show_text=false&#038;width=267&#038;t=0\" width=\"267\" height=\"476\" style=\"border:none;overflow:hidden\" scrolling=\"no\" frameborder=\"0\" allowfullscreen=\"true\" allow=\"autoplay; clipboard-write; encrypted-media; picture-in-picture; web-share\" allowFullScreen=\"true\"><\/iframe>\n\n\n\n<h2 class=\"wp-block-heading\">Une enfance dans une famille religieuse<\/h2>\n\n\n\n<p class=\"wp-block-paragraph\">Ali Riahi na\u00eet \u00e0 Tunis le <strong>30 mars 1912<\/strong>. Contrairement \u00e0 ce que l\u2019on pourrait imaginer pour un futur grand chanteur, il ne vient pas d\u2019une famille d\u2019artistes.<\/p>\n\n\n\n<p class=\"wp-block-paragraph\">Il appartient \u00e0 une famille connue pour son h\u00e9ritage religieux. Son grand-p\u00e8re paternel est <strong>Sidi Brahim Riahi<\/strong>, l\u2019une des grandes figures religieuses de la Tunisie du XIXe si\u00e8cle.<\/p>\n\n\n\n<p class=\"wp-block-paragraph\">Mais tr\u00e8s jeune, Ali Riahi d\u00e9veloppe une passion qui va progressivement prendre une place centrale dans sa vie : <strong>la musique<\/strong>.<\/p>\n\n\n\n<p class=\"wp-block-paragraph\">Il fr\u00e9quente notamment l\u2019\u00e9cole Khair Eddine, la Khaldounia puis le lyc\u00e9e Carnot. Il ne termine toutefois pas ses \u00e9tudes secondaires. Sa v\u00e9ritable formation va progressivement se faire ailleurs : dans l\u2019\u00e9coute, la pratique et les rencontres avec les musiciens de son \u00e9poque.<\/p>\n\n\n\n<h2 class=\"wp-block-heading\">Quand la musique devient une passion<\/h2>\n\n\n\n<p class=\"wp-block-paragraph\">Dans sa jeunesse, Ali Riahi s\u2019int\u00e9resse particuli\u00e8rement \u00e0 la musique arabe et aux grands artistes \u00e9gyptiens.<\/p>\n\n\n\n<p class=\"wp-block-paragraph\">Il \u00e9coute notamment <strong>Oum Kalthoum, Mohammed Abdel Wahab et Sayed Darwich<\/strong>, dont il cherche \u00e0 comprendre et \u00e0 reproduire les m\u00e9lodies et les styles.<\/p>\n\n\n\n<p class=\"wp-block-paragraph\">\u00c0 une \u00e9poque o\u00f9 la musique enregistr\u00e9e n\u2019est accessible que par les disques et le gramophone, chaque enregistrement constitue une v\u00e9ritable source d\u2019apprentissage.<\/p>\n\n\n\n<p class=\"wp-block-paragraph\">Selon plusieurs r\u00e9cits biographiques, un <strong>gramophone accompagn\u00e9 de disques<\/strong> aurait jou\u00e9 un r\u00f4le important dans sa d\u00e9couverte approfondie de la musique.<\/p>\n\n\n\n<p class=\"wp-block-paragraph\">Ali Riahi \u00e9coute, m\u00e9morise et reproduit les m\u00e9lodies. Cette m\u00e9thode fond\u00e9e sur l\u2019oreille et la pratique contribue \u00e0 construire son identit\u00e9 musicale.<\/p>\n\n\n\n<h2 class=\"wp-block-heading\">L\u2019apprentissage aupr\u00e8s d\u2019Abdelaziz Jema\u00efel<\/h2>\n\n\n\n<p class=\"wp-block-paragraph\">Son int\u00e9r\u00eat pour la musique l\u2019am\u00e8ne \u00e0 rencontrer <strong>Abdelaziz Jema\u00efel<\/strong>, musicien et ma\u00eetre luthier.<\/p>\n\n\n\n<p class=\"wp-block-paragraph\">Jema\u00efel lui permet d\u2019aller plus loin dans sa connaissance de la musique. Ali Riahi d\u00e9couvre notamment les <strong>maq\u00e2ms<\/strong> et les principes du chant.<\/p>\n\n\n\n<p class=\"wp-block-paragraph\">Cette rencontre est importante dans son \u00e9volution : le jeune passionn\u00e9 ne se contente plus d\u2019\u00e9couter les chansons des autres. Il cherche d\u00e9sormais \u00e0 comprendre leur construction et les m\u00e9canismes de la musique.<\/p>\n\n\n\n<p class=\"wp-block-paragraph\">C\u2019est ainsi qu\u2019il d\u00e9veloppe progressivement les connaissances qui lui permettront de devenir \u00e0 son tour chanteur et compositeur.<\/p>\n\n\n\n<h2 class=\"wp-block-heading\">1936 : les premiers pas sur sc\u00e8ne<\/h2>\n\n\n\n<p class=\"wp-block-paragraph\">Le passage de la passion \u00e0 la carri\u00e8re professionnelle se fait progressivement.<\/p>\n\n\n\n<p class=\"wp-block-paragraph\">En <strong>1936<\/strong>, Ali Riahi se produit dans l\u2019un de ses premiers grands spectacles publics. Il a alors 24 ans.<\/p>\n\n\n\n<p class=\"wp-block-paragraph\">\u00c0 cette \u00e9poque, la sc\u00e8ne constitue le principal moyen pour un chanteur de se faire conna\u00eetre. Il n\u2019existe \u00e9videmment ni r\u00e9seaux sociaux, ni plateformes de streaming, ni moyens de diffuser instantan\u00e9ment une chanson aupr\u00e8s de millions de personnes.<\/p>\n\n\n\n<p class=\"wp-block-paragraph\">Pour se faire une place, il faut convaincre le public directement.<\/p>\n\n\n\n<p class=\"wp-block-paragraph\">Ali Riahi poss\u00e8de alors un atout essentiel : <strong>une voix imm\u00e9diatement reconnaissable et une grande capacit\u00e9 d\u2019interpr\u00e9tation<\/strong>.<\/p>\n\n\n\n<p class=\"wp-block-paragraph\">Son nom commence progressivement \u00e0 circuler dans le milieu musical tunisien.<\/p>\n\n\n\n<h2 class=\"wp-block-heading\">De la sc\u00e8ne \u00e0 la radio<\/h2>\n\n\n\n<p class=\"wp-block-paragraph\">La radio va ensuite jouer un r\u00f4le d\u00e9terminant dans sa popularit\u00e9.<\/p>\n\n\n\n<p class=\"wp-block-paragraph\">\u00c0 partir de la fin des ann\u00e9es 1930, Ali Riahi rejoint l\u2019univers de la <strong>Radio Tunis<\/strong> et b\u00e9n\u00e9ficie de la diffusion de ses chansons aupr\u00e8s d\u2019un public beaucoup plus large.<\/p>\n\n\n\n<p class=\"wp-block-paragraph\">C\u2019est une v\u00e9ritable r\u00e9volution pour les artistes de l\u2019\u00e9poque.<\/p>\n\n\n\n<p class=\"wp-block-paragraph\">Un chanteur qui se produisait auparavant devant quelques centaines ou quelques milliers de personnes peut d\u00e9sormais \u00eatre entendu simultan\u00e9ment dans de nombreux foyers.<\/p>\n\n\n\n<p class=\"wp-block-paragraph\">La voix d\u2019Ali Riahi entre ainsi dans la vie quotidienne des Tunisiens.<\/p>\n\n\n\n<h2 class=\"wp-block-heading\">Un chanteur, mais aussi un compositeur<\/h2>\n\n\n\n<p class=\"wp-block-paragraph\">R\u00e9duire Ali Riahi \u00e0 son r\u00f4le d\u2019interpr\u00e8te serait une erreur.<\/p>\n\n\n\n<p class=\"wp-block-paragraph\">Il est \u00e9galement <strong>compositeur<\/strong> et participe \u00e0 la cr\u00e9ation de nombreuses \u0153uvres de son r\u00e9pertoire.<\/p>\n\n\n\n<p class=\"wp-block-paragraph\">Les archives musicales tunisiennes permettent notamment d\u2019identifier plusieurs chansons pour lesquelles Ali Riahi est cr\u00e9dit\u00e9 comme compositeur et interpr\u00e8te, tandis que d\u2019autres associent ses compositions aux textes de diff\u00e9rents po\u00e8tes.<\/p>\n\n\n\n<p class=\"wp-block-paragraph\">Cette polyvalence est l\u2019une des caract\u00e9ristiques importantes de son parcours.<\/p>\n\n\n\n<p class=\"wp-block-paragraph\">Il ne se contente pas de donner sa voix \u00e0 une chanson : il participe \u00e0 la construction de son univers musical.<\/p>\n\n\n\n<h2 class=\"wp-block-heading\">Une musique entre Tunisie et Orient<\/h2>\n\n\n\n<p class=\"wp-block-paragraph\">Ali Riahi \u00e9volue dans une p\u00e9riode o\u00f9 les \u00e9changes musicaux entre la Tunisie et le monde arabe sont particuli\u00e8rement importants.<\/p>\n\n\n\n<p class=\"wp-block-paragraph\">Il conna\u00eet profond\u00e9ment les traditions musicales tunisiennes tout en \u00e9tant influenc\u00e9 par les grands artistes et les courants musicaux venus d\u2019\u00c9gypte et du Moyen-Orient.<\/p>\n\n\n\n<p class=\"wp-block-paragraph\">Son travail repose notamment sur l\u2019utilisation des <strong>\u1e6dub\u016b\u02bf tunisiens<\/strong> et des <strong>maq\u00e2ms orientaux<\/strong>.<\/p>\n\n\n\n<p class=\"wp-block-paragraph\">Mais il ne s\u2019agit pas simplement de copier la musique orientale.<\/p>\n\n\n\n<p class=\"wp-block-paragraph\">Ali Riahi d\u00e9veloppe progressivement une mani\u00e8re personnelle de chanter et de composer, en associant diff\u00e9rentes influences \u00e0 la tradition tunisienne.<\/p>\n\n\n\n<p class=\"wp-block-paragraph\">C\u2019est notamment cette capacit\u00e9 \u00e0 m\u00e9langer plusieurs univers qui contribue \u00e0 son originalit\u00e9.<\/p>\n\n\n\n<h2 class=\"wp-block-heading\">Une carri\u00e8re qui d\u00e9passe les fronti\u00e8res tunisiennes<\/h2>\n\n\n\n<p class=\"wp-block-paragraph\">La popularit\u00e9 d\u2019Ali Riahi ne reste pas limit\u00e9e \u00e0 la Tunisie.<\/p>\n\n\n\n<p class=\"wp-block-paragraph\">Dans les ann\u00e9es 1940, il commence \u00e0 se produire r\u00e9guli\u00e8rement \u00e0 l\u2019\u00e9tranger.<\/p>\n\n\n\n<p class=\"wp-block-paragraph\">En <strong>1945<\/strong>, il effectue notamment une tourn\u00e9e en Alg\u00e9rie et se produit \u00e0 l\u2019Op\u00e9ra d\u2019Alger. Il y retourne l\u2019ann\u00e9e suivante pour de nouveaux galas.<\/p>\n\n\n\n<p class=\"wp-block-paragraph\">Ses tourn\u00e9es se poursuivent au cours des ann\u00e9es suivantes et contribuent \u00e0 installer son nom dans le paysage musical maghr\u00e9bin.<\/p>\n\n\n\n<p class=\"wp-block-paragraph\">Il se produit \u00e9galement en \u00c9gypte et participe \u00e0 des programmes de radio au Caire.<\/p>\n\n\n\n<p class=\"wp-block-paragraph\">La France occupe \u00e9galement une place importante dans son parcours discographique. Ses chansons sont enregistr\u00e9es sur disques, notamment par <strong>Path\u00e9-Marconi<\/strong>, permettant \u00e0 son r\u00e9pertoire de circuler au-del\u00e0 de la Tunisie.<\/p>\n\n\n\n<h2 class=\"wp-block-heading\">Une reconnaissance qui d\u00e9passe le monde de la musique<\/h2>\n\n\n\n<p class=\"wp-block-paragraph\">La popularit\u00e9 d&#8217;Ali Riahi finit \u00e9galement par \u00eatre reconnue officiellement.<\/p>\n\n\n\n<p class=\"wp-block-paragraph\">En <strong>1954<\/strong>, le bey Muhammad VIII al-Amin lui d\u00e9cerne le <strong>Nichan Iftikhar<\/strong>, distinction honorifique du beylicat tunisien.<\/p>\n\n\n\n<p class=\"wp-block-paragraph\">Quelques ann\u00e9es plus tard, le pr\u00e9sident <strong>Habib Bourguiba<\/strong> lui remet les insignes d\u2019officier de l\u2019Ordre de la R\u00e9publique.<\/p>\n\n\n\n<p class=\"wp-block-paragraph\">Ces distinctions montrent la place qu\u2019Ali Riahi avait progressivement acquise dans la vie culturelle tunisienne.<\/p>\n\n\n\n<p class=\"wp-block-paragraph\">Il n\u2019\u00e9tait plus simplement un chanteur populaire : il \u00e9tait devenu une figure importante du patrimoine artistique national.<\/p>\n\n\n\n<h2 class=\"wp-block-heading\">\u00ab \u0645\u0637\u0631\u0628 \u0627\u0644\u062e\u0636\u0631\u0627\u0621 \u00bb<\/h2>\n\n\n\n<p class=\"wp-block-paragraph\">Au fil de sa carri\u00e8re, Ali Riahi re\u00e7oit plusieurs surnoms.<\/p>\n\n\n\n<p class=\"wp-block-paragraph\">Le plus c\u00e9l\u00e8bre reste <strong>\u00ab \u0645\u0637\u0631\u0628 \u0627\u0644\u062e\u0636\u0631\u0627\u0621 \u00bb<\/strong>, que l\u2019on peut traduire par <strong>\u00ab le chanteur de la Tunisie verte \u00bb<\/strong>.<\/p>\n\n\n\n<p class=\"wp-block-paragraph\">Il est \u00e9galement surnomm\u00e9 <strong>\u00ab \u0634\u062d\u0631\u0648\u0631 \u0627\u0644\u062e\u0636\u0631\u0627\u0621 \u00bb<\/strong>, en r\u00e9f\u00e9rence au rossignol.<\/p>\n\n\n\n<p class=\"wp-block-paragraph\">Ces surnoms r\u00e9sument en quelque sorte la relation particuli\u00e8re qui s\u2019est cr\u00e9\u00e9e entre l\u2019artiste et son public.<\/p>\n\n\n\n<p class=\"wp-block-paragraph\">Sa voix devient progressivement associ\u00e9e \u00e0 une \u00e9poque et \u00e0 une certaine id\u00e9e de la chanson tunisienne.<\/p>\n\n\n\n<h2 class=\"wp-block-heading\">Un r\u00e9pertoire qui continue de vivre<\/h2>\n\n\n\n<p class=\"wp-block-paragraph\">Ali Riahi laisse derri\u00e8re lui un r\u00e9pertoire important.<\/p>\n\n\n\n<p class=\"wp-block-paragraph\">Les sources ne donnent pas toutes exactement le m\u00eame nombre concernant ses compositions, mais elles s\u2019accordent sur l\u2019ampleur de son \u0153uvre.<\/p>\n\n\n\n<p class=\"wp-block-paragraph\">Parmi les chansons associ\u00e9es \u00e0 son nom figurent notamment <strong>Ya Chaghlet Bali<\/strong>, <strong>Aayech Men Ghir Amal Fi Hobbek<\/strong>, <strong>Ya Shrifa<\/strong>, <strong>J\u0631\u064a\u062a \u0648\u0631\u0627\u0643<\/strong>, <strong>Tkwit<\/strong>, <strong>El Aalam Yadhak<\/strong> et <strong>Zina Ya Bent El Hanchir<\/strong>.<\/p>\n\n\n\n<p class=\"wp-block-paragraph\">Ses enregistrements sur disques constituent aujourd\u2019hui une partie importante des archives sonores de la musique tunisienne.<\/p>\n\n\n\n<p class=\"wp-block-paragraph\">Plusieurs de ses \u0153uvres continuent par ailleurs \u00e0 \u00eatre reprises par des artistes tunisiens.<\/p>\n\n\n\n<h2 class=\"wp-block-heading\">Le 27 mars 1970 : sa derni\u00e8re sc\u00e8ne<\/h2>\n\n\n\n<p class=\"wp-block-paragraph\">La fin de la vie d\u2019Ali Riahi est probablement l\u2019un des \u00e9pisodes les plus marquants de son histoire.<\/p>\n\n\n\n<p class=\"wp-block-paragraph\">Le <strong>27 mars 1970<\/strong>, il se produit au <strong>Th\u00e9\u00e2tre municipal de Tunis<\/strong>.<\/p>\n\n\n\n<p class=\"wp-block-paragraph\">Il est sur sc\u00e8ne devant son public lorsqu\u2019il s\u2019effondre.<\/p>\n\n\n\n<p class=\"wp-block-paragraph\">Transport\u00e9 \u00e0 l\u2019h\u00f4pital, il meurt peu apr\u00e8s.<\/p>\n\n\n\n<p class=\"wp-block-paragraph\">Il n\u2019a que <strong>57 ans<\/strong>.<\/p>\n\n\n\n<p class=\"wp-block-paragraph\">Et le d\u00e9tail rend son d\u00e9c\u00e8s encore plus frappant : il devait avoir 58 ans seulement <strong>trois jours plus tard<\/strong>, le 30 mars.<\/p>\n\n\n\n<p class=\"wp-block-paragraph\">L\u2019homme qui avait consacr\u00e9 une grande partie de sa vie \u00e0 la sc\u00e8ne dispara\u00eet donc alors qu\u2019il est encore en train de se produire devant son public.<\/p>\n\n\n\n<h2 class=\"wp-block-heading\">Une derni\u00e8re anecdote devenue l\u00e9gendaire<\/h2>\n\n\n\n<p class=\"wp-block-paragraph\">Apr\u00e8s sa mort, plusieurs r\u00e9cits ont rapport\u00e9 qu\u2019Ali Riahi aurait exprim\u00e9 le souhait de <strong>mourir sur sc\u00e8ne<\/strong>.<\/p>\n\n\n\n<p class=\"wp-block-paragraph\">Cette histoire est souvent reprise lorsqu\u2019on raconte les derni\u00e8res ann\u00e9es de sa vie.<\/p>\n\n\n\n<p class=\"wp-block-paragraph\">Mais il faut rester prudent : contrairement \u00e0 sa date de naissance, \u00e0 sa carri\u00e8re et \u00e0 son d\u00e9c\u00e8s au Th\u00e9\u00e2tre municipal, ce souhait rel\u00e8ve principalement de <strong>t\u00e9moignages et de r\u00e9cits rapport\u00e9s<\/strong>, et il n\u2019est pas possible de le pr\u00e9senter comme un fait historique incontestable.<\/p>\n\n\n\n<p class=\"wp-block-paragraph\">Le parall\u00e8le reste n\u00e9anmoins saisissant : selon ces r\u00e9cits, l\u2019artiste aurait souhait\u00e9 finir sa vie sur sc\u00e8ne\u2026 et c\u2019est pr\u00e9cis\u00e9ment l\u00e0 qu\u2019il s\u2019est effondr\u00e9.<\/p>\n\n\n\n<h2 class=\"wp-block-heading\">Ali Riahi, plus qu&#8217;une voix<\/h2>\n\n\n\n<p class=\"wp-block-paragraph\">Plus d\u2019un demi-si\u00e8cle apr\u00e8s sa disparition, Ali Riahi reste profond\u00e9ment pr\u00e9sent dans la m\u00e9moire musicale tunisienne.<\/p>\n\n\n\n<p class=\"wp-block-paragraph\">Son importance ne tient pas uniquement \u00e0 sa voix.<\/p>\n\n\n\n<p class=\"wp-block-paragraph\">Il appartient \u00e0 une g\u00e9n\u00e9ration d\u2019artistes qui ont contribu\u00e9 \u00e0 faire \u00e9voluer la chanson tunisienne, \u00e0 la faire conna\u00eetre \u00e0 travers la radio, les disques, les spectacles et les tourn\u00e9es, tout en maintenant un lien avec les traditions musicales locales.<\/p>\n\n\n\n<p class=\"wp-block-paragraph\">Son parcours est celui d\u2019un passionn\u00e9 devenu artiste, puis d\u2019un artiste devenu une r\u00e9f\u00e9rence.<\/p>\n\n\n\n<p class=\"wp-block-paragraph\">De ses premi\u00e8res exp\u00e9riences musicales \u00e0 ses tourn\u00e9es au Maghreb et au Moyen-Orient, de ses compositions \u00e0 ses enregistrements, jusqu\u2019\u00e0 sa derni\u00e8re apparition sur la sc\u00e8ne du Th\u00e9\u00e2tre municipal de Tunis, l\u2019histoire d\u2019Ali Riahi est celle d\u2019une carri\u00e8re relativement courte, mais dont l\u2019empreinte reste consid\u00e9rable.<\/p>\n\n\n\n<p class=\"wp-block-paragraph\"><strong>Ali Riahi est mort en 1970. Mais sa voix, elle, n\u2019a jamais vraiment quitt\u00e9 la sc\u00e8ne tunisienne.<\/strong><\/p>\n","protected":false},"excerpt":{"rendered":"<p>Ali Riahi (\u0639\u0644\u064a \u0627\u0644\u0631\u064a\u0627\u062d\u064a) demeure l\u2019une des figures les plus marquantes de l\u2019histoire de la musique tunisienne. Chanteur, compositeur et auteur, il a construit en quelques d\u00e9cennies une \u0153uvre qui a profond\u00e9ment marqu\u00e9 la chanson tunisienne du XXe si\u00e8cle. Son parcours est \u00e9galement marqu\u00e9 par une fin tragique : le 27 mars 1970, alors qu\u2019il [&hellip;]<\/p>\n","protected":false},"author":14,"featured_media":5534,"comment_status":"open","ping_status":"closed","sticky":false,"template":"","format":"standard","meta":{"footnotes":""},"categories":[5],"tags":[],"class_list":["post-5533","post","type-post","status-publish","format-standard","has-post-thumbnail","hentry","category-zooming"],"yoast_head":"<!-- This site is optimized with the Yoast SEO plugin v28.4 - https:\/\/yoast.com\/product\/yoast-seo-wordpress\/ -->\n<title>Ali Riahi : l\u2019histoire de \u00ab \u0645\u0637\u0631\u0628 \u0627\u0644\u062e\u0636\u0631\u0627\u0621 \u00bb, l\u2019une des grandes voix de la chanson tunisienne - Descartes.tn<\/title>\n<meta name=\"description\" content=\"D\u00e9couvrez l\u2019histoire d\u2019Ali Riahi, \u00ab \u0645\u0637\u0631\u0628 \u0627\u0644\u062e\u0636\u0631\u0627\u0621 \u00bb, grande figure de la chanson tunisienne : ses d\u00e9buts, sa carri\u00e8re, ses compositions, ses tourn\u00e9es, ses influences musicales et sa disparition sur sc\u00e8ne en 1970.\" \/>\n<meta name=\"robots\" content=\"index, follow, max-snippet:-1, max-image-preview:large, max-video-preview:-1\" \/>\n<link rel=\"canonical\" href=\"https:\/\/descartes.tn\/index.php\/2026\/09\/02\/ali-riahi-lhistoire-de-lune-des-grandes-voix-de-la-chanson-tunisienne\/\" \/>\n<meta property=\"og:locale\" content=\"en_US\" \/>\n<meta property=\"og:type\" content=\"article\" \/>\n<meta property=\"og:title\" content=\"Ali Riahi : l\u2019histoire de \u00ab \u0645\u0637\u0631\u0628 \u0627\u0644\u062e\u0636\u0631\u0627\u0621 \u00bb, l\u2019une des grandes voix de la chanson tunisienne - Descartes.tn\" \/>\n<meta property=\"og:description\" content=\"D\u00e9couvrez l\u2019histoire d\u2019Ali Riahi, \u00ab \u0645\u0637\u0631\u0628 \u0627\u0644\u062e\u0636\u0631\u0627\u0621 \u00bb, grande figure de la chanson tunisienne : ses d\u00e9buts, sa carri\u00e8re, ses compositions, ses tourn\u00e9es, ses influences musicales et sa disparition sur sc\u00e8ne en 1970.\" \/>\n<meta property=\"og:url\" content=\"https:\/\/descartes.tn\/index.php\/2026\/09\/02\/ali-riahi-lhistoire-de-lune-des-grandes-voix-de-la-chanson-tunisienne\/\" \/>\n<meta property=\"og:site_name\" content=\"Descartes.tn\" \/>\n<meta property=\"article:publisher\" content=\"https:\/\/www.facebook.com\/Magdescartes\" \/>\n<meta property=\"article:published_time\" content=\"2026-09-02T15:24:48+00:00\" \/>\n<meta property=\"article:modified_time\" content=\"2026-09-02T15:25:15+00:00\" \/>\n<meta property=\"og:image\" content=\"https:\/\/descartes.tn\/wp-content\/uploads\/2026\/09\/Ali-Riahi.jpg\" \/>\n\t<meta property=\"og:image:width\" content=\"1200\" \/>\n\t<meta property=\"og:image:height\" content=\"700\" \/>\n\t<meta property=\"og:image:type\" content=\"image\/jpeg\" \/>\n<meta name=\"author\" content=\"DESCARTES MAGAZINE\" \/>\n<meta name=\"twitter:card\" content=\"summary_large_image\" \/>\n<meta name=\"twitter:label1\" content=\"Written by\" \/>\n\t<meta name=\"twitter:data1\" content=\"DESCARTES MAGAZINE\" \/>\n\t<meta name=\"twitter:label2\" content=\"Est. reading time\" \/>\n\t<meta name=\"twitter:data2\" content=\"7 minutes\" \/>\n<script type=\"application\/ld+json\" class=\"yoast-schema-graph\">{\"@context\":\"https:\\\/\\\/schema.org\",\"@graph\":[{\"@type\":\"Article\",\"@id\":\"https:\\\/\\\/descartes.tn\\\/index.php\\\/2026\\\/09\\\/02\\\/ali-riahi-lhistoire-de-lune-des-grandes-voix-de-la-chanson-tunisienne\\\/#article\",\"isPartOf\":{\"@id\":\"https:\\\/\\\/descartes.tn\\\/index.php\\\/2026\\\/09\\\/02\\\/ali-riahi-lhistoire-de-lune-des-grandes-voix-de-la-chanson-tunisienne\\\/\"},\"author\":{\"name\":\"DESCARTES MAGAZINE\",\"@id\":\"https:\\\/\\\/descartes.tn\\\/#\\\/schema\\\/person\\\/31dffce4b9b2b219129e811e0609cee0\"},\"headline\":\"Ali Riahi : l\u2019histoire de \u00ab \u0645\u0637\u0631\u0628 \u0627\u0644\u062e\u0636\u0631\u0627\u0621 \u00bb, l\u2019une des grandes voix de la chanson tunisienne\",\"datePublished\":\"2026-09-02T15:24:48+00:00\",\"dateModified\":\"2026-09-02T15:25:15+00:00\",\"mainEntityOfPage\":{\"@id\":\"https:\\\/\\\/descartes.tn\\\/index.php\\\/2026\\\/09\\\/02\\\/ali-riahi-lhistoire-de-lune-des-grandes-voix-de-la-chanson-tunisienne\\\/\"},\"wordCount\":1725,\"commentCount\":0,\"publisher\":{\"@id\":\"https:\\\/\\\/descartes.tn\\\/#organization\"},\"image\":{\"@id\":\"https:\\\/\\\/descartes.tn\\\/index.php\\\/2026\\\/09\\\/02\\\/ali-riahi-lhistoire-de-lune-des-grandes-voix-de-la-chanson-tunisienne\\\/#primaryimage\"},\"thumbnailUrl\":\"https:\\\/\\\/descartes.tn\\\/wp-content\\\/uploads\\\/2026\\\/09\\\/Ali-Riahi.jpg\",\"articleSection\":[\"Zooming\"],\"inLanguage\":\"en-US\",\"potentialAction\":[{\"@type\":\"CommentAction\",\"name\":\"Comment\",\"target\":[\"https:\\\/\\\/descartes.tn\\\/index.php\\\/2026\\\/09\\\/02\\\/ali-riahi-lhistoire-de-lune-des-grandes-voix-de-la-chanson-tunisienne\\\/#respond\"]}]},{\"@type\":\"WebPage\",\"@id\":\"https:\\\/\\\/descartes.tn\\\/index.php\\\/2026\\\/09\\\/02\\\/ali-riahi-lhistoire-de-lune-des-grandes-voix-de-la-chanson-tunisienne\\\/\",\"url\":\"https:\\\/\\\/descartes.tn\\\/index.php\\\/2026\\\/09\\\/02\\\/ali-riahi-lhistoire-de-lune-des-grandes-voix-de-la-chanson-tunisienne\\\/\",\"name\":\"Ali Riahi : l\u2019histoire de \u00ab \u0645\u0637\u0631\u0628 \u0627\u0644\u062e\u0636\u0631\u0627\u0621 \u00bb, l\u2019une des grandes voix de la chanson tunisienne - Descartes.tn\",\"isPartOf\":{\"@id\":\"https:\\\/\\\/descartes.tn\\\/#website\"},\"primaryImageOfPage\":{\"@id\":\"https:\\\/\\\/descartes.tn\\\/index.php\\\/2026\\\/09\\\/02\\\/ali-riahi-lhistoire-de-lune-des-grandes-voix-de-la-chanson-tunisienne\\\/#primaryimage\"},\"image\":{\"@id\":\"https:\\\/\\\/descartes.tn\\\/index.php\\\/2026\\\/09\\\/02\\\/ali-riahi-lhistoire-de-lune-des-grandes-voix-de-la-chanson-tunisienne\\\/#primaryimage\"},\"thumbnailUrl\":\"https:\\\/\\\/descartes.tn\\\/wp-content\\\/uploads\\\/2026\\\/09\\\/Ali-Riahi.jpg\",\"datePublished\":\"2026-09-02T15:24:48+00:00\",\"dateModified\":\"2026-09-02T15:25:15+00:00\",\"description\":\"D\u00e9couvrez l\u2019histoire d\u2019Ali Riahi, \u00ab \u0645\u0637\u0631\u0628 \u0627\u0644\u062e\u0636\u0631\u0627\u0621 \u00bb, grande figure de la chanson tunisienne : ses d\u00e9buts, sa carri\u00e8re, ses compositions, ses tourn\u00e9es, ses influences musicales et sa disparition sur sc\u00e8ne en 1970.\",\"breadcrumb\":{\"@id\":\"https:\\\/\\\/descartes.tn\\\/index.php\\\/2026\\\/09\\\/02\\\/ali-riahi-lhistoire-de-lune-des-grandes-voix-de-la-chanson-tunisienne\\\/#breadcrumb\"},\"inLanguage\":\"en-US\",\"potentialAction\":[{\"@type\":\"ReadAction\",\"target\":[\"https:\\\/\\\/descartes.tn\\\/index.php\\\/2026\\\/09\\\/02\\\/ali-riahi-lhistoire-de-lune-des-grandes-voix-de-la-chanson-tunisienne\\\/\"]}]},{\"@type\":\"ImageObject\",\"inLanguage\":\"en-US\",\"@id\":\"https:\\\/\\\/descartes.tn\\\/index.php\\\/2026\\\/09\\\/02\\\/ali-riahi-lhistoire-de-lune-des-grandes-voix-de-la-chanson-tunisienne\\\/#primaryimage\",\"url\":\"https:\\\/\\\/descartes.tn\\\/wp-content\\\/uploads\\\/2026\\\/09\\\/Ali-Riahi.jpg\",\"contentUrl\":\"https:\\\/\\\/descartes.tn\\\/wp-content\\\/uploads\\\/2026\\\/09\\\/Ali-Riahi.jpg\",\"width\":1200,\"height\":700,\"caption\":\"Ali Riahi\"},{\"@type\":\"BreadcrumbList\",\"@id\":\"https:\\\/\\\/descartes.tn\\\/index.php\\\/2026\\\/09\\\/02\\\/ali-riahi-lhistoire-de-lune-des-grandes-voix-de-la-chanson-tunisienne\\\/#breadcrumb\",\"itemListElement\":[{\"@type\":\"ListItem\",\"position\":1,\"name\":\"Home\",\"item\":\"https:\\\/\\\/descartes.tn\\\/\"},{\"@type\":\"ListItem\",\"position\":2,\"name\":\"Ali Riahi : l\u2019histoire de \u00ab \u0645\u0637\u0631\u0628 \u0627\u0644\u062e\u0636\u0631\u0627\u0621 \u00bb, l\u2019une des grandes voix de la chanson tunisienne\"}]},{\"@type\":\"WebSite\",\"@id\":\"https:\\\/\\\/descartes.tn\\\/#website\",\"url\":\"https:\\\/\\\/descartes.tn\\\/\",\"name\":\"Descartes.tn\",\"description\":\"\",\"publisher\":{\"@id\":\"https:\\\/\\\/descartes.tn\\\/#organization\"},\"potentialAction\":[{\"@type\":\"SearchAction\",\"target\":{\"@type\":\"EntryPoint\",\"urlTemplate\":\"https:\\\/\\\/descartes.tn\\\/?s={search_term_string}\"},\"query-input\":{\"@type\":\"PropertyValueSpecification\",\"valueRequired\":true,\"valueName\":\"search_term_string\"}}],\"inLanguage\":\"en-US\"},{\"@type\":\"Organization\",\"@id\":\"https:\\\/\\\/descartes.tn\\\/#organization\",\"name\":\"Descartes.tn\",\"url\":\"https:\\\/\\\/descartes.tn\\\/\",\"logo\":{\"@type\":\"ImageObject\",\"inLanguage\":\"en-US\",\"@id\":\"https:\\\/\\\/descartes.tn\\\/#\\\/schema\\\/logo\\\/image\\\/\",\"url\":\"https:\\\/\\\/descartes.tn\\\/wp-content\\\/uploads\\\/2025\\\/10\\\/cropped-Fichier-1-1.png\",\"contentUrl\":\"https:\\\/\\\/descartes.tn\\\/wp-content\\\/uploads\\\/2025\\\/10\\\/cropped-Fichier-1-1.png\",\"width\":136,\"height\":19,\"caption\":\"Descartes.tn\"},\"image\":{\"@id\":\"https:\\\/\\\/descartes.tn\\\/#\\\/schema\\\/logo\\\/image\\\/\"},\"sameAs\":[\"https:\\\/\\\/www.facebook.com\\\/Magdescartes\",\"https:\\\/\\\/www.instagram.com\\\/descartes.magazine\\\/\"]},{\"@type\":\"Person\",\"@id\":\"https:\\\/\\\/descartes.tn\\\/#\\\/schema\\\/person\\\/31dffce4b9b2b219129e811e0609cee0\",\"name\":\"DESCARTES MAGAZINE\",\"image\":{\"@type\":\"ImageObject\",\"inLanguage\":\"en-US\",\"@id\":\"https:\\\/\\\/secure.gravatar.com\\\/avatar\\\/76c41eca4f7ca99bc39440de071d79e91340c9f41c0d66fa26309342a4221305?s=96&d=mm&r=g\",\"url\":\"https:\\\/\\\/secure.gravatar.com\\\/avatar\\\/76c41eca4f7ca99bc39440de071d79e91340c9f41c0d66fa26309342a4221305?s=96&d=mm&r=g\",\"contentUrl\":\"https:\\\/\\\/secure.gravatar.com\\\/avatar\\\/76c41eca4f7ca99bc39440de071d79e91340c9f41c0d66fa26309342a4221305?s=96&d=mm&r=g\",\"caption\":\"DESCARTES MAGAZINE\"},\"sameAs\":[\"http:\\\/\\\/www.descartes.tn\"],\"url\":\"https:\\\/\\\/descartes.tn\\\/index.php\\\/author\\\/descartes\\\/\"}]}<\/script>\n<!-- \/ Yoast SEO plugin. -->","yoast_head_json":{"title":"Ali Riahi : l\u2019histoire de \u00ab \u0645\u0637\u0631\u0628 \u0627\u0644\u062e\u0636\u0631\u0627\u0621 \u00bb, l\u2019une des grandes voix de la chanson tunisienne - Descartes.tn","description":"D\u00e9couvrez l\u2019histoire d\u2019Ali Riahi, \u00ab \u0645\u0637\u0631\u0628 \u0627\u0644\u062e\u0636\u0631\u0627\u0621 \u00bb, grande figure de la chanson tunisienne : ses d\u00e9buts, sa carri\u00e8re, ses compositions, ses tourn\u00e9es, ses influences musicales et sa disparition sur sc\u00e8ne en 1970.","robots":{"index":"index","follow":"follow","max-snippet":"max-snippet:-1","max-image-preview":"max-image-preview:large","max-video-preview":"max-video-preview:-1"},"canonical":"https:\/\/descartes.tn\/index.php\/2026\/09\/02\/ali-riahi-lhistoire-de-lune-des-grandes-voix-de-la-chanson-tunisienne\/","og_locale":"en_US","og_type":"article","og_title":"Ali Riahi : l\u2019histoire de \u00ab \u0645\u0637\u0631\u0628 \u0627\u0644\u062e\u0636\u0631\u0627\u0621 \u00bb, l\u2019une des grandes voix de la chanson tunisienne - Descartes.tn","og_description":"D\u00e9couvrez l\u2019histoire d\u2019Ali Riahi, \u00ab \u0645\u0637\u0631\u0628 \u0627\u0644\u062e\u0636\u0631\u0627\u0621 \u00bb, grande figure de la chanson tunisienne : ses d\u00e9buts, sa carri\u00e8re, ses compositions, ses tourn\u00e9es, ses influences musicales et sa disparition sur sc\u00e8ne en 1970.","og_url":"https:\/\/descartes.tn\/index.php\/2026\/09\/02\/ali-riahi-lhistoire-de-lune-des-grandes-voix-de-la-chanson-tunisienne\/","og_site_name":"Descartes.tn","article_publisher":"https:\/\/www.facebook.com\/Magdescartes","article_published_time":"2026-09-02T15:24:48+00:00","article_modified_time":"2026-09-02T15:25:15+00:00","og_image":[{"width":1200,"height":700,"url":"https:\/\/descartes.tn\/wp-content\/uploads\/2026\/09\/Ali-Riahi.jpg","type":"image\/jpeg"}],"author":"DESCARTES MAGAZINE","twitter_card":"summary_large_image","twitter_misc":{"Written by":"DESCARTES MAGAZINE","Est. reading time":"7 minutes"},"schema":{"@context":"https:\/\/schema.org","@graph":[{"@type":"Article","@id":"https:\/\/descartes.tn\/index.php\/2026\/09\/02\/ali-riahi-lhistoire-de-lune-des-grandes-voix-de-la-chanson-tunisienne\/#article","isPartOf":{"@id":"https:\/\/descartes.tn\/index.php\/2026\/09\/02\/ali-riahi-lhistoire-de-lune-des-grandes-voix-de-la-chanson-tunisienne\/"},"author":{"name":"DESCARTES MAGAZINE","@id":"https:\/\/descartes.tn\/#\/schema\/person\/31dffce4b9b2b219129e811e0609cee0"},"headline":"Ali Riahi : l\u2019histoire de \u00ab \u0645\u0637\u0631\u0628 \u0627\u0644\u062e\u0636\u0631\u0627\u0621 \u00bb, l\u2019une des grandes voix de la chanson tunisienne","datePublished":"2026-09-02T15:24:48+00:00","dateModified":"2026-09-02T15:25:15+00:00","mainEntityOfPage":{"@id":"https:\/\/descartes.tn\/index.php\/2026\/09\/02\/ali-riahi-lhistoire-de-lune-des-grandes-voix-de-la-chanson-tunisienne\/"},"wordCount":1725,"commentCount":0,"publisher":{"@id":"https:\/\/descartes.tn\/#organization"},"image":{"@id":"https:\/\/descartes.tn\/index.php\/2026\/09\/02\/ali-riahi-lhistoire-de-lune-des-grandes-voix-de-la-chanson-tunisienne\/#primaryimage"},"thumbnailUrl":"https:\/\/descartes.tn\/wp-content\/uploads\/2026\/09\/Ali-Riahi.jpg","articleSection":["Zooming"],"inLanguage":"en-US","potentialAction":[{"@type":"CommentAction","name":"Comment","target":["https:\/\/descartes.tn\/index.php\/2026\/09\/02\/ali-riahi-lhistoire-de-lune-des-grandes-voix-de-la-chanson-tunisienne\/#respond"]}]},{"@type":"WebPage","@id":"https:\/\/descartes.tn\/index.php\/2026\/09\/02\/ali-riahi-lhistoire-de-lune-des-grandes-voix-de-la-chanson-tunisienne\/","url":"https:\/\/descartes.tn\/index.php\/2026\/09\/02\/ali-riahi-lhistoire-de-lune-des-grandes-voix-de-la-chanson-tunisienne\/","name":"Ali Riahi : l\u2019histoire de \u00ab \u0645\u0637\u0631\u0628 \u0627\u0644\u062e\u0636\u0631\u0627\u0621 \u00bb, l\u2019une des grandes voix de la chanson tunisienne - Descartes.tn","isPartOf":{"@id":"https:\/\/descartes.tn\/#website"},"primaryImageOfPage":{"@id":"https:\/\/descartes.tn\/index.php\/2026\/09\/02\/ali-riahi-lhistoire-de-lune-des-grandes-voix-de-la-chanson-tunisienne\/#primaryimage"},"image":{"@id":"https:\/\/descartes.tn\/index.php\/2026\/09\/02\/ali-riahi-lhistoire-de-lune-des-grandes-voix-de-la-chanson-tunisienne\/#primaryimage"},"thumbnailUrl":"https:\/\/descartes.tn\/wp-content\/uploads\/2026\/09\/Ali-Riahi.jpg","datePublished":"2026-09-02T15:24:48+00:00","dateModified":"2026-09-02T15:25:15+00:00","description":"D\u00e9couvrez l\u2019histoire d\u2019Ali Riahi, \u00ab \u0645\u0637\u0631\u0628 \u0627\u0644\u062e\u0636\u0631\u0627\u0621 \u00bb, grande figure de la chanson tunisienne : ses d\u00e9buts, sa carri\u00e8re, ses compositions, ses tourn\u00e9es, ses influences musicales et sa disparition sur sc\u00e8ne en 1970.","breadcrumb":{"@id":"https:\/\/descartes.tn\/index.php\/2026\/09\/02\/ali-riahi-lhistoire-de-lune-des-grandes-voix-de-la-chanson-tunisienne\/#breadcrumb"},"inLanguage":"en-US","potentialAction":[{"@type":"ReadAction","target":["https:\/\/descartes.tn\/index.php\/2026\/09\/02\/ali-riahi-lhistoire-de-lune-des-grandes-voix-de-la-chanson-tunisienne\/"]}]},{"@type":"ImageObject","inLanguage":"en-US","@id":"https:\/\/descartes.tn\/index.php\/2026\/09\/02\/ali-riahi-lhistoire-de-lune-des-grandes-voix-de-la-chanson-tunisienne\/#primaryimage","url":"https:\/\/descartes.tn\/wp-content\/uploads\/2026\/09\/Ali-Riahi.jpg","contentUrl":"https:\/\/descartes.tn\/wp-content\/uploads\/2026\/09\/Ali-Riahi.jpg","width":1200,"height":700,"caption":"Ali Riahi"},{"@type":"BreadcrumbList","@id":"https:\/\/descartes.tn\/index.php\/2026\/09\/02\/ali-riahi-lhistoire-de-lune-des-grandes-voix-de-la-chanson-tunisienne\/#breadcrumb","itemListElement":[{"@type":"ListItem","position":1,"name":"Home","item":"https:\/\/descartes.tn\/"},{"@type":"ListItem","position":2,"name":"Ali Riahi : l\u2019histoire de \u00ab \u0645\u0637\u0631\u0628 \u0627\u0644\u062e\u0636\u0631\u0627\u0621 \u00bb, l\u2019une des grandes voix de la chanson tunisienne"}]},{"@type":"WebSite","@id":"https:\/\/descartes.tn\/#website","url":"https:\/\/descartes.tn\/","name":"Descartes.tn","description":"","publisher":{"@id":"https:\/\/descartes.tn\/#organization"},"potentialAction":[{"@type":"SearchAction","target":{"@type":"EntryPoint","urlTemplate":"https:\/\/descartes.tn\/?s={search_term_string}"},"query-input":{"@type":"PropertyValueSpecification","valueRequired":true,"valueName":"search_term_string"}}],"inLanguage":"en-US"},{"@type":"Organization","@id":"https:\/\/descartes.tn\/#organization","name":"Descartes.tn","url":"https:\/\/descartes.tn\/","logo":{"@type":"ImageObject","inLanguage":"en-US","@id":"https:\/\/descartes.tn\/#\/schema\/logo\/image\/","url":"https:\/\/descartes.tn\/wp-content\/uploads\/2025\/10\/cropped-Fichier-1-1.png","contentUrl":"https:\/\/descartes.tn\/wp-content\/uploads\/2025\/10\/cropped-Fichier-1-1.png","width":136,"height":19,"caption":"Descartes.tn"},"image":{"@id":"https:\/\/descartes.tn\/#\/schema\/logo\/image\/"},"sameAs":["https:\/\/www.facebook.com\/Magdescartes","https:\/\/www.instagram.com\/descartes.magazine\/"]},{"@type":"Person","@id":"https:\/\/descartes.tn\/#\/schema\/person\/31dffce4b9b2b219129e811e0609cee0","name":"DESCARTES MAGAZINE","image":{"@type":"ImageObject","inLanguage":"en-US","@id":"https:\/\/secure.gravatar.com\/avatar\/76c41eca4f7ca99bc39440de071d79e91340c9f41c0d66fa26309342a4221305?s=96&d=mm&r=g","url":"https:\/\/secure.gravatar.com\/avatar\/76c41eca4f7ca99bc39440de071d79e91340c9f41c0d66fa26309342a4221305?s=96&d=mm&r=g","contentUrl":"https:\/\/secure.gravatar.com\/avatar\/76c41eca4f7ca99bc39440de071d79e91340c9f41c0d66fa26309342a4221305?s=96&d=mm&r=g","caption":"DESCARTES MAGAZINE"},"sameAs":["http:\/\/www.descartes.tn"],"url":"https:\/\/descartes.tn\/index.php\/author\/descartes\/"}]}},"_links":{"self":[{"href":"https:\/\/descartes.tn\/index.php\/wp-json\/wp\/v2\/posts\/5533","targetHints":{"allow":["GET"]}}],"collection":[{"href":"https:\/\/descartes.tn\/index.php\/wp-json\/wp\/v2\/posts"}],"about":[{"href":"https:\/\/descartes.tn\/index.php\/wp-json\/wp\/v2\/types\/post"}],"author":[{"embeddable":true,"href":"https:\/\/descartes.tn\/index.php\/wp-json\/wp\/v2\/users\/14"}],"replies":[{"embeddable":true,"href":"https:\/\/descartes.tn\/index.php\/wp-json\/wp\/v2\/comments?post=5533"}],"version-history":[{"count":1,"href":"https:\/\/descartes.tn\/index.php\/wp-json\/wp\/v2\/posts\/5533\/revisions"}],"predecessor-version":[{"id":5535,"href":"https:\/\/descartes.tn\/index.php\/wp-json\/wp\/v2\/posts\/5533\/revisions\/5535"}],"wp:featuredmedia":[{"embeddable":true,"href":"https:\/\/descartes.tn\/index.php\/wp-json\/wp\/v2\/media\/5534"}],"wp:attachment":[{"href":"https:\/\/descartes.tn\/index.php\/wp-json\/wp\/v2\/media?parent=5533"}],"wp:term":[{"taxonomy":"category","embeddable":true,"href":"https:\/\/descartes.tn\/index.php\/wp-json\/wp\/v2\/categories?post=5533"},{"taxonomy":"post_tag","embeddable":true,"href":"https:\/\/descartes.tn\/index.php\/wp-json\/wp\/v2\/tags?post=5533"}],"curies":[{"name":"wp","href":"https:\/\/api.w.org\/{rel}","templated":true}]}}