{"id":5530,"date":"2026-09-02T16:20:14","date_gmt":"2026-09-02T15:20:14","guid":{"rendered":"https:\/\/descartes.tn\/?p=5530"},"modified":"2026-09-02T16:20:16","modified_gmt":"2026-09-02T15:20:16","slug":"tunisie-le-grand-bouleversement-demographique-qui-pourrait-transformer-le-pays","status":"publish","type":"post","link":"https:\/\/descartes.tn\/index.php\/2026\/09\/02\/tunisie-le-grand-bouleversement-demographique-qui-pourrait-transformer-le-pays\/","title":{"rendered":"Tunisie : le grand bouleversement d\u00e9mographique qui pourrait transformer le pays"},"content":{"rendered":"\n<p class=\"wp-block-paragraph\"><strong>Moins d\u2019enfants, davantage de personnes \u00e2g\u00e9es, des m\u00e9nages plus petits, une population active sous pression et plus de 1,8 million de Tunisiens vivant \u00e0 l\u2019\u00e9tranger : la Tunisie traverse une transformation d\u00e9mographique profonde. Derri\u00e8re les chiffres se dessine une question essentielle : qui travaillera, produira et financera la soci\u00e9t\u00e9 tunisienne de demain ?<\/strong><\/p>\n\n\n\n<p class=\"wp-block-paragraph\">La Tunisie fait face \u00e0 une transformation qui d\u00e9passe largement les questions d\u2019\u00e9conomie, d\u2019inflation ou de ch\u00f4mage. Le changement est plus profond : <strong>la structure m\u00eame de la population est en train de se modifier.<\/strong><\/p>\n\n\n\n<p class=\"wp-block-paragraph\">Le Recensement g\u00e9n\u00e9ral de la population et de l\u2019habitat (RGPH) de 2024 a \u00e9tabli la population tunisienne \u00e0 <strong>11 972 169 habitants<\/strong>. Mais le chiffre le plus important n\u2019est peut-\u00eatre pas celui de la population totale. C\u2019est sa composition qui interpelle : les enfants sont moins nombreux, tandis que la part des personnes \u00e2g\u00e9es augmente rapidement.<\/p>\n\n\n\n<iframe loading=\"lazy\" src=\"https:\/\/www.facebook.com\/plugins\/video.php?height=476&#038;href=https%3A%2F%2Fwww.facebook.com%2Freel%2F952221087153632%2F&#038;show_text=false&#038;width=267&#038;t=0\" width=\"267\" height=\"476\" style=\"border:none;overflow:hidden\" scrolling=\"no\" frameborder=\"0\" allowfullscreen=\"true\" allow=\"autoplay; clipboard-write; encrypted-media; picture-in-picture; web-share\" allowFullScreen=\"true\"><\/iframe>\n\n\n\n<h2 class=\"wp-block-heading\">Une population qui vieillit rapidement<\/h2>\n\n\n\n<p class=\"wp-block-paragraph\">En 2024, les personnes \u00e2g\u00e9es de <strong>60 ans et plus repr\u00e9sentaient 16,9 % de la population tunisienne<\/strong>, contre 11,7 % en 2014. Dans le m\u00eame temps, les enfants \u00e2g\u00e9s de 0 \u00e0 4 ans ne repr\u00e9sentaient plus que <strong>5,9 % de la population<\/strong>.<\/p>\n\n\n\n<p class=\"wp-block-paragraph\">L\u2019\u00e2ge m\u00e9dian de la population atteint d\u00e9sormais <strong>35 ans<\/strong>, tandis que l&#8217;indice de vieillissement s\u2019\u00e9tablit \u00e0 73,9 %.<\/p>\n\n\n\n<p class=\"wp-block-paragraph\">Ces chiffres traduisent un changement majeur de la pyramide des \u00e2ges : <strong>la base se r\u00e9tr\u00e9cit tandis que les g\u00e9n\u00e9rations plus \u00e2g\u00e9es prennent davantage de poids.<\/strong><\/p>\n\n\n\n<p class=\"wp-block-paragraph\">L\u2019Institut national de la statistique (INS) consid\u00e8re cette \u00e9volution comme une transition d\u00e9mographique particuli\u00e8rement rapide. Dans ses nouvelles projections pour 2025-2054, l\u2019Institut souligne que la transition tunisienne a \u00e9t\u00e9 plus rapide et plus profonde que ne le pr\u00e9voyaient les anciennes projections.<\/p>\n\n\n\n<h2 class=\"wp-block-heading\">Le nombre d\u2019enfants par femme a chut\u00e9<\/h2>\n\n\n\n<p class=\"wp-block-paragraph\">L\u2019un des principaux moteurs de cette transformation est l\u2019effondrement de la f\u00e9condit\u00e9.<\/p>\n\n\n\n<p class=\"wp-block-paragraph\">Entre 1994 et 2024, l\u2019indice synth\u00e9tique de f\u00e9condit\u00e9 est pass\u00e9 de <strong>plus de 3 enfants par femme \u00e0 1,54 enfant par femme<\/strong>.<\/p>\n\n\n\n<p class=\"wp-block-paragraph\">Ce niveau est inf\u00e9rieur au seuil g\u00e9n\u00e9ralement associ\u00e9 au remplacement des g\u00e9n\u00e9rations, situ\u00e9 autour de <strong>2,1 enfants par femme<\/strong> dans les populations \u00e0 faible mortalit\u00e9.<\/p>\n\n\n\n<p class=\"wp-block-paragraph\">Cela ne signifie pas que la population tunisienne va imm\u00e9diatement diminuer. En revanche, si une f\u00e9condit\u00e9 aussi faible se maintient durablement, les g\u00e9n\u00e9rations qui arrivent seront progressivement moins nombreuses que celles qui les pr\u00e9c\u00e8dent.<\/p>\n\n\n\n<p class=\"wp-block-paragraph\">C\u2019est pr\u00e9cis\u00e9ment pour cette raison que l\u2019INS a lanc\u00e9 de nouvelles projections d\u00e9mographiques jusqu\u2019en 2054, en s\u2019appuyant notamment sur les donn\u00e9es d\u2019\u00e9tat civil et les recensements.<\/p>\n\n\n\n<h2 class=\"wp-block-heading\">Le changement se voit aussi dans les familles<\/h2>\n\n\n\n<p class=\"wp-block-paragraph\">La transformation d\u00e9mographique ne se mesure pas uniquement dans les maternit\u00e9s. Elle se voit \u00e9galement dans les foyers.<\/p>\n\n\n\n<p class=\"wp-block-paragraph\">En 1975, un m\u00e9nage tunisien comptait en moyenne <strong>5,5 personnes<\/strong>. Ce chiffre est descendu \u00e0 <strong>4,05 personnes en 2014<\/strong>, puis \u00e0 seulement <strong>3,45 personnes en 2024<\/strong>.<\/p>\n\n\n\n<p class=\"wp-block-paragraph\">Dans le m\u00eame temps, le nombre total de m\u00e9nages a fortement augment\u00e9, passant d&#8217;environ <strong>1 million en 1975 \u00e0 3,47 millions en 2024<\/strong>.<\/p>\n\n\n\n<p class=\"wp-block-paragraph\">La Tunisie est donc pass\u00e9e progressivement d&#8217;un mod\u00e8le marqu\u00e9 par les familles nombreuses \u00e0 des m\u00e9nages beaucoup plus petits.<\/p>\n\n\n\n<p class=\"wp-block-paragraph\">Cette \u00e9volution transforme les besoins du pays : logement, \u00e9coles, transports, sant\u00e9, services sociaux et organisation du march\u00e9 du travail ne r\u00e9pondent plus aux m\u00eames r\u00e9alit\u00e9s qu\u2019il y a quelques d\u00e9cennies.<\/p>\n\n\n\n<h2 class=\"wp-block-heading\">Une jeunesse confront\u00e9e \u00e0 un march\u00e9 du travail difficile<\/h2>\n\n\n\n<p class=\"wp-block-paragraph\">Le vieillissement d\u00e9mographique intervient alors que le march\u00e9 du travail reste sous pression.<\/p>\n\n\n\n<p class=\"wp-block-paragraph\">Au deuxi\u00e8me trimestre 2026, le taux de ch\u00f4mage global s\u2019est \u00e9tabli \u00e0 <strong>14,9 %<\/strong>, selon l\u2019INS. Le nombre de ch\u00f4meurs atteignait <strong>622 400 personnes<\/strong>.<\/p>\n\n\n\n<p class=\"wp-block-paragraph\">Chez les jeunes \u00e2g\u00e9s de 15 \u00e0 24 ans, le ch\u00f4mage atteignait <strong>35,4 %<\/strong>.<\/p>\n\n\n\n<p class=\"wp-block-paragraph\">La situation est \u00e9galement difficile pour les dipl\u00f4m\u00e9s de l\u2019enseignement sup\u00e9rieur : leur taux de ch\u00f4mage s\u2019\u00e9tablissait \u00e0 <strong>26,6 %<\/strong>, avec une situation particuli\u00e8rement difficile chez les femmes dipl\u00f4m\u00e9es, dont le taux atteignait <strong>35,6 %<\/strong>.<\/p>\n\n\n\n<p class=\"wp-block-paragraph\">Ces chiffres ne permettent pas, \u00e0 eux seuls, d\u2019expliquer la baisse de la f\u00e9condit\u00e9. Les d\u00e9cisions concernant le mariage et les enfants d\u00e9pendent de nombreux facteurs : revenus, logement, emploi, co\u00fbt de la vie, services publics, normes sociales et aspirations individuelles.<\/p>\n\n\n\n<p class=\"wp-block-paragraph\">Mais ils montrent une chose : <strong>une partie importante de la jeunesse tunisienne entre dans la vie adulte dans un contexte \u00e9conomique difficile.<\/strong><\/p>\n\n\n\n<h2 class=\"wp-block-heading\">Quand l\u2019\u00e9migration devient une composante de la d\u00e9mographie<\/h2>\n\n\n\n<p class=\"wp-block-paragraph\">\u00c0 cette transformation naturelle s\u2019ajoute une autre \u00e9volution : la migration.<\/p>\n\n\n\n<p class=\"wp-block-paragraph\">L\u2019Office des Tunisiens \u00e0 l\u2019\u00e9tranger indique aujourd\u2019hui <strong>plus de 1,8 million de Tunisiens vivant \u00e0 l\u2019\u00e9tranger<\/strong>.<\/p>\n\n\n\n<p class=\"wp-block-paragraph\">Ce ph\u00e9nom\u00e8ne a une cons\u00e9quence d\u00e9mographique \u00e9vidente : une partie de la population en \u00e2ge de travailler et de fonder une famille vit d\u00e9sormais hors du territoire national.<\/p>\n\n\n\n<p class=\"wp-block-paragraph\">La migration ne signifie toutefois pas uniquement une perte pour la Tunisie.<\/p>\n\n\n\n<p class=\"wp-block-paragraph\">Les Tunisiens r\u00e9sidant \u00e0 l\u2019\u00e9tranger jouent \u00e9galement un r\u00f4le \u00e9conomique majeur \u00e0 travers leurs transferts financiers, leurs investissements, leurs comp\u00e9tences et leurs liens avec le pays.<\/p>\n\n\n\n<p class=\"wp-block-paragraph\">En 2025, les transferts des Tunisiens r\u00e9sidant \u00e0 l\u2019\u00e9tranger ont atteint environ <strong>8,76 milliards de dinars<\/strong>, selon les donn\u00e9es publi\u00e9es par les autorit\u00e9s mon\u00e9taires tunisiennes.<\/p>\n\n\n\n<p class=\"wp-block-paragraph\">La diaspora repr\u00e9sente ainsi \u00e0 la fois <strong>une perte de population active pour le territoire et une ressource \u00e9conomique consid\u00e9rable pour le pays.<\/strong><\/p>\n\n\n\n<h2 class=\"wp-block-heading\">Une population active qui devra financer une soci\u00e9t\u00e9 plus \u00e2g\u00e9e<\/h2>\n\n\n\n<p class=\"wp-block-paragraph\">C\u2019est probablement l\u2019un des principaux enjeux de cette transition.<\/p>\n\n\n\n<p class=\"wp-block-paragraph\">Lorsque la proportion de personnes \u00e2g\u00e9es augmente tandis que les g\u00e9n\u00e9rations jeunes deviennent moins nombreuses, la pression augmente sur les syst\u00e8mes de retraite, de sant\u00e9 et de protection sociale.<\/p>\n\n\n\n<p class=\"wp-block-paragraph\">Le probl\u00e8me n\u2019est donc pas simplement de savoir combien de Tunisiens vivront dans le pays.<\/p>\n\n\n\n<p class=\"wp-block-paragraph\">La vraie question est :<\/p>\n\n\n\n<p class=\"wp-block-paragraph\"><strong>combien seront en \u00e2ge de travailler, combien travailleront effectivement et combien devront \u00eatre pris en charge par les syst\u00e8mes sociaux ?<\/strong><\/p>\n\n\n\n<p class=\"wp-block-paragraph\">Le RGPH 2024 montre d\u00e9j\u00e0 que les 15-59 ans repr\u00e9sentent <strong>60,3 % de la population<\/strong>, contre 64,5 % en 2014. Dans le m\u00eame temps, la part des 60 ans et plus est pass\u00e9e de 11,7 % \u00e0 16,9 %.<\/p>\n\n\n\n<p class=\"wp-block-paragraph\">Cette \u00e9volution constitue un signal important pour les politiques publiques.<\/p>\n\n\n\n<h2 class=\"wp-block-heading\">Le d\u00e9fi n\u2019est pas seulement d\u00e9mographique : il est \u00e9conomique<\/h2>\n\n\n\n<p class=\"wp-block-paragraph\">Une population vieillissante peut poser un probl\u00e8me lorsqu\u2019une \u00e9conomie d\u00e9pend fortement de la croissance de sa population active.<\/p>\n\n\n\n<p class=\"wp-block-paragraph\">Mais le vieillissement n\u2019implique pas automatiquement un d\u00e9clin \u00e9conomique.<\/p>\n\n\n\n<p class=\"wp-block-paragraph\">Il oblige surtout \u00e0 changer de mod\u00e8le.<\/p>\n\n\n\n<p class=\"wp-block-paragraph\">La Tunisie devra probablement chercher \u00e0 produire davantage de valeur avec une population active qui progressera moins rapidement. Cela passe notamment par une am\u00e9lioration de la productivit\u00e9, une meilleure participation des femmes au march\u00e9 du travail, la mont\u00e9e en gamme de l\u2019\u00e9conomie, la formalisation de l\u2019emploi et l\u2019utilisation des technologies num\u00e9riques et de l\u2019intelligence artificielle.<\/p>\n\n\n\n<p class=\"wp-block-paragraph\">L\u2019enjeu sera \u00e9galement de mieux exploiter le potentiel \u00e9conomique de la diaspora et de cr\u00e9er les conditions permettant \u00e0 une partie des comp\u00e9tences expatri\u00e9es de contribuer davantage \u00e0 l\u2019\u00e9conomie nationale.<\/p>\n\n\n\n<h2 class=\"wp-block-heading\">Le vieillissement cr\u00e9e aussi de nouveaux march\u00e9s<\/h2>\n\n\n\n<p class=\"wp-block-paragraph\">Le vieillissement est souvent pr\u00e9sent\u00e9 uniquement comme une charge pour les caisses sociales et le syst\u00e8me de sant\u00e9.<\/p>\n\n\n\n<p class=\"wp-block-paragraph\">Mais il peut \u00e9galement cr\u00e9er de nouvelles activit\u00e9s \u00e9conomiques.<\/p>\n\n\n\n<p class=\"wp-block-paragraph\">Une population \u00e2g\u00e9e plus importante signifie une demande croissante pour :<\/p>\n\n\n\n<ul class=\"wp-block-list\">\n<li>les soins \u00e0 domicile ;<\/li>\n\n\n\n<li>la g\u00e9riatrie ;<\/li>\n\n\n\n<li>la t\u00e9l\u00e9m\u00e9decine ;<\/li>\n\n\n\n<li>les logements adapt\u00e9s ;<\/li>\n\n\n\n<li>les services d\u2019assistance ;<\/li>\n\n\n\n<li>les technologies destin\u00e9es aux seniors ;<\/li>\n\n\n\n<li>les transports adapt\u00e9s ;<\/li>\n\n\n\n<li>les assurances et produits financiers sp\u00e9cialis\u00e9s ;<\/li>\n\n\n\n<li>le tourisme m\u00e9dical et thermal.<\/li>\n<\/ul>\n\n\n\n<p class=\"wp-block-paragraph\">C\u2019est ce que l\u2019on appelle g\u00e9n\u00e9ralement la <strong>Silver Economy<\/strong>, c\u2019est-\u00e0-dire l\u2019ensemble des activit\u00e9s \u00e9conomiques li\u00e9es aux besoins des personnes \u00e2g\u00e9es.<\/p>\n\n\n\n<p class=\"wp-block-paragraph\">Pour la Tunisie, cette \u00e9volution pourrait devenir un secteur \u00e9conomique \u00e0 part enti\u00e8re, notamment gr\u00e2ce \u00e0 sa proximit\u00e9 avec l\u2019Europe, son secteur m\u00e9dical et son potentiel dans les services.<\/p>\n\n\n\n<h2 class=\"wp-block-heading\">La question d\u00e9mographique devient donc une question strat\u00e9gique<\/h2>\n\n\n\n<p class=\"wp-block-paragraph\">La Tunisie ne fait pas face \u00e0 une simple baisse des naissances.<\/p>\n\n\n\n<p class=\"wp-block-paragraph\">Elle est confront\u00e9e \u00e0 une combinaison de ph\u00e9nom\u00e8nes :<\/p>\n\n\n\n<p class=\"wp-block-paragraph\"><strong>moins d\u2019enfants, des m\u00e9nages plus petits, une population qui vieillit, une jeunesse confront\u00e9e \u00e0 un ch\u00f4mage \u00e9lev\u00e9 et une diaspora de plus de 1,8 million de personnes.<\/strong><\/p>\n\n\n\n<p class=\"wp-block-paragraph\">Pris s\u00e9par\u00e9ment, chacun de ces ph\u00e9nom\u00e8nes peut sembler g\u00e9rable. Ensemble, ils peuvent profond\u00e9ment modifier l\u2019\u00e9conomie et la soci\u00e9t\u00e9 tunisiennes.<\/p>\n\n\n\n<p class=\"wp-block-paragraph\">Le pays devra donc adapter progressivement ses politiques de logement, d\u2019emploi, de retraite, de sant\u00e9, d\u2019\u00e9ducation et de protection sociale \u00e0 cette nouvelle r\u00e9alit\u00e9.<\/p>\n\n\n\n<p class=\"wp-block-paragraph\">La question centrale n\u2019est finalement pas de savoir si la Tunisie aura encore plusieurs millions d\u2019habitants dans trente ans.<\/p>\n\n\n\n<p class=\"wp-block-paragraph\">Elle est beaucoup plus fondamentale :<\/p>\n\n\n\n<p class=\"wp-block-paragraph\"><strong>quelle sera la structure de cette population, qui travaillera, qui produira, qui cotisera et comment la soci\u00e9t\u00e9 prendra-t-elle en charge une population plus \u00e2g\u00e9e ?<\/strong><\/p>\n\n\n\n<p class=\"wp-block-paragraph\">La d\u00e9mographie n\u2019est donc pas une statistique parmi d\u2019autres.<\/p>\n\n\n\n<p class=\"wp-block-paragraph\"><strong>C\u2019est l\u2019une des variables qui d\u00e9termineront directement la Tunisie des prochaines d\u00e9cennies.<\/strong><\/p>\n","protected":false},"excerpt":{"rendered":"<p>Moins d\u2019enfants, davantage de personnes \u00e2g\u00e9es, des m\u00e9nages plus petits, une population active sous pression et plus de 1,8 million de Tunisiens vivant \u00e0 l\u2019\u00e9tranger : la Tunisie traverse une transformation d\u00e9mographique profonde. Derri\u00e8re les chiffres se dessine une question essentielle : qui travaillera, produira et financera la soci\u00e9t\u00e9 tunisienne de demain ? La Tunisie [&hellip;]<\/p>\n","protected":false},"author":14,"featured_media":5531,"comment_status":"open","ping_status":"closed","sticky":false,"template":"","format":"standard","meta":{"footnotes":""},"categories":[1],"tags":[],"class_list":["post-5530","post","type-post","status-publish","format-standard","has-post-thumbnail","hentry","category-actualites"],"yoast_head":"<!-- This site is optimized with the Yoast SEO plugin v28.4 - https:\/\/yoast.com\/product\/yoast-seo-wordpress\/ -->\n<title>Tunisie : le grand bouleversement d\u00e9mographique qui pourrait transformer le pays - Descartes.tn<\/title>\n<meta name=\"description\" content=\"La Tunisie conna\u00eet une profonde transformation d\u00e9mographique : baisse de la f\u00e9condit\u00e9, vieillissement de la population, m\u00e9nages plus petits et pression sur l\u2019emploi et les retraites.\" \/>\n<meta name=\"robots\" content=\"index, follow, max-snippet:-1, max-image-preview:large, max-video-preview:-1\" \/>\n<link rel=\"canonical\" href=\"https:\/\/descartes.tn\/index.php\/2026\/09\/02\/tunisie-le-grand-bouleversement-demographique-qui-pourrait-transformer-le-pays\/\" \/>\n<meta property=\"og:locale\" content=\"en_US\" \/>\n<meta property=\"og:type\" content=\"article\" \/>\n<meta property=\"og:title\" content=\"Tunisie : le grand bouleversement d\u00e9mographique qui pourrait transformer le pays - Descartes.tn\" \/>\n<meta property=\"og:description\" content=\"La Tunisie conna\u00eet une profonde transformation d\u00e9mographique : baisse de la f\u00e9condit\u00e9, vieillissement de la population, m\u00e9nages plus petits et pression sur l\u2019emploi et les retraites.\" \/>\n<meta property=\"og:url\" content=\"https:\/\/descartes.tn\/index.php\/2026\/09\/02\/tunisie-le-grand-bouleversement-demographique-qui-pourrait-transformer-le-pays\/\" \/>\n<meta property=\"og:site_name\" content=\"Descartes.tn\" \/>\n<meta property=\"article:publisher\" content=\"https:\/\/www.facebook.com\/Magdescartes\" \/>\n<meta property=\"article:published_time\" content=\"2026-09-02T15:20:14+00:00\" \/>\n<meta property=\"article:modified_time\" content=\"2026-09-02T15:20:16+00:00\" \/>\n<meta property=\"og:image\" content=\"https:\/\/descartes.tn\/wp-content\/uploads\/2026\/09\/demographie-Tunisie.jpg\" \/>\n\t<meta property=\"og:image:width\" content=\"1200\" \/>\n\t<meta property=\"og:image:height\" content=\"700\" \/>\n\t<meta property=\"og:image:type\" content=\"image\/jpeg\" \/>\n<meta name=\"author\" content=\"DESCARTES MAGAZINE\" \/>\n<meta name=\"twitter:card\" content=\"summary_large_image\" \/>\n<meta name=\"twitter:label1\" content=\"Written by\" \/>\n\t<meta name=\"twitter:data1\" content=\"DESCARTES MAGAZINE\" \/>\n\t<meta name=\"twitter:label2\" content=\"Est. reading time\" \/>\n\t<meta name=\"twitter:data2\" content=\"7 minutes\" \/>\n<script type=\"application\/ld+json\" class=\"yoast-schema-graph\">{\"@context\":\"https:\\\/\\\/schema.org\",\"@graph\":[{\"@type\":\"Article\",\"@id\":\"https:\\\/\\\/descartes.tn\\\/index.php\\\/2026\\\/09\\\/02\\\/tunisie-le-grand-bouleversement-demographique-qui-pourrait-transformer-le-pays\\\/#article\",\"isPartOf\":{\"@id\":\"https:\\\/\\\/descartes.tn\\\/index.php\\\/2026\\\/09\\\/02\\\/tunisie-le-grand-bouleversement-demographique-qui-pourrait-transformer-le-pays\\\/\"},\"author\":{\"name\":\"DESCARTES MAGAZINE\",\"@id\":\"https:\\\/\\\/descartes.tn\\\/#\\\/schema\\\/person\\\/31dffce4b9b2b219129e811e0609cee0\"},\"headline\":\"Tunisie : le grand bouleversement d\u00e9mographique qui pourrait transformer le pays\",\"datePublished\":\"2026-09-02T15:20:14+00:00\",\"dateModified\":\"2026-09-02T15:20:16+00:00\",\"mainEntityOfPage\":{\"@id\":\"https:\\\/\\\/descartes.tn\\\/index.php\\\/2026\\\/09\\\/02\\\/tunisie-le-grand-bouleversement-demographique-qui-pourrait-transformer-le-pays\\\/\"},\"wordCount\":1523,\"commentCount\":0,\"publisher\":{\"@id\":\"https:\\\/\\\/descartes.tn\\\/#organization\"},\"image\":{\"@id\":\"https:\\\/\\\/descartes.tn\\\/index.php\\\/2026\\\/09\\\/02\\\/tunisie-le-grand-bouleversement-demographique-qui-pourrait-transformer-le-pays\\\/#primaryimage\"},\"thumbnailUrl\":\"https:\\\/\\\/descartes.tn\\\/wp-content\\\/uploads\\\/2026\\\/09\\\/demographie-Tunisie.jpg\",\"articleSection\":[\"Actualit\u00e9s\"],\"inLanguage\":\"en-US\",\"potentialAction\":[{\"@type\":\"CommentAction\",\"name\":\"Comment\",\"target\":[\"https:\\\/\\\/descartes.tn\\\/index.php\\\/2026\\\/09\\\/02\\\/tunisie-le-grand-bouleversement-demographique-qui-pourrait-transformer-le-pays\\\/#respond\"]}]},{\"@type\":\"WebPage\",\"@id\":\"https:\\\/\\\/descartes.tn\\\/index.php\\\/2026\\\/09\\\/02\\\/tunisie-le-grand-bouleversement-demographique-qui-pourrait-transformer-le-pays\\\/\",\"url\":\"https:\\\/\\\/descartes.tn\\\/index.php\\\/2026\\\/09\\\/02\\\/tunisie-le-grand-bouleversement-demographique-qui-pourrait-transformer-le-pays\\\/\",\"name\":\"Tunisie : le grand bouleversement d\u00e9mographique qui pourrait transformer le pays - Descartes.tn\",\"isPartOf\":{\"@id\":\"https:\\\/\\\/descartes.tn\\\/#website\"},\"primaryImageOfPage\":{\"@id\":\"https:\\\/\\\/descartes.tn\\\/index.php\\\/2026\\\/09\\\/02\\\/tunisie-le-grand-bouleversement-demographique-qui-pourrait-transformer-le-pays\\\/#primaryimage\"},\"image\":{\"@id\":\"https:\\\/\\\/descartes.tn\\\/index.php\\\/2026\\\/09\\\/02\\\/tunisie-le-grand-bouleversement-demographique-qui-pourrait-transformer-le-pays\\\/#primaryimage\"},\"thumbnailUrl\":\"https:\\\/\\\/descartes.tn\\\/wp-content\\\/uploads\\\/2026\\\/09\\\/demographie-Tunisie.jpg\",\"datePublished\":\"2026-09-02T15:20:14+00:00\",\"dateModified\":\"2026-09-02T15:20:16+00:00\",\"description\":\"La Tunisie conna\u00eet une profonde transformation d\u00e9mographique : baisse de la f\u00e9condit\u00e9, vieillissement de la population, m\u00e9nages plus petits et pression sur l\u2019emploi et les retraites.\",\"breadcrumb\":{\"@id\":\"https:\\\/\\\/descartes.tn\\\/index.php\\\/2026\\\/09\\\/02\\\/tunisie-le-grand-bouleversement-demographique-qui-pourrait-transformer-le-pays\\\/#breadcrumb\"},\"inLanguage\":\"en-US\",\"potentialAction\":[{\"@type\":\"ReadAction\",\"target\":[\"https:\\\/\\\/descartes.tn\\\/index.php\\\/2026\\\/09\\\/02\\\/tunisie-le-grand-bouleversement-demographique-qui-pourrait-transformer-le-pays\\\/\"]}]},{\"@type\":\"ImageObject\",\"inLanguage\":\"en-US\",\"@id\":\"https:\\\/\\\/descartes.tn\\\/index.php\\\/2026\\\/09\\\/02\\\/tunisie-le-grand-bouleversement-demographique-qui-pourrait-transformer-le-pays\\\/#primaryimage\",\"url\":\"https:\\\/\\\/descartes.tn\\\/wp-content\\\/uploads\\\/2026\\\/09\\\/demographie-Tunisie.jpg\",\"contentUrl\":\"https:\\\/\\\/descartes.tn\\\/wp-content\\\/uploads\\\/2026\\\/09\\\/demographie-Tunisie.jpg\",\"width\":1200,\"height\":700,\"caption\":\"d\u00e9mographie Tunisie\"},{\"@type\":\"BreadcrumbList\",\"@id\":\"https:\\\/\\\/descartes.tn\\\/index.php\\\/2026\\\/09\\\/02\\\/tunisie-le-grand-bouleversement-demographique-qui-pourrait-transformer-le-pays\\\/#breadcrumb\",\"itemListElement\":[{\"@type\":\"ListItem\",\"position\":1,\"name\":\"Home\",\"item\":\"https:\\\/\\\/descartes.tn\\\/\"},{\"@type\":\"ListItem\",\"position\":2,\"name\":\"Tunisie : le grand bouleversement d\u00e9mographique qui pourrait transformer le pays\"}]},{\"@type\":\"WebSite\",\"@id\":\"https:\\\/\\\/descartes.tn\\\/#website\",\"url\":\"https:\\\/\\\/descartes.tn\\\/\",\"name\":\"Descartes.tn\",\"description\":\"\",\"publisher\":{\"@id\":\"https:\\\/\\\/descartes.tn\\\/#organization\"},\"potentialAction\":[{\"@type\":\"SearchAction\",\"target\":{\"@type\":\"EntryPoint\",\"urlTemplate\":\"https:\\\/\\\/descartes.tn\\\/?s={search_term_string}\"},\"query-input\":{\"@type\":\"PropertyValueSpecification\",\"valueRequired\":true,\"valueName\":\"search_term_string\"}}],\"inLanguage\":\"en-US\"},{\"@type\":\"Organization\",\"@id\":\"https:\\\/\\\/descartes.tn\\\/#organization\",\"name\":\"Descartes.tn\",\"url\":\"https:\\\/\\\/descartes.tn\\\/\",\"logo\":{\"@type\":\"ImageObject\",\"inLanguage\":\"en-US\",\"@id\":\"https:\\\/\\\/descartes.tn\\\/#\\\/schema\\\/logo\\\/image\\\/\",\"url\":\"https:\\\/\\\/descartes.tn\\\/wp-content\\\/uploads\\\/2025\\\/10\\\/cropped-Fichier-1-1.png\",\"contentUrl\":\"https:\\\/\\\/descartes.tn\\\/wp-content\\\/uploads\\\/2025\\\/10\\\/cropped-Fichier-1-1.png\",\"width\":136,\"height\":19,\"caption\":\"Descartes.tn\"},\"image\":{\"@id\":\"https:\\\/\\\/descartes.tn\\\/#\\\/schema\\\/logo\\\/image\\\/\"},\"sameAs\":[\"https:\\\/\\\/www.facebook.com\\\/Magdescartes\",\"https:\\\/\\\/www.instagram.com\\\/descartes.magazine\\\/\"]},{\"@type\":\"Person\",\"@id\":\"https:\\\/\\\/descartes.tn\\\/#\\\/schema\\\/person\\\/31dffce4b9b2b219129e811e0609cee0\",\"name\":\"DESCARTES MAGAZINE\",\"image\":{\"@type\":\"ImageObject\",\"inLanguage\":\"en-US\",\"@id\":\"https:\\\/\\\/secure.gravatar.com\\\/avatar\\\/76c41eca4f7ca99bc39440de071d79e91340c9f41c0d66fa26309342a4221305?s=96&d=mm&r=g\",\"url\":\"https:\\\/\\\/secure.gravatar.com\\\/avatar\\\/76c41eca4f7ca99bc39440de071d79e91340c9f41c0d66fa26309342a4221305?s=96&d=mm&r=g\",\"contentUrl\":\"https:\\\/\\\/secure.gravatar.com\\\/avatar\\\/76c41eca4f7ca99bc39440de071d79e91340c9f41c0d66fa26309342a4221305?s=96&d=mm&r=g\",\"caption\":\"DESCARTES MAGAZINE\"},\"sameAs\":[\"http:\\\/\\\/www.descartes.tn\"],\"url\":\"https:\\\/\\\/descartes.tn\\\/index.php\\\/author\\\/descartes\\\/\"}]}<\/script>\n<!-- \/ Yoast SEO plugin. -->","yoast_head_json":{"title":"Tunisie : le grand bouleversement d\u00e9mographique qui pourrait transformer le pays - Descartes.tn","description":"La Tunisie conna\u00eet une profonde transformation d\u00e9mographique : baisse de la f\u00e9condit\u00e9, vieillissement de la population, m\u00e9nages plus petits et pression sur l\u2019emploi et les retraites.","robots":{"index":"index","follow":"follow","max-snippet":"max-snippet:-1","max-image-preview":"max-image-preview:large","max-video-preview":"max-video-preview:-1"},"canonical":"https:\/\/descartes.tn\/index.php\/2026\/09\/02\/tunisie-le-grand-bouleversement-demographique-qui-pourrait-transformer-le-pays\/","og_locale":"en_US","og_type":"article","og_title":"Tunisie : le grand bouleversement d\u00e9mographique qui pourrait transformer le pays - Descartes.tn","og_description":"La Tunisie conna\u00eet une profonde transformation d\u00e9mographique : baisse de la f\u00e9condit\u00e9, vieillissement de la population, m\u00e9nages plus petits et pression sur l\u2019emploi et les retraites.","og_url":"https:\/\/descartes.tn\/index.php\/2026\/09\/02\/tunisie-le-grand-bouleversement-demographique-qui-pourrait-transformer-le-pays\/","og_site_name":"Descartes.tn","article_publisher":"https:\/\/www.facebook.com\/Magdescartes","article_published_time":"2026-09-02T15:20:14+00:00","article_modified_time":"2026-09-02T15:20:16+00:00","og_image":[{"width":1200,"height":700,"url":"https:\/\/descartes.tn\/wp-content\/uploads\/2026\/09\/demographie-Tunisie.jpg","type":"image\/jpeg"}],"author":"DESCARTES MAGAZINE","twitter_card":"summary_large_image","twitter_misc":{"Written by":"DESCARTES MAGAZINE","Est. reading time":"7 minutes"},"schema":{"@context":"https:\/\/schema.org","@graph":[{"@type":"Article","@id":"https:\/\/descartes.tn\/index.php\/2026\/09\/02\/tunisie-le-grand-bouleversement-demographique-qui-pourrait-transformer-le-pays\/#article","isPartOf":{"@id":"https:\/\/descartes.tn\/index.php\/2026\/09\/02\/tunisie-le-grand-bouleversement-demographique-qui-pourrait-transformer-le-pays\/"},"author":{"name":"DESCARTES MAGAZINE","@id":"https:\/\/descartes.tn\/#\/schema\/person\/31dffce4b9b2b219129e811e0609cee0"},"headline":"Tunisie : le grand bouleversement d\u00e9mographique qui pourrait transformer le pays","datePublished":"2026-09-02T15:20:14+00:00","dateModified":"2026-09-02T15:20:16+00:00","mainEntityOfPage":{"@id":"https:\/\/descartes.tn\/index.php\/2026\/09\/02\/tunisie-le-grand-bouleversement-demographique-qui-pourrait-transformer-le-pays\/"},"wordCount":1523,"commentCount":0,"publisher":{"@id":"https:\/\/descartes.tn\/#organization"},"image":{"@id":"https:\/\/descartes.tn\/index.php\/2026\/09\/02\/tunisie-le-grand-bouleversement-demographique-qui-pourrait-transformer-le-pays\/#primaryimage"},"thumbnailUrl":"https:\/\/descartes.tn\/wp-content\/uploads\/2026\/09\/demographie-Tunisie.jpg","articleSection":["Actualit\u00e9s"],"inLanguage":"en-US","potentialAction":[{"@type":"CommentAction","name":"Comment","target":["https:\/\/descartes.tn\/index.php\/2026\/09\/02\/tunisie-le-grand-bouleversement-demographique-qui-pourrait-transformer-le-pays\/#respond"]}]},{"@type":"WebPage","@id":"https:\/\/descartes.tn\/index.php\/2026\/09\/02\/tunisie-le-grand-bouleversement-demographique-qui-pourrait-transformer-le-pays\/","url":"https:\/\/descartes.tn\/index.php\/2026\/09\/02\/tunisie-le-grand-bouleversement-demographique-qui-pourrait-transformer-le-pays\/","name":"Tunisie : le grand bouleversement d\u00e9mographique qui pourrait transformer le pays - Descartes.tn","isPartOf":{"@id":"https:\/\/descartes.tn\/#website"},"primaryImageOfPage":{"@id":"https:\/\/descartes.tn\/index.php\/2026\/09\/02\/tunisie-le-grand-bouleversement-demographique-qui-pourrait-transformer-le-pays\/#primaryimage"},"image":{"@id":"https:\/\/descartes.tn\/index.php\/2026\/09\/02\/tunisie-le-grand-bouleversement-demographique-qui-pourrait-transformer-le-pays\/#primaryimage"},"thumbnailUrl":"https:\/\/descartes.tn\/wp-content\/uploads\/2026\/09\/demographie-Tunisie.jpg","datePublished":"2026-09-02T15:20:14+00:00","dateModified":"2026-09-02T15:20:16+00:00","description":"La Tunisie conna\u00eet une profonde transformation d\u00e9mographique : baisse de la f\u00e9condit\u00e9, vieillissement de la population, m\u00e9nages plus petits et pression sur l\u2019emploi et les retraites.","breadcrumb":{"@id":"https:\/\/descartes.tn\/index.php\/2026\/09\/02\/tunisie-le-grand-bouleversement-demographique-qui-pourrait-transformer-le-pays\/#breadcrumb"},"inLanguage":"en-US","potentialAction":[{"@type":"ReadAction","target":["https:\/\/descartes.tn\/index.php\/2026\/09\/02\/tunisie-le-grand-bouleversement-demographique-qui-pourrait-transformer-le-pays\/"]}]},{"@type":"ImageObject","inLanguage":"en-US","@id":"https:\/\/descartes.tn\/index.php\/2026\/09\/02\/tunisie-le-grand-bouleversement-demographique-qui-pourrait-transformer-le-pays\/#primaryimage","url":"https:\/\/descartes.tn\/wp-content\/uploads\/2026\/09\/demographie-Tunisie.jpg","contentUrl":"https:\/\/descartes.tn\/wp-content\/uploads\/2026\/09\/demographie-Tunisie.jpg","width":1200,"height":700,"caption":"d\u00e9mographie Tunisie"},{"@type":"BreadcrumbList","@id":"https:\/\/descartes.tn\/index.php\/2026\/09\/02\/tunisie-le-grand-bouleversement-demographique-qui-pourrait-transformer-le-pays\/#breadcrumb","itemListElement":[{"@type":"ListItem","position":1,"name":"Home","item":"https:\/\/descartes.tn\/"},{"@type":"ListItem","position":2,"name":"Tunisie : le grand bouleversement d\u00e9mographique qui pourrait transformer le pays"}]},{"@type":"WebSite","@id":"https:\/\/descartes.tn\/#website","url":"https:\/\/descartes.tn\/","name":"Descartes.tn","description":"","publisher":{"@id":"https:\/\/descartes.tn\/#organization"},"potentialAction":[{"@type":"SearchAction","target":{"@type":"EntryPoint","urlTemplate":"https:\/\/descartes.tn\/?s={search_term_string}"},"query-input":{"@type":"PropertyValueSpecification","valueRequired":true,"valueName":"search_term_string"}}],"inLanguage":"en-US"},{"@type":"Organization","@id":"https:\/\/descartes.tn\/#organization","name":"Descartes.tn","url":"https:\/\/descartes.tn\/","logo":{"@type":"ImageObject","inLanguage":"en-US","@id":"https:\/\/descartes.tn\/#\/schema\/logo\/image\/","url":"https:\/\/descartes.tn\/wp-content\/uploads\/2025\/10\/cropped-Fichier-1-1.png","contentUrl":"https:\/\/descartes.tn\/wp-content\/uploads\/2025\/10\/cropped-Fichier-1-1.png","width":136,"height":19,"caption":"Descartes.tn"},"image":{"@id":"https:\/\/descartes.tn\/#\/schema\/logo\/image\/"},"sameAs":["https:\/\/www.facebook.com\/Magdescartes","https:\/\/www.instagram.com\/descartes.magazine\/"]},{"@type":"Person","@id":"https:\/\/descartes.tn\/#\/schema\/person\/31dffce4b9b2b219129e811e0609cee0","name":"DESCARTES MAGAZINE","image":{"@type":"ImageObject","inLanguage":"en-US","@id":"https:\/\/secure.gravatar.com\/avatar\/76c41eca4f7ca99bc39440de071d79e91340c9f41c0d66fa26309342a4221305?s=96&d=mm&r=g","url":"https:\/\/secure.gravatar.com\/avatar\/76c41eca4f7ca99bc39440de071d79e91340c9f41c0d66fa26309342a4221305?s=96&d=mm&r=g","contentUrl":"https:\/\/secure.gravatar.com\/avatar\/76c41eca4f7ca99bc39440de071d79e91340c9f41c0d66fa26309342a4221305?s=96&d=mm&r=g","caption":"DESCARTES MAGAZINE"},"sameAs":["http:\/\/www.descartes.tn"],"url":"https:\/\/descartes.tn\/index.php\/author\/descartes\/"}]}},"_links":{"self":[{"href":"https:\/\/descartes.tn\/index.php\/wp-json\/wp\/v2\/posts\/5530","targetHints":{"allow":["GET"]}}],"collection":[{"href":"https:\/\/descartes.tn\/index.php\/wp-json\/wp\/v2\/posts"}],"about":[{"href":"https:\/\/descartes.tn\/index.php\/wp-json\/wp\/v2\/types\/post"}],"author":[{"embeddable":true,"href":"https:\/\/descartes.tn\/index.php\/wp-json\/wp\/v2\/users\/14"}],"replies":[{"embeddable":true,"href":"https:\/\/descartes.tn\/index.php\/wp-json\/wp\/v2\/comments?post=5530"}],"version-history":[{"count":1,"href":"https:\/\/descartes.tn\/index.php\/wp-json\/wp\/v2\/posts\/5530\/revisions"}],"predecessor-version":[{"id":5532,"href":"https:\/\/descartes.tn\/index.php\/wp-json\/wp\/v2\/posts\/5530\/revisions\/5532"}],"wp:featuredmedia":[{"embeddable":true,"href":"https:\/\/descartes.tn\/index.php\/wp-json\/wp\/v2\/media\/5531"}],"wp:attachment":[{"href":"https:\/\/descartes.tn\/index.php\/wp-json\/wp\/v2\/media?parent=5530"}],"wp:term":[{"taxonomy":"category","embeddable":true,"href":"https:\/\/descartes.tn\/index.php\/wp-json\/wp\/v2\/categories?post=5530"},{"taxonomy":"post_tag","embeddable":true,"href":"https:\/\/descartes.tn\/index.php\/wp-json\/wp\/v2\/tags?post=5530"}],"curies":[{"name":"wp","href":"https:\/\/api.w.org\/{rel}","templated":true}]}}