{"id":5504,"date":"2026-09-01T13:34:47","date_gmt":"2026-09-01T12:34:47","guid":{"rendered":"https:\/\/descartes.tn\/?p=5504"},"modified":"2026-09-01T13:34:48","modified_gmt":"2026-09-01T12:34:48","slug":"issam-ayari-du-theatre-a-la-finance-le-parcours-atypique-dun-artiste-tunisien","status":"publish","type":"post","link":"https:\/\/descartes.tn\/index.php\/2026\/09\/01\/issam-ayari-du-theatre-a-la-finance-le-parcours-atypique-dun-artiste-tunisien\/","title":{"rendered":"Issam Ayari : du th\u00e9\u00e2tre \u00e0 la finance, le parcours atypique d\u2019un artiste tunisien"},"content":{"rendered":"\n<p class=\"wp-block-paragraph\">Com\u00e9dien, auteur et homme de finance, Issam Ayari poss\u00e8de un parcours qui sort clairement des chemins classiques. Entre le th\u00e9\u00e2tre, l\u2019\u00e9criture et le monde financier, il a construit sa carri\u00e8re autour d\u2019une id\u00e9e simple : ne pas se laisser enfermer dans une seule identit\u00e9.<\/p>\n\n\n\n<h2 class=\"wp-block-heading\">\u00ab Je ne sais m\u00eame pas qui je suis \u00bb<\/h2>\n\n\n\n<p class=\"wp-block-paragraph\">Depuis son enfance, Issam Ayari ressent une forte attirance pour l\u2019\u00e9criture et le th\u00e9\u00e2tre. Tr\u00e8s jeune d\u00e9j\u00e0, il voulait \u00e9crire et monter sur sc\u00e8ne.<\/p>\n\n\n\n<p class=\"wp-block-paragraph\">Son parcours acad\u00e9mique l\u2019a pourtant conduit vers une autre direction. Il obtient une ma\u00eetrise en anglais et aurait pu devenir enseignant. Mais il choisit finalement un chemin diff\u00e9rent : celui de la finance.<\/p>\n\n\n\n<p class=\"wp-block-paragraph\">Un choix surprenant pour quelqu\u2019un issu d\u2019un univers litt\u00e9raire et artistique.<\/p>\n\n\n\n<p class=\"wp-block-paragraph\">Issam Ayari le reconna\u00eet lui-m\u00eame : rien ne le pr\u00e9destinait au monde financier. Passer de Shakespeare, de la litt\u00e9rature anglaise et de l\u2019univers artistique aux chiffres et \u00e0 la finance repr\u00e9sentait un v\u00e9ritable d\u00e9fi.<\/p>\n\n\n\n<p class=\"wp-block-paragraph\">Pourtant, il a r\u00e9ussi \u00e0 faire sa place dans ce secteur.<\/p>\n\n\n\n<figure class=\"wp-block-embed is-type-video is-provider-youtube wp-block-embed-youtube wp-embed-aspect-16-9 wp-has-aspect-ratio\"><div class=\"wp-block-embed__wrapper\">\n<iframe loading=\"lazy\" title=\"\u0639\u0635\u0627\u0645 \u0627\u0644\u0639\u064a\u0627\u0631\u064a.. \u0628\u064a\u0646 \u0639\u0627\u0644\u0645 \u0627\u0644\u0645\u0627\u0644 \u0648\u0634\u063a\u0641 \u0627\u0644\u0645\u0633\u0631\u062d\" width=\"640\" height=\"360\" src=\"https:\/\/www.youtube.com\/embed\/-P_w4WhzACs?feature=oembed\" frameborder=\"0\" allow=\"accelerometer; autoplay; clipboard-write; encrypted-media; gyroscope; picture-in-picture; web-share\" referrerpolicy=\"strict-origin-when-cross-origin\" allowfullscreen><\/iframe>\n<\/div><\/figure>\n\n\n\n<h2 class=\"wp-block-heading\">La d\u00e9couverte du Teatro Studio<\/h2>\n\n\n\n<p class=\"wp-block-paragraph\">C\u2019est en 2004 qu\u2019Issam Ayari d\u00e9couvre le Teatro Studio, peu apr\u00e8s sa cr\u00e9ation.<\/p>\n\n\n\n<p class=\"wp-block-paragraph\">Cette \u00e9cole de th\u00e9\u00e2tre, fond\u00e9e notamment par le metteur en sc\u00e8ne Tawfik Jebali et la regrett\u00e9e Zaineb Farhat, repr\u00e9sentait pour lui une opportunit\u00e9 importante. L\u2019acc\u00e8s \u00e0 cet univers ne d\u00e9pendait pas uniquement d\u2019un dipl\u00f4me d\u00e9livr\u00e9 par une \u00e9cole sup\u00e9rieure d\u2019art dramatique.<\/p>\n\n\n\n<p class=\"wp-block-paragraph\">Il y re\u00e7oit une formation qui marque profond\u00e9ment son parcours artistique.<\/p>\n\n\n\n<p class=\"wp-block-paragraph\">Au fil des ann\u00e9es, il travaille avec Tawfik Jebali ainsi qu\u2019avec plusieurs figures du th\u00e9\u00e2tre tunisien. Il collabore \u00e9galement avec Hatem Belhaj et participe \u00e0 diff\u00e9rentes exp\u00e9riences artistiques.<\/p>\n\n\n\n<p class=\"wp-block-paragraph\">Mais progressivement, Issam Ayari ressent le besoin de cr\u00e9er ses propres \u0153uvres et de d\u00e9velopper son propre univers.<\/p>\n\n\n\n<h2 class=\"wp-block-heading\">L\u2019\u00e9criture et la naissance d\u2019un univers personnel<\/h2>\n\n\n\n<p class=\"wp-block-paragraph\">Issam Ayari commence alors \u00e0 \u00e9crire ses propres textes.<\/p>\n\n\n\n<p class=\"wp-block-paragraph\">Sa premi\u00e8re pi\u00e8ce s\u2019intitule <strong>Sapiens<\/strong>.<\/p>\n\n\n\n<p class=\"wp-block-paragraph\">Elle est suivie par <strong>Homo Deus<\/strong>, puis par <strong>Donald<\/strong>.<\/p>\n\n\n\n<p class=\"wp-block-paragraph\">Ces trois \u0153uvres forment, selon lui, une sorte de trilogie, m\u00eame si elles ne racontent pas une seule et m\u00eame histoire.<\/p>\n\n\n\n<p class=\"wp-block-paragraph\">\u00c0 travers ces cr\u00e9ations, Issam Ayari d\u00e9veloppe progressivement ce qui deviendra sa v\u00e9ritable signature : la com\u00e9die.<\/p>\n\n\n\n<ul class=\"wp-block-list\">\n<li><strong>Sapiens<\/strong> explore l\u2019humain.<\/li>\n\n\n\n<li><strong>Homo Deus<\/strong> s\u2019int\u00e9resse \u00e0 l\u2019avenir.<\/li>\n\n\n\n<li><strong>Donald<\/strong> aborde la question du pouvoir.<\/li>\n<\/ul>\n\n\n\n<p class=\"wp-block-paragraph\">Mais au-del\u00e0 des th\u00e8mes, un \u00e9l\u00e9ment relie ces diff\u00e9rentes cr\u00e9ations : l\u2019humour.<\/p>\n\n\n\n<h2 class=\"wp-block-heading\">Faire rire, mais pas seulement<\/h2>\n\n\n\n<p class=\"wp-block-paragraph\">Pour Issam Ayari, le succ\u00e8s du th\u00e9\u00e2tre repose avant tout sur la relation avec le public.<\/p>\n\n\n\n<p class=\"wp-block-paragraph\">Le public vient au spectacle pour vivre une exp\u00e9rience. Et parfois, tout simplement, pour rire.<\/p>\n\n\n\n<p class=\"wp-block-paragraph\">C\u2019est notamment ce qui explique, selon lui, le succ\u00e8s de la pi\u00e8ce <strong>Donald<\/strong>.<\/p>\n\n\n\n<p class=\"wp-block-paragraph\">Apr\u00e8s plusieurs repr\u00e9sentations et une exp\u00e9rience grandissante avec le public, son nom commence progressivement \u00e0 \u00eatre davantage connu. Son parcours se construit sans chercher \u00e0 suivre les circuits traditionnels ou \u00e0 multiplier les apparitions dans tous les festivals.<\/p>\n\n\n\n<p class=\"wp-block-paragraph\">Issam Ayari affirme d\u2019ailleurs ne pas vouloir courir apr\u00e8s les programmations ou attendre ind\u00e9finiment des r\u00e9ponses de certains festivals.<\/p>\n\n\n\n<p class=\"wp-block-paragraph\">Pour lui, une carri\u00e8re doit pouvoir \u00e9voluer naturellement.<\/p>\n\n\n\n<p class=\"wp-block-paragraph\">Si le public grandit, tant mieux. Si le parcours reste plus modeste, l\u2019essentiel est ailleurs : continuer \u00e0 cr\u00e9er et \u00eatre satisfait de son chemin.<\/p>\n\n\n\n<h2 class=\"wp-block-heading\">Refuser les \u00e9tiquettes<\/h2>\n\n\n\n<p class=\"wp-block-paragraph\">Stand-up, monodrame, one-man-show\u2026<\/p>\n\n\n\n<p class=\"wp-block-paragraph\">Issam Ayari ne semble pas particuli\u00e8rement attach\u00e9 \u00e0 ces classifications.<\/p>\n\n\n\n<p class=\"wp-block-paragraph\">Issu du Teatro Studio et marqu\u00e9 par la formation qu\u2019il y a re\u00e7ue, il estime n\u00e9anmoins avoir d\u00e9velopp\u00e9 une mani\u00e8re personnelle d\u2019\u00e9crire et de jouer.<\/p>\n\n\n\n<p class=\"wp-block-paragraph\">Pour lui, chaque artiste doit construire sa propre identit\u00e9.<\/p>\n\n\n\n<p class=\"wp-block-paragraph\">La v\u00e9ritable question n\u2019est donc pas de savoir dans quelle cat\u00e9gorie ranger une pi\u00e8ce ou un com\u00e9dien.<\/p>\n\n\n\n<p class=\"wp-block-paragraph\">La question essentielle est beaucoup plus simple :<\/p>\n\n\n\n<p class=\"wp-block-paragraph\"><strong>Est-ce que ce que vous proposez au public est convaincant ou non ?<\/strong><\/p>\n\n\n\n<p class=\"wp-block-paragraph\">Selon lui, le curriculum d\u2019un acteur, son dipl\u00f4me ou son appartenance \u00e0 une \u00e9cole ne suffisent pas \u00e0 d\u00e9terminer sa valeur.<\/p>\n\n\n\n<p class=\"wp-block-paragraph\">Ce qui reste finalement dans l\u2019esprit du public, c\u2019est la qualit\u00e9 de ce qu\u2019il a vu sur sc\u00e8ne.<\/p>\n\n\n\n<h2 class=\"wp-block-heading\">La critique, un \u00e9l\u00e9ment essentiel du th\u00e9\u00e2tre<\/h2>\n\n\n\n<p class=\"wp-block-paragraph\">Issam Ayari accorde \u00e9galement une grande importance \u00e0 la critique.<\/p>\n\n\n\n<p class=\"wp-block-paragraph\">Lorsqu\u2019il pr\u00e9sente une nouvelle pi\u00e8ce, il s\u2019int\u00e9resse aux r\u00e9actions des critiques sp\u00e9cialis\u00e9s et aux \u00e9changes avec les acteurs du monde th\u00e9\u00e2tral.<\/p>\n\n\n\n<p class=\"wp-block-paragraph\">Pour lui, le th\u00e9\u00e2tre ne se limite pas \u00e0 monter sur sc\u00e8ne.<\/p>\n\n\n\n<p class=\"wp-block-paragraph\">C\u2019est aussi un espace de dialogue, de confrontation des id\u00e9es et d\u2019\u00e9change avec le public, les critiques et les autres artistes.<\/p>\n\n\n\n<h2 class=\"wp-block-heading\">L\u2019humour comme derni\u00e8re arme<\/h2>\n\n\n\n<p class=\"wp-block-paragraph\">L\u2019un des th\u00e8mes centraux de sa vision artistique concerne la place de la satire et de l\u2019humour.<\/p>\n\n\n\n<p class=\"wp-block-paragraph\">Issam Ayari consid\u00e8re que, face \u00e0 l\u2019injustice, \u00e0 la pauvret\u00e9, aux guerres et aux diff\u00e9rentes formes d\u2019impuissance, le rire peut devenir une arme.<\/p>\n\n\n\n<p class=\"wp-block-paragraph\">Une arme particuli\u00e8re.<\/p>\n\n\n\n<p class=\"wp-block-paragraph\">Lorsque l\u2019individu se retrouve incapable de changer directement une situation, la satire peut lui permettre de r\u00e9agir autrement.<\/p>\n\n\n\n<p class=\"wp-block-paragraph\">Faire rire ne signifie donc pas forc\u00e9ment \u00e9viter les sujets s\u00e9rieux.<\/p>\n\n\n\n<p class=\"wp-block-paragraph\">Au contraire, l\u2019humour peut parfois permettre de parler de sujets difficiles avec plus de libert\u00e9 et de force.<\/p>\n\n\n\n<p class=\"wp-block-paragraph\">Pour Issam Ayari, la satire reste ainsi l\u2019une des derni\u00e8res armes de celui qui ne poss\u00e8de pas le pouvoir.<\/p>\n\n\n\n<h2 class=\"wp-block-heading\">La libert\u00e9 avant tout<\/h2>\n\n\n\n<p class=\"wp-block-paragraph\">Cette question de la libert\u00e9 est centrale dans sa vision de l\u2019art.<\/p>\n\n\n\n<p class=\"wp-block-paragraph\">Issam Ayari d\u00e9fend une id\u00e9e claire : un artiste doit rester libre.<\/p>\n\n\n\n<p class=\"wp-block-paragraph\">Libre dans son \u00e9criture.<\/p>\n\n\n\n<p class=\"wp-block-paragraph\">Libre dans ses choix.<\/p>\n\n\n\n<p class=\"wp-block-paragraph\">Libre dans ce qu\u2019il souhaite dire sur sc\u00e8ne.<\/p>\n\n\n\n<p class=\"wp-block-paragraph\">Il critique \u00e9galement une certaine tendance au conformisme, qui peut pousser les artistes \u00e0 \u00e9viter les sujets sensibles ou \u00e0 rester dans des cadres rassurants.<\/p>\n\n\n\n<p class=\"wp-block-paragraph\">Selon lui, l\u2019art perd une partie de sa force lorsqu\u2019il cesse de prendre des risques.<\/p>\n\n\n\n<p class=\"wp-block-paragraph\">Son message aux jeunes qui se forment dans le domaine du th\u00e9\u00e2tre et des arts est donc simple : pr\u00e9server leur libert\u00e9.<\/p>\n\n\n\n<h2 class=\"wp-block-heading\">La finance : bien plus que des chiffres<\/h2>\n\n\n\n<p class=\"wp-block-paragraph\">Parall\u00e8lement \u00e0 son parcours artistique, Issam Ayari m\u00e8ne une longue carri\u00e8re dans le secteur financier.<\/p>\n\n\n\n<p class=\"wp-block-paragraph\">Un parcours qui peut sembler totalement oppos\u00e9 \u00e0 celui du th\u00e9\u00e2tre.<\/p>\n\n\n\n<p class=\"wp-block-paragraph\">Pourtant, lui-m\u00eame ne voit pas ces deux univers comme incompatibles.<\/p>\n\n\n\n<p class=\"wp-block-paragraph\">Au contraire.<\/p>\n\n\n\n<p class=\"wp-block-paragraph\">Selon Issam Ayari, la finance n\u2019est pas uniquement une affaire de calculs.<\/p>\n\n\n\n<p class=\"wp-block-paragraph\">Elle demande aussi de la cr\u00e9ativit\u00e9.<\/p>\n\n\n\n<p class=\"wp-block-paragraph\">Apr\u00e8s plus de trente ans d\u2019exp\u00e9rience dans le secteur, il estime que trouver le financement d\u2019un projet ou accompagner une entreprise demande une v\u00e9ritable capacit\u00e9 \u00e0 imaginer, comprendre et raconter.<\/p>\n\n\n\n<p class=\"wp-block-paragraph\">Pour convaincre un investisseur ou vendre une id\u00e9e, les chiffres ne suffisent pas toujours.<\/p>\n\n\n\n<p class=\"wp-block-paragraph\">Il faut aussi \u00eatre capable de raconter une histoire.<\/p>\n\n\n\n<h2 class=\"wp-block-heading\">Le th\u00e9\u00e2tre comme atout dans le monde professionnel<\/h2>\n\n\n\n<p class=\"wp-block-paragraph\">Issam Ayari explique que son exp\u00e9rience du th\u00e9\u00e2tre lui a \u00e9galement servi dans sa carri\u00e8re professionnelle.<\/p>\n\n\n\n<p class=\"wp-block-paragraph\">Dans le monde des affaires, notamment lorsqu\u2019il faut pr\u00e9senter un projet, convaincre un partenaire ou vendre une id\u00e9e, la mani\u00e8re de communiquer peut faire toute la diff\u00e9rence.<\/p>\n\n\n\n<p class=\"wp-block-paragraph\">Savoir raconter une histoire.<\/p>\n\n\n\n<p class=\"wp-block-paragraph\">Savoir captiver.<\/p>\n\n\n\n<p class=\"wp-block-paragraph\">Savoir pr\u00e9senter une id\u00e9e.<\/p>\n\n\n\n<p class=\"wp-block-paragraph\">Autant de comp\u00e9tences qui rapprochent finalement le monde du th\u00e9\u00e2tre et celui de la finance.<\/p>\n\n\n\n<p class=\"wp-block-paragraph\">Pour lui, l\u2019art et la finance ne sont donc pas deux univers totalement oppos\u00e9s.<\/p>\n\n\n\n<p class=\"wp-block-paragraph\">Ils peuvent se nourrir l\u2019un l\u2019autre.<\/p>\n\n\n\n<h2 class=\"wp-block-heading\">Les petites entreprises au c\u0153ur de l\u2019\u00e9conomie<\/h2>\n\n\n\n<p class=\"wp-block-paragraph\">Fort de son exp\u00e9rience dans le domaine financier, Issam Ayari porte \u00e9galement un regard critique sur les m\u00e9canismes de financement des entreprises.<\/p>\n\n\n\n<p class=\"wp-block-paragraph\">Il rappelle que les grandes banques ont historiquement jou\u00e9 un r\u00f4le important dans le financement des grands groupes et des grands projets \u00e9conomiques.<\/p>\n\n\n\n<p class=\"wp-block-paragraph\">Mais les petites entreprises ne fonctionnent pas toujours selon les m\u00eames r\u00e8gles.<\/p>\n\n\n\n<p class=\"wp-block-paragraph\">Une petite structure ou un entrepreneur ne dispose pas n\u00e9cessairement de garanties importantes lui permettant d\u2019obtenir facilement un financement bancaire.<\/p>\n\n\n\n<p class=\"wp-block-paragraph\">C\u2019est dans ce contexte que d\u2019autres solutions ont jou\u00e9 un r\u00f4le important, notamment le leasing, la Bourse et le capital-risque.<\/p>\n\n\n\n<p class=\"wp-block-paragraph\">Pour Issam Ayari, le financement des petites entreprises reste l\u2019une des cl\u00e9s essentielles du d\u00e9veloppement \u00e9conomique.<\/p>\n\n\n\n<h2 class=\"wp-block-heading\">Une vision critique du mod\u00e8le des start-up<\/h2>\n\n\n\n<p class=\"wp-block-paragraph\">Issam Ayari estime \u00e9galement qu\u2019il faut \u00e9viter de copier aveugl\u00e9ment des mod\u00e8les \u00e9trangers.<\/p>\n\n\n\n<p class=\"wp-block-paragraph\">Il critique notamment la mani\u00e8re dont le concept de la start-up est parfois pr\u00e9sent\u00e9 en Tunisie.<\/p>\n\n\n\n<p class=\"wp-block-paragraph\">Selon lui, l\u2019exemple de la Silicon Valley ne peut pas \u00eatre reproduit simplement en important des lois ou des concepts.<\/p>\n\n\n\n<p class=\"wp-block-paragraph\">Derri\u00e8re les grandes r\u00e9ussites technologiques am\u00e9ricaines, il existe tout un \u00e9cosyst\u00e8me : des investisseurs, des fonds capables de prendre des risques et des financements importants.<\/p>\n\n\n\n<p class=\"wp-block-paragraph\">Dans ce syst\u00e8me, de nombreux projets peuvent \u00e9chouer avant qu\u2019une seule grande r\u00e9ussite ne permette de compenser les pertes.<\/p>\n\n\n\n<p class=\"wp-block-paragraph\">Pour lui, la question centrale n\u2019est donc pas simplement de cr\u00e9er davantage de start-up.<\/p>\n\n\n\n<p class=\"wp-block-paragraph\">Il faut surtout construire un v\u00e9ritable \u00e9cosyst\u00e8me capable d\u2019accompagner et de financer les projets.<\/p>\n\n\n\n<h2 class=\"wp-block-heading\">Le prix du double parcours<\/h2>\n\n\n\n<p class=\"wp-block-paragraph\">Mais mener deux carri\u00e8res en parall\u00e8le a \u00e9galement un co\u00fbt.<\/p>\n\n\n\n<p class=\"wp-block-paragraph\">Le th\u00e9\u00e2tre demande du temps.<\/p>\n\n\n\n<p class=\"wp-block-paragraph\">La finance demande du temps.<\/p>\n\n\n\n<p class=\"wp-block-paragraph\">Et ce temps est souvent pris sur la vie personnelle.<\/p>\n\n\n\n<p class=\"wp-block-paragraph\">Issam Ayari le reconna\u00eet lui-m\u00eame : la famille peut parfois devenir celle qui paie le prix de cette double vie professionnelle.<\/p>\n\n\n\n<p class=\"wp-block-paragraph\">Entre les responsabilit\u00e9s professionnelles et les exigences de la cr\u00e9ation artistique, il reste parfois moins de temps pour les proches.<\/p>\n\n\n\n<p class=\"wp-block-paragraph\">Une r\u00e9alit\u00e9 qu\u2019il ne cache pas.<\/p>\n\n\n\n<h2 class=\"wp-block-heading\">Issam Ayari, un parcours hors des cases<\/h2>\n\n\n\n<p class=\"wp-block-paragraph\">Le parcours d\u2019Issam Ayari illustre finalement une id\u00e9e simple : il est possible de ne pas entrer dans une seule case.<\/p>\n\n\n\n<p class=\"wp-block-paragraph\">Form\u00e9 \u00e0 la litt\u00e9rature anglaise, devenu professionnel de la finance, com\u00e9dien, auteur et cr\u00e9ateur de spectacles, il a construit un parcours \u00e0 plusieurs dimensions.<\/p>\n\n\n\n<p class=\"wp-block-paragraph\">Le th\u00e9\u00e2tre lui a donn\u00e9 un espace pour s\u2019exprimer.<\/p>\n\n\n\n<p class=\"wp-block-paragraph\">La finance lui a permis de construire son ind\u00e9pendance.<\/p>\n\n\n\n<p class=\"wp-block-paragraph\">Et l\u2019humour est devenu son langage.<\/p>\n\n\n\n<p class=\"wp-block-paragraph\">Entre la sc\u00e8ne et le monde des affaires, Issam Ayari continue ainsi de d\u00e9fendre une m\u00eame id\u00e9e : ne pas suivre aveugl\u00e9ment les cat\u00e9gories impos\u00e9es et rester libre de cr\u00e9er son propre chemin.<\/p>\n","protected":false},"excerpt":{"rendered":"<p>Com\u00e9dien, auteur et homme de finance, Issam Ayari poss\u00e8de un parcours qui sort clairement des chemins classiques. Entre le th\u00e9\u00e2tre, l\u2019\u00e9criture et le monde financier, il a construit sa carri\u00e8re autour d\u2019une id\u00e9e simple : ne pas se laisser enfermer dans une seule identit\u00e9. \u00ab Je ne sais m\u00eame pas qui je suis \u00bb Depuis [&hellip;]<\/p>\n","protected":false},"author":14,"featured_media":5505,"comment_status":"open","ping_status":"closed","sticky":false,"template":"","format":"standard","meta":{"footnotes":""},"categories":[1,5],"tags":[11641,48,17],"class_list":["post-5504","post","type-post","status-publish","format-standard","has-post-thumbnail","hentry","category-actualites","category-zooming","tag-issam-ayari","tag-magazine","tag-tunisie"],"yoast_head":"<!-- This site is optimized with the Yoast SEO plugin v28.4 - https:\/\/yoast.com\/product\/yoast-seo-wordpress\/ -->\n<title>Issam Ayari : du th\u00e9\u00e2tre \u00e0 la finance, le parcours atypique d\u2019un artiste tunisien - Descartes.tn<\/title>\n<meta name=\"description\" content=\"D\u00e9couvrez le parcours atypique d\u2019Issam Ayari, entre th\u00e9\u00e2tre, com\u00e9die et finance. Un artiste tunisien qui refuse les \u00e9tiquettes et d\u00e9fend la libert\u00e9 de cr\u00e9ation.\" \/>\n<meta name=\"robots\" content=\"index, follow, max-snippet:-1, max-image-preview:large, max-video-preview:-1\" \/>\n<link rel=\"canonical\" href=\"https:\/\/descartes.tn\/index.php\/2026\/09\/01\/issam-ayari-du-theatre-a-la-finance-le-parcours-atypique-dun-artiste-tunisien\/\" \/>\n<meta property=\"og:locale\" content=\"en_US\" \/>\n<meta property=\"og:type\" content=\"article\" \/>\n<meta property=\"og:title\" content=\"Issam Ayari : du th\u00e9\u00e2tre \u00e0 la finance, le parcours atypique d\u2019un artiste tunisien - Descartes.tn\" \/>\n<meta property=\"og:description\" content=\"D\u00e9couvrez le parcours atypique d\u2019Issam Ayari, entre th\u00e9\u00e2tre, com\u00e9die et finance. Un artiste tunisien qui refuse les \u00e9tiquettes et d\u00e9fend la libert\u00e9 de cr\u00e9ation.\" \/>\n<meta property=\"og:url\" content=\"https:\/\/descartes.tn\/index.php\/2026\/09\/01\/issam-ayari-du-theatre-a-la-finance-le-parcours-atypique-dun-artiste-tunisien\/\" \/>\n<meta property=\"og:site_name\" content=\"Descartes.tn\" \/>\n<meta property=\"article:publisher\" content=\"https:\/\/www.facebook.com\/Magdescartes\" \/>\n<meta property=\"article:published_time\" content=\"2026-09-01T12:34:47+00:00\" \/>\n<meta property=\"article:modified_time\" content=\"2026-09-01T12:34:48+00:00\" \/>\n<meta property=\"og:image\" content=\"https:\/\/descartes.tn\/wp-content\/uploads\/2026\/09\/Issam-Ayari-descartes.jpg\" \/>\n\t<meta property=\"og:image:width\" content=\"1200\" \/>\n\t<meta property=\"og:image:height\" content=\"700\" \/>\n\t<meta property=\"og:image:type\" content=\"image\/jpeg\" \/>\n<meta name=\"author\" content=\"DESCARTES MAGAZINE\" \/>\n<meta name=\"twitter:card\" content=\"summary_large_image\" \/>\n<meta name=\"twitter:label1\" content=\"Written by\" \/>\n\t<meta name=\"twitter:data1\" content=\"DESCARTES MAGAZINE\" \/>\n\t<meta name=\"twitter:label2\" content=\"Est. reading time\" \/>\n\t<meta name=\"twitter:data2\" content=\"8 minutes\" \/>\n<script type=\"application\/ld+json\" class=\"yoast-schema-graph\">{\"@context\":\"https:\\\/\\\/schema.org\",\"@graph\":[{\"@type\":\"Article\",\"@id\":\"https:\\\/\\\/descartes.tn\\\/index.php\\\/2026\\\/09\\\/01\\\/issam-ayari-du-theatre-a-la-finance-le-parcours-atypique-dun-artiste-tunisien\\\/#article\",\"isPartOf\":{\"@id\":\"https:\\\/\\\/descartes.tn\\\/index.php\\\/2026\\\/09\\\/01\\\/issam-ayari-du-theatre-a-la-finance-le-parcours-atypique-dun-artiste-tunisien\\\/\"},\"author\":{\"name\":\"DESCARTES MAGAZINE\",\"@id\":\"https:\\\/\\\/descartes.tn\\\/#\\\/schema\\\/person\\\/31dffce4b9b2b219129e811e0609cee0\"},\"headline\":\"Issam Ayari : du th\u00e9\u00e2tre \u00e0 la finance, le parcours atypique d\u2019un artiste tunisien\",\"datePublished\":\"2026-09-01T12:34:47+00:00\",\"dateModified\":\"2026-09-01T12:34:48+00:00\",\"mainEntityOfPage\":{\"@id\":\"https:\\\/\\\/descartes.tn\\\/index.php\\\/2026\\\/09\\\/01\\\/issam-ayari-du-theatre-a-la-finance-le-parcours-atypique-dun-artiste-tunisien\\\/\"},\"wordCount\":1811,\"commentCount\":0,\"publisher\":{\"@id\":\"https:\\\/\\\/descartes.tn\\\/#organization\"},\"image\":{\"@id\":\"https:\\\/\\\/descartes.tn\\\/index.php\\\/2026\\\/09\\\/01\\\/issam-ayari-du-theatre-a-la-finance-le-parcours-atypique-dun-artiste-tunisien\\\/#primaryimage\"},\"thumbnailUrl\":\"https:\\\/\\\/descartes.tn\\\/wp-content\\\/uploads\\\/2026\\\/09\\\/Issam-Ayari-descartes.jpg\",\"keywords\":[\"issam ayari\",\"magazine\",\"tunisie\"],\"articleSection\":[\"Actualit\u00e9s\",\"Zooming\"],\"inLanguage\":\"en-US\",\"potentialAction\":[{\"@type\":\"CommentAction\",\"name\":\"Comment\",\"target\":[\"https:\\\/\\\/descartes.tn\\\/index.php\\\/2026\\\/09\\\/01\\\/issam-ayari-du-theatre-a-la-finance-le-parcours-atypique-dun-artiste-tunisien\\\/#respond\"]}]},{\"@type\":\"WebPage\",\"@id\":\"https:\\\/\\\/descartes.tn\\\/index.php\\\/2026\\\/09\\\/01\\\/issam-ayari-du-theatre-a-la-finance-le-parcours-atypique-dun-artiste-tunisien\\\/\",\"url\":\"https:\\\/\\\/descartes.tn\\\/index.php\\\/2026\\\/09\\\/01\\\/issam-ayari-du-theatre-a-la-finance-le-parcours-atypique-dun-artiste-tunisien\\\/\",\"name\":\"Issam Ayari : du th\u00e9\u00e2tre \u00e0 la finance, le parcours atypique d\u2019un artiste tunisien - Descartes.tn\",\"isPartOf\":{\"@id\":\"https:\\\/\\\/descartes.tn\\\/#website\"},\"primaryImageOfPage\":{\"@id\":\"https:\\\/\\\/descartes.tn\\\/index.php\\\/2026\\\/09\\\/01\\\/issam-ayari-du-theatre-a-la-finance-le-parcours-atypique-dun-artiste-tunisien\\\/#primaryimage\"},\"image\":{\"@id\":\"https:\\\/\\\/descartes.tn\\\/index.php\\\/2026\\\/09\\\/01\\\/issam-ayari-du-theatre-a-la-finance-le-parcours-atypique-dun-artiste-tunisien\\\/#primaryimage\"},\"thumbnailUrl\":\"https:\\\/\\\/descartes.tn\\\/wp-content\\\/uploads\\\/2026\\\/09\\\/Issam-Ayari-descartes.jpg\",\"datePublished\":\"2026-09-01T12:34:47+00:00\",\"dateModified\":\"2026-09-01T12:34:48+00:00\",\"description\":\"D\u00e9couvrez le parcours atypique d\u2019Issam Ayari, entre th\u00e9\u00e2tre, com\u00e9die et finance. Un artiste tunisien qui refuse les \u00e9tiquettes et d\u00e9fend la libert\u00e9 de cr\u00e9ation.\",\"breadcrumb\":{\"@id\":\"https:\\\/\\\/descartes.tn\\\/index.php\\\/2026\\\/09\\\/01\\\/issam-ayari-du-theatre-a-la-finance-le-parcours-atypique-dun-artiste-tunisien\\\/#breadcrumb\"},\"inLanguage\":\"en-US\",\"potentialAction\":[{\"@type\":\"ReadAction\",\"target\":[\"https:\\\/\\\/descartes.tn\\\/index.php\\\/2026\\\/09\\\/01\\\/issam-ayari-du-theatre-a-la-finance-le-parcours-atypique-dun-artiste-tunisien\\\/\"]}]},{\"@type\":\"ImageObject\",\"inLanguage\":\"en-US\",\"@id\":\"https:\\\/\\\/descartes.tn\\\/index.php\\\/2026\\\/09\\\/01\\\/issam-ayari-du-theatre-a-la-finance-le-parcours-atypique-dun-artiste-tunisien\\\/#primaryimage\",\"url\":\"https:\\\/\\\/descartes.tn\\\/wp-content\\\/uploads\\\/2026\\\/09\\\/Issam-Ayari-descartes.jpg\",\"contentUrl\":\"https:\\\/\\\/descartes.tn\\\/wp-content\\\/uploads\\\/2026\\\/09\\\/Issam-Ayari-descartes.jpg\",\"width\":1200,\"height\":700,\"caption\":\"Issam Ayari descartes\"},{\"@type\":\"BreadcrumbList\",\"@id\":\"https:\\\/\\\/descartes.tn\\\/index.php\\\/2026\\\/09\\\/01\\\/issam-ayari-du-theatre-a-la-finance-le-parcours-atypique-dun-artiste-tunisien\\\/#breadcrumb\",\"itemListElement\":[{\"@type\":\"ListItem\",\"position\":1,\"name\":\"Home\",\"item\":\"https:\\\/\\\/descartes.tn\\\/\"},{\"@type\":\"ListItem\",\"position\":2,\"name\":\"Issam Ayari : du th\u00e9\u00e2tre \u00e0 la finance, le parcours atypique d\u2019un artiste tunisien\"}]},{\"@type\":\"WebSite\",\"@id\":\"https:\\\/\\\/descartes.tn\\\/#website\",\"url\":\"https:\\\/\\\/descartes.tn\\\/\",\"name\":\"Descartes.tn\",\"description\":\"\",\"publisher\":{\"@id\":\"https:\\\/\\\/descartes.tn\\\/#organization\"},\"potentialAction\":[{\"@type\":\"SearchAction\",\"target\":{\"@type\":\"EntryPoint\",\"urlTemplate\":\"https:\\\/\\\/descartes.tn\\\/?s={search_term_string}\"},\"query-input\":{\"@type\":\"PropertyValueSpecification\",\"valueRequired\":true,\"valueName\":\"search_term_string\"}}],\"inLanguage\":\"en-US\"},{\"@type\":\"Organization\",\"@id\":\"https:\\\/\\\/descartes.tn\\\/#organization\",\"name\":\"Descartes.tn\",\"url\":\"https:\\\/\\\/descartes.tn\\\/\",\"logo\":{\"@type\":\"ImageObject\",\"inLanguage\":\"en-US\",\"@id\":\"https:\\\/\\\/descartes.tn\\\/#\\\/schema\\\/logo\\\/image\\\/\",\"url\":\"https:\\\/\\\/descartes.tn\\\/wp-content\\\/uploads\\\/2025\\\/10\\\/cropped-Fichier-1-1.png\",\"contentUrl\":\"https:\\\/\\\/descartes.tn\\\/wp-content\\\/uploads\\\/2025\\\/10\\\/cropped-Fichier-1-1.png\",\"width\":136,\"height\":19,\"caption\":\"Descartes.tn\"},\"image\":{\"@id\":\"https:\\\/\\\/descartes.tn\\\/#\\\/schema\\\/logo\\\/image\\\/\"},\"sameAs\":[\"https:\\\/\\\/www.facebook.com\\\/Magdescartes\",\"https:\\\/\\\/www.instagram.com\\\/descartes.magazine\\\/\"]},{\"@type\":\"Person\",\"@id\":\"https:\\\/\\\/descartes.tn\\\/#\\\/schema\\\/person\\\/31dffce4b9b2b219129e811e0609cee0\",\"name\":\"DESCARTES MAGAZINE\",\"image\":{\"@type\":\"ImageObject\",\"inLanguage\":\"en-US\",\"@id\":\"https:\\\/\\\/secure.gravatar.com\\\/avatar\\\/76c41eca4f7ca99bc39440de071d79e91340c9f41c0d66fa26309342a4221305?s=96&d=mm&r=g\",\"url\":\"https:\\\/\\\/secure.gravatar.com\\\/avatar\\\/76c41eca4f7ca99bc39440de071d79e91340c9f41c0d66fa26309342a4221305?s=96&d=mm&r=g\",\"contentUrl\":\"https:\\\/\\\/secure.gravatar.com\\\/avatar\\\/76c41eca4f7ca99bc39440de071d79e91340c9f41c0d66fa26309342a4221305?s=96&d=mm&r=g\",\"caption\":\"DESCARTES MAGAZINE\"},\"sameAs\":[\"http:\\\/\\\/www.descartes.tn\"],\"url\":\"https:\\\/\\\/descartes.tn\\\/index.php\\\/author\\\/descartes\\\/\"}]}<\/script>\n<!-- \/ Yoast SEO plugin. -->","yoast_head_json":{"title":"Issam Ayari : du th\u00e9\u00e2tre \u00e0 la finance, le parcours atypique d\u2019un artiste tunisien - Descartes.tn","description":"D\u00e9couvrez le parcours atypique d\u2019Issam Ayari, entre th\u00e9\u00e2tre, com\u00e9die et finance. Un artiste tunisien qui refuse les \u00e9tiquettes et d\u00e9fend la libert\u00e9 de cr\u00e9ation.","robots":{"index":"index","follow":"follow","max-snippet":"max-snippet:-1","max-image-preview":"max-image-preview:large","max-video-preview":"max-video-preview:-1"},"canonical":"https:\/\/descartes.tn\/index.php\/2026\/09\/01\/issam-ayari-du-theatre-a-la-finance-le-parcours-atypique-dun-artiste-tunisien\/","og_locale":"en_US","og_type":"article","og_title":"Issam Ayari : du th\u00e9\u00e2tre \u00e0 la finance, le parcours atypique d\u2019un artiste tunisien - Descartes.tn","og_description":"D\u00e9couvrez le parcours atypique d\u2019Issam Ayari, entre th\u00e9\u00e2tre, com\u00e9die et finance. Un artiste tunisien qui refuse les \u00e9tiquettes et d\u00e9fend la libert\u00e9 de cr\u00e9ation.","og_url":"https:\/\/descartes.tn\/index.php\/2026\/09\/01\/issam-ayari-du-theatre-a-la-finance-le-parcours-atypique-dun-artiste-tunisien\/","og_site_name":"Descartes.tn","article_publisher":"https:\/\/www.facebook.com\/Magdescartes","article_published_time":"2026-09-01T12:34:47+00:00","article_modified_time":"2026-09-01T12:34:48+00:00","og_image":[{"width":1200,"height":700,"url":"https:\/\/descartes.tn\/wp-content\/uploads\/2026\/09\/Issam-Ayari-descartes.jpg","type":"image\/jpeg"}],"author":"DESCARTES MAGAZINE","twitter_card":"summary_large_image","twitter_misc":{"Written by":"DESCARTES MAGAZINE","Est. reading time":"8 minutes"},"schema":{"@context":"https:\/\/schema.org","@graph":[{"@type":"Article","@id":"https:\/\/descartes.tn\/index.php\/2026\/09\/01\/issam-ayari-du-theatre-a-la-finance-le-parcours-atypique-dun-artiste-tunisien\/#article","isPartOf":{"@id":"https:\/\/descartes.tn\/index.php\/2026\/09\/01\/issam-ayari-du-theatre-a-la-finance-le-parcours-atypique-dun-artiste-tunisien\/"},"author":{"name":"DESCARTES MAGAZINE","@id":"https:\/\/descartes.tn\/#\/schema\/person\/31dffce4b9b2b219129e811e0609cee0"},"headline":"Issam Ayari : du th\u00e9\u00e2tre \u00e0 la finance, le parcours atypique d\u2019un artiste tunisien","datePublished":"2026-09-01T12:34:47+00:00","dateModified":"2026-09-01T12:34:48+00:00","mainEntityOfPage":{"@id":"https:\/\/descartes.tn\/index.php\/2026\/09\/01\/issam-ayari-du-theatre-a-la-finance-le-parcours-atypique-dun-artiste-tunisien\/"},"wordCount":1811,"commentCount":0,"publisher":{"@id":"https:\/\/descartes.tn\/#organization"},"image":{"@id":"https:\/\/descartes.tn\/index.php\/2026\/09\/01\/issam-ayari-du-theatre-a-la-finance-le-parcours-atypique-dun-artiste-tunisien\/#primaryimage"},"thumbnailUrl":"https:\/\/descartes.tn\/wp-content\/uploads\/2026\/09\/Issam-Ayari-descartes.jpg","keywords":["issam ayari","magazine","tunisie"],"articleSection":["Actualit\u00e9s","Zooming"],"inLanguage":"en-US","potentialAction":[{"@type":"CommentAction","name":"Comment","target":["https:\/\/descartes.tn\/index.php\/2026\/09\/01\/issam-ayari-du-theatre-a-la-finance-le-parcours-atypique-dun-artiste-tunisien\/#respond"]}]},{"@type":"WebPage","@id":"https:\/\/descartes.tn\/index.php\/2026\/09\/01\/issam-ayari-du-theatre-a-la-finance-le-parcours-atypique-dun-artiste-tunisien\/","url":"https:\/\/descartes.tn\/index.php\/2026\/09\/01\/issam-ayari-du-theatre-a-la-finance-le-parcours-atypique-dun-artiste-tunisien\/","name":"Issam Ayari : du th\u00e9\u00e2tre \u00e0 la finance, le parcours atypique d\u2019un artiste tunisien - Descartes.tn","isPartOf":{"@id":"https:\/\/descartes.tn\/#website"},"primaryImageOfPage":{"@id":"https:\/\/descartes.tn\/index.php\/2026\/09\/01\/issam-ayari-du-theatre-a-la-finance-le-parcours-atypique-dun-artiste-tunisien\/#primaryimage"},"image":{"@id":"https:\/\/descartes.tn\/index.php\/2026\/09\/01\/issam-ayari-du-theatre-a-la-finance-le-parcours-atypique-dun-artiste-tunisien\/#primaryimage"},"thumbnailUrl":"https:\/\/descartes.tn\/wp-content\/uploads\/2026\/09\/Issam-Ayari-descartes.jpg","datePublished":"2026-09-01T12:34:47+00:00","dateModified":"2026-09-01T12:34:48+00:00","description":"D\u00e9couvrez le parcours atypique d\u2019Issam Ayari, entre th\u00e9\u00e2tre, com\u00e9die et finance. Un artiste tunisien qui refuse les \u00e9tiquettes et d\u00e9fend la libert\u00e9 de cr\u00e9ation.","breadcrumb":{"@id":"https:\/\/descartes.tn\/index.php\/2026\/09\/01\/issam-ayari-du-theatre-a-la-finance-le-parcours-atypique-dun-artiste-tunisien\/#breadcrumb"},"inLanguage":"en-US","potentialAction":[{"@type":"ReadAction","target":["https:\/\/descartes.tn\/index.php\/2026\/09\/01\/issam-ayari-du-theatre-a-la-finance-le-parcours-atypique-dun-artiste-tunisien\/"]}]},{"@type":"ImageObject","inLanguage":"en-US","@id":"https:\/\/descartes.tn\/index.php\/2026\/09\/01\/issam-ayari-du-theatre-a-la-finance-le-parcours-atypique-dun-artiste-tunisien\/#primaryimage","url":"https:\/\/descartes.tn\/wp-content\/uploads\/2026\/09\/Issam-Ayari-descartes.jpg","contentUrl":"https:\/\/descartes.tn\/wp-content\/uploads\/2026\/09\/Issam-Ayari-descartes.jpg","width":1200,"height":700,"caption":"Issam Ayari descartes"},{"@type":"BreadcrumbList","@id":"https:\/\/descartes.tn\/index.php\/2026\/09\/01\/issam-ayari-du-theatre-a-la-finance-le-parcours-atypique-dun-artiste-tunisien\/#breadcrumb","itemListElement":[{"@type":"ListItem","position":1,"name":"Home","item":"https:\/\/descartes.tn\/"},{"@type":"ListItem","position":2,"name":"Issam Ayari : du th\u00e9\u00e2tre \u00e0 la finance, le parcours atypique d\u2019un artiste tunisien"}]},{"@type":"WebSite","@id":"https:\/\/descartes.tn\/#website","url":"https:\/\/descartes.tn\/","name":"Descartes.tn","description":"","publisher":{"@id":"https:\/\/descartes.tn\/#organization"},"potentialAction":[{"@type":"SearchAction","target":{"@type":"EntryPoint","urlTemplate":"https:\/\/descartes.tn\/?s={search_term_string}"},"query-input":{"@type":"PropertyValueSpecification","valueRequired":true,"valueName":"search_term_string"}}],"inLanguage":"en-US"},{"@type":"Organization","@id":"https:\/\/descartes.tn\/#organization","name":"Descartes.tn","url":"https:\/\/descartes.tn\/","logo":{"@type":"ImageObject","inLanguage":"en-US","@id":"https:\/\/descartes.tn\/#\/schema\/logo\/image\/","url":"https:\/\/descartes.tn\/wp-content\/uploads\/2025\/10\/cropped-Fichier-1-1.png","contentUrl":"https:\/\/descartes.tn\/wp-content\/uploads\/2025\/10\/cropped-Fichier-1-1.png","width":136,"height":19,"caption":"Descartes.tn"},"image":{"@id":"https:\/\/descartes.tn\/#\/schema\/logo\/image\/"},"sameAs":["https:\/\/www.facebook.com\/Magdescartes","https:\/\/www.instagram.com\/descartes.magazine\/"]},{"@type":"Person","@id":"https:\/\/descartes.tn\/#\/schema\/person\/31dffce4b9b2b219129e811e0609cee0","name":"DESCARTES MAGAZINE","image":{"@type":"ImageObject","inLanguage":"en-US","@id":"https:\/\/secure.gravatar.com\/avatar\/76c41eca4f7ca99bc39440de071d79e91340c9f41c0d66fa26309342a4221305?s=96&d=mm&r=g","url":"https:\/\/secure.gravatar.com\/avatar\/76c41eca4f7ca99bc39440de071d79e91340c9f41c0d66fa26309342a4221305?s=96&d=mm&r=g","contentUrl":"https:\/\/secure.gravatar.com\/avatar\/76c41eca4f7ca99bc39440de071d79e91340c9f41c0d66fa26309342a4221305?s=96&d=mm&r=g","caption":"DESCARTES MAGAZINE"},"sameAs":["http:\/\/www.descartes.tn"],"url":"https:\/\/descartes.tn\/index.php\/author\/descartes\/"}]}},"_links":{"self":[{"href":"https:\/\/descartes.tn\/index.php\/wp-json\/wp\/v2\/posts\/5504","targetHints":{"allow":["GET"]}}],"collection":[{"href":"https:\/\/descartes.tn\/index.php\/wp-json\/wp\/v2\/posts"}],"about":[{"href":"https:\/\/descartes.tn\/index.php\/wp-json\/wp\/v2\/types\/post"}],"author":[{"embeddable":true,"href":"https:\/\/descartes.tn\/index.php\/wp-json\/wp\/v2\/users\/14"}],"replies":[{"embeddable":true,"href":"https:\/\/descartes.tn\/index.php\/wp-json\/wp\/v2\/comments?post=5504"}],"version-history":[{"count":1,"href":"https:\/\/descartes.tn\/index.php\/wp-json\/wp\/v2\/posts\/5504\/revisions"}],"predecessor-version":[{"id":5506,"href":"https:\/\/descartes.tn\/index.php\/wp-json\/wp\/v2\/posts\/5504\/revisions\/5506"}],"wp:featuredmedia":[{"embeddable":true,"href":"https:\/\/descartes.tn\/index.php\/wp-json\/wp\/v2\/media\/5505"}],"wp:attachment":[{"href":"https:\/\/descartes.tn\/index.php\/wp-json\/wp\/v2\/media?parent=5504"}],"wp:term":[{"taxonomy":"category","embeddable":true,"href":"https:\/\/descartes.tn\/index.php\/wp-json\/wp\/v2\/categories?post=5504"},{"taxonomy":"post_tag","embeddable":true,"href":"https:\/\/descartes.tn\/index.php\/wp-json\/wp\/v2\/tags?post=5504"}],"curies":[{"name":"wp","href":"https:\/\/api.w.org\/{rel}","templated":true}]}}