{"id":4495,"date":"2026-04-30T17:27:14","date_gmt":"2026-04-30T16:27:14","guid":{"rendered":"https:\/\/descartes.tn\/?p=4495"},"modified":"2026-04-30T17:27:15","modified_gmt":"2026-04-30T16:27:15","slug":"samsung-recoit-de-nouvelles-certifications-tuv-rheinland-pour-les-produits-2026-micro-rgb-oled-mini-led-les-barres-de-son-et-autres","status":"publish","type":"post","link":"https:\/\/descartes.tn\/index.php\/2026\/04\/30\/samsung-recoit-de-nouvelles-certifications-tuv-rheinland-pour-les-produits-2026-micro-rgb-oled-mini-led-les-barres-de-son-et-autres\/","title":{"rendered":"Samsung re\u00e7oit de nouvelles certifications T\u00dcV Rheinland pour les produits 2026 Micro RGB, OLED, Mini LED, les barres de son et autres"},"content":{"rendered":"\n<p><strong><em>Les certifications \u00e9tendues renforcent la valeur \u00e9cologique de la gamme haut de gamme de Samsung tout en faisant progresser ses efforts en mati\u00e8re de d\u00e9veloppement durable dans plusieurs cat\u00e9gories de produits<\/em><\/strong><\/p>\n\n\n\n<figure class=\"wp-block-image size-large\"><img loading=\"lazy\" decoding=\"async\" width=\"1024\" height=\"724\" src=\"https:\/\/descartes.tn\/wp-content\/uploads\/2026\/04\/LS03HW-without-Text-1024x724.jpg\" alt=\"\" class=\"wp-image-4497\" srcset=\"https:\/\/descartes.tn\/wp-content\/uploads\/2026\/04\/LS03HW-without-Text-1024x724.jpg 1024w, https:\/\/descartes.tn\/wp-content\/uploads\/2026\/04\/LS03HW-without-Text-300x212.jpg 300w, https:\/\/descartes.tn\/wp-content\/uploads\/2026\/04\/LS03HW-without-Text-768x543.jpg 768w, https:\/\/descartes.tn\/wp-content\/uploads\/2026\/04\/LS03HW-without-Text-1536x1086.jpg 1536w, https:\/\/descartes.tn\/wp-content\/uploads\/2026\/04\/LS03HW-without-Text-2048x1448.jpg 2048w\" sizes=\"auto, (max-width: 1024px) 100vw, 1024px\" \/><\/figure>\n\n\n\n<p>Samsung Electronics Co., Ltd. a annonc\u00e9 que 34 mod\u00e8les de sa gamme 2026 de TV et de barres de son ont re\u00e7u les certifications Product Carbon Reduction et Product Carbon Footprint de T\u00dcV Rheinland, un organisme de certification mondialement reconnu bas\u00e9 en Allemagne.<\/p>\n\n\n\n<p>\u00ab&nbsp;En tant que leader mondial dans le domaine des \u00e9crans et de l\u2019audio haut de gamme, Samsung consid\u00e8re le d\u00e9veloppement durable comme un \u00e9l\u00e9ment essentiel de l\u2019innovation&nbsp;\u00bb a d\u00e9clar\u00e9 Taeyong Son, vice-pr\u00e9sident ex\u00e9cutif du Visual Display (VD) Business chez Samsung Electronics. \u00ab&nbsp;Nous restons d\u00e9termin\u00e9s \u00e0 r\u00e9duire les \u00e9missions de carbone de tous nos produits, afin que les consommateurs n\u2019aient pas \u00e0 choisir entre une technologie de pointe et une exp\u00e9rience plus responsable.&nbsp;\u00bb<\/p>\n\n\n\n<p>Samsung a re\u00e7u la certification Product Carbon Reduction pour 14&nbsp;mod\u00e8les d\u2019affichage et audio haut de gamme, dont ses TV OLED 2026, The Frame Pro et sa barre de son phare HW-Q990H.<a href=\"#_ftn1\" id=\"_ftnref1\">[1]<\/a>Vingt autres produits, dont les TV Micro RGB et Mini LED, ont obtenu la certification Product Carbon Footprint.<a href=\"#_ftn2\" id=\"_ftnref2\">[2]<\/a><\/p>\n\n\n\n<p>Le T\u00dcV Rheinland accorde la certification Product Carbon Footprint aux produits qui r\u00e9pondent aux normes internationales d\u2019\u00e9valuation des \u00e9missions de gaz \u00e0 effet de serre sur l\u2019ensemble du cycle de vie du produit, y compris la fabrication, le transport, l\u2019utilisation et l\u2019\u00e9limination.<\/p>\n\n\n\n<p>La certification \u00ab\u202fProduct Carbon Reduction\u202f\u00bb, quant \u00e0 elle, est accord\u00e9e aux produits qui ont d\u00e9j\u00e0 re\u00e7u la certification \u00ab\u202fProduct Carbon Footprint\u202f\u00bb et qui d\u00e9montrent une r\u00e9duction mesurable des \u00e9missions de carbone par rapport \u00e0 leurs pr\u00e9d\u00e9cesseurs. Le soundbar HW-Q990H a notamment obtenu les deux certifications, \u00e9tendant ainsi les efforts de Samsung en mati\u00e8re de d\u00e9veloppement durable au-del\u00e0 des TV.<\/p>\n\n\n\n<p>En 2021, le Neo QLED est devenu le premier t\u00e9l\u00e9viseur Samsung d\u2019une r\u00e9solution 4K ou sup\u00e9rieure \u00e0 obtenir la certification Product Carbon Reduction. Au cours des six ann\u00e9es qui ont suivi, l\u2019entreprise a continu\u00e9 \u00e0 d\u00e9velopper son portefeuille de produits certifi\u00e9s pour les TV QLED, OLED et Lifestyle, les moniteurs et la signal\u00e9tique.<\/p>\n\n\n\n<p>Ces efforts refl\u00e8tent \u00e9galement le leadership plus large de Samsung dans les cat\u00e9gories d\u2019\u00e9crans et de produits audio haut de gamme, o\u00f9 la soci\u00e9t\u00e9 domine le march\u00e9 mondial des TV depuis 20&nbsp;ans<a href=\"#_ftn3\" id=\"_ftnref3\">[3]<\/a>&nbsp;et est rest\u00e9e la premi\u00e8re marque mondiale de barres de son pendant 12&nbsp;ans.<a href=\"#_ftn4\" id=\"_ftnref4\">[4]<\/a><\/p>\n\n\n\n<p>Pour plus d\u2019informations sur la gamme de TV Samsung, veuillez consulter&nbsp;<a href=\"http:\/\/www.samsung.com\/be_fr\" target=\"_blank\" rel=\"noreferrer noopener\">www.samsung.com<\/a>.<\/p>\n\n\n\n<hr class=\"wp-block-separator has-alpha-channel-opacity\"\/>\n\n\n\n<p><a href=\"#_ftnref1\" id=\"_ftn1\">[1]<\/a>14&nbsp;mod\u00e8les certifi\u00e9s pour la r\u00e9duction des \u00e9missions de carbone incluent OLED (S90H, S85H&nbsp;55\u2019\u2019, 65\u2019\u2019, 77\u2019\u2019, 83\u2019\u2019), The Frame Pro (LS03HW&nbsp;65\u201d, 75\u201d, 85\u201d) et une barre de son (mod\u00e8le HW-Q990H).<\/p>\n\n\n\n<p><a href=\"#_ftnref2\" id=\"_ftn2\">[2]<\/a>20 Les mod\u00e8les certifi\u00e9s pour l\u2019empreinte carbone comprennent Micro RGB (R95H 65\u201d, 75\u201d, 85\u201d, R85H 55\u2033, 65\u2033, 75\u2033, 85\u2033, 100\u201d), OLED (S95H 55\u201d, 65\u201d, 77\u201d, 83\u201d, S85H 48\u201d), Mini LED (M70H) et The Frame Pro (LS03HW 55\u201d).<\/p>\n\n\n\n<p><a href=\"#_ftnref3\" id=\"_ftn3\">[3]<\/a>Omdia Q4 2025 Public Display Report, par unit\u00e9 vendue.<\/p>\n\n\n\n<p><a href=\"#_ftnref4\" id=\"_ftn4\">[4]<\/a>FutureSource Consulting, 2025.<\/p>\n","protected":false},"excerpt":{"rendered":"<p>Les certifications \u00e9tendues renforcent la valeur \u00e9cologique de la gamme haut de gamme de Samsung tout en faisant progresser ses efforts en mati\u00e8re de d\u00e9veloppement durable dans plusieurs cat\u00e9gories de produits Samsung Electronics Co., Ltd. a annonc\u00e9 que 34 mod\u00e8les de sa gamme 2026 de TV et de barres de son ont re\u00e7u les certifications [&hellip;]<\/p>\n","protected":false},"author":1,"featured_media":4497,"comment_status":"open","ping_status":"closed","sticky":false,"template":"","format":"standard","meta":{"footnotes":""},"categories":[1,8],"tags":[10167,10170,4861,10181,10176,10172,3507,10186,10166,10184,10180,10171,10178],"class_list":["post-4495","post","type-post","status-publish","format-standard","has-post-thumbnail","hentry","category-actualites","category-entreprises","tag-barres-de-son-samsung","tag-certification-carbone","tag-developpement-durable","tag-hw-q990h","tag-product-carbon-footprint","tag-product-carbon-reduction","tag-samsung","tag-samsung-electronics","tag-samsung-tv-2026","tag-technologie-verte","tag-the-frame-pro","tag-tuv-rheinland","tag-tv-oled-samsung"],"yoast_head":"<!-- This site is optimized with the Yoast SEO plugin v27.5 - https:\/\/yoast.com\/product\/yoast-seo-wordpress\/ -->\n<title>Samsung re\u00e7oit de nouvelles certifications T\u00dcV Rheinland pour les produits 2026 Micro RGB, OLED, Mini LED, les barres de son et autres - DESCARTES MAGAZINE<\/title>\n<meta name=\"description\" content=\"Samsung annonce que 34 mod\u00e8les TV et barres de son 2026 obtiennent les certifications carbone T\u00dcV Rheinland, renfor\u00e7ant ses engagements durables.\" \/>\n<meta name=\"robots\" content=\"index, follow, max-snippet:-1, max-image-preview:large, max-video-preview:-1\" \/>\n<link rel=\"canonical\" href=\"https:\/\/descartes.tn\/index.php\/2026\/04\/30\/samsung-recoit-de-nouvelles-certifications-tuv-rheinland-pour-les-produits-2026-micro-rgb-oled-mini-led-les-barres-de-son-et-autres\/\" \/>\n<meta property=\"og:locale\" content=\"en_US\" \/>\n<meta property=\"og:type\" content=\"article\" \/>\n<meta property=\"og:title\" content=\"Samsung re\u00e7oit de nouvelles certifications T\u00dcV Rheinland pour les produits 2026 Micro RGB, OLED, Mini LED, les barres de son et autres\" \/>\n<meta property=\"og:description\" content=\"Samsung annonce que 34 mod\u00e8les TV et barres de son 2026 obtiennent les certifications carbone T\u00dcV Rheinland, renfor\u00e7ant ses engagements durables.\" \/>\n<meta property=\"og:url\" content=\"https:\/\/descartes.tn\/index.php\/2026\/04\/30\/samsung-recoit-de-nouvelles-certifications-tuv-rheinland-pour-les-produits-2026-micro-rgb-oled-mini-led-les-barres-de-son-et-autres\/\" \/>\n<meta property=\"og:site_name\" content=\"DESCARTES MAGAZINE\" \/>\n<meta property=\"article:publisher\" content=\"https:\/\/www.facebook.com\/Magdescartes\" \/>\n<meta property=\"article:published_time\" content=\"2026-04-30T16:27:14+00:00\" \/>\n<meta property=\"article:modified_time\" content=\"2026-04-30T16:27:15+00:00\" \/>\n<meta property=\"og:image\" content=\"https:\/\/descartes.tn\/wp-content\/uploads\/2026\/04\/LS03HW-without-Text-scaled.jpg\" \/>\n\t<meta property=\"og:image:width\" content=\"2560\" \/>\n\t<meta property=\"og:image:height\" content=\"1810\" \/>\n\t<meta property=\"og:image:type\" content=\"image\/jpeg\" \/>\n<meta name=\"author\" content=\"admin\" \/>\n<meta name=\"twitter:card\" content=\"summary_large_image\" \/>\n<meta name=\"twitter:label1\" content=\"Written by\" \/>\n\t<meta name=\"twitter:data1\" content=\"admin\" \/>\n\t<meta name=\"twitter:label2\" content=\"Est. reading time\" \/>\n\t<meta name=\"twitter:data2\" content=\"3 minutes\" \/>\n<script type=\"application\/ld+json\" class=\"yoast-schema-graph\">{\"@context\":\"https:\\\/\\\/schema.org\",\"@graph\":[{\"@type\":\"Article\",\"@id\":\"https:\\\/\\\/descartes.tn\\\/index.php\\\/2026\\\/04\\\/30\\\/samsung-recoit-de-nouvelles-certifications-tuv-rheinland-pour-les-produits-2026-micro-rgb-oled-mini-led-les-barres-de-son-et-autres\\\/#article\",\"isPartOf\":{\"@id\":\"https:\\\/\\\/descartes.tn\\\/index.php\\\/2026\\\/04\\\/30\\\/samsung-recoit-de-nouvelles-certifications-tuv-rheinland-pour-les-produits-2026-micro-rgb-oled-mini-led-les-barres-de-son-et-autres\\\/\"},\"author\":{\"name\":\"admin\",\"@id\":\"https:\\\/\\\/descartes.tn\\\/#\\\/schema\\\/person\\\/9fd67540eb53221af50a61878b6721ae\"},\"headline\":\"Samsung re\u00e7oit de nouvelles certifications T\u00dcV Rheinland pour les produits 2026 Micro RGB, OLED, Mini LED, les barres de son et autres\",\"datePublished\":\"2026-04-30T16:27:14+00:00\",\"dateModified\":\"2026-04-30T16:27:15+00:00\",\"mainEntityOfPage\":{\"@id\":\"https:\\\/\\\/descartes.tn\\\/index.php\\\/2026\\\/04\\\/30\\\/samsung-recoit-de-nouvelles-certifications-tuv-rheinland-pour-les-produits-2026-micro-rgb-oled-mini-led-les-barres-de-son-et-autres\\\/\"},\"wordCount\":561,\"commentCount\":0,\"publisher\":{\"@id\":\"https:\\\/\\\/descartes.tn\\\/#organization\"},\"image\":{\"@id\":\"https:\\\/\\\/descartes.tn\\\/index.php\\\/2026\\\/04\\\/30\\\/samsung-recoit-de-nouvelles-certifications-tuv-rheinland-pour-les-produits-2026-micro-rgb-oled-mini-led-les-barres-de-son-et-autres\\\/#primaryimage\"},\"thumbnailUrl\":\"https:\\\/\\\/descartes.tn\\\/wp-content\\\/uploads\\\/2026\\\/04\\\/LS03HW-without-Text-scaled.jpg\",\"keywords\":[\"barres de son Samsung\",\"certification carbone\",\"d\u00e9veloppement durable\",\"HW-Q990H\",\"Product Carbon Footprint\",\"Product Carbon Reduction\",\"Samsung\",\"Samsung Electronics\",\"Samsung TV 2026\",\"technologie verte\",\"The Frame Pro\",\"T\u00dcV Rheinland\",\"TV OLED Samsung\"],\"articleSection\":[\"Actualit\u00e9s\",\"Entreprises\"],\"inLanguage\":\"en-US\",\"potentialAction\":[{\"@type\":\"CommentAction\",\"name\":\"Comment\",\"target\":[\"https:\\\/\\\/descartes.tn\\\/index.php\\\/2026\\\/04\\\/30\\\/samsung-recoit-de-nouvelles-certifications-tuv-rheinland-pour-les-produits-2026-micro-rgb-oled-mini-led-les-barres-de-son-et-autres\\\/#respond\"]}]},{\"@type\":\"WebPage\",\"@id\":\"https:\\\/\\\/descartes.tn\\\/index.php\\\/2026\\\/04\\\/30\\\/samsung-recoit-de-nouvelles-certifications-tuv-rheinland-pour-les-produits-2026-micro-rgb-oled-mini-led-les-barres-de-son-et-autres\\\/\",\"url\":\"https:\\\/\\\/descartes.tn\\\/index.php\\\/2026\\\/04\\\/30\\\/samsung-recoit-de-nouvelles-certifications-tuv-rheinland-pour-les-produits-2026-micro-rgb-oled-mini-led-les-barres-de-son-et-autres\\\/\",\"name\":\"Samsung re\u00e7oit de nouvelles certifications T\u00dcV Rheinland pour les produits 2026 Micro RGB, OLED, Mini LED, les barres de son et autres - DESCARTES MAGAZINE\",\"isPartOf\":{\"@id\":\"https:\\\/\\\/descartes.tn\\\/#website\"},\"primaryImageOfPage\":{\"@id\":\"https:\\\/\\\/descartes.tn\\\/index.php\\\/2026\\\/04\\\/30\\\/samsung-recoit-de-nouvelles-certifications-tuv-rheinland-pour-les-produits-2026-micro-rgb-oled-mini-led-les-barres-de-son-et-autres\\\/#primaryimage\"},\"image\":{\"@id\":\"https:\\\/\\\/descartes.tn\\\/index.php\\\/2026\\\/04\\\/30\\\/samsung-recoit-de-nouvelles-certifications-tuv-rheinland-pour-les-produits-2026-micro-rgb-oled-mini-led-les-barres-de-son-et-autres\\\/#primaryimage\"},\"thumbnailUrl\":\"https:\\\/\\\/descartes.tn\\\/wp-content\\\/uploads\\\/2026\\\/04\\\/LS03HW-without-Text-scaled.jpg\",\"datePublished\":\"2026-04-30T16:27:14+00:00\",\"dateModified\":\"2026-04-30T16:27:15+00:00\",\"description\":\"Samsung annonce que 34 mod\u00e8les TV et barres de son 2026 obtiennent les certifications carbone T\u00dcV Rheinland, renfor\u00e7ant ses engagements durables.\",\"breadcrumb\":{\"@id\":\"https:\\\/\\\/descartes.tn\\\/index.php\\\/2026\\\/04\\\/30\\\/samsung-recoit-de-nouvelles-certifications-tuv-rheinland-pour-les-produits-2026-micro-rgb-oled-mini-led-les-barres-de-son-et-autres\\\/#breadcrumb\"},\"inLanguage\":\"en-US\",\"potentialAction\":[{\"@type\":\"ReadAction\",\"target\":[\"https:\\\/\\\/descartes.tn\\\/index.php\\\/2026\\\/04\\\/30\\\/samsung-recoit-de-nouvelles-certifications-tuv-rheinland-pour-les-produits-2026-micro-rgb-oled-mini-led-les-barres-de-son-et-autres\\\/\"]}]},{\"@type\":\"ImageObject\",\"inLanguage\":\"en-US\",\"@id\":\"https:\\\/\\\/descartes.tn\\\/index.php\\\/2026\\\/04\\\/30\\\/samsung-recoit-de-nouvelles-certifications-tuv-rheinland-pour-les-produits-2026-micro-rgb-oled-mini-led-les-barres-de-son-et-autres\\\/#primaryimage\",\"url\":\"https:\\\/\\\/descartes.tn\\\/wp-content\\\/uploads\\\/2026\\\/04\\\/LS03HW-without-Text-scaled.jpg\",\"contentUrl\":\"https:\\\/\\\/descartes.tn\\\/wp-content\\\/uploads\\\/2026\\\/04\\\/LS03HW-without-Text-scaled.jpg\",\"width\":2560,\"height\":1810},{\"@type\":\"BreadcrumbList\",\"@id\":\"https:\\\/\\\/descartes.tn\\\/index.php\\\/2026\\\/04\\\/30\\\/samsung-recoit-de-nouvelles-certifications-tuv-rheinland-pour-les-produits-2026-micro-rgb-oled-mini-led-les-barres-de-son-et-autres\\\/#breadcrumb\",\"itemListElement\":[{\"@type\":\"ListItem\",\"position\":1,\"name\":\"Home\",\"item\":\"https:\\\/\\\/descartes.tn\\\/\"},{\"@type\":\"ListItem\",\"position\":2,\"name\":\"Samsung re\u00e7oit de nouvelles certifications T\u00dcV Rheinland pour les produits 2026 Micro RGB, OLED, Mini LED, les barres de son et autres\"}]},{\"@type\":\"WebSite\",\"@id\":\"https:\\\/\\\/descartes.tn\\\/#website\",\"url\":\"https:\\\/\\\/descartes.tn\\\/\",\"name\":\"Descartes.tn\",\"description\":\"\",\"publisher\":{\"@id\":\"https:\\\/\\\/descartes.tn\\\/#organization\"},\"potentialAction\":[{\"@type\":\"SearchAction\",\"target\":{\"@type\":\"EntryPoint\",\"urlTemplate\":\"https:\\\/\\\/descartes.tn\\\/?s={search_term_string}\"},\"query-input\":{\"@type\":\"PropertyValueSpecification\",\"valueRequired\":true,\"valueName\":\"search_term_string\"}}],\"inLanguage\":\"en-US\"},{\"@type\":\"Organization\",\"@id\":\"https:\\\/\\\/descartes.tn\\\/#organization\",\"name\":\"Descartes.tn\",\"url\":\"https:\\\/\\\/descartes.tn\\\/\",\"logo\":{\"@type\":\"ImageObject\",\"inLanguage\":\"en-US\",\"@id\":\"https:\\\/\\\/descartes.tn\\\/#\\\/schema\\\/logo\\\/image\\\/\",\"url\":\"https:\\\/\\\/descartes.tn\\\/wp-content\\\/uploads\\\/2025\\\/10\\\/cropped-cropped-Fichier-1-1.png\",\"contentUrl\":\"https:\\\/\\\/descartes.tn\\\/wp-content\\\/uploads\\\/2025\\\/10\\\/cropped-cropped-Fichier-1-1.png\",\"width\":136,\"height\":19,\"caption\":\"Descartes.tn\"},\"image\":{\"@id\":\"https:\\\/\\\/descartes.tn\\\/#\\\/schema\\\/logo\\\/image\\\/\"},\"sameAs\":[\"https:\\\/\\\/www.facebook.com\\\/Magdescartes\",\"https:\\\/\\\/www.instagram.com\\\/descartes.magazine\\\/\"]},{\"@type\":\"Person\",\"@id\":\"https:\\\/\\\/descartes.tn\\\/#\\\/schema\\\/person\\\/9fd67540eb53221af50a61878b6721ae\",\"name\":\"admin\",\"image\":{\"@type\":\"ImageObject\",\"inLanguage\":\"en-US\",\"@id\":\"https:\\\/\\\/secure.gravatar.com\\\/avatar\\\/871417dfba5a884ed81f7f8e04e2eea75e8ef480bcb1e5ea634438506d493132?s=96&d=mm&r=g\",\"url\":\"https:\\\/\\\/secure.gravatar.com\\\/avatar\\\/871417dfba5a884ed81f7f8e04e2eea75e8ef480bcb1e5ea634438506d493132?s=96&d=mm&r=g\",\"contentUrl\":\"https:\\\/\\\/secure.gravatar.com\\\/avatar\\\/871417dfba5a884ed81f7f8e04e2eea75e8ef480bcb1e5ea634438506d493132?s=96&d=mm&r=g\",\"caption\":\"admin\"},\"sameAs\":[\"https:\\\/\\\/descartes.tn\"],\"url\":\"https:\\\/\\\/descartes.tn\\\/index.php\\\/author\\\/admin_pmykj64c\\\/\"}]}<\/script>\n<!-- \/ Yoast SEO plugin. -->","yoast_head_json":{"title":"Samsung re\u00e7oit de nouvelles certifications T\u00dcV Rheinland pour les produits 2026 Micro RGB, OLED, Mini LED, les barres de son et autres - DESCARTES MAGAZINE","description":"Samsung annonce que 34 mod\u00e8les TV et barres de son 2026 obtiennent les certifications carbone T\u00dcV Rheinland, renfor\u00e7ant ses engagements durables.","robots":{"index":"index","follow":"follow","max-snippet":"max-snippet:-1","max-image-preview":"max-image-preview:large","max-video-preview":"max-video-preview:-1"},"canonical":"https:\/\/descartes.tn\/index.php\/2026\/04\/30\/samsung-recoit-de-nouvelles-certifications-tuv-rheinland-pour-les-produits-2026-micro-rgb-oled-mini-led-les-barres-de-son-et-autres\/","og_locale":"en_US","og_type":"article","og_title":"Samsung re\u00e7oit de nouvelles certifications T\u00dcV Rheinland pour les produits 2026 Micro RGB, OLED, Mini LED, les barres de son et autres","og_description":"Samsung annonce que 34 mod\u00e8les TV et barres de son 2026 obtiennent les certifications carbone T\u00dcV Rheinland, renfor\u00e7ant ses engagements durables.","og_url":"https:\/\/descartes.tn\/index.php\/2026\/04\/30\/samsung-recoit-de-nouvelles-certifications-tuv-rheinland-pour-les-produits-2026-micro-rgb-oled-mini-led-les-barres-de-son-et-autres\/","og_site_name":"DESCARTES MAGAZINE","article_publisher":"https:\/\/www.facebook.com\/Magdescartes","article_published_time":"2026-04-30T16:27:14+00:00","article_modified_time":"2026-04-30T16:27:15+00:00","og_image":[{"width":2560,"height":1810,"url":"https:\/\/descartes.tn\/wp-content\/uploads\/2026\/04\/LS03HW-without-Text-scaled.jpg","type":"image\/jpeg"}],"author":"admin","twitter_card":"summary_large_image","twitter_misc":{"Written by":"admin","Est. reading time":"3 minutes"},"schema":{"@context":"https:\/\/schema.org","@graph":[{"@type":"Article","@id":"https:\/\/descartes.tn\/index.php\/2026\/04\/30\/samsung-recoit-de-nouvelles-certifications-tuv-rheinland-pour-les-produits-2026-micro-rgb-oled-mini-led-les-barres-de-son-et-autres\/#article","isPartOf":{"@id":"https:\/\/descartes.tn\/index.php\/2026\/04\/30\/samsung-recoit-de-nouvelles-certifications-tuv-rheinland-pour-les-produits-2026-micro-rgb-oled-mini-led-les-barres-de-son-et-autres\/"},"author":{"name":"admin","@id":"https:\/\/descartes.tn\/#\/schema\/person\/9fd67540eb53221af50a61878b6721ae"},"headline":"Samsung re\u00e7oit de nouvelles certifications T\u00dcV Rheinland pour les produits 2026 Micro RGB, OLED, Mini LED, les barres de son et autres","datePublished":"2026-04-30T16:27:14+00:00","dateModified":"2026-04-30T16:27:15+00:00","mainEntityOfPage":{"@id":"https:\/\/descartes.tn\/index.php\/2026\/04\/30\/samsung-recoit-de-nouvelles-certifications-tuv-rheinland-pour-les-produits-2026-micro-rgb-oled-mini-led-les-barres-de-son-et-autres\/"},"wordCount":561,"commentCount":0,"publisher":{"@id":"https:\/\/descartes.tn\/#organization"},"image":{"@id":"https:\/\/descartes.tn\/index.php\/2026\/04\/30\/samsung-recoit-de-nouvelles-certifications-tuv-rheinland-pour-les-produits-2026-micro-rgb-oled-mini-led-les-barres-de-son-et-autres\/#primaryimage"},"thumbnailUrl":"https:\/\/descartes.tn\/wp-content\/uploads\/2026\/04\/LS03HW-without-Text-scaled.jpg","keywords":["barres de son Samsung","certification carbone","d\u00e9veloppement durable","HW-Q990H","Product Carbon Footprint","Product Carbon Reduction","Samsung","Samsung Electronics","Samsung TV 2026","technologie verte","The Frame Pro","T\u00dcV Rheinland","TV OLED Samsung"],"articleSection":["Actualit\u00e9s","Entreprises"],"inLanguage":"en-US","potentialAction":[{"@type":"CommentAction","name":"Comment","target":["https:\/\/descartes.tn\/index.php\/2026\/04\/30\/samsung-recoit-de-nouvelles-certifications-tuv-rheinland-pour-les-produits-2026-micro-rgb-oled-mini-led-les-barres-de-son-et-autres\/#respond"]}]},{"@type":"WebPage","@id":"https:\/\/descartes.tn\/index.php\/2026\/04\/30\/samsung-recoit-de-nouvelles-certifications-tuv-rheinland-pour-les-produits-2026-micro-rgb-oled-mini-led-les-barres-de-son-et-autres\/","url":"https:\/\/descartes.tn\/index.php\/2026\/04\/30\/samsung-recoit-de-nouvelles-certifications-tuv-rheinland-pour-les-produits-2026-micro-rgb-oled-mini-led-les-barres-de-son-et-autres\/","name":"Samsung re\u00e7oit de nouvelles certifications T\u00dcV Rheinland pour les produits 2026 Micro RGB, OLED, Mini LED, les barres de son et autres - DESCARTES MAGAZINE","isPartOf":{"@id":"https:\/\/descartes.tn\/#website"},"primaryImageOfPage":{"@id":"https:\/\/descartes.tn\/index.php\/2026\/04\/30\/samsung-recoit-de-nouvelles-certifications-tuv-rheinland-pour-les-produits-2026-micro-rgb-oled-mini-led-les-barres-de-son-et-autres\/#primaryimage"},"image":{"@id":"https:\/\/descartes.tn\/index.php\/2026\/04\/30\/samsung-recoit-de-nouvelles-certifications-tuv-rheinland-pour-les-produits-2026-micro-rgb-oled-mini-led-les-barres-de-son-et-autres\/#primaryimage"},"thumbnailUrl":"https:\/\/descartes.tn\/wp-content\/uploads\/2026\/04\/LS03HW-without-Text-scaled.jpg","datePublished":"2026-04-30T16:27:14+00:00","dateModified":"2026-04-30T16:27:15+00:00","description":"Samsung annonce que 34 mod\u00e8les TV et barres de son 2026 obtiennent les certifications carbone T\u00dcV Rheinland, renfor\u00e7ant ses engagements durables.","breadcrumb":{"@id":"https:\/\/descartes.tn\/index.php\/2026\/04\/30\/samsung-recoit-de-nouvelles-certifications-tuv-rheinland-pour-les-produits-2026-micro-rgb-oled-mini-led-les-barres-de-son-et-autres\/#breadcrumb"},"inLanguage":"en-US","potentialAction":[{"@type":"ReadAction","target":["https:\/\/descartes.tn\/index.php\/2026\/04\/30\/samsung-recoit-de-nouvelles-certifications-tuv-rheinland-pour-les-produits-2026-micro-rgb-oled-mini-led-les-barres-de-son-et-autres\/"]}]},{"@type":"ImageObject","inLanguage":"en-US","@id":"https:\/\/descartes.tn\/index.php\/2026\/04\/30\/samsung-recoit-de-nouvelles-certifications-tuv-rheinland-pour-les-produits-2026-micro-rgb-oled-mini-led-les-barres-de-son-et-autres\/#primaryimage","url":"https:\/\/descartes.tn\/wp-content\/uploads\/2026\/04\/LS03HW-without-Text-scaled.jpg","contentUrl":"https:\/\/descartes.tn\/wp-content\/uploads\/2026\/04\/LS03HW-without-Text-scaled.jpg","width":2560,"height":1810},{"@type":"BreadcrumbList","@id":"https:\/\/descartes.tn\/index.php\/2026\/04\/30\/samsung-recoit-de-nouvelles-certifications-tuv-rheinland-pour-les-produits-2026-micro-rgb-oled-mini-led-les-barres-de-son-et-autres\/#breadcrumb","itemListElement":[{"@type":"ListItem","position":1,"name":"Home","item":"https:\/\/descartes.tn\/"},{"@type":"ListItem","position":2,"name":"Samsung re\u00e7oit de nouvelles certifications T\u00dcV Rheinland pour les produits 2026 Micro RGB, OLED, Mini LED, les barres de son et autres"}]},{"@type":"WebSite","@id":"https:\/\/descartes.tn\/#website","url":"https:\/\/descartes.tn\/","name":"Descartes.tn","description":"","publisher":{"@id":"https:\/\/descartes.tn\/#organization"},"potentialAction":[{"@type":"SearchAction","target":{"@type":"EntryPoint","urlTemplate":"https:\/\/descartes.tn\/?s={search_term_string}"},"query-input":{"@type":"PropertyValueSpecification","valueRequired":true,"valueName":"search_term_string"}}],"inLanguage":"en-US"},{"@type":"Organization","@id":"https:\/\/descartes.tn\/#organization","name":"Descartes.tn","url":"https:\/\/descartes.tn\/","logo":{"@type":"ImageObject","inLanguage":"en-US","@id":"https:\/\/descartes.tn\/#\/schema\/logo\/image\/","url":"https:\/\/descartes.tn\/wp-content\/uploads\/2025\/10\/cropped-cropped-Fichier-1-1.png","contentUrl":"https:\/\/descartes.tn\/wp-content\/uploads\/2025\/10\/cropped-cropped-Fichier-1-1.png","width":136,"height":19,"caption":"Descartes.tn"},"image":{"@id":"https:\/\/descartes.tn\/#\/schema\/logo\/image\/"},"sameAs":["https:\/\/www.facebook.com\/Magdescartes","https:\/\/www.instagram.com\/descartes.magazine\/"]},{"@type":"Person","@id":"https:\/\/descartes.tn\/#\/schema\/person\/9fd67540eb53221af50a61878b6721ae","name":"admin","image":{"@type":"ImageObject","inLanguage":"en-US","@id":"https:\/\/secure.gravatar.com\/avatar\/871417dfba5a884ed81f7f8e04e2eea75e8ef480bcb1e5ea634438506d493132?s=96&d=mm&r=g","url":"https:\/\/secure.gravatar.com\/avatar\/871417dfba5a884ed81f7f8e04e2eea75e8ef480bcb1e5ea634438506d493132?s=96&d=mm&r=g","contentUrl":"https:\/\/secure.gravatar.com\/avatar\/871417dfba5a884ed81f7f8e04e2eea75e8ef480bcb1e5ea634438506d493132?s=96&d=mm&r=g","caption":"admin"},"sameAs":["https:\/\/descartes.tn"],"url":"https:\/\/descartes.tn\/index.php\/author\/admin_pmykj64c\/"}]}},"_links":{"self":[{"href":"https:\/\/descartes.tn\/index.php\/wp-json\/wp\/v2\/posts\/4495","targetHints":{"allow":["GET"]}}],"collection":[{"href":"https:\/\/descartes.tn\/index.php\/wp-json\/wp\/v2\/posts"}],"about":[{"href":"https:\/\/descartes.tn\/index.php\/wp-json\/wp\/v2\/types\/post"}],"author":[{"embeddable":true,"href":"https:\/\/descartes.tn\/index.php\/wp-json\/wp\/v2\/users\/1"}],"replies":[{"embeddable":true,"href":"https:\/\/descartes.tn\/index.php\/wp-json\/wp\/v2\/comments?post=4495"}],"version-history":[{"count":1,"href":"https:\/\/descartes.tn\/index.php\/wp-json\/wp\/v2\/posts\/4495\/revisions"}],"predecessor-version":[{"id":4498,"href":"https:\/\/descartes.tn\/index.php\/wp-json\/wp\/v2\/posts\/4495\/revisions\/4498"}],"wp:featuredmedia":[{"embeddable":true,"href":"https:\/\/descartes.tn\/index.php\/wp-json\/wp\/v2\/media\/4497"}],"wp:attachment":[{"href":"https:\/\/descartes.tn\/index.php\/wp-json\/wp\/v2\/media?parent=4495"}],"wp:term":[{"taxonomy":"category","embeddable":true,"href":"https:\/\/descartes.tn\/index.php\/wp-json\/wp\/v2\/categories?post=4495"},{"taxonomy":"post_tag","embeddable":true,"href":"https:\/\/descartes.tn\/index.php\/wp-json\/wp\/v2\/tags?post=4495"}],"curies":[{"name":"wp","href":"https:\/\/api.w.org\/{rel}","templated":true}]}}