{"id":4489,"date":"2026-04-29T00:13:15","date_gmt":"2026-04-28T23:13:15","guid":{"rendered":"https:\/\/descartes.tn\/?p=4489"},"modified":"2026-04-29T00:13:15","modified_gmt":"2026-04-28T23:13:15","slug":"orange-tunisie-lance-les-journees-orange-business-une-tournee-nationale-dediee-au-cloud-et-a-la-cybersecurite","status":"publish","type":"post","link":"https:\/\/descartes.tn\/index.php\/2026\/04\/29\/orange-tunisie-lance-les-journees-orange-business-une-tournee-nationale-dediee-au-cloud-et-a-la-cybersecurite\/","title":{"rendered":"Orange Tunisie lance \u00ab\u00a0Les Journ\u00e9es Orange Business\u00a0\u00bb, une tourn\u00e9e nationale d\u00e9di\u00e9e au Cloud et \u00e0 la Cybers\u00e9curit\u00e9"},"content":{"rendered":"\n<figure class=\"wp-block-image size-full\"><img loading=\"lazy\" decoding=\"async\" width=\"664\" height=\"371\" src=\"https:\/\/descartes.tn\/wp-content\/uploads\/2026\/04\/image-6.png\" alt=\"\" class=\"wp-image-4490\" srcset=\"https:\/\/descartes.tn\/wp-content\/uploads\/2026\/04\/image-6.png 664w, https:\/\/descartes.tn\/wp-content\/uploads\/2026\/04\/image-6-300x168.png 300w\" sizes=\"auto, (max-width: 664px) 100vw, 664px\" \/><\/figure>\n\n\n\n<p>Dans le cadre de son engagement en faveur de la transformation digitale des entreprises,&nbsp;<strong>Orange Tunisie<\/strong>&nbsp;a lanc\u00e9, mardi 28 avril \u00e0 Orange Digital Center, \u00ab&nbsp;<a><strong>Les Journ\u00e9es Orange Business&nbsp;<\/strong><\/a>\u00bb, une tourn\u00e9e nationale consacr\u00e9e aux enjeux du Cloud et de la Cybers\u00e9curit\u00e9.<\/p>\n\n\n\n<p>Cette premi\u00e8re \u00e9tape, organis\u00e9e \u00e0 Tunis, a r\u00e9uni un large \u00e9cosyst\u00e8me de clients, partenaires et experts, marquant ainsi le coup d&#8217;envoi d&#8217;une s\u00e9rie de rencontres qui se poursuivra dans plusieurs r\u00e9gions du pays.<\/p>\n\n\n\n<p>\u00c0 travers cet initiative,&nbsp;<strong>Orange Tunisie<\/strong>&nbsp;met en avant une approche globale et int\u00e9gr\u00e9e, structur\u00e9e autour de deux axes strat\u00e9giques majeurs,&nbsp;<strong>le Cloud et la Cybers\u00e9curit\u00e9.&nbsp;<\/strong>L&#8217;objectif est d&#8217;accompagner les entreprises tunisiennes dans la modernisation de leurs infrastructures et le renforcement de la s\u00e9curit\u00e9 de leurs syst\u00e8mes d&#8217;information.<\/p>\n\n\n\n<p>Dans cette dynamique, l&#8217;op\u00e9rateur s&#8217;appuie sur des partenariats technologiques de premier plan. Sur le volet Cloud,&nbsp;<strong>Focus Tunisie<\/strong>&nbsp;accompagne le d\u00e9veloppement d&#8217;offres adapt\u00e9es aux besoins des entreprises. En mati\u00e8re de cybers\u00e9curit\u00e9,&nbsp;<strong>Sofrecom Tunisie<\/strong>&nbsp;intervient dans le cadre de l&#8217;offre&nbsp;<strong>Cybersecurity as a Service<\/strong>, tandis que le lancement d&#8217;une nouvelle offre Micro-SOC est r\u00e9alis\u00e9 en partenariat avec&nbsp;<strong>Orange Cyberdefense<\/strong>.<\/p>\n\n\n\n<p>Ces collaborations illustrent l&#8217;engagement d&#8217;<strong>Orange Tunisie<\/strong>&nbsp;\u00e0 apporter davantage de valeur, d&#8217;expertise et d&#8217;innovation \u00e0 ses clients, tout en r\u00e9pondant efficacement aux enjeux croissants li\u00e9s \u00e0 la transformation digitale et \u00e0 la s\u00e9curit\u00e9.<\/p>\n\n\n\n<p>\u00c0 travers \u00ab&nbsp;<strong>Les Journ\u00e9es Orange Business<\/strong>&nbsp;\u00bb,&nbsp;<strong>Orange Tunisie<\/strong>&nbsp;ambitionne de renforcer sa proximit\u00e9 avec les entreprises \u00e0 l&#8217;\u00e9chelle nationale, de mieux comprendre leurs enjeux et de leur proposer des solutions concr\u00e8tes et adapt\u00e9es. Cette d\u00e9marche s&#8217;inscrit pleinement dans une volont\u00e9 de soutenir durablement la comp\u00e9titivit\u00e9 des entreprises tunisiennes.<\/p>\n","protected":false},"excerpt":{"rendered":"<p>Dans le cadre de son engagement en faveur de la transformation digitale des entreprises,&nbsp;Orange Tunisie&nbsp;a lanc\u00e9, mardi 28 avril \u00e0 Orange Digital Center, \u00ab&nbsp;Les Journ\u00e9es Orange Business&nbsp;\u00bb, une tourn\u00e9e nationale consacr\u00e9e aux enjeux du Cloud et de la Cybers\u00e9curit\u00e9. Cette premi\u00e8re \u00e9tape, organis\u00e9e \u00e0 Tunis, a r\u00e9uni un large \u00e9cosyst\u00e8me de clients, partenaires et experts, [&hellip;]<\/p>\n","protected":false},"author":1,"featured_media":0,"comment_status":"open","ping_status":"closed","sticky":false,"template":"","format":"standard","meta":{"footnotes":""},"categories":[1292],"tags":[],"class_list":["post-4489","post","type-post","status-publish","format-standard","hentry","category-autres"],"yoast_head":"<!-- This site is optimized with the Yoast SEO plugin v27.5 - https:\/\/yoast.com\/product\/yoast-seo-wordpress\/ -->\n<title>Orange Tunisie lance \u00ab\u00a0Les Journ\u00e9es Orange Business\u00a0\u00bb, une tourn\u00e9e nationale d\u00e9di\u00e9e au Cloud et \u00e0 la Cybers\u00e9curit\u00e9 - Descartes.tn<\/title>\n<meta name=\"robots\" content=\"index, follow, max-snippet:-1, max-image-preview:large, max-video-preview:-1\" \/>\n<link rel=\"canonical\" href=\"https:\/\/descartes.tn\/index.php\/2026\/04\/29\/orange-tunisie-lance-les-journees-orange-business-une-tournee-nationale-dediee-au-cloud-et-a-la-cybersecurite\/\" \/>\n<meta property=\"og:locale\" content=\"en_US\" \/>\n<meta property=\"og:type\" content=\"article\" \/>\n<meta property=\"og:title\" content=\"Orange Tunisie lance \u00ab\u00a0Les Journ\u00e9es Orange Business\u00a0\u00bb, une tourn\u00e9e nationale d\u00e9di\u00e9e au Cloud et \u00e0 la Cybers\u00e9curit\u00e9 - Descartes.tn\" \/>\n<meta property=\"og:description\" content=\"Dans le cadre de son engagement en faveur de la transformation digitale des entreprises,&nbsp;Orange Tunisie&nbsp;a lanc\u00e9, mardi 28 avril \u00e0 Orange Digital Center, \u00ab&nbsp;Les Journ\u00e9es Orange Business&nbsp;\u00bb, une tourn\u00e9e nationale consacr\u00e9e aux enjeux du Cloud et de la Cybers\u00e9curit\u00e9. Cette premi\u00e8re \u00e9tape, organis\u00e9e \u00e0 Tunis, a r\u00e9uni un large \u00e9cosyst\u00e8me de clients, partenaires et experts, [&hellip;]\" \/>\n<meta property=\"og:url\" content=\"https:\/\/descartes.tn\/index.php\/2026\/04\/29\/orange-tunisie-lance-les-journees-orange-business-une-tournee-nationale-dediee-au-cloud-et-a-la-cybersecurite\/\" \/>\n<meta property=\"og:site_name\" content=\"Descartes.tn\" \/>\n<meta property=\"article:publisher\" content=\"https:\/\/www.facebook.com\/Magdescartes\" \/>\n<meta property=\"article:published_time\" content=\"2026-04-28T23:13:15+00:00\" \/>\n<meta property=\"og:image\" content=\"https:\/\/descartes.tn\/wp-content\/uploads\/2026\/04\/image-6.png\" \/>\n\t<meta property=\"og:image:width\" content=\"664\" \/>\n\t<meta property=\"og:image:height\" content=\"371\" \/>\n\t<meta property=\"og:image:type\" content=\"image\/png\" \/>\n<meta name=\"author\" content=\"admin\" \/>\n<meta name=\"twitter:card\" content=\"summary_large_image\" \/>\n<meta name=\"twitter:label1\" content=\"Written by\" \/>\n\t<meta name=\"twitter:data1\" content=\"admin\" \/>\n\t<meta name=\"twitter:label2\" content=\"Est. reading time\" \/>\n\t<meta name=\"twitter:data2\" content=\"2 minutes\" \/>\n<script type=\"application\/ld+json\" class=\"yoast-schema-graph\">{\"@context\":\"https:\\\/\\\/schema.org\",\"@graph\":[{\"@type\":\"Article\",\"@id\":\"https:\\\/\\\/descartes.tn\\\/index.php\\\/2026\\\/04\\\/29\\\/orange-tunisie-lance-les-journees-orange-business-une-tournee-nationale-dediee-au-cloud-et-a-la-cybersecurite\\\/#article\",\"isPartOf\":{\"@id\":\"https:\\\/\\\/descartes.tn\\\/index.php\\\/2026\\\/04\\\/29\\\/orange-tunisie-lance-les-journees-orange-business-une-tournee-nationale-dediee-au-cloud-et-a-la-cybersecurite\\\/\"},\"author\":{\"name\":\"admin\",\"@id\":\"https:\\\/\\\/descartes.tn\\\/#\\\/schema\\\/person\\\/9fd67540eb53221af50a61878b6721ae\"},\"headline\":\"Orange Tunisie lance \u00ab\u00a0Les Journ\u00e9es Orange Business\u00a0\u00bb, une tourn\u00e9e nationale d\u00e9di\u00e9e au Cloud et \u00e0 la Cybers\u00e9curit\u00e9\",\"datePublished\":\"2026-04-28T23:13:15+00:00\",\"mainEntityOfPage\":{\"@id\":\"https:\\\/\\\/descartes.tn\\\/index.php\\\/2026\\\/04\\\/29\\\/orange-tunisie-lance-les-journees-orange-business-une-tournee-nationale-dediee-au-cloud-et-a-la-cybersecurite\\\/\"},\"wordCount\":338,\"commentCount\":0,\"publisher\":{\"@id\":\"https:\\\/\\\/descartes.tn\\\/#organization\"},\"image\":{\"@id\":\"https:\\\/\\\/descartes.tn\\\/index.php\\\/2026\\\/04\\\/29\\\/orange-tunisie-lance-les-journees-orange-business-une-tournee-nationale-dediee-au-cloud-et-a-la-cybersecurite\\\/#primaryimage\"},\"thumbnailUrl\":\"https:\\\/\\\/descartes.tn\\\/wp-content\\\/uploads\\\/2026\\\/04\\\/image-6.png\",\"articleSection\":[\"Autres\"],\"inLanguage\":\"en-US\",\"potentialAction\":[{\"@type\":\"CommentAction\",\"name\":\"Comment\",\"target\":[\"https:\\\/\\\/descartes.tn\\\/index.php\\\/2026\\\/04\\\/29\\\/orange-tunisie-lance-les-journees-orange-business-une-tournee-nationale-dediee-au-cloud-et-a-la-cybersecurite\\\/#respond\"]}]},{\"@type\":\"WebPage\",\"@id\":\"https:\\\/\\\/descartes.tn\\\/index.php\\\/2026\\\/04\\\/29\\\/orange-tunisie-lance-les-journees-orange-business-une-tournee-nationale-dediee-au-cloud-et-a-la-cybersecurite\\\/\",\"url\":\"https:\\\/\\\/descartes.tn\\\/index.php\\\/2026\\\/04\\\/29\\\/orange-tunisie-lance-les-journees-orange-business-une-tournee-nationale-dediee-au-cloud-et-a-la-cybersecurite\\\/\",\"name\":\"Orange Tunisie lance \u00ab\u00a0Les Journ\u00e9es Orange Business\u00a0\u00bb, une tourn\u00e9e nationale d\u00e9di\u00e9e au Cloud et \u00e0 la Cybers\u00e9curit\u00e9 - Descartes.tn\",\"isPartOf\":{\"@id\":\"https:\\\/\\\/descartes.tn\\\/#website\"},\"primaryImageOfPage\":{\"@id\":\"https:\\\/\\\/descartes.tn\\\/index.php\\\/2026\\\/04\\\/29\\\/orange-tunisie-lance-les-journees-orange-business-une-tournee-nationale-dediee-au-cloud-et-a-la-cybersecurite\\\/#primaryimage\"},\"image\":{\"@id\":\"https:\\\/\\\/descartes.tn\\\/index.php\\\/2026\\\/04\\\/29\\\/orange-tunisie-lance-les-journees-orange-business-une-tournee-nationale-dediee-au-cloud-et-a-la-cybersecurite\\\/#primaryimage\"},\"thumbnailUrl\":\"https:\\\/\\\/descartes.tn\\\/wp-content\\\/uploads\\\/2026\\\/04\\\/image-6.png\",\"datePublished\":\"2026-04-28T23:13:15+00:00\",\"breadcrumb\":{\"@id\":\"https:\\\/\\\/descartes.tn\\\/index.php\\\/2026\\\/04\\\/29\\\/orange-tunisie-lance-les-journees-orange-business-une-tournee-nationale-dediee-au-cloud-et-a-la-cybersecurite\\\/#breadcrumb\"},\"inLanguage\":\"en-US\",\"potentialAction\":[{\"@type\":\"ReadAction\",\"target\":[\"https:\\\/\\\/descartes.tn\\\/index.php\\\/2026\\\/04\\\/29\\\/orange-tunisie-lance-les-journees-orange-business-une-tournee-nationale-dediee-au-cloud-et-a-la-cybersecurite\\\/\"]}]},{\"@type\":\"ImageObject\",\"inLanguage\":\"en-US\",\"@id\":\"https:\\\/\\\/descartes.tn\\\/index.php\\\/2026\\\/04\\\/29\\\/orange-tunisie-lance-les-journees-orange-business-une-tournee-nationale-dediee-au-cloud-et-a-la-cybersecurite\\\/#primaryimage\",\"url\":\"https:\\\/\\\/descartes.tn\\\/wp-content\\\/uploads\\\/2026\\\/04\\\/image-6.png\",\"contentUrl\":\"https:\\\/\\\/descartes.tn\\\/wp-content\\\/uploads\\\/2026\\\/04\\\/image-6.png\",\"width\":664,\"height\":371},{\"@type\":\"BreadcrumbList\",\"@id\":\"https:\\\/\\\/descartes.tn\\\/index.php\\\/2026\\\/04\\\/29\\\/orange-tunisie-lance-les-journees-orange-business-une-tournee-nationale-dediee-au-cloud-et-a-la-cybersecurite\\\/#breadcrumb\",\"itemListElement\":[{\"@type\":\"ListItem\",\"position\":1,\"name\":\"Home\",\"item\":\"https:\\\/\\\/descartes.tn\\\/\"},{\"@type\":\"ListItem\",\"position\":2,\"name\":\"Orange Tunisie lance \u00ab\u00a0Les Journ\u00e9es Orange Business\u00a0\u00bb, une tourn\u00e9e nationale d\u00e9di\u00e9e au Cloud et \u00e0 la Cybers\u00e9curit\u00e9\"}]},{\"@type\":\"WebSite\",\"@id\":\"https:\\\/\\\/descartes.tn\\\/#website\",\"url\":\"https:\\\/\\\/descartes.tn\\\/\",\"name\":\"Descartes.tn\",\"description\":\"\",\"publisher\":{\"@id\":\"https:\\\/\\\/descartes.tn\\\/#organization\"},\"potentialAction\":[{\"@type\":\"SearchAction\",\"target\":{\"@type\":\"EntryPoint\",\"urlTemplate\":\"https:\\\/\\\/descartes.tn\\\/?s={search_term_string}\"},\"query-input\":{\"@type\":\"PropertyValueSpecification\",\"valueRequired\":true,\"valueName\":\"search_term_string\"}}],\"inLanguage\":\"en-US\"},{\"@type\":\"Organization\",\"@id\":\"https:\\\/\\\/descartes.tn\\\/#organization\",\"name\":\"Descartes.tn\",\"url\":\"https:\\\/\\\/descartes.tn\\\/\",\"logo\":{\"@type\":\"ImageObject\",\"inLanguage\":\"en-US\",\"@id\":\"https:\\\/\\\/descartes.tn\\\/#\\\/schema\\\/logo\\\/image\\\/\",\"url\":\"https:\\\/\\\/descartes.tn\\\/wp-content\\\/uploads\\\/2025\\\/10\\\/cropped-Fichier-1-1.png\",\"contentUrl\":\"https:\\\/\\\/descartes.tn\\\/wp-content\\\/uploads\\\/2025\\\/10\\\/cropped-Fichier-1-1.png\",\"width\":136,\"height\":19,\"caption\":\"Descartes.tn\"},\"image\":{\"@id\":\"https:\\\/\\\/descartes.tn\\\/#\\\/schema\\\/logo\\\/image\\\/\"},\"sameAs\":[\"https:\\\/\\\/www.facebook.com\\\/Magdescartes\",\"https:\\\/\\\/www.instagram.com\\\/descartes.magazine\\\/\"]},{\"@type\":\"Person\",\"@id\":\"https:\\\/\\\/descartes.tn\\\/#\\\/schema\\\/person\\\/9fd67540eb53221af50a61878b6721ae\",\"name\":\"admin\",\"image\":{\"@type\":\"ImageObject\",\"inLanguage\":\"en-US\",\"@id\":\"https:\\\/\\\/secure.gravatar.com\\\/avatar\\\/871417dfba5a884ed81f7f8e04e2eea75e8ef480bcb1e5ea634438506d493132?s=96&d=mm&r=g\",\"url\":\"https:\\\/\\\/secure.gravatar.com\\\/avatar\\\/871417dfba5a884ed81f7f8e04e2eea75e8ef480bcb1e5ea634438506d493132?s=96&d=mm&r=g\",\"contentUrl\":\"https:\\\/\\\/secure.gravatar.com\\\/avatar\\\/871417dfba5a884ed81f7f8e04e2eea75e8ef480bcb1e5ea634438506d493132?s=96&d=mm&r=g\",\"caption\":\"admin\"},\"sameAs\":[\"https:\\\/\\\/descartes.tn\"],\"url\":\"https:\\\/\\\/descartes.tn\\\/index.php\\\/author\\\/admin_pmykj64c\\\/\"}]}<\/script>\n<!-- \/ Yoast SEO plugin. -->","yoast_head_json":{"title":"Orange Tunisie lance \u00ab\u00a0Les Journ\u00e9es Orange Business\u00a0\u00bb, une tourn\u00e9e nationale d\u00e9di\u00e9e au Cloud et \u00e0 la Cybers\u00e9curit\u00e9 - Descartes.tn","robots":{"index":"index","follow":"follow","max-snippet":"max-snippet:-1","max-image-preview":"max-image-preview:large","max-video-preview":"max-video-preview:-1"},"canonical":"https:\/\/descartes.tn\/index.php\/2026\/04\/29\/orange-tunisie-lance-les-journees-orange-business-une-tournee-nationale-dediee-au-cloud-et-a-la-cybersecurite\/","og_locale":"en_US","og_type":"article","og_title":"Orange Tunisie lance \u00ab\u00a0Les Journ\u00e9es Orange Business\u00a0\u00bb, une tourn\u00e9e nationale d\u00e9di\u00e9e au Cloud et \u00e0 la Cybers\u00e9curit\u00e9 - Descartes.tn","og_description":"Dans le cadre de son engagement en faveur de la transformation digitale des entreprises,&nbsp;Orange Tunisie&nbsp;a lanc\u00e9, mardi 28 avril \u00e0 Orange Digital Center, \u00ab&nbsp;Les Journ\u00e9es Orange Business&nbsp;\u00bb, une tourn\u00e9e nationale consacr\u00e9e aux enjeux du Cloud et de la Cybers\u00e9curit\u00e9. Cette premi\u00e8re \u00e9tape, organis\u00e9e \u00e0 Tunis, a r\u00e9uni un large \u00e9cosyst\u00e8me de clients, partenaires et experts, [&hellip;]","og_url":"https:\/\/descartes.tn\/index.php\/2026\/04\/29\/orange-tunisie-lance-les-journees-orange-business-une-tournee-nationale-dediee-au-cloud-et-a-la-cybersecurite\/","og_site_name":"Descartes.tn","article_publisher":"https:\/\/www.facebook.com\/Magdescartes","article_published_time":"2026-04-28T23:13:15+00:00","og_image":[{"width":664,"height":371,"url":"https:\/\/descartes.tn\/wp-content\/uploads\/2026\/04\/image-6.png","type":"image\/png"}],"author":"admin","twitter_card":"summary_large_image","twitter_misc":{"Written by":"admin","Est. reading time":"2 minutes"},"schema":{"@context":"https:\/\/schema.org","@graph":[{"@type":"Article","@id":"https:\/\/descartes.tn\/index.php\/2026\/04\/29\/orange-tunisie-lance-les-journees-orange-business-une-tournee-nationale-dediee-au-cloud-et-a-la-cybersecurite\/#article","isPartOf":{"@id":"https:\/\/descartes.tn\/index.php\/2026\/04\/29\/orange-tunisie-lance-les-journees-orange-business-une-tournee-nationale-dediee-au-cloud-et-a-la-cybersecurite\/"},"author":{"name":"admin","@id":"https:\/\/descartes.tn\/#\/schema\/person\/9fd67540eb53221af50a61878b6721ae"},"headline":"Orange Tunisie lance \u00ab\u00a0Les Journ\u00e9es Orange Business\u00a0\u00bb, une tourn\u00e9e nationale d\u00e9di\u00e9e au Cloud et \u00e0 la Cybers\u00e9curit\u00e9","datePublished":"2026-04-28T23:13:15+00:00","mainEntityOfPage":{"@id":"https:\/\/descartes.tn\/index.php\/2026\/04\/29\/orange-tunisie-lance-les-journees-orange-business-une-tournee-nationale-dediee-au-cloud-et-a-la-cybersecurite\/"},"wordCount":338,"commentCount":0,"publisher":{"@id":"https:\/\/descartes.tn\/#organization"},"image":{"@id":"https:\/\/descartes.tn\/index.php\/2026\/04\/29\/orange-tunisie-lance-les-journees-orange-business-une-tournee-nationale-dediee-au-cloud-et-a-la-cybersecurite\/#primaryimage"},"thumbnailUrl":"https:\/\/descartes.tn\/wp-content\/uploads\/2026\/04\/image-6.png","articleSection":["Autres"],"inLanguage":"en-US","potentialAction":[{"@type":"CommentAction","name":"Comment","target":["https:\/\/descartes.tn\/index.php\/2026\/04\/29\/orange-tunisie-lance-les-journees-orange-business-une-tournee-nationale-dediee-au-cloud-et-a-la-cybersecurite\/#respond"]}]},{"@type":"WebPage","@id":"https:\/\/descartes.tn\/index.php\/2026\/04\/29\/orange-tunisie-lance-les-journees-orange-business-une-tournee-nationale-dediee-au-cloud-et-a-la-cybersecurite\/","url":"https:\/\/descartes.tn\/index.php\/2026\/04\/29\/orange-tunisie-lance-les-journees-orange-business-une-tournee-nationale-dediee-au-cloud-et-a-la-cybersecurite\/","name":"Orange Tunisie lance \u00ab\u00a0Les Journ\u00e9es Orange Business\u00a0\u00bb, une tourn\u00e9e nationale d\u00e9di\u00e9e au Cloud et \u00e0 la Cybers\u00e9curit\u00e9 - Descartes.tn","isPartOf":{"@id":"https:\/\/descartes.tn\/#website"},"primaryImageOfPage":{"@id":"https:\/\/descartes.tn\/index.php\/2026\/04\/29\/orange-tunisie-lance-les-journees-orange-business-une-tournee-nationale-dediee-au-cloud-et-a-la-cybersecurite\/#primaryimage"},"image":{"@id":"https:\/\/descartes.tn\/index.php\/2026\/04\/29\/orange-tunisie-lance-les-journees-orange-business-une-tournee-nationale-dediee-au-cloud-et-a-la-cybersecurite\/#primaryimage"},"thumbnailUrl":"https:\/\/descartes.tn\/wp-content\/uploads\/2026\/04\/image-6.png","datePublished":"2026-04-28T23:13:15+00:00","breadcrumb":{"@id":"https:\/\/descartes.tn\/index.php\/2026\/04\/29\/orange-tunisie-lance-les-journees-orange-business-une-tournee-nationale-dediee-au-cloud-et-a-la-cybersecurite\/#breadcrumb"},"inLanguage":"en-US","potentialAction":[{"@type":"ReadAction","target":["https:\/\/descartes.tn\/index.php\/2026\/04\/29\/orange-tunisie-lance-les-journees-orange-business-une-tournee-nationale-dediee-au-cloud-et-a-la-cybersecurite\/"]}]},{"@type":"ImageObject","inLanguage":"en-US","@id":"https:\/\/descartes.tn\/index.php\/2026\/04\/29\/orange-tunisie-lance-les-journees-orange-business-une-tournee-nationale-dediee-au-cloud-et-a-la-cybersecurite\/#primaryimage","url":"https:\/\/descartes.tn\/wp-content\/uploads\/2026\/04\/image-6.png","contentUrl":"https:\/\/descartes.tn\/wp-content\/uploads\/2026\/04\/image-6.png","width":664,"height":371},{"@type":"BreadcrumbList","@id":"https:\/\/descartes.tn\/index.php\/2026\/04\/29\/orange-tunisie-lance-les-journees-orange-business-une-tournee-nationale-dediee-au-cloud-et-a-la-cybersecurite\/#breadcrumb","itemListElement":[{"@type":"ListItem","position":1,"name":"Home","item":"https:\/\/descartes.tn\/"},{"@type":"ListItem","position":2,"name":"Orange Tunisie lance \u00ab\u00a0Les Journ\u00e9es Orange Business\u00a0\u00bb, une tourn\u00e9e nationale d\u00e9di\u00e9e au Cloud et \u00e0 la Cybers\u00e9curit\u00e9"}]},{"@type":"WebSite","@id":"https:\/\/descartes.tn\/#website","url":"https:\/\/descartes.tn\/","name":"Descartes.tn","description":"","publisher":{"@id":"https:\/\/descartes.tn\/#organization"},"potentialAction":[{"@type":"SearchAction","target":{"@type":"EntryPoint","urlTemplate":"https:\/\/descartes.tn\/?s={search_term_string}"},"query-input":{"@type":"PropertyValueSpecification","valueRequired":true,"valueName":"search_term_string"}}],"inLanguage":"en-US"},{"@type":"Organization","@id":"https:\/\/descartes.tn\/#organization","name":"Descartes.tn","url":"https:\/\/descartes.tn\/","logo":{"@type":"ImageObject","inLanguage":"en-US","@id":"https:\/\/descartes.tn\/#\/schema\/logo\/image\/","url":"https:\/\/descartes.tn\/wp-content\/uploads\/2025\/10\/cropped-Fichier-1-1.png","contentUrl":"https:\/\/descartes.tn\/wp-content\/uploads\/2025\/10\/cropped-Fichier-1-1.png","width":136,"height":19,"caption":"Descartes.tn"},"image":{"@id":"https:\/\/descartes.tn\/#\/schema\/logo\/image\/"},"sameAs":["https:\/\/www.facebook.com\/Magdescartes","https:\/\/www.instagram.com\/descartes.magazine\/"]},{"@type":"Person","@id":"https:\/\/descartes.tn\/#\/schema\/person\/9fd67540eb53221af50a61878b6721ae","name":"admin","image":{"@type":"ImageObject","inLanguage":"en-US","@id":"https:\/\/secure.gravatar.com\/avatar\/871417dfba5a884ed81f7f8e04e2eea75e8ef480bcb1e5ea634438506d493132?s=96&d=mm&r=g","url":"https:\/\/secure.gravatar.com\/avatar\/871417dfba5a884ed81f7f8e04e2eea75e8ef480bcb1e5ea634438506d493132?s=96&d=mm&r=g","contentUrl":"https:\/\/secure.gravatar.com\/avatar\/871417dfba5a884ed81f7f8e04e2eea75e8ef480bcb1e5ea634438506d493132?s=96&d=mm&r=g","caption":"admin"},"sameAs":["https:\/\/descartes.tn"],"url":"https:\/\/descartes.tn\/index.php\/author\/admin_pmykj64c\/"}]}},"_links":{"self":[{"href":"https:\/\/descartes.tn\/index.php\/wp-json\/wp\/v2\/posts\/4489","targetHints":{"allow":["GET"]}}],"collection":[{"href":"https:\/\/descartes.tn\/index.php\/wp-json\/wp\/v2\/posts"}],"about":[{"href":"https:\/\/descartes.tn\/index.php\/wp-json\/wp\/v2\/types\/post"}],"author":[{"embeddable":true,"href":"https:\/\/descartes.tn\/index.php\/wp-json\/wp\/v2\/users\/1"}],"replies":[{"embeddable":true,"href":"https:\/\/descartes.tn\/index.php\/wp-json\/wp\/v2\/comments?post=4489"}],"version-history":[{"count":1,"href":"https:\/\/descartes.tn\/index.php\/wp-json\/wp\/v2\/posts\/4489\/revisions"}],"predecessor-version":[{"id":4494,"href":"https:\/\/descartes.tn\/index.php\/wp-json\/wp\/v2\/posts\/4489\/revisions\/4494"}],"wp:attachment":[{"href":"https:\/\/descartes.tn\/index.php\/wp-json\/wp\/v2\/media?parent=4489"}],"wp:term":[{"taxonomy":"category","embeddable":true,"href":"https:\/\/descartes.tn\/index.php\/wp-json\/wp\/v2\/categories?post=4489"},{"taxonomy":"post_tag","embeddable":true,"href":"https:\/\/descartes.tn\/index.php\/wp-json\/wp\/v2\/tags?post=4489"}],"curies":[{"name":"wp","href":"https:\/\/api.w.org\/{rel}","templated":true}]}}