{"id":4000,"date":"2026-03-04T15:51:20","date_gmt":"2026-03-04T14:51:20","guid":{"rendered":"https:\/\/descartes.tn\/?p=4000"},"modified":"2026-03-04T15:51:23","modified_gmt":"2026-03-04T14:51:23","slug":"nabeul-recherches-intensifiees-pour-6-pecheurs-disparus-au-large-de-kelibia","status":"publish","type":"post","link":"https:\/\/descartes.tn\/index.php\/2026\/03\/04\/nabeul-recherches-intensifiees-pour-6-pecheurs-disparus-au-large-de-kelibia\/","title":{"rendered":"Nabeul : recherches intensifi\u00e9es pour 6 p\u00eacheurs disparus au large de Kelibia"},"content":{"rendered":"\n<p>Les unit\u00e9s de s\u00e9curit\u00e9 de la zone de la Garde maritime de Kelibia poursuivent activement les recherches concernant six p\u00eacheurs port\u00e9s disparus. Ces derniers se trouvaient \u00e0 bord d\u2019un bateau de p\u00eache ayant quitt\u00e9 le port de Kelibia le 24 f\u00e9vrier 2026.<\/p>\n\n\n\n<p>Les op\u00e9rations de recherche et de patrouille en mer ont d\u00e9but\u00e9 il y a deux jours, suite \u00e0 un signalement indiquant la disparition du navire et le retard inhabituel des p\u00eacheurs, dont les sorties en mer durent g\u00e9n\u00e9ralement moins de cinq jours.<\/p>\n\n\n\n<p>Ce mercredi matin, un h\u00e9licopt\u00e8re de la Garde nationale a \u00e9t\u00e9 mobilis\u00e9 pour effectuer un survol a\u00e9rien simultan\u00e9ment aux recherches maritimes, afin d\u2019intensifier les efforts et localiser le bateau et ses occupants.<\/p>\n","protected":false},"excerpt":{"rendered":"<p>Les unit\u00e9s de s\u00e9curit\u00e9 de la zone de la Garde maritime de Kelibia poursuivent activement les recherches concernant six p\u00eacheurs port\u00e9s disparus. Ces derniers se trouvaient \u00e0 bord d\u2019un bateau de p\u00eache ayant quitt\u00e9 le port de Kelibia le 24 f\u00e9vrier 2026. Les op\u00e9rations de recherche et de patrouille en mer ont d\u00e9but\u00e9 il y [&hellip;]<\/p>\n","protected":false},"author":1,"featured_media":4001,"comment_status":"open","ping_status":"closed","sticky":false,"template":"","format":"standard","meta":{"footnotes":""},"categories":[1],"tags":[8544,8534,8542,8540,8532,203,8538,8535,3955,17],"class_list":["post-4000","post","type-post","status-publish","format-standard","has-post-thumbnail","hentry","category-actualites","tag-accident-en-mer","tag-garde-maritime","tag-garde-nationale","tag-helicoptere","tag-kelibia-2","tag-nabeul","tag-pecheurs-disparus","tag-recherches-en-mer","tag-securite","tag-tunisie"],"yoast_head":"<!-- This site is optimized with the Yoast SEO plugin v27.4 - https:\/\/yoast.com\/product\/yoast-seo-wordpress\/ -->\n<title>Nabeul : recherches intensifi\u00e9es pour 6 p\u00eacheurs disparus au large de Kelibia - Descartes.tn<\/title>\n<meta name=\"description\" content=\"\u00c0 Kelibia, les recherches se poursuivent pour six p\u00eacheurs disparus depuis le 24 f\u00e9vrier 2026, avec mobilisation de moyens terrestres, maritimes et a\u00e9riens.\" \/>\n<meta name=\"robots\" content=\"index, follow, max-snippet:-1, max-image-preview:large, max-video-preview:-1\" \/>\n<link rel=\"canonical\" href=\"https:\/\/descartes.tn\/index.php\/2026\/03\/04\/nabeul-recherches-intensifiees-pour-6-pecheurs-disparus-au-large-de-kelibia\/\" \/>\n<meta property=\"og:locale\" content=\"en_US\" \/>\n<meta property=\"og:type\" content=\"article\" \/>\n<meta property=\"og:title\" content=\"Nabeul : recherches intensifi\u00e9es pour 6 p\u00eacheurs disparus au large de Kelibia\" \/>\n<meta property=\"og:description\" content=\"\u00c0 Kelibia, les recherches se poursuivent pour six p\u00eacheurs disparus depuis le 24 f\u00e9vrier 2026, avec mobilisation de moyens terrestres, maritimes et a\u00e9riens.\" \/>\n<meta property=\"og:url\" content=\"https:\/\/descartes.tn\/index.php\/2026\/03\/04\/nabeul-recherches-intensifiees-pour-6-pecheurs-disparus-au-large-de-kelibia\/\" \/>\n<meta property=\"og:site_name\" content=\"Descartes.tn\" \/>\n<meta property=\"article:publisher\" content=\"https:\/\/www.facebook.com\/Magdescartes\" \/>\n<meta property=\"article:published_time\" content=\"2026-03-04T14:51:20+00:00\" \/>\n<meta property=\"article:modified_time\" content=\"2026-03-04T14:51:23+00:00\" \/>\n<meta property=\"og:image\" content=\"https:\/\/descartes.tn\/wp-content\/uploads\/2026\/03\/644467614_1532732422192121_4492729305358294820_n.jpg\" \/>\n<meta name=\"author\" content=\"admin\" \/>\n<meta name=\"twitter:card\" content=\"summary_large_image\" \/>\n<meta name=\"twitter:label1\" content=\"Written by\" \/>\n\t<meta name=\"twitter:data1\" content=\"admin\" \/>\n\t<meta name=\"twitter:label2\" content=\"Est. reading time\" \/>\n\t<meta name=\"twitter:data2\" content=\"1 minute\" \/>\n<script type=\"application\/ld+json\" class=\"yoast-schema-graph\">{\"@context\":\"https:\\\/\\\/schema.org\",\"@graph\":[{\"@type\":\"Article\",\"@id\":\"https:\\\/\\\/descartes.tn\\\/index.php\\\/2026\\\/03\\\/04\\\/nabeul-recherches-intensifiees-pour-6-pecheurs-disparus-au-large-de-kelibia\\\/#article\",\"isPartOf\":{\"@id\":\"https:\\\/\\\/descartes.tn\\\/index.php\\\/2026\\\/03\\\/04\\\/nabeul-recherches-intensifiees-pour-6-pecheurs-disparus-au-large-de-kelibia\\\/\"},\"author\":{\"name\":\"admin\",\"@id\":\"https:\\\/\\\/descartes.tn\\\/#\\\/schema\\\/person\\\/9fd67540eb53221af50a61878b6721ae\"},\"headline\":\"Nabeul : recherches intensifi\u00e9es pour 6 p\u00eacheurs disparus au large de Kelibia\",\"datePublished\":\"2026-03-04T14:51:20+00:00\",\"dateModified\":\"2026-03-04T14:51:23+00:00\",\"mainEntityOfPage\":{\"@id\":\"https:\\\/\\\/descartes.tn\\\/index.php\\\/2026\\\/03\\\/04\\\/nabeul-recherches-intensifiees-pour-6-pecheurs-disparus-au-large-de-kelibia\\\/\"},\"wordCount\":141,\"commentCount\":0,\"publisher\":{\"@id\":\"https:\\\/\\\/descartes.tn\\\/#organization\"},\"image\":{\"@id\":\"https:\\\/\\\/descartes.tn\\\/index.php\\\/2026\\\/03\\\/04\\\/nabeul-recherches-intensifiees-pour-6-pecheurs-disparus-au-large-de-kelibia\\\/#primaryimage\"},\"thumbnailUrl\":\"https:\\\/\\\/descartes.tn\\\/wp-content\\\/uploads\\\/2026\\\/03\\\/644467614_1532732422192121_4492729305358294820_n-1.jpg\",\"keywords\":[\"accident en mer\",\"Garde maritime\",\"Garde nationale\",\"h\u00e9licopt\u00e8re\",\"Kelibia\",\"Nabeul\",\"p\u00eacheurs disparus\",\"recherches en mer\",\"s\u00e9curit\u00e9\",\"tunisie\"],\"articleSection\":[\"Actualit\u00e9s\"],\"inLanguage\":\"en-US\",\"potentialAction\":[{\"@type\":\"CommentAction\",\"name\":\"Comment\",\"target\":[\"https:\\\/\\\/descartes.tn\\\/index.php\\\/2026\\\/03\\\/04\\\/nabeul-recherches-intensifiees-pour-6-pecheurs-disparus-au-large-de-kelibia\\\/#respond\"]}]},{\"@type\":\"WebPage\",\"@id\":\"https:\\\/\\\/descartes.tn\\\/index.php\\\/2026\\\/03\\\/04\\\/nabeul-recherches-intensifiees-pour-6-pecheurs-disparus-au-large-de-kelibia\\\/\",\"url\":\"https:\\\/\\\/descartes.tn\\\/index.php\\\/2026\\\/03\\\/04\\\/nabeul-recherches-intensifiees-pour-6-pecheurs-disparus-au-large-de-kelibia\\\/\",\"name\":\"Nabeul : recherches intensifi\u00e9es pour 6 p\u00eacheurs disparus au large de Kelibia - Descartes.tn\",\"isPartOf\":{\"@id\":\"https:\\\/\\\/descartes.tn\\\/#website\"},\"primaryImageOfPage\":{\"@id\":\"https:\\\/\\\/descartes.tn\\\/index.php\\\/2026\\\/03\\\/04\\\/nabeul-recherches-intensifiees-pour-6-pecheurs-disparus-au-large-de-kelibia\\\/#primaryimage\"},\"image\":{\"@id\":\"https:\\\/\\\/descartes.tn\\\/index.php\\\/2026\\\/03\\\/04\\\/nabeul-recherches-intensifiees-pour-6-pecheurs-disparus-au-large-de-kelibia\\\/#primaryimage\"},\"thumbnailUrl\":\"https:\\\/\\\/descartes.tn\\\/wp-content\\\/uploads\\\/2026\\\/03\\\/644467614_1532732422192121_4492729305358294820_n-1.jpg\",\"datePublished\":\"2026-03-04T14:51:20+00:00\",\"dateModified\":\"2026-03-04T14:51:23+00:00\",\"description\":\"\u00c0 Kelibia, les recherches se poursuivent pour six p\u00eacheurs disparus depuis le 24 f\u00e9vrier 2026, avec mobilisation de moyens terrestres, maritimes et a\u00e9riens.\",\"breadcrumb\":{\"@id\":\"https:\\\/\\\/descartes.tn\\\/index.php\\\/2026\\\/03\\\/04\\\/nabeul-recherches-intensifiees-pour-6-pecheurs-disparus-au-large-de-kelibia\\\/#breadcrumb\"},\"inLanguage\":\"en-US\",\"potentialAction\":[{\"@type\":\"ReadAction\",\"target\":[\"https:\\\/\\\/descartes.tn\\\/index.php\\\/2026\\\/03\\\/04\\\/nabeul-recherches-intensifiees-pour-6-pecheurs-disparus-au-large-de-kelibia\\\/\"]}]},{\"@type\":\"ImageObject\",\"inLanguage\":\"en-US\",\"@id\":\"https:\\\/\\\/descartes.tn\\\/index.php\\\/2026\\\/03\\\/04\\\/nabeul-recherches-intensifiees-pour-6-pecheurs-disparus-au-large-de-kelibia\\\/#primaryimage\",\"url\":\"https:\\\/\\\/descartes.tn\\\/wp-content\\\/uploads\\\/2026\\\/03\\\/644467614_1532732422192121_4492729305358294820_n-1.jpg\",\"contentUrl\":\"https:\\\/\\\/descartes.tn\\\/wp-content\\\/uploads\\\/2026\\\/03\\\/644467614_1532732422192121_4492729305358294820_n-1.jpg\",\"width\":660,\"height\":376},{\"@type\":\"BreadcrumbList\",\"@id\":\"https:\\\/\\\/descartes.tn\\\/index.php\\\/2026\\\/03\\\/04\\\/nabeul-recherches-intensifiees-pour-6-pecheurs-disparus-au-large-de-kelibia\\\/#breadcrumb\",\"itemListElement\":[{\"@type\":\"ListItem\",\"position\":1,\"name\":\"Home\",\"item\":\"https:\\\/\\\/descartes.tn\\\/\"},{\"@type\":\"ListItem\",\"position\":2,\"name\":\"Nabeul : recherches intensifi\u00e9es pour 6 p\u00eacheurs disparus au large de Kelibia\"}]},{\"@type\":\"WebSite\",\"@id\":\"https:\\\/\\\/descartes.tn\\\/#website\",\"url\":\"https:\\\/\\\/descartes.tn\\\/\",\"name\":\"Descartes.tn\",\"description\":\"\",\"publisher\":{\"@id\":\"https:\\\/\\\/descartes.tn\\\/#organization\"},\"potentialAction\":[{\"@type\":\"SearchAction\",\"target\":{\"@type\":\"EntryPoint\",\"urlTemplate\":\"https:\\\/\\\/descartes.tn\\\/?s={search_term_string}\"},\"query-input\":{\"@type\":\"PropertyValueSpecification\",\"valueRequired\":true,\"valueName\":\"search_term_string\"}}],\"inLanguage\":\"en-US\"},{\"@type\":\"Organization\",\"@id\":\"https:\\\/\\\/descartes.tn\\\/#organization\",\"name\":\"Descartes.tn\",\"url\":\"https:\\\/\\\/descartes.tn\\\/\",\"logo\":{\"@type\":\"ImageObject\",\"inLanguage\":\"en-US\",\"@id\":\"https:\\\/\\\/descartes.tn\\\/#\\\/schema\\\/logo\\\/image\\\/\",\"url\":\"https:\\\/\\\/descartes.tn\\\/wp-content\\\/uploads\\\/2025\\\/10\\\/cropped-Fichier-1-1.png\",\"contentUrl\":\"https:\\\/\\\/descartes.tn\\\/wp-content\\\/uploads\\\/2025\\\/10\\\/cropped-Fichier-1-1.png\",\"width\":136,\"height\":19,\"caption\":\"Descartes.tn\"},\"image\":{\"@id\":\"https:\\\/\\\/descartes.tn\\\/#\\\/schema\\\/logo\\\/image\\\/\"},\"sameAs\":[\"https:\\\/\\\/www.facebook.com\\\/Magdescartes\",\"https:\\\/\\\/www.instagram.com\\\/descartes.magazine\\\/\"]},{\"@type\":\"Person\",\"@id\":\"https:\\\/\\\/descartes.tn\\\/#\\\/schema\\\/person\\\/9fd67540eb53221af50a61878b6721ae\",\"name\":\"admin\",\"image\":{\"@type\":\"ImageObject\",\"inLanguage\":\"en-US\",\"@id\":\"https:\\\/\\\/secure.gravatar.com\\\/avatar\\\/871417dfba5a884ed81f7f8e04e2eea75e8ef480bcb1e5ea634438506d493132?s=96&d=mm&r=g\",\"url\":\"https:\\\/\\\/secure.gravatar.com\\\/avatar\\\/871417dfba5a884ed81f7f8e04e2eea75e8ef480bcb1e5ea634438506d493132?s=96&d=mm&r=g\",\"contentUrl\":\"https:\\\/\\\/secure.gravatar.com\\\/avatar\\\/871417dfba5a884ed81f7f8e04e2eea75e8ef480bcb1e5ea634438506d493132?s=96&d=mm&r=g\",\"caption\":\"admin\"},\"sameAs\":[\"https:\\\/\\\/descartes.tn\"],\"url\":\"https:\\\/\\\/descartes.tn\\\/index.php\\\/author\\\/admin_pmykj64c\\\/\"}]}<\/script>\n<!-- \/ Yoast SEO plugin. -->","yoast_head_json":{"title":"Nabeul : recherches intensifi\u00e9es pour 6 p\u00eacheurs disparus au large de Kelibia - Descartes.tn","description":"\u00c0 Kelibia, les recherches se poursuivent pour six p\u00eacheurs disparus depuis le 24 f\u00e9vrier 2026, avec mobilisation de moyens terrestres, maritimes et a\u00e9riens.","robots":{"index":"index","follow":"follow","max-snippet":"max-snippet:-1","max-image-preview":"max-image-preview:large","max-video-preview":"max-video-preview:-1"},"canonical":"https:\/\/descartes.tn\/index.php\/2026\/03\/04\/nabeul-recherches-intensifiees-pour-6-pecheurs-disparus-au-large-de-kelibia\/","og_locale":"en_US","og_type":"article","og_title":"Nabeul : recherches intensifi\u00e9es pour 6 p\u00eacheurs disparus au large de Kelibia","og_description":"\u00c0 Kelibia, les recherches se poursuivent pour six p\u00eacheurs disparus depuis le 24 f\u00e9vrier 2026, avec mobilisation de moyens terrestres, maritimes et a\u00e9riens.","og_url":"https:\/\/descartes.tn\/index.php\/2026\/03\/04\/nabeul-recherches-intensifiees-pour-6-pecheurs-disparus-au-large-de-kelibia\/","og_site_name":"Descartes.tn","article_publisher":"https:\/\/www.facebook.com\/Magdescartes","article_published_time":"2026-03-04T14:51:20+00:00","article_modified_time":"2026-03-04T14:51:23+00:00","og_image":[{"url":"https:\/\/descartes.tn\/wp-content\/uploads\/2026\/03\/644467614_1532732422192121_4492729305358294820_n.jpg","type":"","width":"","height":""}],"author":"admin","twitter_card":"summary_large_image","twitter_misc":{"Written by":"admin","Est. reading time":"1 minute"},"schema":{"@context":"https:\/\/schema.org","@graph":[{"@type":"Article","@id":"https:\/\/descartes.tn\/index.php\/2026\/03\/04\/nabeul-recherches-intensifiees-pour-6-pecheurs-disparus-au-large-de-kelibia\/#article","isPartOf":{"@id":"https:\/\/descartes.tn\/index.php\/2026\/03\/04\/nabeul-recherches-intensifiees-pour-6-pecheurs-disparus-au-large-de-kelibia\/"},"author":{"name":"admin","@id":"https:\/\/descartes.tn\/#\/schema\/person\/9fd67540eb53221af50a61878b6721ae"},"headline":"Nabeul : recherches intensifi\u00e9es pour 6 p\u00eacheurs disparus au large de Kelibia","datePublished":"2026-03-04T14:51:20+00:00","dateModified":"2026-03-04T14:51:23+00:00","mainEntityOfPage":{"@id":"https:\/\/descartes.tn\/index.php\/2026\/03\/04\/nabeul-recherches-intensifiees-pour-6-pecheurs-disparus-au-large-de-kelibia\/"},"wordCount":141,"commentCount":0,"publisher":{"@id":"https:\/\/descartes.tn\/#organization"},"image":{"@id":"https:\/\/descartes.tn\/index.php\/2026\/03\/04\/nabeul-recherches-intensifiees-pour-6-pecheurs-disparus-au-large-de-kelibia\/#primaryimage"},"thumbnailUrl":"https:\/\/descartes.tn\/wp-content\/uploads\/2026\/03\/644467614_1532732422192121_4492729305358294820_n-1.jpg","keywords":["accident en mer","Garde maritime","Garde nationale","h\u00e9licopt\u00e8re","Kelibia","Nabeul","p\u00eacheurs disparus","recherches en mer","s\u00e9curit\u00e9","tunisie"],"articleSection":["Actualit\u00e9s"],"inLanguage":"en-US","potentialAction":[{"@type":"CommentAction","name":"Comment","target":["https:\/\/descartes.tn\/index.php\/2026\/03\/04\/nabeul-recherches-intensifiees-pour-6-pecheurs-disparus-au-large-de-kelibia\/#respond"]}]},{"@type":"WebPage","@id":"https:\/\/descartes.tn\/index.php\/2026\/03\/04\/nabeul-recherches-intensifiees-pour-6-pecheurs-disparus-au-large-de-kelibia\/","url":"https:\/\/descartes.tn\/index.php\/2026\/03\/04\/nabeul-recherches-intensifiees-pour-6-pecheurs-disparus-au-large-de-kelibia\/","name":"Nabeul : recherches intensifi\u00e9es pour 6 p\u00eacheurs disparus au large de Kelibia - Descartes.tn","isPartOf":{"@id":"https:\/\/descartes.tn\/#website"},"primaryImageOfPage":{"@id":"https:\/\/descartes.tn\/index.php\/2026\/03\/04\/nabeul-recherches-intensifiees-pour-6-pecheurs-disparus-au-large-de-kelibia\/#primaryimage"},"image":{"@id":"https:\/\/descartes.tn\/index.php\/2026\/03\/04\/nabeul-recherches-intensifiees-pour-6-pecheurs-disparus-au-large-de-kelibia\/#primaryimage"},"thumbnailUrl":"https:\/\/descartes.tn\/wp-content\/uploads\/2026\/03\/644467614_1532732422192121_4492729305358294820_n-1.jpg","datePublished":"2026-03-04T14:51:20+00:00","dateModified":"2026-03-04T14:51:23+00:00","description":"\u00c0 Kelibia, les recherches se poursuivent pour six p\u00eacheurs disparus depuis le 24 f\u00e9vrier 2026, avec mobilisation de moyens terrestres, maritimes et a\u00e9riens.","breadcrumb":{"@id":"https:\/\/descartes.tn\/index.php\/2026\/03\/04\/nabeul-recherches-intensifiees-pour-6-pecheurs-disparus-au-large-de-kelibia\/#breadcrumb"},"inLanguage":"en-US","potentialAction":[{"@type":"ReadAction","target":["https:\/\/descartes.tn\/index.php\/2026\/03\/04\/nabeul-recherches-intensifiees-pour-6-pecheurs-disparus-au-large-de-kelibia\/"]}]},{"@type":"ImageObject","inLanguage":"en-US","@id":"https:\/\/descartes.tn\/index.php\/2026\/03\/04\/nabeul-recherches-intensifiees-pour-6-pecheurs-disparus-au-large-de-kelibia\/#primaryimage","url":"https:\/\/descartes.tn\/wp-content\/uploads\/2026\/03\/644467614_1532732422192121_4492729305358294820_n-1.jpg","contentUrl":"https:\/\/descartes.tn\/wp-content\/uploads\/2026\/03\/644467614_1532732422192121_4492729305358294820_n-1.jpg","width":660,"height":376},{"@type":"BreadcrumbList","@id":"https:\/\/descartes.tn\/index.php\/2026\/03\/04\/nabeul-recherches-intensifiees-pour-6-pecheurs-disparus-au-large-de-kelibia\/#breadcrumb","itemListElement":[{"@type":"ListItem","position":1,"name":"Home","item":"https:\/\/descartes.tn\/"},{"@type":"ListItem","position":2,"name":"Nabeul : recherches intensifi\u00e9es pour 6 p\u00eacheurs disparus au large de Kelibia"}]},{"@type":"WebSite","@id":"https:\/\/descartes.tn\/#website","url":"https:\/\/descartes.tn\/","name":"Descartes.tn","description":"","publisher":{"@id":"https:\/\/descartes.tn\/#organization"},"potentialAction":[{"@type":"SearchAction","target":{"@type":"EntryPoint","urlTemplate":"https:\/\/descartes.tn\/?s={search_term_string}"},"query-input":{"@type":"PropertyValueSpecification","valueRequired":true,"valueName":"search_term_string"}}],"inLanguage":"en-US"},{"@type":"Organization","@id":"https:\/\/descartes.tn\/#organization","name":"Descartes.tn","url":"https:\/\/descartes.tn\/","logo":{"@type":"ImageObject","inLanguage":"en-US","@id":"https:\/\/descartes.tn\/#\/schema\/logo\/image\/","url":"https:\/\/descartes.tn\/wp-content\/uploads\/2025\/10\/cropped-Fichier-1-1.png","contentUrl":"https:\/\/descartes.tn\/wp-content\/uploads\/2025\/10\/cropped-Fichier-1-1.png","width":136,"height":19,"caption":"Descartes.tn"},"image":{"@id":"https:\/\/descartes.tn\/#\/schema\/logo\/image\/"},"sameAs":["https:\/\/www.facebook.com\/Magdescartes","https:\/\/www.instagram.com\/descartes.magazine\/"]},{"@type":"Person","@id":"https:\/\/descartes.tn\/#\/schema\/person\/9fd67540eb53221af50a61878b6721ae","name":"admin","image":{"@type":"ImageObject","inLanguage":"en-US","@id":"https:\/\/secure.gravatar.com\/avatar\/871417dfba5a884ed81f7f8e04e2eea75e8ef480bcb1e5ea634438506d493132?s=96&d=mm&r=g","url":"https:\/\/secure.gravatar.com\/avatar\/871417dfba5a884ed81f7f8e04e2eea75e8ef480bcb1e5ea634438506d493132?s=96&d=mm&r=g","contentUrl":"https:\/\/secure.gravatar.com\/avatar\/871417dfba5a884ed81f7f8e04e2eea75e8ef480bcb1e5ea634438506d493132?s=96&d=mm&r=g","caption":"admin"},"sameAs":["https:\/\/descartes.tn"],"url":"https:\/\/descartes.tn\/index.php\/author\/admin_pmykj64c\/"}]}},"_links":{"self":[{"href":"https:\/\/descartes.tn\/index.php\/wp-json\/wp\/v2\/posts\/4000","targetHints":{"allow":["GET"]}}],"collection":[{"href":"https:\/\/descartes.tn\/index.php\/wp-json\/wp\/v2\/posts"}],"about":[{"href":"https:\/\/descartes.tn\/index.php\/wp-json\/wp\/v2\/types\/post"}],"author":[{"embeddable":true,"href":"https:\/\/descartes.tn\/index.php\/wp-json\/wp\/v2\/users\/1"}],"replies":[{"embeddable":true,"href":"https:\/\/descartes.tn\/index.php\/wp-json\/wp\/v2\/comments?post=4000"}],"version-history":[{"count":1,"href":"https:\/\/descartes.tn\/index.php\/wp-json\/wp\/v2\/posts\/4000\/revisions"}],"predecessor-version":[{"id":4002,"href":"https:\/\/descartes.tn\/index.php\/wp-json\/wp\/v2\/posts\/4000\/revisions\/4002"}],"wp:featuredmedia":[{"embeddable":true,"href":"https:\/\/descartes.tn\/index.php\/wp-json\/wp\/v2\/media\/4001"}],"wp:attachment":[{"href":"https:\/\/descartes.tn\/index.php\/wp-json\/wp\/v2\/media?parent=4000"}],"wp:term":[{"taxonomy":"category","embeddable":true,"href":"https:\/\/descartes.tn\/index.php\/wp-json\/wp\/v2\/categories?post=4000"},{"taxonomy":"post_tag","embeddable":true,"href":"https:\/\/descartes.tn\/index.php\/wp-json\/wp\/v2\/tags?post=4000"}],"curies":[{"name":"wp","href":"https:\/\/api.w.org\/{rel}","templated":true}]}}