{"id":3164,"date":"2026-01-19T12:20:24","date_gmt":"2026-01-19T11:20:24","guid":{"rendered":"https:\/\/descartes.tn\/?p=3164"},"modified":"2026-01-19T12:20:25","modified_gmt":"2026-01-19T11:20:25","slug":"edouard-mendy-repond-aux-rumeurs-final-afcon-2025-2","status":"publish","type":"post","link":"https:\/\/descartes.tn\/index.php\/2026\/01\/19\/edouard-mendy-repond-aux-rumeurs-final-afcon-2025-2\/","title":{"rendered":"\u00c9douard Mendy met fin aux rumeurs : aucun accord avec le Maroc en finale de la CAN 2025"},"content":{"rendered":"\n<p>La finale de la Coupe d\u2019Afrique des Nations 2025 entre le Maroc et le S\u00e9n\u00e9gal, disput\u00e9e au Stade Prince Moulay Abdallah \u00e0 Rabat, a \u00e9t\u00e9 marqu\u00e9e par des rebondissements sportifs et extra-sportifs. Entre une d\u00e9cision arbitrale controvers\u00e9e, un penalty manqu\u00e9 dans les derni\u00e8res minutes et un d\u00e9part momentan\u00e9 des joueurs s\u00e9n\u00e9galais, des rumeurs ont rapidement \u00e9merg\u00e9 sur un suppos\u00e9 \u201carrangement\u201d entre les deux \u00e9quipes.<\/p>\n\n\n\n<p>Le gardien s\u00e9n\u00e9galais \u00c9douard Mendy a mis fin \u00e0 ces sp\u00e9culations dans une d\u00e9claration sans \u00e9quivoque relay\u00e9e par plusieurs m\u00e9dias internationaux.<\/p>\n\n\n\n<figure class=\"wp-block-image size-large\"><img loading=\"lazy\" decoding=\"async\" width=\"1024\" height=\"442\" src=\"https:\/\/descartes.tn\/wp-content\/uploads\/2026\/01\/large_20221203122559_1670059559.6587-1-1024x442.jpg\" alt=\"\" class=\"wp-image-3165\" srcset=\"https:\/\/descartes.tn\/wp-content\/uploads\/2026\/01\/large_20221203122559_1670059559.6587-1-1024x442.jpg 1024w, https:\/\/descartes.tn\/wp-content\/uploads\/2026\/01\/large_20221203122559_1670059559.6587-1-300x129.jpg 300w, https:\/\/descartes.tn\/wp-content\/uploads\/2026\/01\/large_20221203122559_1670059559.6587-1-768x331.jpg 768w, https:\/\/descartes.tn\/wp-content\/uploads\/2026\/01\/large_20221203122559_1670059559.6587-1-1536x662.jpg 1536w, https:\/\/descartes.tn\/wp-content\/uploads\/2026\/01\/large_20221203122559_1670059559.6587-1.jpg 1600w\" sizes=\"auto, (max-width: 1024px) 100vw, 1024px\" \/><\/figure>\n\n\n\n<h2 class=\"wp-block-heading\">Contexte du match et temps forts<\/h2>\n\n\n\n<h3 class=\"wp-block-heading\">D\u00e9roulement du match<\/h3>\n\n\n\n<ul class=\"wp-block-list\">\n<li>Score vierge (0-0) \u00e0 la fin du temps r\u00e9glementaire.<\/li>\n\n\n\n<li>Penalty accord\u00e9 au Maroc apr\u00e8s recours \u00e0 la VAR.<\/li>\n\n\n\n<li>Brahim Diaz s\u2019avance pour tirer un penalty qui aurait pu offrir au Maroc un titre historique \u00e0 domicile.<\/li>\n<\/ul>\n\n\n\n<h3 class=\"wp-block-heading\">Le tournant du match<\/h3>\n\n\n\n<p>Dans un moment d\u00e9cisif, \u00c9douard Mendy arr\u00eate la tentative de Diaz, ex\u00e9cut\u00e9e avec une inspiration de style \u201cpanenka\u201d.<br>Cet arr\u00eat marque un basculement majeur dans l\u2019issue de la rencontre.<\/p>\n\n\n\n<figure class=\"wp-block-image size-full\"><img loading=\"lazy\" decoding=\"async\" width=\"1024\" height=\"683\" src=\"https:\/\/descartes.tn\/wp-content\/uploads\/2026\/01\/\u0646\u0639\u0627\u0633\u0628\u0627\u0647\u0628\u0642\u0647\u0627-1024x683-2.jpg\" alt=\"\" class=\"wp-image-3166\" srcset=\"https:\/\/descartes.tn\/wp-content\/uploads\/2026\/01\/\u0646\u0639\u0627\u0633\u0628\u0627\u0647\u0628\u0642\u0647\u0627-1024x683-2.jpg 1024w, https:\/\/descartes.tn\/wp-content\/uploads\/2026\/01\/\u0646\u0639\u0627\u0633\u0628\u0627\u0647\u0628\u0642\u0647\u0627-1024x683-2-300x200.jpg 300w, https:\/\/descartes.tn\/wp-content\/uploads\/2026\/01\/\u0646\u0639\u0627\u0633\u0628\u0627\u0647\u0628\u0642\u0647\u0627-1024x683-2-768x512.jpg 768w\" sizes=\"auto, (max-width: 1024px) 100vw, 1024px\" \/><\/figure>\n\n\n\n<h2 class=\"wp-block-heading\">L\u2019\u00e9pisode controvers\u00e9 du d\u00e9part des joueurs<\/h2>\n\n\n\n<h3 class=\"wp-block-heading\">Pourquoi les S\u00e9n\u00e9galais ont quitt\u00e9 la pelouse ?<\/h3>\n\n\n\n<p>L\u2019attribution du penalty a provoqu\u00e9 une vive r\u00e9action du camp s\u00e9n\u00e9galais. Sous la pression et en d\u00e9saccord avec la d\u00e9cision, les joueurs ont bri\u00e8vement quitt\u00e9 le terrain en signe de protestation.<\/p>\n\n\n\n<h3 class=\"wp-block-heading\">Le retour au jeu<\/h3>\n\n\n\n<p>Gr\u00e2ce \u00e0 l\u2019intervention de Sadio Man\u00e9 et du staff technique, les Lions de la Teranga retrouvent leur calme et reviennent pour reprendre le match dans un climat plus serein.<\/p>\n\n\n\n<p><\/p>\n\n\n\n<figure class=\"wp-block-image size-full\"><img loading=\"lazy\" decoding=\"async\" width=\"1000\" height=\"563\" src=\"https:\/\/descartes.tn\/wp-content\/uploads\/2026\/01\/696d88564d872580081b2131_default-1.webp\" alt=\"\" class=\"wp-image-3167\" srcset=\"https:\/\/descartes.tn\/wp-content\/uploads\/2026\/01\/696d88564d872580081b2131_default-1.webp 1000w, https:\/\/descartes.tn\/wp-content\/uploads\/2026\/01\/696d88564d872580081b2131_default-1-300x169.webp 300w, https:\/\/descartes.tn\/wp-content\/uploads\/2026\/01\/696d88564d872580081b2131_default-1-768x432.webp 768w\" sizes=\"auto, (max-width: 1000px) 100vw, 1000px\" \/><\/figure>\n\n\n\n<h2 class=\"wp-block-heading\">La d\u00e9claration d\u2019\u00c9douard Mendy<\/h2>\n\n\n\n<h3 class=\"wp-block-heading\">Un d\u00e9menti cat\u00e9gorique<\/h3>\n\n\n\n<p>Interrog\u00e9 apr\u00e8s la rencontre, Mendy r\u00e9fute toute id\u00e9e d\u2019accord entre les deux nations :<\/p>\n\n\n\n<blockquote class=\"wp-block-quote is-layout-flow wp-block-quote-is-layout-flow\">\n<p>\u00ab Vous pensez vraiment qu\u2019apr\u00e8s plus de cinquante ans d\u2019attente, ils accepteraient une telle chose ? \u00bb<\/p>\n<\/blockquote>\n\n\n\n<p>Il pr\u00e9cise ensuite :<\/p>\n\n\n\n<blockquote class=\"wp-block-quote is-layout-flow wp-block-quote-is-layout-flow\">\n<p>\u00ab Ils ont voulu marquer, et j\u2019ai fait mon travail. Rien de plus. \u00bb<\/p>\n<\/blockquote>\n\n\n\n<h3 class=\"wp-block-heading\">Une r\u00e9ponse aux sp\u00e9culations<\/h3>\n\n\n\n<p>Ce commentaire vise \u00e0 clore les interpr\u00e9tations infond\u00e9es qui ont suivi la rencontre, en insistant sur la nature comp\u00e9titive et honn\u00eate du match.<\/p>\n\n\n\n<figure class=\"wp-block-image size-large\"><img loading=\"lazy\" decoding=\"async\" width=\"1024\" height=\"683\" src=\"https:\/\/descartes.tn\/wp-content\/uploads\/2026\/01\/G-dDt3WgAA8VBn-scaled-1-1024x683.jpg\" alt=\"\" class=\"wp-image-3168\" srcset=\"https:\/\/descartes.tn\/wp-content\/uploads\/2026\/01\/G-dDt3WgAA8VBn-scaled-1-1024x683.jpg 1024w, https:\/\/descartes.tn\/wp-content\/uploads\/2026\/01\/G-dDt3WgAA8VBn-scaled-1-300x200.jpg 300w, https:\/\/descartes.tn\/wp-content\/uploads\/2026\/01\/G-dDt3WgAA8VBn-scaled-1-768x512.jpg 768w, https:\/\/descartes.tn\/wp-content\/uploads\/2026\/01\/G-dDt3WgAA8VBn-scaled-1-1536x1024.jpg 1536w, https:\/\/descartes.tn\/wp-content\/uploads\/2026\/01\/G-dDt3WgAA8VBn-scaled-1-2048x1366.jpg 2048w\" sizes=\"auto, (max-width: 1024px) 100vw, 1024px\" \/><\/figure>\n\n\n\n<h2 class=\"wp-block-heading\">Ce qui s\u2019est pass\u00e9 apr\u00e8s le penalty<\/h2>\n\n\n\n<p>Le S\u00e9n\u00e9gal profite de la dynamique retrouv\u00e9e en prolongation :<br>Pape Gueye inscrit le seul but du match \u00e0 la suite d\u2019une frappe plac\u00e9e depuis l\u2019ext\u00e9rieur de la surface.<\/p>\n\n\n\n<h3 class=\"wp-block-heading\">R\u00e9sultat final<\/h3>\n\n\n\n<ul class=\"wp-block-list\">\n<li>Maroc 0<\/li>\n\n\n\n<li>S\u00e9n\u00e9gal 1 (apr\u00e8s prolongation)<\/li>\n<\/ul>\n\n\n\n<p>Le S\u00e9n\u00e9gal d\u00e9croche ainsi son deuxi\u00e8me titre continental.<\/p>\n\n\n\n<h2 class=\"wp-block-heading\">Analyse et le\u00e7ons \u00e0 retenir<\/h2>\n\n\n\n<h3 class=\"wp-block-heading\">La pression de la Coupe d\u2019Afrique<\/h3>\n\n\n\n<p>Le poids d\u2019une finale \u00e0 domicile et la charge \u00e9motionnelle expliquent en partie l\u2019erreur de Brahim Diaz, tout comme la r\u00e9action des joueurs s\u00e9n\u00e9galais.<\/p>\n\n\n\n<figure class=\"wp-block-image size-large\"><img loading=\"lazy\" decoding=\"async\" width=\"1024\" height=\"682\" src=\"https:\/\/descartes.tn\/wp-content\/uploads\/2026\/01\/large-1-1024x682.jpg\" alt=\"\" class=\"wp-image-3169\" srcset=\"https:\/\/descartes.tn\/wp-content\/uploads\/2026\/01\/large-1-1024x682.jpg 1024w, https:\/\/descartes.tn\/wp-content\/uploads\/2026\/01\/large-1-300x200.jpg 300w, https:\/\/descartes.tn\/wp-content\/uploads\/2026\/01\/large-1-768x511.jpg 768w, https:\/\/descartes.tn\/wp-content\/uploads\/2026\/01\/large-1.jpg 1200w\" sizes=\"auto, (max-width: 1024px) 100vw, 1024px\" \/><\/figure>\n\n\n\n<h3 class=\"wp-block-heading\">L\u2019emballement m\u00e9diatique<\/h3>\n\n\n\n<p>Les r\u00e9seaux sociaux ont amplifi\u00e9 la controverse, transformant une protestation spontan\u00e9e en th\u00e9orie complotiste.<\/p>\n\n\n\n<h3 class=\"wp-block-heading\">L\u2019enjeu sportif<\/h3>\n\n\n\n<p>La finale rappelle que les troph\u00e9es se jouent souvent sur un instant :<br>un choix de tir, un arr\u00eat, un d\u00e9tail qui change l\u2019histoire.<\/p>\n\n\n\n<h2 class=\"wp-block-heading\"><\/h2>\n\n\n\n<p>En r\u00e9agissant publiquement, \u00c9douard Mendy a dissip\u00e9 un d\u00e9bat devenu viral autour d\u2019un suppos\u00e9 accord entre le Maroc et le S\u00e9n\u00e9gal.<br>Les faits d\u00e9montrent qu\u2019il s\u2019agissait d\u2019une confrontation sportive authentique, marqu\u00e9e par la tension propre aux grandes finales, et d\u00e9cid\u00e9e par un penalty manqu\u00e9 et un but opportuniste.<\/p>\n\n\n\n<p><em>Le reste appartient d\u00e9sormais au r\u00e9cit sportif africain : un duel intense, deux adversaires m\u00e9ritants, un champion incontestable.<\/em><\/p>\n\n\n\n<p><\/p>\n","protected":false},"excerpt":{"rendered":"<p>La finale de la Coupe d\u2019Afrique des Nations 2025 entre le Maroc et le S\u00e9n\u00e9gal, disput\u00e9e au Stade Prince Moulay Abdallah \u00e0 Rabat, a \u00e9t\u00e9 marqu\u00e9e par des rebondissements sportifs et extra-sportifs. Entre une d\u00e9cision arbitrale controvers\u00e9e, un penalty manqu\u00e9 dans les derni\u00e8res minutes et un d\u00e9part momentan\u00e9 des joueurs s\u00e9n\u00e9galais, des rumeurs ont rapidement [&hellip;]<\/p>\n","protected":false},"author":1,"featured_media":3152,"comment_status":"open","ping_status":"closed","sticky":false,"template":"","format":"standard","meta":{"footnotes":""},"categories":[1,11],"tags":[6188,6199,6187,25,4926,6185,6201,6192,6195,6197,6190],"class_list":["post-3164","post","type-post","status-publish","format-standard","has-post-thumbnail","hentry","category-actualites","category-sport","tag-afcon-2025","tag-canal-plus","tag-finale-can-2025","tag-football","tag-maroc","tag-mendy","tag-pape-gueye","tag-penalty-brahim-diaz","tag-rumeur-accord","tag-sadio-mane","tag-senegal"],"yoast_head":"<!-- This site is optimized with the Yoast SEO plugin v27.5 - https:\/\/yoast.com\/product\/yoast-seo-wordpress\/ -->\n<title>\u00c9douard Mendy met fin aux rumeurs : aucun accord avec le Maroc en finale de la CAN 2025 - Descartes.tn<\/title>\n<meta name=\"description\" content=\"Edouard Mendy d\u00e9ment toute rumeur d\u2019accord avec le Maroc lors de la finale de la CAN 2025, apr\u00e8s son arr\u00eat d\u00e9cisif sur le penalty de Brahim Diaz.\" \/>\n<meta name=\"robots\" content=\"index, follow, max-snippet:-1, max-image-preview:large, max-video-preview:-1\" \/>\n<link rel=\"canonical\" href=\"https:\/\/descartes.tn\/index.php\/2026\/01\/19\/edouard-mendy-repond-aux-rumeurs-final-afcon-2025-2\/\" \/>\n<meta property=\"og:locale\" content=\"en_US\" \/>\n<meta property=\"og:type\" content=\"article\" \/>\n<meta property=\"og:title\" content=\"\u00c9douard Mendy met fin aux rumeurs : aucun accord avec le Maroc en finale de la CAN 2025 - Descartes.tn\" \/>\n<meta property=\"og:description\" content=\"Edouard Mendy d\u00e9ment toute rumeur d\u2019accord avec le Maroc lors de la finale de la CAN 2025, apr\u00e8s son arr\u00eat d\u00e9cisif sur le penalty de Brahim Diaz.\" \/>\n<meta property=\"og:url\" content=\"https:\/\/descartes.tn\/index.php\/2026\/01\/19\/edouard-mendy-repond-aux-rumeurs-final-afcon-2025-2\/\" \/>\n<meta property=\"og:site_name\" content=\"Descartes.tn\" \/>\n<meta property=\"article:publisher\" content=\"https:\/\/www.facebook.com\/Magdescartes\" \/>\n<meta property=\"article:published_time\" content=\"2026-01-19T11:20:24+00:00\" \/>\n<meta property=\"article:modified_time\" content=\"2026-01-19T11:20:25+00:00\" \/>\n<meta property=\"og:image\" content=\"https:\/\/descartes.tn\/wp-content\/uploads\/2026\/01\/can-2025-770x470-1.jpg\" \/>\n\t<meta property=\"og:image:width\" content=\"770\" \/>\n\t<meta property=\"og:image:height\" content=\"470\" \/>\n\t<meta property=\"og:image:type\" content=\"image\/jpeg\" \/>\n<meta name=\"author\" content=\"admin\" \/>\n<meta name=\"twitter:card\" content=\"summary_large_image\" \/>\n<meta name=\"twitter:label1\" content=\"Written by\" \/>\n\t<meta name=\"twitter:data1\" content=\"admin\" \/>\n\t<meta name=\"twitter:label2\" content=\"Est. reading time\" \/>\n\t<meta name=\"twitter:data2\" content=\"4 minutes\" \/>\n<script type=\"application\/ld+json\" class=\"yoast-schema-graph\">{\"@context\":\"https:\\\/\\\/schema.org\",\"@graph\":[{\"@type\":\"Article\",\"@id\":\"https:\\\/\\\/descartes.tn\\\/index.php\\\/2026\\\/01\\\/19\\\/edouard-mendy-repond-aux-rumeurs-final-afcon-2025-2\\\/#article\",\"isPartOf\":{\"@id\":\"https:\\\/\\\/descartes.tn\\\/index.php\\\/2026\\\/01\\\/19\\\/edouard-mendy-repond-aux-rumeurs-final-afcon-2025-2\\\/\"},\"author\":{\"name\":\"admin\",\"@id\":\"https:\\\/\\\/descartes.tn\\\/#\\\/schema\\\/person\\\/9fd67540eb53221af50a61878b6721ae\"},\"headline\":\"\u00c9douard Mendy met fin aux rumeurs : aucun accord avec le Maroc en finale de la CAN 2025\",\"datePublished\":\"2026-01-19T11:20:24+00:00\",\"dateModified\":\"2026-01-19T11:20:25+00:00\",\"mainEntityOfPage\":{\"@id\":\"https:\\\/\\\/descartes.tn\\\/index.php\\\/2026\\\/01\\\/19\\\/edouard-mendy-repond-aux-rumeurs-final-afcon-2025-2\\\/\"},\"wordCount\":619,\"commentCount\":0,\"publisher\":{\"@id\":\"https:\\\/\\\/descartes.tn\\\/#organization\"},\"image\":{\"@id\":\"https:\\\/\\\/descartes.tn\\\/index.php\\\/2026\\\/01\\\/19\\\/edouard-mendy-repond-aux-rumeurs-final-afcon-2025-2\\\/#primaryimage\"},\"thumbnailUrl\":\"https:\\\/\\\/descartes.tn\\\/wp-content\\\/uploads\\\/2026\\\/01\\\/can-2025-770x470-1.jpg\",\"keywords\":[\"AFCON 2025\",\"Canal Plus\",\"finale CAN 2025\",\"Football\",\"Maroc\",\"Mendy\",\"Pape Gueye\",\"penalty Brahim Diaz\",\"rumeur accord\",\"Sadio Man\u00e9\",\"S\u00e9n\u00e9gal\"],\"articleSection\":[\"Actualit\u00e9s\",\"Sport\"],\"inLanguage\":\"en-US\",\"potentialAction\":[{\"@type\":\"CommentAction\",\"name\":\"Comment\",\"target\":[\"https:\\\/\\\/descartes.tn\\\/index.php\\\/2026\\\/01\\\/19\\\/edouard-mendy-repond-aux-rumeurs-final-afcon-2025-2\\\/#respond\"]}]},{\"@type\":\"WebPage\",\"@id\":\"https:\\\/\\\/descartes.tn\\\/index.php\\\/2026\\\/01\\\/19\\\/edouard-mendy-repond-aux-rumeurs-final-afcon-2025-2\\\/\",\"url\":\"https:\\\/\\\/descartes.tn\\\/index.php\\\/2026\\\/01\\\/19\\\/edouard-mendy-repond-aux-rumeurs-final-afcon-2025-2\\\/\",\"name\":\"\u00c9douard Mendy met fin aux rumeurs : aucun accord avec le Maroc en finale de la CAN 2025 - Descartes.tn\",\"isPartOf\":{\"@id\":\"https:\\\/\\\/descartes.tn\\\/#website\"},\"primaryImageOfPage\":{\"@id\":\"https:\\\/\\\/descartes.tn\\\/index.php\\\/2026\\\/01\\\/19\\\/edouard-mendy-repond-aux-rumeurs-final-afcon-2025-2\\\/#primaryimage\"},\"image\":{\"@id\":\"https:\\\/\\\/descartes.tn\\\/index.php\\\/2026\\\/01\\\/19\\\/edouard-mendy-repond-aux-rumeurs-final-afcon-2025-2\\\/#primaryimage\"},\"thumbnailUrl\":\"https:\\\/\\\/descartes.tn\\\/wp-content\\\/uploads\\\/2026\\\/01\\\/can-2025-770x470-1.jpg\",\"datePublished\":\"2026-01-19T11:20:24+00:00\",\"dateModified\":\"2026-01-19T11:20:25+00:00\",\"description\":\"Edouard Mendy d\u00e9ment toute rumeur d\u2019accord avec le Maroc lors de la finale de la CAN 2025, apr\u00e8s son arr\u00eat d\u00e9cisif sur le penalty de Brahim Diaz.\",\"breadcrumb\":{\"@id\":\"https:\\\/\\\/descartes.tn\\\/index.php\\\/2026\\\/01\\\/19\\\/edouard-mendy-repond-aux-rumeurs-final-afcon-2025-2\\\/#breadcrumb\"},\"inLanguage\":\"en-US\",\"potentialAction\":[{\"@type\":\"ReadAction\",\"target\":[\"https:\\\/\\\/descartes.tn\\\/index.php\\\/2026\\\/01\\\/19\\\/edouard-mendy-repond-aux-rumeurs-final-afcon-2025-2\\\/\"]}]},{\"@type\":\"ImageObject\",\"inLanguage\":\"en-US\",\"@id\":\"https:\\\/\\\/descartes.tn\\\/index.php\\\/2026\\\/01\\\/19\\\/edouard-mendy-repond-aux-rumeurs-final-afcon-2025-2\\\/#primaryimage\",\"url\":\"https:\\\/\\\/descartes.tn\\\/wp-content\\\/uploads\\\/2026\\\/01\\\/can-2025-770x470-1.jpg\",\"contentUrl\":\"https:\\\/\\\/descartes.tn\\\/wp-content\\\/uploads\\\/2026\\\/01\\\/can-2025-770x470-1.jpg\",\"width\":770,\"height\":470},{\"@type\":\"BreadcrumbList\",\"@id\":\"https:\\\/\\\/descartes.tn\\\/index.php\\\/2026\\\/01\\\/19\\\/edouard-mendy-repond-aux-rumeurs-final-afcon-2025-2\\\/#breadcrumb\",\"itemListElement\":[{\"@type\":\"ListItem\",\"position\":1,\"name\":\"Home\",\"item\":\"https:\\\/\\\/descartes.tn\\\/\"},{\"@type\":\"ListItem\",\"position\":2,\"name\":\"\u00c9douard Mendy met fin aux rumeurs : aucun accord avec le Maroc en finale de la CAN 2025\"}]},{\"@type\":\"WebSite\",\"@id\":\"https:\\\/\\\/descartes.tn\\\/#website\",\"url\":\"https:\\\/\\\/descartes.tn\\\/\",\"name\":\"Descartes.tn\",\"description\":\"\",\"publisher\":{\"@id\":\"https:\\\/\\\/descartes.tn\\\/#organization\"},\"potentialAction\":[{\"@type\":\"SearchAction\",\"target\":{\"@type\":\"EntryPoint\",\"urlTemplate\":\"https:\\\/\\\/descartes.tn\\\/?s={search_term_string}\"},\"query-input\":{\"@type\":\"PropertyValueSpecification\",\"valueRequired\":true,\"valueName\":\"search_term_string\"}}],\"inLanguage\":\"en-US\"},{\"@type\":\"Organization\",\"@id\":\"https:\\\/\\\/descartes.tn\\\/#organization\",\"name\":\"Descartes.tn\",\"url\":\"https:\\\/\\\/descartes.tn\\\/\",\"logo\":{\"@type\":\"ImageObject\",\"inLanguage\":\"en-US\",\"@id\":\"https:\\\/\\\/descartes.tn\\\/#\\\/schema\\\/logo\\\/image\\\/\",\"url\":\"https:\\\/\\\/descartes.tn\\\/wp-content\\\/uploads\\\/2025\\\/10\\\/cropped-Fichier-1-1.png\",\"contentUrl\":\"https:\\\/\\\/descartes.tn\\\/wp-content\\\/uploads\\\/2025\\\/10\\\/cropped-Fichier-1-1.png\",\"width\":136,\"height\":19,\"caption\":\"Descartes.tn\"},\"image\":{\"@id\":\"https:\\\/\\\/descartes.tn\\\/#\\\/schema\\\/logo\\\/image\\\/\"},\"sameAs\":[\"https:\\\/\\\/www.facebook.com\\\/Magdescartes\",\"https:\\\/\\\/www.instagram.com\\\/descartes.magazine\\\/\"]},{\"@type\":\"Person\",\"@id\":\"https:\\\/\\\/descartes.tn\\\/#\\\/schema\\\/person\\\/9fd67540eb53221af50a61878b6721ae\",\"name\":\"admin\",\"image\":{\"@type\":\"ImageObject\",\"inLanguage\":\"en-US\",\"@id\":\"https:\\\/\\\/secure.gravatar.com\\\/avatar\\\/871417dfba5a884ed81f7f8e04e2eea75e8ef480bcb1e5ea634438506d493132?s=96&d=mm&r=g\",\"url\":\"https:\\\/\\\/secure.gravatar.com\\\/avatar\\\/871417dfba5a884ed81f7f8e04e2eea75e8ef480bcb1e5ea634438506d493132?s=96&d=mm&r=g\",\"contentUrl\":\"https:\\\/\\\/secure.gravatar.com\\\/avatar\\\/871417dfba5a884ed81f7f8e04e2eea75e8ef480bcb1e5ea634438506d493132?s=96&d=mm&r=g\",\"caption\":\"admin\"},\"sameAs\":[\"https:\\\/\\\/descartes.tn\"],\"url\":\"https:\\\/\\\/descartes.tn\\\/index.php\\\/author\\\/admin_pmykj64c\\\/\"}]}<\/script>\n<!-- \/ Yoast SEO plugin. -->","yoast_head_json":{"title":"\u00c9douard Mendy met fin aux rumeurs : aucun accord avec le Maroc en finale de la CAN 2025 - Descartes.tn","description":"Edouard Mendy d\u00e9ment toute rumeur d\u2019accord avec le Maroc lors de la finale de la CAN 2025, apr\u00e8s son arr\u00eat d\u00e9cisif sur le penalty de Brahim Diaz.","robots":{"index":"index","follow":"follow","max-snippet":"max-snippet:-1","max-image-preview":"max-image-preview:large","max-video-preview":"max-video-preview:-1"},"canonical":"https:\/\/descartes.tn\/index.php\/2026\/01\/19\/edouard-mendy-repond-aux-rumeurs-final-afcon-2025-2\/","og_locale":"en_US","og_type":"article","og_title":"\u00c9douard Mendy met fin aux rumeurs : aucun accord avec le Maroc en finale de la CAN 2025 - Descartes.tn","og_description":"Edouard Mendy d\u00e9ment toute rumeur d\u2019accord avec le Maroc lors de la finale de la CAN 2025, apr\u00e8s son arr\u00eat d\u00e9cisif sur le penalty de Brahim Diaz.","og_url":"https:\/\/descartes.tn\/index.php\/2026\/01\/19\/edouard-mendy-repond-aux-rumeurs-final-afcon-2025-2\/","og_site_name":"Descartes.tn","article_publisher":"https:\/\/www.facebook.com\/Magdescartes","article_published_time":"2026-01-19T11:20:24+00:00","article_modified_time":"2026-01-19T11:20:25+00:00","og_image":[{"width":770,"height":470,"url":"https:\/\/descartes.tn\/wp-content\/uploads\/2026\/01\/can-2025-770x470-1.jpg","type":"image\/jpeg"}],"author":"admin","twitter_card":"summary_large_image","twitter_misc":{"Written by":"admin","Est. reading time":"4 minutes"},"schema":{"@context":"https:\/\/schema.org","@graph":[{"@type":"Article","@id":"https:\/\/descartes.tn\/index.php\/2026\/01\/19\/edouard-mendy-repond-aux-rumeurs-final-afcon-2025-2\/#article","isPartOf":{"@id":"https:\/\/descartes.tn\/index.php\/2026\/01\/19\/edouard-mendy-repond-aux-rumeurs-final-afcon-2025-2\/"},"author":{"name":"admin","@id":"https:\/\/descartes.tn\/#\/schema\/person\/9fd67540eb53221af50a61878b6721ae"},"headline":"\u00c9douard Mendy met fin aux rumeurs : aucun accord avec le Maroc en finale de la CAN 2025","datePublished":"2026-01-19T11:20:24+00:00","dateModified":"2026-01-19T11:20:25+00:00","mainEntityOfPage":{"@id":"https:\/\/descartes.tn\/index.php\/2026\/01\/19\/edouard-mendy-repond-aux-rumeurs-final-afcon-2025-2\/"},"wordCount":619,"commentCount":0,"publisher":{"@id":"https:\/\/descartes.tn\/#organization"},"image":{"@id":"https:\/\/descartes.tn\/index.php\/2026\/01\/19\/edouard-mendy-repond-aux-rumeurs-final-afcon-2025-2\/#primaryimage"},"thumbnailUrl":"https:\/\/descartes.tn\/wp-content\/uploads\/2026\/01\/can-2025-770x470-1.jpg","keywords":["AFCON 2025","Canal Plus","finale CAN 2025","Football","Maroc","Mendy","Pape Gueye","penalty Brahim Diaz","rumeur accord","Sadio Man\u00e9","S\u00e9n\u00e9gal"],"articleSection":["Actualit\u00e9s","Sport"],"inLanguage":"en-US","potentialAction":[{"@type":"CommentAction","name":"Comment","target":["https:\/\/descartes.tn\/index.php\/2026\/01\/19\/edouard-mendy-repond-aux-rumeurs-final-afcon-2025-2\/#respond"]}]},{"@type":"WebPage","@id":"https:\/\/descartes.tn\/index.php\/2026\/01\/19\/edouard-mendy-repond-aux-rumeurs-final-afcon-2025-2\/","url":"https:\/\/descartes.tn\/index.php\/2026\/01\/19\/edouard-mendy-repond-aux-rumeurs-final-afcon-2025-2\/","name":"\u00c9douard Mendy met fin aux rumeurs : aucun accord avec le Maroc en finale de la CAN 2025 - Descartes.tn","isPartOf":{"@id":"https:\/\/descartes.tn\/#website"},"primaryImageOfPage":{"@id":"https:\/\/descartes.tn\/index.php\/2026\/01\/19\/edouard-mendy-repond-aux-rumeurs-final-afcon-2025-2\/#primaryimage"},"image":{"@id":"https:\/\/descartes.tn\/index.php\/2026\/01\/19\/edouard-mendy-repond-aux-rumeurs-final-afcon-2025-2\/#primaryimage"},"thumbnailUrl":"https:\/\/descartes.tn\/wp-content\/uploads\/2026\/01\/can-2025-770x470-1.jpg","datePublished":"2026-01-19T11:20:24+00:00","dateModified":"2026-01-19T11:20:25+00:00","description":"Edouard Mendy d\u00e9ment toute rumeur d\u2019accord avec le Maroc lors de la finale de la CAN 2025, apr\u00e8s son arr\u00eat d\u00e9cisif sur le penalty de Brahim Diaz.","breadcrumb":{"@id":"https:\/\/descartes.tn\/index.php\/2026\/01\/19\/edouard-mendy-repond-aux-rumeurs-final-afcon-2025-2\/#breadcrumb"},"inLanguage":"en-US","potentialAction":[{"@type":"ReadAction","target":["https:\/\/descartes.tn\/index.php\/2026\/01\/19\/edouard-mendy-repond-aux-rumeurs-final-afcon-2025-2\/"]}]},{"@type":"ImageObject","inLanguage":"en-US","@id":"https:\/\/descartes.tn\/index.php\/2026\/01\/19\/edouard-mendy-repond-aux-rumeurs-final-afcon-2025-2\/#primaryimage","url":"https:\/\/descartes.tn\/wp-content\/uploads\/2026\/01\/can-2025-770x470-1.jpg","contentUrl":"https:\/\/descartes.tn\/wp-content\/uploads\/2026\/01\/can-2025-770x470-1.jpg","width":770,"height":470},{"@type":"BreadcrumbList","@id":"https:\/\/descartes.tn\/index.php\/2026\/01\/19\/edouard-mendy-repond-aux-rumeurs-final-afcon-2025-2\/#breadcrumb","itemListElement":[{"@type":"ListItem","position":1,"name":"Home","item":"https:\/\/descartes.tn\/"},{"@type":"ListItem","position":2,"name":"\u00c9douard Mendy met fin aux rumeurs : aucun accord avec le Maroc en finale de la CAN 2025"}]},{"@type":"WebSite","@id":"https:\/\/descartes.tn\/#website","url":"https:\/\/descartes.tn\/","name":"Descartes.tn","description":"","publisher":{"@id":"https:\/\/descartes.tn\/#organization"},"potentialAction":[{"@type":"SearchAction","target":{"@type":"EntryPoint","urlTemplate":"https:\/\/descartes.tn\/?s={search_term_string}"},"query-input":{"@type":"PropertyValueSpecification","valueRequired":true,"valueName":"search_term_string"}}],"inLanguage":"en-US"},{"@type":"Organization","@id":"https:\/\/descartes.tn\/#organization","name":"Descartes.tn","url":"https:\/\/descartes.tn\/","logo":{"@type":"ImageObject","inLanguage":"en-US","@id":"https:\/\/descartes.tn\/#\/schema\/logo\/image\/","url":"https:\/\/descartes.tn\/wp-content\/uploads\/2025\/10\/cropped-Fichier-1-1.png","contentUrl":"https:\/\/descartes.tn\/wp-content\/uploads\/2025\/10\/cropped-Fichier-1-1.png","width":136,"height":19,"caption":"Descartes.tn"},"image":{"@id":"https:\/\/descartes.tn\/#\/schema\/logo\/image\/"},"sameAs":["https:\/\/www.facebook.com\/Magdescartes","https:\/\/www.instagram.com\/descartes.magazine\/"]},{"@type":"Person","@id":"https:\/\/descartes.tn\/#\/schema\/person\/9fd67540eb53221af50a61878b6721ae","name":"admin","image":{"@type":"ImageObject","inLanguage":"en-US","@id":"https:\/\/secure.gravatar.com\/avatar\/871417dfba5a884ed81f7f8e04e2eea75e8ef480bcb1e5ea634438506d493132?s=96&d=mm&r=g","url":"https:\/\/secure.gravatar.com\/avatar\/871417dfba5a884ed81f7f8e04e2eea75e8ef480bcb1e5ea634438506d493132?s=96&d=mm&r=g","contentUrl":"https:\/\/secure.gravatar.com\/avatar\/871417dfba5a884ed81f7f8e04e2eea75e8ef480bcb1e5ea634438506d493132?s=96&d=mm&r=g","caption":"admin"},"sameAs":["https:\/\/descartes.tn"],"url":"https:\/\/descartes.tn\/index.php\/author\/admin_pmykj64c\/"}]}},"_links":{"self":[{"href":"https:\/\/descartes.tn\/index.php\/wp-json\/wp\/v2\/posts\/3164","targetHints":{"allow":["GET"]}}],"collection":[{"href":"https:\/\/descartes.tn\/index.php\/wp-json\/wp\/v2\/posts"}],"about":[{"href":"https:\/\/descartes.tn\/index.php\/wp-json\/wp\/v2\/types\/post"}],"author":[{"embeddable":true,"href":"https:\/\/descartes.tn\/index.php\/wp-json\/wp\/v2\/users\/1"}],"replies":[{"embeddable":true,"href":"https:\/\/descartes.tn\/index.php\/wp-json\/wp\/v2\/comments?post=3164"}],"version-history":[{"count":1,"href":"https:\/\/descartes.tn\/index.php\/wp-json\/wp\/v2\/posts\/3164\/revisions"}],"predecessor-version":[{"id":3172,"href":"https:\/\/descartes.tn\/index.php\/wp-json\/wp\/v2\/posts\/3164\/revisions\/3172"}],"wp:featuredmedia":[{"embeddable":true,"href":"https:\/\/descartes.tn\/index.php\/wp-json\/wp\/v2\/media\/3152"}],"wp:attachment":[{"href":"https:\/\/descartes.tn\/index.php\/wp-json\/wp\/v2\/media?parent=3164"}],"wp:term":[{"taxonomy":"category","embeddable":true,"href":"https:\/\/descartes.tn\/index.php\/wp-json\/wp\/v2\/categories?post=3164"},{"taxonomy":"post_tag","embeddable":true,"href":"https:\/\/descartes.tn\/index.php\/wp-json\/wp\/v2\/tags?post=3164"}],"curies":[{"name":"wp","href":"https:\/\/api.w.org\/{rel}","templated":true}]}}