{"id":3163,"date":"2026-01-19T12:24:44","date_gmt":"2026-01-19T11:24:44","guid":{"rendered":"https:\/\/descartes.tn\/?p=3163"},"modified":"2026-01-19T13:58:57","modified_gmt":"2026-01-19T12:58:57","slug":"lepopee-de-rabat-le-senegal-champion-dafrique-malgre-l-injustice-arbitrale","status":"publish","type":"post","link":"https:\/\/descartes.tn\/index.php\/2026\/01\/19\/lepopee-de-rabat-le-senegal-champion-dafrique-malgre-l-injustice-arbitrale\/","title":{"rendered":"L&#8217;\u00e9pop\u00e9e de Rabat : Le S\u00e9n\u00e9gal champion d&#8217;Afrique malgr\u00e9 l&#8217;\u00ab injustice \u00bb arbitrale"},"content":{"rendered":"\n<p>Dans l&#8217;un des matches les plus passionnants de l&#8217;histoire des finales de la Coupe d&#8217;Afrique des Nations 2025, l&#8217;\u00e9quipe nationale du S\u00e9n\u00e9gal a d\u00e9croch\u00e9 le titre apr\u00e8s sa victoire face \u00e0 son homologue marocaine au c\u0153ur de Rabat, lors d&#8217;une rencontre qui a tenu tout le monde en haleine et a d\u00e9pass\u00e9 les fronti\u00e8res du football pour devenir une le\u00e7on de pers\u00e9v\u00e9rance.<\/p>\n\n\n\n<h2 class=\"wp-block-heading\">Moments de rupture et de protestation<\/h2>\n\n\n\n<p>Les derni\u00e8res minutes du temps r\u00e9glementaire ont \u00e9t\u00e9 le th\u00e9\u00e2tre d&#8217;un drame absolu ; l&#8217;arbitre a annul\u00e9 un but salvateur pour le S\u00e9n\u00e9gal, suivi imm\u00e9diatement par l&#8217;octroi d&#8217;un penalty controvers\u00e9 en faveur du Maroc. Face \u00e0 ce sentiment d&#8217;\u00ab injustice \u00bb, les joueurs s\u00e9n\u00e9galais ont d\u00e9cid\u00e9 de quitter le terrain en signe de protestation symbolique, avant de revenir quelques minutes plus tard pour poursuivre la confrontation avec un esprit combatif exemplaire.<\/p>\n\n\n\n<h2 class=\"wp-block-heading\">L&#8217;arr\u00eat historique de Mendy<\/h2>\n\n\n\n<p><strong>Edouard Mendy<\/strong> s&#8217;est dress\u00e9 comme un rempart infranchissable face aux ambitions des \u00ab Lions de l&#8217;Atlas\u00bb, lorsqu&#8217;il a affront\u00e9 <strong>Brahim Diaz<\/strong> lors d&#8217;un penalty d\u00e9cisif. Diaz a tent\u00e9 d&#8217;ex\u00e9cuter son tir selon la c\u00e9l\u00e8bre m\u00e9thode \u00ab Panenka \u00bb, mais la vigilance de Mendy \u00e9tait au rendez-vous, sauvant ainsi le r\u00eave du S\u00e9n\u00e9gal d&#8217;un naufrage \u00e0 la derni\u00e8re minute.<\/p>\n\n\n\n<figure class=\"wp-block-image size-full\"><img loading=\"lazy\" decoding=\"async\" width=\"800\" height=\"533\" src=\"https:\/\/descartes.tn\/wp-content\/uploads\/2026\/01\/image-39.png\" alt=\"\" class=\"wp-image-3171\" srcset=\"https:\/\/descartes.tn\/wp-content\/uploads\/2026\/01\/image-39.png 800w, https:\/\/descartes.tn\/wp-content\/uploads\/2026\/01\/image-39-300x200.png 300w, https:\/\/descartes.tn\/wp-content\/uploads\/2026\/01\/image-39-768x512.png 768w\" sizes=\"auto, (max-width: 800px) 100vw, 800px\" \/><\/figure>\n\n\n\n<h2 class=\"wp-block-heading\">Le d\u00e9nouement sous la pluie de Rabat<\/h2>\n\n\n\n<p>D\u00e8s le d\u00e9but des prolongations, et sous une pluie battante recouvrant le stade de Rabat, <strong>Pape Gueye<\/strong> a r\u00e9ussi \u00e0 inscrire le but de l&#8217;avantage pour le S\u00e9n\u00e9gal \u00e0 la 94\u00e8me minute. Malgr\u00e9 les tentatives d\u00e9sesp\u00e9r\u00e9es des Marocains, qui se sont termin\u00e9es par des larmes de tristesse sur les visages des joueurs, l&#8217;arbitre a siffl\u00e9 la fin du match, d\u00e9clarant <strong>le S\u00e9n\u00e9gal champion d&#8217;Afrique 2025<\/strong>.<\/p>\n\n\n\n<figure class=\"wp-block-image size-full\"><img loading=\"lazy\" decoding=\"async\" width=\"800\" height=\"533\" src=\"https:\/\/descartes.tn\/wp-content\/uploads\/2026\/01\/image-38.png\" alt=\"\" class=\"wp-image-3170\" srcset=\"https:\/\/descartes.tn\/wp-content\/uploads\/2026\/01\/image-38.png 800w, https:\/\/descartes.tn\/wp-content\/uploads\/2026\/01\/image-38-300x200.png 300w, https:\/\/descartes.tn\/wp-content\/uploads\/2026\/01\/image-38-768x512.png 768w\" sizes=\"auto, (max-width: 800px) 100vw, 800px\" \/><\/figure>\n\n\n\n<p><\/p>\n","protected":false},"excerpt":{"rendered":"<p>Dans l&#8217;un des matches les plus passionnants de l&#8217;histoire des finales de la Coupe d&#8217;Afrique des Nations 2025, l&#8217;\u00e9quipe nationale du S\u00e9n\u00e9gal a d\u00e9croch\u00e9 le titre apr\u00e8s sa victoire face \u00e0 son homologue marocaine au c\u0153ur de Rabat, lors d&#8217;une rencontre qui a tenu tout le monde en haleine et a d\u00e9pass\u00e9 les fronti\u00e8res du [&hellip;]<\/p>\n","protected":false},"author":12,"featured_media":3154,"comment_status":"open","ping_status":"closed","sticky":false,"template":"","format":"standard","meta":{"footnotes":""},"categories":[1,11],"tags":[6187],"class_list":["post-3163","post","type-post","status-publish","format-standard","has-post-thumbnail","hentry","category-actualites","category-sport","tag-finale-can-2025"],"yoast_head":"<!-- This site is optimized with the Yoast SEO plugin v27.5 - https:\/\/yoast.com\/product\/yoast-seo-wordpress\/ -->\n<title>L&#039;\u00e9pop\u00e9e de Rabat : Le S\u00e9n\u00e9gal champion d&#039;Afrique malgr\u00e9 l&#039;\u00ab injustice \u00bb arbitrale - Descartes.tn<\/title>\n<meta name=\"description\" content=\"D\u00e9couvrez l&#039;\u00e9pop\u00e9e de Rabat (CAN 2025) : comment le S\u00e9n\u00e9gal a battu le Maroc malgr\u00e9 l&#039;arbitrage. De l&#039;arr\u00eat de Mendy au but de Pape Gueye sous la pluie.\" \/>\n<meta name=\"robots\" content=\"index, follow, max-snippet:-1, max-image-preview:large, max-video-preview:-1\" \/>\n<link rel=\"canonical\" href=\"https:\/\/descartes.tn\/index.php\/2026\/01\/19\/lepopee-de-rabat-le-senegal-champion-dafrique-malgre-l-injustice-arbitrale\/\" \/>\n<meta property=\"og:locale\" content=\"en_US\" \/>\n<meta property=\"og:type\" content=\"article\" \/>\n<meta property=\"og:title\" content=\"L\u2019\u00e9pop\u00e9e de Rabat : Le S\u00e9n\u00e9gal champion d\u2019Afrique malgr\u00e9 l\u2019\u00ab injustice \u00bb arbitrale\" \/>\n<meta property=\"og:description\" content=\"D\u00e9couvrez l&#039;\u00e9pop\u00e9e de Rabat (CAN 2025) : comment le S\u00e9n\u00e9gal a battu le Maroc malgr\u00e9 l&#039;arbitrage. De l&#039;arr\u00eat de Mendy au but de Pape Gueye sous la pluie.\" \/>\n<meta property=\"og:url\" content=\"https:\/\/descartes.tn\/index.php\/2026\/01\/19\/lepopee-de-rabat-le-senegal-champion-dafrique-malgre-l-injustice-arbitrale\/\" \/>\n<meta property=\"og:site_name\" content=\"Descartes.tn\" \/>\n<meta property=\"article:publisher\" content=\"https:\/\/www.facebook.com\/Magdescartes\" \/>\n<meta property=\"article:published_time\" content=\"2026-01-19T11:24:44+00:00\" \/>\n<meta property=\"article:modified_time\" content=\"2026-01-19T12:58:57+00:00\" \/>\n<meta property=\"og:image\" content=\"https:\/\/descartes.tn\/wp-content\/uploads\/2026\/01\/image-38.png\" \/>\n\t<meta property=\"og:image:width\" content=\"800\" \/>\n\t<meta property=\"og:image:height\" content=\"533\" \/>\n\t<meta property=\"og:image:type\" content=\"image\/png\" \/>\n<meta name=\"author\" content=\"Aziz Meddeb\" \/>\n<meta name=\"twitter:card\" content=\"summary_large_image\" \/>\n<meta name=\"twitter:label1\" content=\"Written by\" \/>\n\t<meta name=\"twitter:data1\" content=\"Aziz Meddeb\" \/>\n\t<meta name=\"twitter:label2\" content=\"Est. reading time\" \/>\n\t<meta name=\"twitter:data2\" content=\"2 minutes\" \/>\n<script type=\"application\/ld+json\" class=\"yoast-schema-graph\">{\"@context\":\"https:\\\/\\\/schema.org\",\"@graph\":[{\"@type\":\"Article\",\"@id\":\"https:\\\/\\\/descartes.tn\\\/index.php\\\/2026\\\/01\\\/19\\\/lepopee-de-rabat-le-senegal-champion-dafrique-malgre-l-injustice-arbitrale\\\/#article\",\"isPartOf\":{\"@id\":\"https:\\\/\\\/descartes.tn\\\/index.php\\\/2026\\\/01\\\/19\\\/lepopee-de-rabat-le-senegal-champion-dafrique-malgre-l-injustice-arbitrale\\\/\"},\"author\":{\"name\":\"Aziz Meddeb\",\"@id\":\"https:\\\/\\\/descartes.tn\\\/#\\\/schema\\\/person\\\/d73d5c12e9286d173570b1db529e3c78\"},\"headline\":\"L&#8217;\u00e9pop\u00e9e de Rabat : Le S\u00e9n\u00e9gal champion d&#8217;Afrique malgr\u00e9 l&#8217;\u00ab injustice \u00bb arbitrale\",\"datePublished\":\"2026-01-19T11:24:44+00:00\",\"dateModified\":\"2026-01-19T12:58:57+00:00\",\"mainEntityOfPage\":{\"@id\":\"https:\\\/\\\/descartes.tn\\\/index.php\\\/2026\\\/01\\\/19\\\/lepopee-de-rabat-le-senegal-champion-dafrique-malgre-l-injustice-arbitrale\\\/\"},\"wordCount\":338,\"commentCount\":0,\"publisher\":{\"@id\":\"https:\\\/\\\/descartes.tn\\\/#organization\"},\"image\":{\"@id\":\"https:\\\/\\\/descartes.tn\\\/index.php\\\/2026\\\/01\\\/19\\\/lepopee-de-rabat-le-senegal-champion-dafrique-malgre-l-injustice-arbitrale\\\/#primaryimage\"},\"thumbnailUrl\":\"https:\\\/\\\/descartes.tn\\\/wp-content\\\/uploads\\\/2026\\\/01\\\/23e34cd9-7871-447d-bf6c-5e1a38723a33.jpg.webp\",\"keywords\":[\"finale CAN 2025\"],\"articleSection\":[\"Actualit\u00e9s\",\"Sport\"],\"inLanguage\":\"en-US\",\"potentialAction\":[{\"@type\":\"CommentAction\",\"name\":\"Comment\",\"target\":[\"https:\\\/\\\/descartes.tn\\\/index.php\\\/2026\\\/01\\\/19\\\/lepopee-de-rabat-le-senegal-champion-dafrique-malgre-l-injustice-arbitrale\\\/#respond\"]}]},{\"@type\":\"WebPage\",\"@id\":\"https:\\\/\\\/descartes.tn\\\/index.php\\\/2026\\\/01\\\/19\\\/lepopee-de-rabat-le-senegal-champion-dafrique-malgre-l-injustice-arbitrale\\\/\",\"url\":\"https:\\\/\\\/descartes.tn\\\/index.php\\\/2026\\\/01\\\/19\\\/lepopee-de-rabat-le-senegal-champion-dafrique-malgre-l-injustice-arbitrale\\\/\",\"name\":\"L'\u00e9pop\u00e9e de Rabat : Le S\u00e9n\u00e9gal champion d'Afrique malgr\u00e9 l'\u00ab injustice \u00bb arbitrale - Descartes.tn\",\"isPartOf\":{\"@id\":\"https:\\\/\\\/descartes.tn\\\/#website\"},\"primaryImageOfPage\":{\"@id\":\"https:\\\/\\\/descartes.tn\\\/index.php\\\/2026\\\/01\\\/19\\\/lepopee-de-rabat-le-senegal-champion-dafrique-malgre-l-injustice-arbitrale\\\/#primaryimage\"},\"image\":{\"@id\":\"https:\\\/\\\/descartes.tn\\\/index.php\\\/2026\\\/01\\\/19\\\/lepopee-de-rabat-le-senegal-champion-dafrique-malgre-l-injustice-arbitrale\\\/#primaryimage\"},\"thumbnailUrl\":\"https:\\\/\\\/descartes.tn\\\/wp-content\\\/uploads\\\/2026\\\/01\\\/23e34cd9-7871-447d-bf6c-5e1a38723a33.jpg.webp\",\"datePublished\":\"2026-01-19T11:24:44+00:00\",\"dateModified\":\"2026-01-19T12:58:57+00:00\",\"description\":\"D\u00e9couvrez l'\u00e9pop\u00e9e de Rabat (CAN 2025) : comment le S\u00e9n\u00e9gal a battu le Maroc malgr\u00e9 l'arbitrage. De l'arr\u00eat de Mendy au but de Pape Gueye sous la pluie.\",\"breadcrumb\":{\"@id\":\"https:\\\/\\\/descartes.tn\\\/index.php\\\/2026\\\/01\\\/19\\\/lepopee-de-rabat-le-senegal-champion-dafrique-malgre-l-injustice-arbitrale\\\/#breadcrumb\"},\"inLanguage\":\"en-US\",\"potentialAction\":[{\"@type\":\"ReadAction\",\"target\":[\"https:\\\/\\\/descartes.tn\\\/index.php\\\/2026\\\/01\\\/19\\\/lepopee-de-rabat-le-senegal-champion-dafrique-malgre-l-injustice-arbitrale\\\/\"]}]},{\"@type\":\"ImageObject\",\"inLanguage\":\"en-US\",\"@id\":\"https:\\\/\\\/descartes.tn\\\/index.php\\\/2026\\\/01\\\/19\\\/lepopee-de-rabat-le-senegal-champion-dafrique-malgre-l-injustice-arbitrale\\\/#primaryimage\",\"url\":\"https:\\\/\\\/descartes.tn\\\/wp-content\\\/uploads\\\/2026\\\/01\\\/23e34cd9-7871-447d-bf6c-5e1a38723a33.jpg.webp\",\"contentUrl\":\"https:\\\/\\\/descartes.tn\\\/wp-content\\\/uploads\\\/2026\\\/01\\\/23e34cd9-7871-447d-bf6c-5e1a38723a33.jpg.webp\",\"width\":800,\"height\":533},{\"@type\":\"BreadcrumbList\",\"@id\":\"https:\\\/\\\/descartes.tn\\\/index.php\\\/2026\\\/01\\\/19\\\/lepopee-de-rabat-le-senegal-champion-dafrique-malgre-l-injustice-arbitrale\\\/#breadcrumb\",\"itemListElement\":[{\"@type\":\"ListItem\",\"position\":1,\"name\":\"Home\",\"item\":\"https:\\\/\\\/descartes.tn\\\/\"},{\"@type\":\"ListItem\",\"position\":2,\"name\":\"L&#8217;\u00e9pop\u00e9e de Rabat : Le S\u00e9n\u00e9gal champion d&#8217;Afrique malgr\u00e9 l&#8217;\u00ab injustice \u00bb arbitrale\"}]},{\"@type\":\"WebSite\",\"@id\":\"https:\\\/\\\/descartes.tn\\\/#website\",\"url\":\"https:\\\/\\\/descartes.tn\\\/\",\"name\":\"Descartes.tn\",\"description\":\"\",\"publisher\":{\"@id\":\"https:\\\/\\\/descartes.tn\\\/#organization\"},\"potentialAction\":[{\"@type\":\"SearchAction\",\"target\":{\"@type\":\"EntryPoint\",\"urlTemplate\":\"https:\\\/\\\/descartes.tn\\\/?s={search_term_string}\"},\"query-input\":{\"@type\":\"PropertyValueSpecification\",\"valueRequired\":true,\"valueName\":\"search_term_string\"}}],\"inLanguage\":\"en-US\"},{\"@type\":\"Organization\",\"@id\":\"https:\\\/\\\/descartes.tn\\\/#organization\",\"name\":\"Descartes.tn\",\"url\":\"https:\\\/\\\/descartes.tn\\\/\",\"logo\":{\"@type\":\"ImageObject\",\"inLanguage\":\"en-US\",\"@id\":\"https:\\\/\\\/descartes.tn\\\/#\\\/schema\\\/logo\\\/image\\\/\",\"url\":\"https:\\\/\\\/descartes.tn\\\/wp-content\\\/uploads\\\/2025\\\/10\\\/cropped-Fichier-1-1.png\",\"contentUrl\":\"https:\\\/\\\/descartes.tn\\\/wp-content\\\/uploads\\\/2025\\\/10\\\/cropped-Fichier-1-1.png\",\"width\":136,\"height\":19,\"caption\":\"Descartes.tn\"},\"image\":{\"@id\":\"https:\\\/\\\/descartes.tn\\\/#\\\/schema\\\/logo\\\/image\\\/\"},\"sameAs\":[\"https:\\\/\\\/www.facebook.com\\\/Magdescartes\",\"https:\\\/\\\/www.instagram.com\\\/descartes.magazine\\\/\"]},{\"@type\":\"Person\",\"@id\":\"https:\\\/\\\/descartes.tn\\\/#\\\/schema\\\/person\\\/d73d5c12e9286d173570b1db529e3c78\",\"name\":\"Aziz Meddeb\",\"image\":{\"@type\":\"ImageObject\",\"inLanguage\":\"en-US\",\"@id\":\"https:\\\/\\\/secure.gravatar.com\\\/avatar\\\/d57a7879ec4834ba93f6386d462a7e1a5e7759fe076c5c3081cc5ac387f99215?s=96&d=mm&r=g\",\"url\":\"https:\\\/\\\/secure.gravatar.com\\\/avatar\\\/d57a7879ec4834ba93f6386d462a7e1a5e7759fe076c5c3081cc5ac387f99215?s=96&d=mm&r=g\",\"contentUrl\":\"https:\\\/\\\/secure.gravatar.com\\\/avatar\\\/d57a7879ec4834ba93f6386d462a7e1a5e7759fe076c5c3081cc5ac387f99215?s=96&d=mm&r=g\",\"caption\":\"Aziz Meddeb\"},\"sameAs\":[\"http:\\\/\\\/descartes.tn\"],\"url\":\"https:\\\/\\\/descartes.tn\\\/index.php\\\/author\\\/azizmeddeb\\\/\"}]}<\/script>\n<!-- \/ Yoast SEO plugin. -->","yoast_head_json":{"title":"L'\u00e9pop\u00e9e de Rabat : Le S\u00e9n\u00e9gal champion d'Afrique malgr\u00e9 l'\u00ab injustice \u00bb arbitrale - Descartes.tn","description":"D\u00e9couvrez l'\u00e9pop\u00e9e de Rabat (CAN 2025) : comment le S\u00e9n\u00e9gal a battu le Maroc malgr\u00e9 l'arbitrage. De l'arr\u00eat de Mendy au but de Pape Gueye sous la pluie.","robots":{"index":"index","follow":"follow","max-snippet":"max-snippet:-1","max-image-preview":"max-image-preview:large","max-video-preview":"max-video-preview:-1"},"canonical":"https:\/\/descartes.tn\/index.php\/2026\/01\/19\/lepopee-de-rabat-le-senegal-champion-dafrique-malgre-l-injustice-arbitrale\/","og_locale":"en_US","og_type":"article","og_title":"L\u2019\u00e9pop\u00e9e de Rabat : Le S\u00e9n\u00e9gal champion d\u2019Afrique malgr\u00e9 l\u2019\u00ab injustice \u00bb arbitrale","og_description":"D\u00e9couvrez l'\u00e9pop\u00e9e de Rabat (CAN 2025) : comment le S\u00e9n\u00e9gal a battu le Maroc malgr\u00e9 l'arbitrage. De l'arr\u00eat de Mendy au but de Pape Gueye sous la pluie.","og_url":"https:\/\/descartes.tn\/index.php\/2026\/01\/19\/lepopee-de-rabat-le-senegal-champion-dafrique-malgre-l-injustice-arbitrale\/","og_site_name":"Descartes.tn","article_publisher":"https:\/\/www.facebook.com\/Magdescartes","article_published_time":"2026-01-19T11:24:44+00:00","article_modified_time":"2026-01-19T12:58:57+00:00","og_image":[{"width":800,"height":533,"url":"https:\/\/descartes.tn\/wp-content\/uploads\/2026\/01\/image-38.png","type":"image\/png"}],"author":"Aziz Meddeb","twitter_card":"summary_large_image","twitter_misc":{"Written by":"Aziz Meddeb","Est. reading time":"2 minutes"},"schema":{"@context":"https:\/\/schema.org","@graph":[{"@type":"Article","@id":"https:\/\/descartes.tn\/index.php\/2026\/01\/19\/lepopee-de-rabat-le-senegal-champion-dafrique-malgre-l-injustice-arbitrale\/#article","isPartOf":{"@id":"https:\/\/descartes.tn\/index.php\/2026\/01\/19\/lepopee-de-rabat-le-senegal-champion-dafrique-malgre-l-injustice-arbitrale\/"},"author":{"name":"Aziz Meddeb","@id":"https:\/\/descartes.tn\/#\/schema\/person\/d73d5c12e9286d173570b1db529e3c78"},"headline":"L&#8217;\u00e9pop\u00e9e de Rabat : Le S\u00e9n\u00e9gal champion d&#8217;Afrique malgr\u00e9 l&#8217;\u00ab injustice \u00bb arbitrale","datePublished":"2026-01-19T11:24:44+00:00","dateModified":"2026-01-19T12:58:57+00:00","mainEntityOfPage":{"@id":"https:\/\/descartes.tn\/index.php\/2026\/01\/19\/lepopee-de-rabat-le-senegal-champion-dafrique-malgre-l-injustice-arbitrale\/"},"wordCount":338,"commentCount":0,"publisher":{"@id":"https:\/\/descartes.tn\/#organization"},"image":{"@id":"https:\/\/descartes.tn\/index.php\/2026\/01\/19\/lepopee-de-rabat-le-senegal-champion-dafrique-malgre-l-injustice-arbitrale\/#primaryimage"},"thumbnailUrl":"https:\/\/descartes.tn\/wp-content\/uploads\/2026\/01\/23e34cd9-7871-447d-bf6c-5e1a38723a33.jpg.webp","keywords":["finale CAN 2025"],"articleSection":["Actualit\u00e9s","Sport"],"inLanguage":"en-US","potentialAction":[{"@type":"CommentAction","name":"Comment","target":["https:\/\/descartes.tn\/index.php\/2026\/01\/19\/lepopee-de-rabat-le-senegal-champion-dafrique-malgre-l-injustice-arbitrale\/#respond"]}]},{"@type":"WebPage","@id":"https:\/\/descartes.tn\/index.php\/2026\/01\/19\/lepopee-de-rabat-le-senegal-champion-dafrique-malgre-l-injustice-arbitrale\/","url":"https:\/\/descartes.tn\/index.php\/2026\/01\/19\/lepopee-de-rabat-le-senegal-champion-dafrique-malgre-l-injustice-arbitrale\/","name":"L'\u00e9pop\u00e9e de Rabat : Le S\u00e9n\u00e9gal champion d'Afrique malgr\u00e9 l'\u00ab injustice \u00bb arbitrale - Descartes.tn","isPartOf":{"@id":"https:\/\/descartes.tn\/#website"},"primaryImageOfPage":{"@id":"https:\/\/descartes.tn\/index.php\/2026\/01\/19\/lepopee-de-rabat-le-senegal-champion-dafrique-malgre-l-injustice-arbitrale\/#primaryimage"},"image":{"@id":"https:\/\/descartes.tn\/index.php\/2026\/01\/19\/lepopee-de-rabat-le-senegal-champion-dafrique-malgre-l-injustice-arbitrale\/#primaryimage"},"thumbnailUrl":"https:\/\/descartes.tn\/wp-content\/uploads\/2026\/01\/23e34cd9-7871-447d-bf6c-5e1a38723a33.jpg.webp","datePublished":"2026-01-19T11:24:44+00:00","dateModified":"2026-01-19T12:58:57+00:00","description":"D\u00e9couvrez l'\u00e9pop\u00e9e de Rabat (CAN 2025) : comment le S\u00e9n\u00e9gal a battu le Maroc malgr\u00e9 l'arbitrage. De l'arr\u00eat de Mendy au but de Pape Gueye sous la pluie.","breadcrumb":{"@id":"https:\/\/descartes.tn\/index.php\/2026\/01\/19\/lepopee-de-rabat-le-senegal-champion-dafrique-malgre-l-injustice-arbitrale\/#breadcrumb"},"inLanguage":"en-US","potentialAction":[{"@type":"ReadAction","target":["https:\/\/descartes.tn\/index.php\/2026\/01\/19\/lepopee-de-rabat-le-senegal-champion-dafrique-malgre-l-injustice-arbitrale\/"]}]},{"@type":"ImageObject","inLanguage":"en-US","@id":"https:\/\/descartes.tn\/index.php\/2026\/01\/19\/lepopee-de-rabat-le-senegal-champion-dafrique-malgre-l-injustice-arbitrale\/#primaryimage","url":"https:\/\/descartes.tn\/wp-content\/uploads\/2026\/01\/23e34cd9-7871-447d-bf6c-5e1a38723a33.jpg.webp","contentUrl":"https:\/\/descartes.tn\/wp-content\/uploads\/2026\/01\/23e34cd9-7871-447d-bf6c-5e1a38723a33.jpg.webp","width":800,"height":533},{"@type":"BreadcrumbList","@id":"https:\/\/descartes.tn\/index.php\/2026\/01\/19\/lepopee-de-rabat-le-senegal-champion-dafrique-malgre-l-injustice-arbitrale\/#breadcrumb","itemListElement":[{"@type":"ListItem","position":1,"name":"Home","item":"https:\/\/descartes.tn\/"},{"@type":"ListItem","position":2,"name":"L&#8217;\u00e9pop\u00e9e de Rabat : Le S\u00e9n\u00e9gal champion d&#8217;Afrique malgr\u00e9 l&#8217;\u00ab injustice \u00bb arbitrale"}]},{"@type":"WebSite","@id":"https:\/\/descartes.tn\/#website","url":"https:\/\/descartes.tn\/","name":"Descartes.tn","description":"","publisher":{"@id":"https:\/\/descartes.tn\/#organization"},"potentialAction":[{"@type":"SearchAction","target":{"@type":"EntryPoint","urlTemplate":"https:\/\/descartes.tn\/?s={search_term_string}"},"query-input":{"@type":"PropertyValueSpecification","valueRequired":true,"valueName":"search_term_string"}}],"inLanguage":"en-US"},{"@type":"Organization","@id":"https:\/\/descartes.tn\/#organization","name":"Descartes.tn","url":"https:\/\/descartes.tn\/","logo":{"@type":"ImageObject","inLanguage":"en-US","@id":"https:\/\/descartes.tn\/#\/schema\/logo\/image\/","url":"https:\/\/descartes.tn\/wp-content\/uploads\/2025\/10\/cropped-Fichier-1-1.png","contentUrl":"https:\/\/descartes.tn\/wp-content\/uploads\/2025\/10\/cropped-Fichier-1-1.png","width":136,"height":19,"caption":"Descartes.tn"},"image":{"@id":"https:\/\/descartes.tn\/#\/schema\/logo\/image\/"},"sameAs":["https:\/\/www.facebook.com\/Magdescartes","https:\/\/www.instagram.com\/descartes.magazine\/"]},{"@type":"Person","@id":"https:\/\/descartes.tn\/#\/schema\/person\/d73d5c12e9286d173570b1db529e3c78","name":"Aziz Meddeb","image":{"@type":"ImageObject","inLanguage":"en-US","@id":"https:\/\/secure.gravatar.com\/avatar\/d57a7879ec4834ba93f6386d462a7e1a5e7759fe076c5c3081cc5ac387f99215?s=96&d=mm&r=g","url":"https:\/\/secure.gravatar.com\/avatar\/d57a7879ec4834ba93f6386d462a7e1a5e7759fe076c5c3081cc5ac387f99215?s=96&d=mm&r=g","contentUrl":"https:\/\/secure.gravatar.com\/avatar\/d57a7879ec4834ba93f6386d462a7e1a5e7759fe076c5c3081cc5ac387f99215?s=96&d=mm&r=g","caption":"Aziz Meddeb"},"sameAs":["http:\/\/descartes.tn"],"url":"https:\/\/descartes.tn\/index.php\/author\/azizmeddeb\/"}]}},"_links":{"self":[{"href":"https:\/\/descartes.tn\/index.php\/wp-json\/wp\/v2\/posts\/3163","targetHints":{"allow":["GET"]}}],"collection":[{"href":"https:\/\/descartes.tn\/index.php\/wp-json\/wp\/v2\/posts"}],"about":[{"href":"https:\/\/descartes.tn\/index.php\/wp-json\/wp\/v2\/types\/post"}],"author":[{"embeddable":true,"href":"https:\/\/descartes.tn\/index.php\/wp-json\/wp\/v2\/users\/12"}],"replies":[{"embeddable":true,"href":"https:\/\/descartes.tn\/index.php\/wp-json\/wp\/v2\/comments?post=3163"}],"version-history":[{"count":2,"href":"https:\/\/descartes.tn\/index.php\/wp-json\/wp\/v2\/posts\/3163\/revisions"}],"predecessor-version":[{"id":3198,"href":"https:\/\/descartes.tn\/index.php\/wp-json\/wp\/v2\/posts\/3163\/revisions\/3198"}],"wp:featuredmedia":[{"embeddable":true,"href":"https:\/\/descartes.tn\/index.php\/wp-json\/wp\/v2\/media\/3154"}],"wp:attachment":[{"href":"https:\/\/descartes.tn\/index.php\/wp-json\/wp\/v2\/media?parent=3163"}],"wp:term":[{"taxonomy":"category","embeddable":true,"href":"https:\/\/descartes.tn\/index.php\/wp-json\/wp\/v2\/categories?post=3163"},{"taxonomy":"post_tag","embeddable":true,"href":"https:\/\/descartes.tn\/index.php\/wp-json\/wp\/v2\/tags?post=3163"}],"curies":[{"name":"wp","href":"https:\/\/api.w.org\/{rel}","templated":true}]}}