{"id":3124,"date":"2026-01-16T13:18:00","date_gmt":"2026-01-16T12:18:00","guid":{"rendered":"https:\/\/descartes.tn\/?p=3124"},"modified":"2026-01-16T13:18:00","modified_gmt":"2026-01-16T12:18:00","slug":"la-startup-tunisienne-the-landlord-selectionnee-aux-global-proptechcontechawards-2026-a-dubai","status":"publish","type":"post","link":"https:\/\/descartes.tn\/index.php\/2026\/01\/16\/la-startup-tunisienne-the-landlord-selectionnee-aux-global-proptechcontechawards-2026-a-dubai\/","title":{"rendered":"La startup tunisienne The Landlord s\u00e9lectionn\u00e9e aux Global Proptech&amp;ContechAwards 2026 \u00e0 Duba\u00ef"},"content":{"rendered":"\n<p>La startup tunisienne The Landlord, leader de la gestion locative haut de gamme de courte dur\u00e9e avec plus de 120 logements en gestion, premi\u00e8re application mobile de vacances en Tunisie,a \u00e9t\u00e9 retenue pour participer aux Global Proptech&amp;ContechAwards 2026, un \u00e9v\u00e9nement international de r\u00e9f\u00e9rence qui se tiendra \u00e0 Duba\u00ef.<\/p>\n\n\n\n<p>Cette s\u00e9lection place The Landlord aux c\u00f4t\u00e9s de grands acteurs mondiaux du secteur, \u00e0 l\u2019image de GuestReady, op\u00e9rateur de plus de 2 000 logements et g\u00e9n\u00e9rant plus de 150 millions d\u2019euros de chiffre d\u2019affaires.<\/p>\n\n\n\n<p>\u00ab&nbsp;<em>C\u2019est un v\u00e9ritable honneur pour nous en tant que Tunisiens d\u2019avoir \u00e9t\u00e9 s\u00e9lectionn\u00e9s dans deux cat\u00e9gories \u00e0 cette manifestation majeure gr\u00e2ce au logiciel que nous avons d\u00e9velopp\u00e9es destin\u00e9 aux gestionnaires immobiliers, qui nous permet de g\u00e9rer efficacement 140 propri\u00e9t\u00e9s en France et en Tunisie<\/em>&nbsp;\u00bb, ont d\u00e9clar\u00e9 \u00e0 cette occasionles promoteurs de la plateforme, Farouk et Sarah Ben Achour.<\/p>\n\n\n\n<p>Une reconnaissance majeure pour une plateforme technologique d\u00e9velopp\u00e9e en Tunisie, qui confirme la maturit\u00e9 et la comp\u00e9titivit\u00e9 de l\u2019\u00e9cosyst\u00e8me proptech local qui en cours d\u2019extension en en France et qui dispose d\u2019un PMS certifi\u00e9 lui permettant de d\u00e9velopper des franchises.<\/p>\n\n\n\n<figure class=\"wp-block-image size-full\"><img loading=\"lazy\" decoding=\"async\" width=\"700\" height=\"427\" src=\"https:\/\/descartes.tn\/wp-content\/uploads\/2026\/01\/image-35.png\" alt=\"\" class=\"wp-image-3125\" srcset=\"https:\/\/descartes.tn\/wp-content\/uploads\/2026\/01\/image-35.png 700w, https:\/\/descartes.tn\/wp-content\/uploads\/2026\/01\/image-35-300x183.png 300w\" sizes=\"auto, (max-width: 700px) 100vw, 700px\" \/><\/figure>\n\n\n\n<p><strong>D\u2019une id\u00e9e fondatrice \u00e0 une solution technologique de r\u00e9f\u00e9rence<\/strong><\/p>\n\n\n\n<p>L\u2019histoire de The Landlord d\u00e9bute en 2020, avec le d\u00e9veloppement d\u2019un premier module destin\u00e9 \u00e0 automatiser l\u2019envoi d\u2019e-mails aux propri\u00e9taires afin de les informer des locations en cours et de calculer leurs revenus. \u00c0 cette \u00e9poque, l\u2019ensemble des r\u00e9servations \u00e9tait encore saisi manuellement pour assurer la fiabilit\u00e9 du syst\u00e8me.<\/p>\n\n\n\n<p>Depuis, la plateforme a connu une \u00e9volution rapide et structurante. Aujourd\u2019hui, The Landlord Manager s\u2019impose comme un channelmanager certifi\u00e9, connect\u00e9 \u00e0 plus de 50 plateformes de r\u00e9servation \u00e0 l\u2019\u00e9chelle mondiale. La solution permet une gestion centralis\u00e9e et optimis\u00e9e des r\u00e9servations, tout en offrant aux propri\u00e9taires un espace d\u00e9di\u00e9 leur donnant une visibilit\u00e9 compl\u00e8te sur la performance de leurs biens.<\/p>\n\n\n\n<p>Elle int\u00e8gre \u00e9galement le check-in en ligne, des outils de comptabilit\u00e9, un CRM avanc\u00e9, ainsi qu\u2019une base clients enrichie d\u2019un historique d\u00e9taill\u00e9 et de m\u00e9canismes de fid\u00e9lisation. L\u2019ensemble de ces fonctionnalit\u00e9s fait de The Landlord une solution compl\u00e8te, pens\u00e9e pour r\u00e9pondre aux exigences des professionnels de la location de courte dur\u00e9e.<\/p>\n\n\n\n<p><strong>Mobilisation pour acc\u00e9der au Top 10 mondial<\/strong><\/p>\n\n\n\n<p>La prochaine \u00e9tape est d\u00e9sormais cruciale. Pour int\u00e9grer le Top 10 des Global Proptech&amp;ContechAwards 2026 et pr\u00e9tendre au titre, The Landlord lance un appel \u00e0 la mobilisation de sa communaut\u00e9, de ses partenaires et des acteurs du secteur. Le vote est simple et accessible en quelques clics via les deux liens suivants qui concernent une cat\u00e9gorie sp\u00e9cifique&nbsp;:<br><a href=\"http:\/\/meawards.untap.us\/...\/2c95363e-9002-465f-997b\">http:\/\/meawards.untap.us\/&#8230;\/2c95363e-9002-465f-997b<\/a>&#8230;<\/p>\n\n\n\n<p><strong>Une reconnaissance qui ouvre la voie \u00e0 l\u2019international<\/strong><\/p>\n\n\n\n<p>Au-del\u00e0 de ces troph\u00e9es, une victoire aux Global Proptech&amp;ContechAwards marquerait une \u00e9tape d\u00e9cisive dans le d\u00e9veloppement de The Landlord et constituerait le point de d\u00e9part d\u2019une aventure internationale ambitieuse, renfor\u00e7ant la visibilit\u00e9 de la startup tunisienne sur les march\u00e9s mondiaux.<\/p>\n","protected":false},"excerpt":{"rendered":"<p>La startup tunisienne The Landlord, leader de la gestion locative haut de gamme de courte dur\u00e9e avec plus de 120 logements en gestion, premi\u00e8re application mobile de vacances en Tunisie,a \u00e9t\u00e9 retenue pour participer aux Global Proptech&amp;ContechAwards 2026, un \u00e9v\u00e9nement international de r\u00e9f\u00e9rence qui se tiendra \u00e0 Duba\u00ef. Cette s\u00e9lection place The Landlord aux c\u00f4t\u00e9s [&hellip;]<\/p>\n","protected":false},"author":1,"featured_media":3125,"comment_status":"open","ping_status":"closed","sticky":false,"template":"","format":"standard","meta":{"footnotes":""},"categories":[1,8],"tags":[6087,6077,6083,6089,6079,6075,6072,6069,6085,6071,6081,3832,6067],"class_list":["post-3124","post","type-post","status-publish","format-standard","has-post-thumbnail","hentry","category-actualites","category-entreprises","tag-application-location-vacances","tag-channel-manager-tunisie","tag-dubai-2026","tag-ecosysteme-tech-tunisien","tag-farouk-ben-achour","tag-gestion-locative-courte-duree","tag-global-proptech-awards","tag-immobilier-digital","tag-innovation-immobiliere","tag-proptech-tunisie","tag-sarah-ben-achour","tag-startup-tunisienne","tag-the-landlord"],"yoast_head":"<!-- This site is optimized with the Yoast SEO plugin v27.5 - https:\/\/yoast.com\/product\/yoast-seo-wordpress\/ -->\n<title>La startup tunisienne The Landlord s\u00e9lectionn\u00e9e aux Global Proptech&amp;ContechAwards 2026 \u00e0 Duba\u00ef - Descartes.tn<\/title>\n<meta name=\"description\" content=\"The Landlord, startup tunisienne proptech, finaliste aux Global Proptech Awards 2026, affirme son expansion et son innovation.\" \/>\n<meta name=\"robots\" content=\"index, follow, max-snippet:-1, max-image-preview:large, max-video-preview:-1\" \/>\n<link rel=\"canonical\" href=\"https:\/\/descartes.tn\/index.php\/2026\/01\/16\/la-startup-tunisienne-the-landlord-selectionnee-aux-global-proptechcontechawards-2026-a-dubai\/\" \/>\n<meta property=\"og:locale\" content=\"en_US\" \/>\n<meta property=\"og:type\" content=\"article\" \/>\n<meta property=\"og:title\" content=\"La startup tunisienne The Landlord s\u00e9lectionn\u00e9e aux Global Proptech&amp;ContechAwards 2026 \u00e0 Duba\u00ef\" \/>\n<meta property=\"og:description\" content=\"The Landlord, startup tunisienne proptech, finaliste aux Global Proptech Awards 2026, affirme son expansion et son innovation.\" \/>\n<meta property=\"og:url\" content=\"https:\/\/descartes.tn\/index.php\/2026\/01\/16\/la-startup-tunisienne-the-landlord-selectionnee-aux-global-proptechcontechawards-2026-a-dubai\/\" \/>\n<meta property=\"og:site_name\" content=\"Descartes.tn\" \/>\n<meta property=\"article:publisher\" content=\"https:\/\/www.facebook.com\/Magdescartes\" \/>\n<meta property=\"article:published_time\" content=\"2026-01-16T12:18:00+00:00\" \/>\n<meta property=\"og:image\" content=\"https:\/\/descartes.tn\/wp-content\/uploads\/2026\/01\/image-35.png\" \/>\n\t<meta property=\"og:image:width\" content=\"700\" \/>\n\t<meta property=\"og:image:height\" content=\"427\" \/>\n\t<meta property=\"og:image:type\" content=\"image\/png\" \/>\n<meta name=\"author\" content=\"admin\" \/>\n<meta name=\"twitter:card\" content=\"summary_large_image\" \/>\n<meta name=\"twitter:label1\" content=\"Written by\" \/>\n\t<meta name=\"twitter:data1\" content=\"admin\" \/>\n\t<meta name=\"twitter:label2\" content=\"Est. reading time\" \/>\n\t<meta name=\"twitter:data2\" content=\"3 minutes\" \/>\n<script type=\"application\/ld+json\" class=\"yoast-schema-graph\">{\"@context\":\"https:\\\/\\\/schema.org\",\"@graph\":[{\"@type\":\"Article\",\"@id\":\"https:\\\/\\\/descartes.tn\\\/index.php\\\/2026\\\/01\\\/16\\\/la-startup-tunisienne-the-landlord-selectionnee-aux-global-proptechcontechawards-2026-a-dubai\\\/#article\",\"isPartOf\":{\"@id\":\"https:\\\/\\\/descartes.tn\\\/index.php\\\/2026\\\/01\\\/16\\\/la-startup-tunisienne-the-landlord-selectionnee-aux-global-proptechcontechawards-2026-a-dubai\\\/\"},\"author\":{\"name\":\"admin\",\"@id\":\"https:\\\/\\\/descartes.tn\\\/#\\\/schema\\\/person\\\/9fd67540eb53221af50a61878b6721ae\"},\"headline\":\"La startup tunisienne The Landlord s\u00e9lectionn\u00e9e aux Global Proptech&amp;ContechAwards 2026 \u00e0 Duba\u00ef\",\"datePublished\":\"2026-01-16T12:18:00+00:00\",\"mainEntityOfPage\":{\"@id\":\"https:\\\/\\\/descartes.tn\\\/index.php\\\/2026\\\/01\\\/16\\\/la-startup-tunisienne-the-landlord-selectionnee-aux-global-proptechcontechawards-2026-a-dubai\\\/\"},\"wordCount\":556,\"commentCount\":0,\"publisher\":{\"@id\":\"https:\\\/\\\/descartes.tn\\\/#organization\"},\"image\":{\"@id\":\"https:\\\/\\\/descartes.tn\\\/index.php\\\/2026\\\/01\\\/16\\\/la-startup-tunisienne-the-landlord-selectionnee-aux-global-proptechcontechawards-2026-a-dubai\\\/#primaryimage\"},\"thumbnailUrl\":\"https:\\\/\\\/descartes.tn\\\/wp-content\\\/uploads\\\/2026\\\/01\\\/image-35.png\",\"keywords\":[\"application location vacances\",\"channel manager Tunisie\",\"Dubai 2026\",\"\u00e9cosyst\u00e8me tech tunisien\",\"Farouk Ben Achour\",\"gestion locative courte dur\u00e9e\",\"Global Proptech Awards\",\"immobilier digital\",\"innovation immobili\u00e8re\",\"Proptech Tunisie\",\"Sarah Ben Achour\",\"startup tunisienne\",\"The Landlord\"],\"articleSection\":[\"Actualit\u00e9s\",\"Entreprises\"],\"inLanguage\":\"en-US\",\"potentialAction\":[{\"@type\":\"CommentAction\",\"name\":\"Comment\",\"target\":[\"https:\\\/\\\/descartes.tn\\\/index.php\\\/2026\\\/01\\\/16\\\/la-startup-tunisienne-the-landlord-selectionnee-aux-global-proptechcontechawards-2026-a-dubai\\\/#respond\"]}]},{\"@type\":\"WebPage\",\"@id\":\"https:\\\/\\\/descartes.tn\\\/index.php\\\/2026\\\/01\\\/16\\\/la-startup-tunisienne-the-landlord-selectionnee-aux-global-proptechcontechawards-2026-a-dubai\\\/\",\"url\":\"https:\\\/\\\/descartes.tn\\\/index.php\\\/2026\\\/01\\\/16\\\/la-startup-tunisienne-the-landlord-selectionnee-aux-global-proptechcontechawards-2026-a-dubai\\\/\",\"name\":\"La startup tunisienne The Landlord s\u00e9lectionn\u00e9e aux Global Proptech&amp;ContechAwards 2026 \u00e0 Duba\u00ef - Descartes.tn\",\"isPartOf\":{\"@id\":\"https:\\\/\\\/descartes.tn\\\/#website\"},\"primaryImageOfPage\":{\"@id\":\"https:\\\/\\\/descartes.tn\\\/index.php\\\/2026\\\/01\\\/16\\\/la-startup-tunisienne-the-landlord-selectionnee-aux-global-proptechcontechawards-2026-a-dubai\\\/#primaryimage\"},\"image\":{\"@id\":\"https:\\\/\\\/descartes.tn\\\/index.php\\\/2026\\\/01\\\/16\\\/la-startup-tunisienne-the-landlord-selectionnee-aux-global-proptechcontechawards-2026-a-dubai\\\/#primaryimage\"},\"thumbnailUrl\":\"https:\\\/\\\/descartes.tn\\\/wp-content\\\/uploads\\\/2026\\\/01\\\/image-35.png\",\"datePublished\":\"2026-01-16T12:18:00+00:00\",\"description\":\"The Landlord, startup tunisienne proptech, finaliste aux Global Proptech Awards 2026, affirme son expansion et son innovation.\",\"breadcrumb\":{\"@id\":\"https:\\\/\\\/descartes.tn\\\/index.php\\\/2026\\\/01\\\/16\\\/la-startup-tunisienne-the-landlord-selectionnee-aux-global-proptechcontechawards-2026-a-dubai\\\/#breadcrumb\"},\"inLanguage\":\"en-US\",\"potentialAction\":[{\"@type\":\"ReadAction\",\"target\":[\"https:\\\/\\\/descartes.tn\\\/index.php\\\/2026\\\/01\\\/16\\\/la-startup-tunisienne-the-landlord-selectionnee-aux-global-proptechcontechawards-2026-a-dubai\\\/\"]}]},{\"@type\":\"ImageObject\",\"inLanguage\":\"en-US\",\"@id\":\"https:\\\/\\\/descartes.tn\\\/index.php\\\/2026\\\/01\\\/16\\\/la-startup-tunisienne-the-landlord-selectionnee-aux-global-proptechcontechawards-2026-a-dubai\\\/#primaryimage\",\"url\":\"https:\\\/\\\/descartes.tn\\\/wp-content\\\/uploads\\\/2026\\\/01\\\/image-35.png\",\"contentUrl\":\"https:\\\/\\\/descartes.tn\\\/wp-content\\\/uploads\\\/2026\\\/01\\\/image-35.png\",\"width\":700,\"height\":427},{\"@type\":\"BreadcrumbList\",\"@id\":\"https:\\\/\\\/descartes.tn\\\/index.php\\\/2026\\\/01\\\/16\\\/la-startup-tunisienne-the-landlord-selectionnee-aux-global-proptechcontechawards-2026-a-dubai\\\/#breadcrumb\",\"itemListElement\":[{\"@type\":\"ListItem\",\"position\":1,\"name\":\"Home\",\"item\":\"https:\\\/\\\/descartes.tn\\\/\"},{\"@type\":\"ListItem\",\"position\":2,\"name\":\"La startup tunisienne The Landlord s\u00e9lectionn\u00e9e aux Global Proptech&amp;ContechAwards 2026 \u00e0 Duba\u00ef\"}]},{\"@type\":\"WebSite\",\"@id\":\"https:\\\/\\\/descartes.tn\\\/#website\",\"url\":\"https:\\\/\\\/descartes.tn\\\/\",\"name\":\"Descartes.tn\",\"description\":\"\",\"publisher\":{\"@id\":\"https:\\\/\\\/descartes.tn\\\/#organization\"},\"potentialAction\":[{\"@type\":\"SearchAction\",\"target\":{\"@type\":\"EntryPoint\",\"urlTemplate\":\"https:\\\/\\\/descartes.tn\\\/?s={search_term_string}\"},\"query-input\":{\"@type\":\"PropertyValueSpecification\",\"valueRequired\":true,\"valueName\":\"search_term_string\"}}],\"inLanguage\":\"en-US\"},{\"@type\":\"Organization\",\"@id\":\"https:\\\/\\\/descartes.tn\\\/#organization\",\"name\":\"Descartes.tn\",\"url\":\"https:\\\/\\\/descartes.tn\\\/\",\"logo\":{\"@type\":\"ImageObject\",\"inLanguage\":\"en-US\",\"@id\":\"https:\\\/\\\/descartes.tn\\\/#\\\/schema\\\/logo\\\/image\\\/\",\"url\":\"https:\\\/\\\/descartes.tn\\\/wp-content\\\/uploads\\\/2025\\\/10\\\/cropped-Fichier-1-1.png\",\"contentUrl\":\"https:\\\/\\\/descartes.tn\\\/wp-content\\\/uploads\\\/2025\\\/10\\\/cropped-Fichier-1-1.png\",\"width\":136,\"height\":19,\"caption\":\"Descartes.tn\"},\"image\":{\"@id\":\"https:\\\/\\\/descartes.tn\\\/#\\\/schema\\\/logo\\\/image\\\/\"},\"sameAs\":[\"https:\\\/\\\/www.facebook.com\\\/Magdescartes\",\"https:\\\/\\\/www.instagram.com\\\/descartes.magazine\\\/\"]},{\"@type\":\"Person\",\"@id\":\"https:\\\/\\\/descartes.tn\\\/#\\\/schema\\\/person\\\/9fd67540eb53221af50a61878b6721ae\",\"name\":\"admin\",\"image\":{\"@type\":\"ImageObject\",\"inLanguage\":\"en-US\",\"@id\":\"https:\\\/\\\/secure.gravatar.com\\\/avatar\\\/871417dfba5a884ed81f7f8e04e2eea75e8ef480bcb1e5ea634438506d493132?s=96&d=mm&r=g\",\"url\":\"https:\\\/\\\/secure.gravatar.com\\\/avatar\\\/871417dfba5a884ed81f7f8e04e2eea75e8ef480bcb1e5ea634438506d493132?s=96&d=mm&r=g\",\"contentUrl\":\"https:\\\/\\\/secure.gravatar.com\\\/avatar\\\/871417dfba5a884ed81f7f8e04e2eea75e8ef480bcb1e5ea634438506d493132?s=96&d=mm&r=g\",\"caption\":\"admin\"},\"sameAs\":[\"https:\\\/\\\/descartes.tn\"],\"url\":\"https:\\\/\\\/descartes.tn\\\/index.php\\\/author\\\/admin_pmykj64c\\\/\"}]}<\/script>\n<!-- \/ Yoast SEO plugin. -->","yoast_head_json":{"title":"La startup tunisienne The Landlord s\u00e9lectionn\u00e9e aux Global Proptech&amp;ContechAwards 2026 \u00e0 Duba\u00ef - Descartes.tn","description":"The Landlord, startup tunisienne proptech, finaliste aux Global Proptech Awards 2026, affirme son expansion et son innovation.","robots":{"index":"index","follow":"follow","max-snippet":"max-snippet:-1","max-image-preview":"max-image-preview:large","max-video-preview":"max-video-preview:-1"},"canonical":"https:\/\/descartes.tn\/index.php\/2026\/01\/16\/la-startup-tunisienne-the-landlord-selectionnee-aux-global-proptechcontechawards-2026-a-dubai\/","og_locale":"en_US","og_type":"article","og_title":"La startup tunisienne The Landlord s\u00e9lectionn\u00e9e aux Global Proptech&ContechAwards 2026 \u00e0 Duba\u00ef","og_description":"The Landlord, startup tunisienne proptech, finaliste aux Global Proptech Awards 2026, affirme son expansion et son innovation.","og_url":"https:\/\/descartes.tn\/index.php\/2026\/01\/16\/la-startup-tunisienne-the-landlord-selectionnee-aux-global-proptechcontechawards-2026-a-dubai\/","og_site_name":"Descartes.tn","article_publisher":"https:\/\/www.facebook.com\/Magdescartes","article_published_time":"2026-01-16T12:18:00+00:00","og_image":[{"width":700,"height":427,"url":"https:\/\/descartes.tn\/wp-content\/uploads\/2026\/01\/image-35.png","type":"image\/png"}],"author":"admin","twitter_card":"summary_large_image","twitter_misc":{"Written by":"admin","Est. reading time":"3 minutes"},"schema":{"@context":"https:\/\/schema.org","@graph":[{"@type":"Article","@id":"https:\/\/descartes.tn\/index.php\/2026\/01\/16\/la-startup-tunisienne-the-landlord-selectionnee-aux-global-proptechcontechawards-2026-a-dubai\/#article","isPartOf":{"@id":"https:\/\/descartes.tn\/index.php\/2026\/01\/16\/la-startup-tunisienne-the-landlord-selectionnee-aux-global-proptechcontechawards-2026-a-dubai\/"},"author":{"name":"admin","@id":"https:\/\/descartes.tn\/#\/schema\/person\/9fd67540eb53221af50a61878b6721ae"},"headline":"La startup tunisienne The Landlord s\u00e9lectionn\u00e9e aux Global Proptech&amp;ContechAwards 2026 \u00e0 Duba\u00ef","datePublished":"2026-01-16T12:18:00+00:00","mainEntityOfPage":{"@id":"https:\/\/descartes.tn\/index.php\/2026\/01\/16\/la-startup-tunisienne-the-landlord-selectionnee-aux-global-proptechcontechawards-2026-a-dubai\/"},"wordCount":556,"commentCount":0,"publisher":{"@id":"https:\/\/descartes.tn\/#organization"},"image":{"@id":"https:\/\/descartes.tn\/index.php\/2026\/01\/16\/la-startup-tunisienne-the-landlord-selectionnee-aux-global-proptechcontechawards-2026-a-dubai\/#primaryimage"},"thumbnailUrl":"https:\/\/descartes.tn\/wp-content\/uploads\/2026\/01\/image-35.png","keywords":["application location vacances","channel manager Tunisie","Dubai 2026","\u00e9cosyst\u00e8me tech tunisien","Farouk Ben Achour","gestion locative courte dur\u00e9e","Global Proptech Awards","immobilier digital","innovation immobili\u00e8re","Proptech Tunisie","Sarah Ben Achour","startup tunisienne","The Landlord"],"articleSection":["Actualit\u00e9s","Entreprises"],"inLanguage":"en-US","potentialAction":[{"@type":"CommentAction","name":"Comment","target":["https:\/\/descartes.tn\/index.php\/2026\/01\/16\/la-startup-tunisienne-the-landlord-selectionnee-aux-global-proptechcontechawards-2026-a-dubai\/#respond"]}]},{"@type":"WebPage","@id":"https:\/\/descartes.tn\/index.php\/2026\/01\/16\/la-startup-tunisienne-the-landlord-selectionnee-aux-global-proptechcontechawards-2026-a-dubai\/","url":"https:\/\/descartes.tn\/index.php\/2026\/01\/16\/la-startup-tunisienne-the-landlord-selectionnee-aux-global-proptechcontechawards-2026-a-dubai\/","name":"La startup tunisienne The Landlord s\u00e9lectionn\u00e9e aux Global Proptech&amp;ContechAwards 2026 \u00e0 Duba\u00ef - Descartes.tn","isPartOf":{"@id":"https:\/\/descartes.tn\/#website"},"primaryImageOfPage":{"@id":"https:\/\/descartes.tn\/index.php\/2026\/01\/16\/la-startup-tunisienne-the-landlord-selectionnee-aux-global-proptechcontechawards-2026-a-dubai\/#primaryimage"},"image":{"@id":"https:\/\/descartes.tn\/index.php\/2026\/01\/16\/la-startup-tunisienne-the-landlord-selectionnee-aux-global-proptechcontechawards-2026-a-dubai\/#primaryimage"},"thumbnailUrl":"https:\/\/descartes.tn\/wp-content\/uploads\/2026\/01\/image-35.png","datePublished":"2026-01-16T12:18:00+00:00","description":"The Landlord, startup tunisienne proptech, finaliste aux Global Proptech Awards 2026, affirme son expansion et son innovation.","breadcrumb":{"@id":"https:\/\/descartes.tn\/index.php\/2026\/01\/16\/la-startup-tunisienne-the-landlord-selectionnee-aux-global-proptechcontechawards-2026-a-dubai\/#breadcrumb"},"inLanguage":"en-US","potentialAction":[{"@type":"ReadAction","target":["https:\/\/descartes.tn\/index.php\/2026\/01\/16\/la-startup-tunisienne-the-landlord-selectionnee-aux-global-proptechcontechawards-2026-a-dubai\/"]}]},{"@type":"ImageObject","inLanguage":"en-US","@id":"https:\/\/descartes.tn\/index.php\/2026\/01\/16\/la-startup-tunisienne-the-landlord-selectionnee-aux-global-proptechcontechawards-2026-a-dubai\/#primaryimage","url":"https:\/\/descartes.tn\/wp-content\/uploads\/2026\/01\/image-35.png","contentUrl":"https:\/\/descartes.tn\/wp-content\/uploads\/2026\/01\/image-35.png","width":700,"height":427},{"@type":"BreadcrumbList","@id":"https:\/\/descartes.tn\/index.php\/2026\/01\/16\/la-startup-tunisienne-the-landlord-selectionnee-aux-global-proptechcontechawards-2026-a-dubai\/#breadcrumb","itemListElement":[{"@type":"ListItem","position":1,"name":"Home","item":"https:\/\/descartes.tn\/"},{"@type":"ListItem","position":2,"name":"La startup tunisienne The Landlord s\u00e9lectionn\u00e9e aux Global Proptech&amp;ContechAwards 2026 \u00e0 Duba\u00ef"}]},{"@type":"WebSite","@id":"https:\/\/descartes.tn\/#website","url":"https:\/\/descartes.tn\/","name":"Descartes.tn","description":"","publisher":{"@id":"https:\/\/descartes.tn\/#organization"},"potentialAction":[{"@type":"SearchAction","target":{"@type":"EntryPoint","urlTemplate":"https:\/\/descartes.tn\/?s={search_term_string}"},"query-input":{"@type":"PropertyValueSpecification","valueRequired":true,"valueName":"search_term_string"}}],"inLanguage":"en-US"},{"@type":"Organization","@id":"https:\/\/descartes.tn\/#organization","name":"Descartes.tn","url":"https:\/\/descartes.tn\/","logo":{"@type":"ImageObject","inLanguage":"en-US","@id":"https:\/\/descartes.tn\/#\/schema\/logo\/image\/","url":"https:\/\/descartes.tn\/wp-content\/uploads\/2025\/10\/cropped-Fichier-1-1.png","contentUrl":"https:\/\/descartes.tn\/wp-content\/uploads\/2025\/10\/cropped-Fichier-1-1.png","width":136,"height":19,"caption":"Descartes.tn"},"image":{"@id":"https:\/\/descartes.tn\/#\/schema\/logo\/image\/"},"sameAs":["https:\/\/www.facebook.com\/Magdescartes","https:\/\/www.instagram.com\/descartes.magazine\/"]},{"@type":"Person","@id":"https:\/\/descartes.tn\/#\/schema\/person\/9fd67540eb53221af50a61878b6721ae","name":"admin","image":{"@type":"ImageObject","inLanguage":"en-US","@id":"https:\/\/secure.gravatar.com\/avatar\/871417dfba5a884ed81f7f8e04e2eea75e8ef480bcb1e5ea634438506d493132?s=96&d=mm&r=g","url":"https:\/\/secure.gravatar.com\/avatar\/871417dfba5a884ed81f7f8e04e2eea75e8ef480bcb1e5ea634438506d493132?s=96&d=mm&r=g","contentUrl":"https:\/\/secure.gravatar.com\/avatar\/871417dfba5a884ed81f7f8e04e2eea75e8ef480bcb1e5ea634438506d493132?s=96&d=mm&r=g","caption":"admin"},"sameAs":["https:\/\/descartes.tn"],"url":"https:\/\/descartes.tn\/index.php\/author\/admin_pmykj64c\/"}]}},"_links":{"self":[{"href":"https:\/\/descartes.tn\/index.php\/wp-json\/wp\/v2\/posts\/3124","targetHints":{"allow":["GET"]}}],"collection":[{"href":"https:\/\/descartes.tn\/index.php\/wp-json\/wp\/v2\/posts"}],"about":[{"href":"https:\/\/descartes.tn\/index.php\/wp-json\/wp\/v2\/types\/post"}],"author":[{"embeddable":true,"href":"https:\/\/descartes.tn\/index.php\/wp-json\/wp\/v2\/users\/1"}],"replies":[{"embeddable":true,"href":"https:\/\/descartes.tn\/index.php\/wp-json\/wp\/v2\/comments?post=3124"}],"version-history":[{"count":1,"href":"https:\/\/descartes.tn\/index.php\/wp-json\/wp\/v2\/posts\/3124\/revisions"}],"predecessor-version":[{"id":3126,"href":"https:\/\/descartes.tn\/index.php\/wp-json\/wp\/v2\/posts\/3124\/revisions\/3126"}],"wp:featuredmedia":[{"embeddable":true,"href":"https:\/\/descartes.tn\/index.php\/wp-json\/wp\/v2\/media\/3125"}],"wp:attachment":[{"href":"https:\/\/descartes.tn\/index.php\/wp-json\/wp\/v2\/media?parent=3124"}],"wp:term":[{"taxonomy":"category","embeddable":true,"href":"https:\/\/descartes.tn\/index.php\/wp-json\/wp\/v2\/categories?post=3124"},{"taxonomy":"post_tag","embeddable":true,"href":"https:\/\/descartes.tn\/index.php\/wp-json\/wp\/v2\/tags?post=3124"}],"curies":[{"name":"wp","href":"https:\/\/api.w.org\/{rel}","templated":true}]}}