{"id":3117,"date":"2026-01-14T14:43:38","date_gmt":"2026-01-14T13:43:38","guid":{"rendered":"https:\/\/descartes.tn\/?p=3117"},"modified":"2026-01-14T14:43:39","modified_gmt":"2026-01-14T13:43:39","slug":"tunisie-la-facture-electronique-entre-choc-numerique-et-realite-economique","status":"publish","type":"post","link":"https:\/\/descartes.tn\/index.php\/2026\/01\/14\/tunisie-la-facture-electronique-entre-choc-numerique-et-realite-economique\/","title":{"rendered":"Tunisie : La Facture \u00c9lectronique, entre Choc Num\u00e9rique et R\u00e9alit\u00e9 \u00c9conomique"},"content":{"rendered":"\n<p>L&#8217;ann\u00e9e 2026 marque un tournant historique pour l&#8217;\u00e9conomie tunisienne. Ce qui n&#8217;\u00e9tait qu&#8217;une option pour les grandes entreprises devient une obligation g\u00e9n\u00e9ralis\u00e9e : la <strong>facture \u00e9lectronique en Tunisie<\/strong>. Si l&#8217;ambition de moderniser le fisc et de lutter contre l&#8217;\u00e9vasion fiscale est louable, le passage de la th\u00e9orie \u00e0 la pratique ressemble aujourd&#8217;hui \u00e0 un v\u00e9ritable parcours du combattant pour les PME et les professions lib\u00e9rales. Entre plateformes instables et sanctions imminentes, le tissu \u00e9conomique tunisien retient son souffle.<\/p>\n\n\n\n<h2 class=\"wp-block-heading\">Un Calendrier Sous Tension : Du B2B aux Services<\/h2>\n\n\n\n<p>Initialement introduite par les lois de finances 2016 et 2019, l&#8217;e-facture franchit une \u00e9tape critique en ce mois de janvier 2026.<\/p>\n\n\n\n<ul class=\"wp-block-list\">\n<li><strong>1er juillet 2025<\/strong> : Entr\u00e9e en vigueur des sanctions pour les entreprises d\u00e9j\u00e0 assujetties (grandes entreprises, secteurs pharmaceutique et carburant).<\/li>\n\n\n\n<li><strong>1er janvier 2026<\/strong> : Extension massive de l&#8217;obligation \u00e0 l&#8217;ensemble des <strong>prestataires de services<\/strong> et professions non commerciales.<\/li>\n\n\n\n<li><strong>La r\u00e9alit\u00e9 du terrain<\/strong> : Des experts comme Mehdi Bhouri (CONECT) alertent sur une &#8220;pr\u00e9cipitation&#8221; l\u00e9gislative face \u00e0 des outils techniques (plateformes <strong>TEJ<\/strong>, <strong>Tunisie Trade Net<\/strong>) encore d\u00e9faillants.<\/li>\n<\/ul>\n\n\n\n<h2 class=\"wp-block-heading\">Sanctions et Risques : Ce que Risquent les Entreprises<\/h2>\n\n\n\n<p>La &#8220;souplesse&#8221; annonc\u00e9e par le minist\u00e8re des Finances reste, pour l&#8217;heure, une d\u00e9claration d&#8217;intention sans base l\u00e9gale solide. Les sanctions pr\u00e9vues par l&#8217;article 71 de la Loi de Finances 2025 demeurent une menace r\u00e9elle:<\/p>\n\n\n\n<ul class=\"wp-block-list\">\n<li><strong>Facture papier interdite<\/strong> : Amende de <strong>100 \u00e0 500 TND<\/strong> par facture.<\/li>\n\n\n\n<li><strong>Plafond des amendes<\/strong> : Jusqu&#8217;\u00e0 <strong>50 000 TND<\/strong> par contr\u00f4le fiscal.<\/li>\n\n\n\n<li><strong>Non-conformit\u00e9 technique<\/strong> : Fines de <strong>250 \u00e0 10 000 TND<\/strong> pour les factures sans signature \u00e9lectronique ou mentions l\u00e9gales.<\/li>\n\n\n\n<li><strong>Transport de marchandises<\/strong> : Obligation de poss\u00e9der une copie imprim\u00e9e de la facture \u00e9lectronique sous peine de sanctions.<\/li>\n<\/ul>\n\n\n\n<h2 class=\"wp-block-heading\">Le Cri d&#8217;Alarme des Professions Lib\u00e9rales (UTPL)<\/h2>\n\n\n\n<p>L&#8217;Union Tunisienne des Professions Lib\u00e9rales (UTPL) souligne des incoh\u00e9rences juridiques majeures qui cr\u00e9ent une ins\u00e9curit\u00e9 totale.<\/p>\n\n\n\n<h3 class=\"wp-block-heading\">Le flou sur la Note d&#8217;Honoraires<\/h3>\n\n\n\n<p>Le Code de la TVA distingue nettement la facture commerciale de la <strong>note d&#8217;honoraires<\/strong>. Or, le texte actuel ne cite que la &#8220;facture&#8221;, laissant les avocats, m\u00e9decins et experts-comptables dans une zone grise juridique.<\/p>\n\n\n\n<h3 class=\"wp-block-heading\">Les barri\u00e8res \u00e0 l&#8217;entr\u00e9e<\/h3>\n\n\n\n<p>Pour une petite structure, les co\u00fbts ne sont pas n\u00e9gligeables :<\/p>\n\n\n\n<ul class=\"wp-block-list\">\n<li>Acquisition de logiciels certifi\u00e9s.<\/li>\n\n\n\n<li>Achat de certificats de <strong>signature \u00e9lectronique<\/strong> (TunTrust).<\/li>\n\n\n\n<li>Absence de formation et d&#8217;accompagnement technique officiel.<\/li>\n<\/ul>\n\n\n\n<p>&#8220;Un communiqu\u00e9 n&#8217;a pas de valeur juridique. Il faut rassurer les entreprises par des textes clairs, un moratoire ou une progressivit\u00e9.&#8221; \u2014 <strong>Mehdi Bhouri, CONECT<\/strong>.<\/p>\n\n\n\n<h2 class=\"wp-block-heading\">Conclusion : Vers une Modernisation ou une Bureaucratie Num\u00e9rique ?<\/h2>\n\n\n\n<p>La Tunisie se trouve \u00e0 la crois\u00e9e des chemins. Si la facturation \u00e9lectronique est un levier indispensable de transparence, sa mise en \u0153uvre actuelle risque de fragiliser les acteurs les plus vuln\u00e9rables. Un dialogue s\u00e9rieux entre le minist\u00e8re des Finances et les structures professionnelles est d\u00e9sormais urgent pour transformer ce &#8220;chaos technique&#8221; en une v\u00e9ritable opportunit\u00e9 de croissance.<\/p>\n\n\n\n<p><strong>Et vous, votre entreprise est-elle pr\u00eate pour le passage au 100% digital ?<\/strong><\/p>\n","protected":false},"excerpt":{"rendered":"<p>L&#8217;ann\u00e9e 2026 marque un tournant historique pour l&#8217;\u00e9conomie tunisienne. Ce qui n&#8217;\u00e9tait qu&#8217;une option pour les grandes entreprises devient une obligation g\u00e9n\u00e9ralis\u00e9e : la facture \u00e9lectronique en Tunisie. Si l&#8217;ambition de moderniser le fisc et de lutter contre l&#8217;\u00e9vasion fiscale est louable, le passage de la th\u00e9orie \u00e0 la pratique ressemble aujourd&#8217;hui \u00e0 un v\u00e9ritable [&hellip;]<\/p>\n","protected":false},"author":1,"featured_media":3118,"comment_status":"open","ping_status":"closed","sticky":false,"template":"","format":"standard","meta":{"footnotes":""},"categories":[1],"tags":[],"class_list":["post-3117","post","type-post","status-publish","format-standard","has-post-thumbnail","hentry","category-actualites"],"yoast_head":"<!-- This site is optimized with the Yoast SEO plugin v27.5 - https:\/\/yoast.com\/product\/yoast-seo-wordpress\/ -->\n<title>Tunisie : La Facture \u00c9lectronique, entre Choc Num\u00e9rique et R\u00e9alit\u00e9 \u00c9conomique - Descartes.tn<\/title>\n<meta name=\"description\" content=\"La Tunisie g\u00e9n\u00e9ralise la facture \u00e9lectronique en 2026. D\u00e9couvrez les obligations, les sanctions (jusqu&#039;\u00e0 50 000 DT) et les d\u00e9fis techniques pour les PME.\" \/>\n<meta name=\"robots\" content=\"index, follow, max-snippet:-1, max-image-preview:large, max-video-preview:-1\" \/>\n<link rel=\"canonical\" href=\"https:\/\/descartes.tn\/index.php\/2026\/01\/14\/tunisie-la-facture-electronique-entre-choc-numerique-et-realite-economique\/\" \/>\n<meta property=\"og:locale\" content=\"en_US\" \/>\n<meta property=\"og:type\" content=\"article\" \/>\n<meta property=\"og:title\" content=\"Tunisie : La Facture \u00c9lectronique, entre Choc Num\u00e9rique et R\u00e9alit\u00e9 \u00c9conomique - Descartes.tn\" \/>\n<meta property=\"og:description\" content=\"La Tunisie g\u00e9n\u00e9ralise la facture \u00e9lectronique en 2026. D\u00e9couvrez les obligations, les sanctions (jusqu&#039;\u00e0 50 000 DT) et les d\u00e9fis techniques pour les PME.\" \/>\n<meta property=\"og:url\" content=\"https:\/\/descartes.tn\/index.php\/2026\/01\/14\/tunisie-la-facture-electronique-entre-choc-numerique-et-realite-economique\/\" \/>\n<meta property=\"og:site_name\" content=\"Descartes.tn\" \/>\n<meta property=\"article:publisher\" content=\"https:\/\/www.facebook.com\/Magdescartes\" \/>\n<meta property=\"article:published_time\" content=\"2026-01-14T13:43:38+00:00\" \/>\n<meta property=\"article:modified_time\" content=\"2026-01-14T13:43:39+00:00\" \/>\n<meta property=\"og:image\" content=\"https:\/\/descartes.tn\/wp-content\/uploads\/2026\/01\/La-Facture-Electronique.jpg\" \/>\n\t<meta property=\"og:image:width\" content=\"1200\" \/>\n\t<meta property=\"og:image:height\" content=\"650\" \/>\n\t<meta property=\"og:image:type\" content=\"image\/jpeg\" \/>\n<meta name=\"author\" content=\"admin\" \/>\n<meta name=\"twitter:card\" content=\"summary_large_image\" \/>\n<meta name=\"twitter:label1\" content=\"Written by\" \/>\n\t<meta name=\"twitter:data1\" content=\"admin\" \/>\n\t<meta name=\"twitter:label2\" content=\"Est. reading time\" \/>\n\t<meta name=\"twitter:data2\" content=\"3 minutes\" \/>\n<script type=\"application\/ld+json\" class=\"yoast-schema-graph\">{\"@context\":\"https:\\\/\\\/schema.org\",\"@graph\":[{\"@type\":\"Article\",\"@id\":\"https:\\\/\\\/descartes.tn\\\/index.php\\\/2026\\\/01\\\/14\\\/tunisie-la-facture-electronique-entre-choc-numerique-et-realite-economique\\\/#article\",\"isPartOf\":{\"@id\":\"https:\\\/\\\/descartes.tn\\\/index.php\\\/2026\\\/01\\\/14\\\/tunisie-la-facture-electronique-entre-choc-numerique-et-realite-economique\\\/\"},\"author\":{\"name\":\"admin\",\"@id\":\"https:\\\/\\\/descartes.tn\\\/#\\\/schema\\\/person\\\/9fd67540eb53221af50a61878b6721ae\"},\"headline\":\"Tunisie : La Facture \u00c9lectronique, entre Choc Num\u00e9rique et R\u00e9alit\u00e9 \u00c9conomique\",\"datePublished\":\"2026-01-14T13:43:38+00:00\",\"dateModified\":\"2026-01-14T13:43:39+00:00\",\"mainEntityOfPage\":{\"@id\":\"https:\\\/\\\/descartes.tn\\\/index.php\\\/2026\\\/01\\\/14\\\/tunisie-la-facture-electronique-entre-choc-numerique-et-realite-economique\\\/\"},\"wordCount\":515,\"commentCount\":0,\"publisher\":{\"@id\":\"https:\\\/\\\/descartes.tn\\\/#organization\"},\"image\":{\"@id\":\"https:\\\/\\\/descartes.tn\\\/index.php\\\/2026\\\/01\\\/14\\\/tunisie-la-facture-electronique-entre-choc-numerique-et-realite-economique\\\/#primaryimage\"},\"thumbnailUrl\":\"https:\\\/\\\/descartes.tn\\\/wp-content\\\/uploads\\\/2026\\\/01\\\/La-Facture-Electronique.jpg\",\"articleSection\":[\"Actualit\u00e9s\"],\"inLanguage\":\"en-US\",\"potentialAction\":[{\"@type\":\"CommentAction\",\"name\":\"Comment\",\"target\":[\"https:\\\/\\\/descartes.tn\\\/index.php\\\/2026\\\/01\\\/14\\\/tunisie-la-facture-electronique-entre-choc-numerique-et-realite-economique\\\/#respond\"]}]},{\"@type\":\"WebPage\",\"@id\":\"https:\\\/\\\/descartes.tn\\\/index.php\\\/2026\\\/01\\\/14\\\/tunisie-la-facture-electronique-entre-choc-numerique-et-realite-economique\\\/\",\"url\":\"https:\\\/\\\/descartes.tn\\\/index.php\\\/2026\\\/01\\\/14\\\/tunisie-la-facture-electronique-entre-choc-numerique-et-realite-economique\\\/\",\"name\":\"Tunisie : La Facture \u00c9lectronique, entre Choc Num\u00e9rique et R\u00e9alit\u00e9 \u00c9conomique - Descartes.tn\",\"isPartOf\":{\"@id\":\"https:\\\/\\\/descartes.tn\\\/#website\"},\"primaryImageOfPage\":{\"@id\":\"https:\\\/\\\/descartes.tn\\\/index.php\\\/2026\\\/01\\\/14\\\/tunisie-la-facture-electronique-entre-choc-numerique-et-realite-economique\\\/#primaryimage\"},\"image\":{\"@id\":\"https:\\\/\\\/descartes.tn\\\/index.php\\\/2026\\\/01\\\/14\\\/tunisie-la-facture-electronique-entre-choc-numerique-et-realite-economique\\\/#primaryimage\"},\"thumbnailUrl\":\"https:\\\/\\\/descartes.tn\\\/wp-content\\\/uploads\\\/2026\\\/01\\\/La-Facture-Electronique.jpg\",\"datePublished\":\"2026-01-14T13:43:38+00:00\",\"dateModified\":\"2026-01-14T13:43:39+00:00\",\"description\":\"La Tunisie g\u00e9n\u00e9ralise la facture \u00e9lectronique en 2026. D\u00e9couvrez les obligations, les sanctions (jusqu'\u00e0 50 000 DT) et les d\u00e9fis techniques pour les PME.\",\"breadcrumb\":{\"@id\":\"https:\\\/\\\/descartes.tn\\\/index.php\\\/2026\\\/01\\\/14\\\/tunisie-la-facture-electronique-entre-choc-numerique-et-realite-economique\\\/#breadcrumb\"},\"inLanguage\":\"en-US\",\"potentialAction\":[{\"@type\":\"ReadAction\",\"target\":[\"https:\\\/\\\/descartes.tn\\\/index.php\\\/2026\\\/01\\\/14\\\/tunisie-la-facture-electronique-entre-choc-numerique-et-realite-economique\\\/\"]}]},{\"@type\":\"ImageObject\",\"inLanguage\":\"en-US\",\"@id\":\"https:\\\/\\\/descartes.tn\\\/index.php\\\/2026\\\/01\\\/14\\\/tunisie-la-facture-electronique-entre-choc-numerique-et-realite-economique\\\/#primaryimage\",\"url\":\"https:\\\/\\\/descartes.tn\\\/wp-content\\\/uploads\\\/2026\\\/01\\\/La-Facture-Electronique.jpg\",\"contentUrl\":\"https:\\\/\\\/descartes.tn\\\/wp-content\\\/uploads\\\/2026\\\/01\\\/La-Facture-Electronique.jpg\",\"width\":1200,\"height\":650,\"caption\":\"La-Facture-\u00c9lectronique\"},{\"@type\":\"BreadcrumbList\",\"@id\":\"https:\\\/\\\/descartes.tn\\\/index.php\\\/2026\\\/01\\\/14\\\/tunisie-la-facture-electronique-entre-choc-numerique-et-realite-economique\\\/#breadcrumb\",\"itemListElement\":[{\"@type\":\"ListItem\",\"position\":1,\"name\":\"Home\",\"item\":\"https:\\\/\\\/descartes.tn\\\/\"},{\"@type\":\"ListItem\",\"position\":2,\"name\":\"Tunisie : La Facture \u00c9lectronique, entre Choc Num\u00e9rique et R\u00e9alit\u00e9 \u00c9conomique\"}]},{\"@type\":\"WebSite\",\"@id\":\"https:\\\/\\\/descartes.tn\\\/#website\",\"url\":\"https:\\\/\\\/descartes.tn\\\/\",\"name\":\"Descartes.tn\",\"description\":\"\",\"publisher\":{\"@id\":\"https:\\\/\\\/descartes.tn\\\/#organization\"},\"potentialAction\":[{\"@type\":\"SearchAction\",\"target\":{\"@type\":\"EntryPoint\",\"urlTemplate\":\"https:\\\/\\\/descartes.tn\\\/?s={search_term_string}\"},\"query-input\":{\"@type\":\"PropertyValueSpecification\",\"valueRequired\":true,\"valueName\":\"search_term_string\"}}],\"inLanguage\":\"en-US\"},{\"@type\":\"Organization\",\"@id\":\"https:\\\/\\\/descartes.tn\\\/#organization\",\"name\":\"Descartes.tn\",\"url\":\"https:\\\/\\\/descartes.tn\\\/\",\"logo\":{\"@type\":\"ImageObject\",\"inLanguage\":\"en-US\",\"@id\":\"https:\\\/\\\/descartes.tn\\\/#\\\/schema\\\/logo\\\/image\\\/\",\"url\":\"https:\\\/\\\/descartes.tn\\\/wp-content\\\/uploads\\\/2025\\\/10\\\/cropped-Fichier-1-1.png\",\"contentUrl\":\"https:\\\/\\\/descartes.tn\\\/wp-content\\\/uploads\\\/2025\\\/10\\\/cropped-Fichier-1-1.png\",\"width\":136,\"height\":19,\"caption\":\"Descartes.tn\"},\"image\":{\"@id\":\"https:\\\/\\\/descartes.tn\\\/#\\\/schema\\\/logo\\\/image\\\/\"},\"sameAs\":[\"https:\\\/\\\/www.facebook.com\\\/Magdescartes\",\"https:\\\/\\\/www.instagram.com\\\/descartes.magazine\\\/\"]},{\"@type\":\"Person\",\"@id\":\"https:\\\/\\\/descartes.tn\\\/#\\\/schema\\\/person\\\/9fd67540eb53221af50a61878b6721ae\",\"name\":\"admin\",\"image\":{\"@type\":\"ImageObject\",\"inLanguage\":\"en-US\",\"@id\":\"https:\\\/\\\/secure.gravatar.com\\\/avatar\\\/871417dfba5a884ed81f7f8e04e2eea75e8ef480bcb1e5ea634438506d493132?s=96&d=mm&r=g\",\"url\":\"https:\\\/\\\/secure.gravatar.com\\\/avatar\\\/871417dfba5a884ed81f7f8e04e2eea75e8ef480bcb1e5ea634438506d493132?s=96&d=mm&r=g\",\"contentUrl\":\"https:\\\/\\\/secure.gravatar.com\\\/avatar\\\/871417dfba5a884ed81f7f8e04e2eea75e8ef480bcb1e5ea634438506d493132?s=96&d=mm&r=g\",\"caption\":\"admin\"},\"sameAs\":[\"https:\\\/\\\/descartes.tn\"],\"url\":\"https:\\\/\\\/descartes.tn\\\/index.php\\\/author\\\/admin_pmykj64c\\\/\"}]}<\/script>\n<!-- \/ Yoast SEO plugin. -->","yoast_head_json":{"title":"Tunisie : La Facture \u00c9lectronique, entre Choc Num\u00e9rique et R\u00e9alit\u00e9 \u00c9conomique - Descartes.tn","description":"La Tunisie g\u00e9n\u00e9ralise la facture \u00e9lectronique en 2026. D\u00e9couvrez les obligations, les sanctions (jusqu'\u00e0 50 000 DT) et les d\u00e9fis techniques pour les PME.","robots":{"index":"index","follow":"follow","max-snippet":"max-snippet:-1","max-image-preview":"max-image-preview:large","max-video-preview":"max-video-preview:-1"},"canonical":"https:\/\/descartes.tn\/index.php\/2026\/01\/14\/tunisie-la-facture-electronique-entre-choc-numerique-et-realite-economique\/","og_locale":"en_US","og_type":"article","og_title":"Tunisie : La Facture \u00c9lectronique, entre Choc Num\u00e9rique et R\u00e9alit\u00e9 \u00c9conomique - Descartes.tn","og_description":"La Tunisie g\u00e9n\u00e9ralise la facture \u00e9lectronique en 2026. D\u00e9couvrez les obligations, les sanctions (jusqu'\u00e0 50 000 DT) et les d\u00e9fis techniques pour les PME.","og_url":"https:\/\/descartes.tn\/index.php\/2026\/01\/14\/tunisie-la-facture-electronique-entre-choc-numerique-et-realite-economique\/","og_site_name":"Descartes.tn","article_publisher":"https:\/\/www.facebook.com\/Magdescartes","article_published_time":"2026-01-14T13:43:38+00:00","article_modified_time":"2026-01-14T13:43:39+00:00","og_image":[{"width":1200,"height":650,"url":"https:\/\/descartes.tn\/wp-content\/uploads\/2026\/01\/La-Facture-Electronique.jpg","type":"image\/jpeg"}],"author":"admin","twitter_card":"summary_large_image","twitter_misc":{"Written by":"admin","Est. reading time":"3 minutes"},"schema":{"@context":"https:\/\/schema.org","@graph":[{"@type":"Article","@id":"https:\/\/descartes.tn\/index.php\/2026\/01\/14\/tunisie-la-facture-electronique-entre-choc-numerique-et-realite-economique\/#article","isPartOf":{"@id":"https:\/\/descartes.tn\/index.php\/2026\/01\/14\/tunisie-la-facture-electronique-entre-choc-numerique-et-realite-economique\/"},"author":{"name":"admin","@id":"https:\/\/descartes.tn\/#\/schema\/person\/9fd67540eb53221af50a61878b6721ae"},"headline":"Tunisie : La Facture \u00c9lectronique, entre Choc Num\u00e9rique et R\u00e9alit\u00e9 \u00c9conomique","datePublished":"2026-01-14T13:43:38+00:00","dateModified":"2026-01-14T13:43:39+00:00","mainEntityOfPage":{"@id":"https:\/\/descartes.tn\/index.php\/2026\/01\/14\/tunisie-la-facture-electronique-entre-choc-numerique-et-realite-economique\/"},"wordCount":515,"commentCount":0,"publisher":{"@id":"https:\/\/descartes.tn\/#organization"},"image":{"@id":"https:\/\/descartes.tn\/index.php\/2026\/01\/14\/tunisie-la-facture-electronique-entre-choc-numerique-et-realite-economique\/#primaryimage"},"thumbnailUrl":"https:\/\/descartes.tn\/wp-content\/uploads\/2026\/01\/La-Facture-Electronique.jpg","articleSection":["Actualit\u00e9s"],"inLanguage":"en-US","potentialAction":[{"@type":"CommentAction","name":"Comment","target":["https:\/\/descartes.tn\/index.php\/2026\/01\/14\/tunisie-la-facture-electronique-entre-choc-numerique-et-realite-economique\/#respond"]}]},{"@type":"WebPage","@id":"https:\/\/descartes.tn\/index.php\/2026\/01\/14\/tunisie-la-facture-electronique-entre-choc-numerique-et-realite-economique\/","url":"https:\/\/descartes.tn\/index.php\/2026\/01\/14\/tunisie-la-facture-electronique-entre-choc-numerique-et-realite-economique\/","name":"Tunisie : La Facture \u00c9lectronique, entre Choc Num\u00e9rique et R\u00e9alit\u00e9 \u00c9conomique - Descartes.tn","isPartOf":{"@id":"https:\/\/descartes.tn\/#website"},"primaryImageOfPage":{"@id":"https:\/\/descartes.tn\/index.php\/2026\/01\/14\/tunisie-la-facture-electronique-entre-choc-numerique-et-realite-economique\/#primaryimage"},"image":{"@id":"https:\/\/descartes.tn\/index.php\/2026\/01\/14\/tunisie-la-facture-electronique-entre-choc-numerique-et-realite-economique\/#primaryimage"},"thumbnailUrl":"https:\/\/descartes.tn\/wp-content\/uploads\/2026\/01\/La-Facture-Electronique.jpg","datePublished":"2026-01-14T13:43:38+00:00","dateModified":"2026-01-14T13:43:39+00:00","description":"La Tunisie g\u00e9n\u00e9ralise la facture \u00e9lectronique en 2026. D\u00e9couvrez les obligations, les sanctions (jusqu'\u00e0 50 000 DT) et les d\u00e9fis techniques pour les PME.","breadcrumb":{"@id":"https:\/\/descartes.tn\/index.php\/2026\/01\/14\/tunisie-la-facture-electronique-entre-choc-numerique-et-realite-economique\/#breadcrumb"},"inLanguage":"en-US","potentialAction":[{"@type":"ReadAction","target":["https:\/\/descartes.tn\/index.php\/2026\/01\/14\/tunisie-la-facture-electronique-entre-choc-numerique-et-realite-economique\/"]}]},{"@type":"ImageObject","inLanguage":"en-US","@id":"https:\/\/descartes.tn\/index.php\/2026\/01\/14\/tunisie-la-facture-electronique-entre-choc-numerique-et-realite-economique\/#primaryimage","url":"https:\/\/descartes.tn\/wp-content\/uploads\/2026\/01\/La-Facture-Electronique.jpg","contentUrl":"https:\/\/descartes.tn\/wp-content\/uploads\/2026\/01\/La-Facture-Electronique.jpg","width":1200,"height":650,"caption":"La-Facture-\u00c9lectronique"},{"@type":"BreadcrumbList","@id":"https:\/\/descartes.tn\/index.php\/2026\/01\/14\/tunisie-la-facture-electronique-entre-choc-numerique-et-realite-economique\/#breadcrumb","itemListElement":[{"@type":"ListItem","position":1,"name":"Home","item":"https:\/\/descartes.tn\/"},{"@type":"ListItem","position":2,"name":"Tunisie : La Facture \u00c9lectronique, entre Choc Num\u00e9rique et R\u00e9alit\u00e9 \u00c9conomique"}]},{"@type":"WebSite","@id":"https:\/\/descartes.tn\/#website","url":"https:\/\/descartes.tn\/","name":"Descartes.tn","description":"","publisher":{"@id":"https:\/\/descartes.tn\/#organization"},"potentialAction":[{"@type":"SearchAction","target":{"@type":"EntryPoint","urlTemplate":"https:\/\/descartes.tn\/?s={search_term_string}"},"query-input":{"@type":"PropertyValueSpecification","valueRequired":true,"valueName":"search_term_string"}}],"inLanguage":"en-US"},{"@type":"Organization","@id":"https:\/\/descartes.tn\/#organization","name":"Descartes.tn","url":"https:\/\/descartes.tn\/","logo":{"@type":"ImageObject","inLanguage":"en-US","@id":"https:\/\/descartes.tn\/#\/schema\/logo\/image\/","url":"https:\/\/descartes.tn\/wp-content\/uploads\/2025\/10\/cropped-Fichier-1-1.png","contentUrl":"https:\/\/descartes.tn\/wp-content\/uploads\/2025\/10\/cropped-Fichier-1-1.png","width":136,"height":19,"caption":"Descartes.tn"},"image":{"@id":"https:\/\/descartes.tn\/#\/schema\/logo\/image\/"},"sameAs":["https:\/\/www.facebook.com\/Magdescartes","https:\/\/www.instagram.com\/descartes.magazine\/"]},{"@type":"Person","@id":"https:\/\/descartes.tn\/#\/schema\/person\/9fd67540eb53221af50a61878b6721ae","name":"admin","image":{"@type":"ImageObject","inLanguage":"en-US","@id":"https:\/\/secure.gravatar.com\/avatar\/871417dfba5a884ed81f7f8e04e2eea75e8ef480bcb1e5ea634438506d493132?s=96&d=mm&r=g","url":"https:\/\/secure.gravatar.com\/avatar\/871417dfba5a884ed81f7f8e04e2eea75e8ef480bcb1e5ea634438506d493132?s=96&d=mm&r=g","contentUrl":"https:\/\/secure.gravatar.com\/avatar\/871417dfba5a884ed81f7f8e04e2eea75e8ef480bcb1e5ea634438506d493132?s=96&d=mm&r=g","caption":"admin"},"sameAs":["https:\/\/descartes.tn"],"url":"https:\/\/descartes.tn\/index.php\/author\/admin_pmykj64c\/"}]}},"_links":{"self":[{"href":"https:\/\/descartes.tn\/index.php\/wp-json\/wp\/v2\/posts\/3117","targetHints":{"allow":["GET"]}}],"collection":[{"href":"https:\/\/descartes.tn\/index.php\/wp-json\/wp\/v2\/posts"}],"about":[{"href":"https:\/\/descartes.tn\/index.php\/wp-json\/wp\/v2\/types\/post"}],"author":[{"embeddable":true,"href":"https:\/\/descartes.tn\/index.php\/wp-json\/wp\/v2\/users\/1"}],"replies":[{"embeddable":true,"href":"https:\/\/descartes.tn\/index.php\/wp-json\/wp\/v2\/comments?post=3117"}],"version-history":[{"count":1,"href":"https:\/\/descartes.tn\/index.php\/wp-json\/wp\/v2\/posts\/3117\/revisions"}],"predecessor-version":[{"id":3119,"href":"https:\/\/descartes.tn\/index.php\/wp-json\/wp\/v2\/posts\/3117\/revisions\/3119"}],"wp:featuredmedia":[{"embeddable":true,"href":"https:\/\/descartes.tn\/index.php\/wp-json\/wp\/v2\/media\/3118"}],"wp:attachment":[{"href":"https:\/\/descartes.tn\/index.php\/wp-json\/wp\/v2\/media?parent=3117"}],"wp:term":[{"taxonomy":"category","embeddable":true,"href":"https:\/\/descartes.tn\/index.php\/wp-json\/wp\/v2\/categories?post=3117"},{"taxonomy":"post_tag","embeddable":true,"href":"https:\/\/descartes.tn\/index.php\/wp-json\/wp\/v2\/tags?post=3117"}],"curies":[{"name":"wp","href":"https:\/\/api.w.org\/{rel}","templated":true}]}}