{"id":3065,"date":"2026-01-11T22:27:06","date_gmt":"2026-01-11T21:27:06","guid":{"rendered":"https:\/\/descartes.tn\/?p=3065"},"modified":"2026-01-11T22:27:06","modified_gmt":"2026-01-11T21:27:06","slug":"el-clasico-en-supercoupe-despagne-barca-3-2-real-madrid","status":"publish","type":"post","link":"https:\/\/descartes.tn\/index.php\/2026\/01\/11\/el-clasico-en-supercoupe-despagne-barca-3-2-real-madrid\/","title":{"rendered":"El Cl\u00e1sico en Supercoupe d\u2019Espagne : Bar\u00e7a 3\u20132 Real Madrid"},"content":{"rendered":"\n<p>Jeddah, Arabie Saoudite \u2014 Le football mondial a une nouvelle fois vibr\u00e9 au rythme d\u2019un El Cl\u00e1sico \u00e9lectrique. En finale de la Supercoupe d\u2019Espagne, le FC Barcelone a domin\u00e9 le Real Madrid sur le score de 3 buts \u00e0 2, au terme d\u2019un match intense, riche en rebondissements et fid\u00e8le \u00e0 la l\u00e9gende de cette rivalit\u00e9 historique.<\/p>\n\n\n\n<p><strong> Un Clasico \u00e0 la hauteur des attentes<\/strong><\/p>\n\n\n\n<p>D\u00e8s les premi\u00e8res minutes, les deux \u00e9quipes ont affich\u00e9 leurs ambitions. Barcelone a cherch\u00e9 \u00e0 imposer son jeu bas\u00e9 sur la possession et le pressing haut, tandis que le Real Madrid a opt\u00e9 pour des transitions rapides et des projections offensives tranchantes.<\/p>\n\n\n\n<p>Apr\u00e8s plusieurs occasions de part et d\u2019autre, Raphinha ouvre le score \u00e0 la 36\u1d49 minute, concr\u00e9tisant une domination catalane de plus en plus marqu\u00e9e. Le Real Madrid ne tarde pas \u00e0 r\u00e9agir et \u00e9galise juste avant la pause gr\u00e2ce \u00e0 Vin\u00edcius J\u00fanior, opportuniste et incisif.<\/p>\n\n\n\n<p>La fin de la premi\u00e8re p\u00e9riode devient alors totalement folle : Robert Lewandowski redonne l\u2019avantage au Bar\u00e7a, avant que Gonzalo Garc\u00eda ne r\u00e9tablisse l\u2019\u00e9quilibre quelques instants plus tard. \u00c0 la mi-temps, le score est d\u00e9j\u00e0 de 2\u20132, reflet d\u2019un match ouvert et spectaculaire.<\/p>\n\n\n\n<p><strong> Une seconde p\u00e9riode d\u00e9cisive<\/strong><\/p>\n\n\n\n<p>Au retour des vestiaires, l\u2019intensit\u00e9 ne faiblit pas. Barcelone ma\u00eetrise davantage le ballon, tandis que le Real Madrid reste dangereux sur chaque contre-attaque. Les d\u00e9fenses sont mises \u00e0 rude \u00e9preuve, et les gardiens doivent s\u2019employer \u00e0 plusieurs reprises.<\/p>\n\n\n\n<p>C\u2019est finalement Raphinha, d\u00e9j\u00e0 buteur en premi\u00e8re p\u00e9riode, qui fait basculer la rencontre \u00e0 la 73\u1d49 minute en inscrivant un doubl\u00e9 d\u00e9cisif. Ce but scelle le sort du match et offre au Bar\u00e7a un avantage que les Madril\u00e8nes ne parviendront plus \u00e0 combler malgr\u00e9 une fin de match sous haute tension.<\/p>\n\n\n\n<p><strong> ** Analyse tactique<\/strong><\/p>\n\n\n\n<p><strong> Barcelone : ma\u00eetrise collective et efficacit\u00e9<\/strong><\/p>\n\n\n\n<p>Sous la direction de son entra\u00eeneur, Barcelone a montr\u00e9 une grande discipline tactique. Le bloc \u00e9quipe est rest\u00e9 compact, la circulation du ballon fluide, et l\u2019efficacit\u00e9 offensive au rendez-vous. Raphinha s\u2019est illustr\u00e9 comme l\u2019homme du match, tandis que Lewandowski a une nouvelle fois prouv\u00e9 son importance dans les grands rendez-vous.<\/p>\n\n\n\n<p><strong> Real Madrid : caract\u00e8re et r\u00e9actions, mais des limites d\u00e9fensives<\/strong><\/p>\n\n\n\n<p>Le Real Madrid n\u2019a jamais renonc\u00e9. Capable de revenir au score \u00e0 deux reprises, le club madril\u00e8ne a toutefois pay\u00e9 certaines approximations d\u00e9fensives et un manque de pr\u00e9cision dans les derniers m\u00e8tres. Vin\u00edcius J\u00fanior a \u00e9t\u00e9 l\u2019un des joueurs les plus dangereux, mais cela n\u2019a pas suffi pour inverser le cours du match.<\/p>\n\n\n\n<p><strong> Les faits marquants<\/strong><\/p>\n\n\n\n<ul class=\"wp-block-list\">\n<li>Score final : FC Barcelone 3 \u2013 2 Real Madrid<\/li>\n\n\n\n<li>Une premi\u00e8re mi-temps spectaculaire avec 4 buts inscrits<\/li>\n\n\n\n<li>Raphinha, auteur d\u2019un doubl\u00e9, \u00e9lu homme du match<\/li>\n\n\n\n<li>Un Clasico intense, engag\u00e9 et riche en \u00e9motions<\/li>\n<\/ul>\n\n\n\n<p><strong> Une victoire symbolique<\/strong><\/p>\n\n\n\n<p>Avec ce succ\u00e8s, le FC Barcelone remporte la Supercoupe d\u2019Espagne et envoie un signal fort pour la suite de la saison. Plus qu\u2019un simple troph\u00e9e, cette victoire face au rival historique renforce la confiance du groupe et confirme la capacit\u00e9 du Bar\u00e7a \u00e0 r\u00e9pondre pr\u00e9sent lors des grands rendez-vous.<\/p>\n\n\n\n<p><\/p>\n\n\n\n<p>Ce El Cl\u00e1sico restera comme l\u2019un des plus spectaculaires de ces derni\u00e8res ann\u00e9es en Supercoupe. Entre intensit\u00e9, talent individuel et tension permanente, Barcelone et le Real Madrid ont offert un match digne de leur prestige. Mais au bout des 90 minutes, c\u2019est bien Barcelone qui a su faire la diff\u00e9rence et soulever le troph\u00e9e.<\/p>\n","protected":false},"excerpt":{"rendered":"<p>Jeddah, Arabie Saoudite \u2014 Le football mondial a une nouvelle fois vibr\u00e9 au rythme d\u2019un El Cl\u00e1sico \u00e9lectrique. En finale de la Supercoupe d\u2019Espagne, le FC Barcelone a domin\u00e9 le Real Madrid sur le score de 3 buts \u00e0 2, au terme d\u2019un match intense, riche en rebondissements et fid\u00e8le \u00e0 la l\u00e9gende de cette [&hellip;]<\/p>\n","protected":false},"author":1,"featured_media":3066,"comment_status":"open","ping_status":"closed","sticky":false,"template":"","format":"standard","meta":{"footnotes":""},"categories":[1,11],"tags":[],"class_list":["post-3065","post","type-post","status-publish","format-standard","has-post-thumbnail","hentry","category-actualites","category-sport"],"yoast_head":"<!-- This site is optimized with the Yoast SEO plugin v27.5 - https:\/\/yoast.com\/product\/yoast-seo-wordpress\/ -->\n<title>El Cl\u00e1sico en Supercoupe d\u2019Espagne : Bar\u00e7a 3\u20132 Real Madrid - Descartes.tn<\/title>\n<meta name=\"description\" content=\"FC Barcelone bat le Real Madrid 3\u20132 en finale de la Supercoupe d\u2019Espagne apr\u00e8s un Clasico intense et spectaculaire.\" \/>\n<meta name=\"robots\" content=\"index, follow, max-snippet:-1, max-image-preview:large, max-video-preview:-1\" \/>\n<link rel=\"canonical\" href=\"https:\/\/descartes.tn\/index.php\/2026\/01\/11\/el-clasico-en-supercoupe-despagne-barca-3-2-real-madrid\/\" \/>\n<meta property=\"og:locale\" content=\"en_US\" \/>\n<meta property=\"og:type\" content=\"article\" \/>\n<meta property=\"og:title\" content=\"Barcelone s\u2019impose face au Real Madrid (3\u20132) et remporte la Supercoupe d\u2019Espagne\" \/>\n<meta property=\"og:description\" content=\"Barcelone bat le Real Madrid 3\u20132 en finale de la Supercoupe d\u2019Espagne apr\u00e8s un Clasico intense et spectaculaire.\" \/>\n<meta property=\"og:url\" content=\"https:\/\/descartes.tn\/index.php\/2026\/01\/11\/el-clasico-en-supercoupe-despagne-barca-3-2-real-madrid\/\" \/>\n<meta property=\"og:site_name\" content=\"Descartes.tn\" \/>\n<meta property=\"article:publisher\" content=\"https:\/\/www.facebook.com\/Magdescartes\" \/>\n<meta property=\"article:published_time\" content=\"2026-01-11T21:27:06+00:00\" \/>\n<meta property=\"og:image\" content=\"https:\/\/descartes.tn\/wp-content\/uploads\/2026\/01\/IMG_9708.jpeg\" \/>\n\t<meta property=\"og:image:width\" content=\"770\" \/>\n\t<meta property=\"og:image:height\" content=\"470\" \/>\n\t<meta property=\"og:image:type\" content=\"image\/jpeg\" \/>\n<meta name=\"author\" content=\"admin\" \/>\n<meta name=\"twitter:card\" content=\"summary_large_image\" \/>\n<meta name=\"twitter:label1\" content=\"Written by\" \/>\n\t<meta name=\"twitter:data1\" content=\"admin\" \/>\n\t<meta name=\"twitter:label2\" content=\"Est. reading time\" \/>\n\t<meta name=\"twitter:data2\" content=\"3 minutes\" \/>\n<script type=\"application\/ld+json\" class=\"yoast-schema-graph\">{\"@context\":\"https:\\\/\\\/schema.org\",\"@graph\":[{\"@type\":\"Article\",\"@id\":\"https:\\\/\\\/descartes.tn\\\/index.php\\\/2026\\\/01\\\/11\\\/el-clasico-en-supercoupe-despagne-barca-3-2-real-madrid\\\/#article\",\"isPartOf\":{\"@id\":\"https:\\\/\\\/descartes.tn\\\/index.php\\\/2026\\\/01\\\/11\\\/el-clasico-en-supercoupe-despagne-barca-3-2-real-madrid\\\/\"},\"author\":{\"name\":\"admin\",\"@id\":\"https:\\\/\\\/descartes.tn\\\/#\\\/schema\\\/person\\\/9fd67540eb53221af50a61878b6721ae\"},\"headline\":\"El Cl\u00e1sico en Supercoupe d\u2019Espagne : Bar\u00e7a 3\u20132 Real Madrid\",\"datePublished\":\"2026-01-11T21:27:06+00:00\",\"mainEntityOfPage\":{\"@id\":\"https:\\\/\\\/descartes.tn\\\/index.php\\\/2026\\\/01\\\/11\\\/el-clasico-en-supercoupe-despagne-barca-3-2-real-madrid\\\/\"},\"wordCount\":604,\"commentCount\":0,\"publisher\":{\"@id\":\"https:\\\/\\\/descartes.tn\\\/#organization\"},\"image\":{\"@id\":\"https:\\\/\\\/descartes.tn\\\/index.php\\\/2026\\\/01\\\/11\\\/el-clasico-en-supercoupe-despagne-barca-3-2-real-madrid\\\/#primaryimage\"},\"thumbnailUrl\":\"https:\\\/\\\/descartes.tn\\\/wp-content\\\/uploads\\\/2026\\\/01\\\/IMG_9708.jpeg\",\"articleSection\":[\"Actualit\u00e9s\",\"Sport\"],\"inLanguage\":\"en-US\",\"potentialAction\":[{\"@type\":\"CommentAction\",\"name\":\"Comment\",\"target\":[\"https:\\\/\\\/descartes.tn\\\/index.php\\\/2026\\\/01\\\/11\\\/el-clasico-en-supercoupe-despagne-barca-3-2-real-madrid\\\/#respond\"]}]},{\"@type\":\"WebPage\",\"@id\":\"https:\\\/\\\/descartes.tn\\\/index.php\\\/2026\\\/01\\\/11\\\/el-clasico-en-supercoupe-despagne-barca-3-2-real-madrid\\\/\",\"url\":\"https:\\\/\\\/descartes.tn\\\/index.php\\\/2026\\\/01\\\/11\\\/el-clasico-en-supercoupe-despagne-barca-3-2-real-madrid\\\/\",\"name\":\"El Cl\u00e1sico en Supercoupe d\u2019Espagne : Bar\u00e7a 3\u20132 Real Madrid - Descartes.tn\",\"isPartOf\":{\"@id\":\"https:\\\/\\\/descartes.tn\\\/#website\"},\"primaryImageOfPage\":{\"@id\":\"https:\\\/\\\/descartes.tn\\\/index.php\\\/2026\\\/01\\\/11\\\/el-clasico-en-supercoupe-despagne-barca-3-2-real-madrid\\\/#primaryimage\"},\"image\":{\"@id\":\"https:\\\/\\\/descartes.tn\\\/index.php\\\/2026\\\/01\\\/11\\\/el-clasico-en-supercoupe-despagne-barca-3-2-real-madrid\\\/#primaryimage\"},\"thumbnailUrl\":\"https:\\\/\\\/descartes.tn\\\/wp-content\\\/uploads\\\/2026\\\/01\\\/IMG_9708.jpeg\",\"datePublished\":\"2026-01-11T21:27:06+00:00\",\"description\":\"FC Barcelone bat le Real Madrid 3\u20132 en finale de la Supercoupe d\u2019Espagne apr\u00e8s un Clasico intense et spectaculaire.\",\"breadcrumb\":{\"@id\":\"https:\\\/\\\/descartes.tn\\\/index.php\\\/2026\\\/01\\\/11\\\/el-clasico-en-supercoupe-despagne-barca-3-2-real-madrid\\\/#breadcrumb\"},\"inLanguage\":\"en-US\",\"potentialAction\":[{\"@type\":\"ReadAction\",\"target\":[\"https:\\\/\\\/descartes.tn\\\/index.php\\\/2026\\\/01\\\/11\\\/el-clasico-en-supercoupe-despagne-barca-3-2-real-madrid\\\/\"]}]},{\"@type\":\"ImageObject\",\"inLanguage\":\"en-US\",\"@id\":\"https:\\\/\\\/descartes.tn\\\/index.php\\\/2026\\\/01\\\/11\\\/el-clasico-en-supercoupe-despagne-barca-3-2-real-madrid\\\/#primaryimage\",\"url\":\"https:\\\/\\\/descartes.tn\\\/wp-content\\\/uploads\\\/2026\\\/01\\\/IMG_9708.jpeg\",\"contentUrl\":\"https:\\\/\\\/descartes.tn\\\/wp-content\\\/uploads\\\/2026\\\/01\\\/IMG_9708.jpeg\",\"width\":770,\"height\":470},{\"@type\":\"BreadcrumbList\",\"@id\":\"https:\\\/\\\/descartes.tn\\\/index.php\\\/2026\\\/01\\\/11\\\/el-clasico-en-supercoupe-despagne-barca-3-2-real-madrid\\\/#breadcrumb\",\"itemListElement\":[{\"@type\":\"ListItem\",\"position\":1,\"name\":\"Home\",\"item\":\"https:\\\/\\\/descartes.tn\\\/\"},{\"@type\":\"ListItem\",\"position\":2,\"name\":\"El Cl\u00e1sico en Supercoupe d\u2019Espagne : Bar\u00e7a 3\u20132 Real Madrid\"}]},{\"@type\":\"WebSite\",\"@id\":\"https:\\\/\\\/descartes.tn\\\/#website\",\"url\":\"https:\\\/\\\/descartes.tn\\\/\",\"name\":\"Descartes.tn\",\"description\":\"\",\"publisher\":{\"@id\":\"https:\\\/\\\/descartes.tn\\\/#organization\"},\"potentialAction\":[{\"@type\":\"SearchAction\",\"target\":{\"@type\":\"EntryPoint\",\"urlTemplate\":\"https:\\\/\\\/descartes.tn\\\/?s={search_term_string}\"},\"query-input\":{\"@type\":\"PropertyValueSpecification\",\"valueRequired\":true,\"valueName\":\"search_term_string\"}}],\"inLanguage\":\"en-US\"},{\"@type\":\"Organization\",\"@id\":\"https:\\\/\\\/descartes.tn\\\/#organization\",\"name\":\"Descartes.tn\",\"url\":\"https:\\\/\\\/descartes.tn\\\/\",\"logo\":{\"@type\":\"ImageObject\",\"inLanguage\":\"en-US\",\"@id\":\"https:\\\/\\\/descartes.tn\\\/#\\\/schema\\\/logo\\\/image\\\/\",\"url\":\"https:\\\/\\\/descartes.tn\\\/wp-content\\\/uploads\\\/2025\\\/10\\\/cropped-Fichier-1-1.png\",\"contentUrl\":\"https:\\\/\\\/descartes.tn\\\/wp-content\\\/uploads\\\/2025\\\/10\\\/cropped-Fichier-1-1.png\",\"width\":136,\"height\":19,\"caption\":\"Descartes.tn\"},\"image\":{\"@id\":\"https:\\\/\\\/descartes.tn\\\/#\\\/schema\\\/logo\\\/image\\\/\"},\"sameAs\":[\"https:\\\/\\\/www.facebook.com\\\/Magdescartes\",\"https:\\\/\\\/www.instagram.com\\\/descartes.magazine\\\/\"]},{\"@type\":\"Person\",\"@id\":\"https:\\\/\\\/descartes.tn\\\/#\\\/schema\\\/person\\\/9fd67540eb53221af50a61878b6721ae\",\"name\":\"admin\",\"image\":{\"@type\":\"ImageObject\",\"inLanguage\":\"en-US\",\"@id\":\"https:\\\/\\\/secure.gravatar.com\\\/avatar\\\/871417dfba5a884ed81f7f8e04e2eea75e8ef480bcb1e5ea634438506d493132?s=96&d=mm&r=g\",\"url\":\"https:\\\/\\\/secure.gravatar.com\\\/avatar\\\/871417dfba5a884ed81f7f8e04e2eea75e8ef480bcb1e5ea634438506d493132?s=96&d=mm&r=g\",\"contentUrl\":\"https:\\\/\\\/secure.gravatar.com\\\/avatar\\\/871417dfba5a884ed81f7f8e04e2eea75e8ef480bcb1e5ea634438506d493132?s=96&d=mm&r=g\",\"caption\":\"admin\"},\"sameAs\":[\"https:\\\/\\\/descartes.tn\"],\"url\":\"https:\\\/\\\/descartes.tn\\\/index.php\\\/author\\\/admin_pmykj64c\\\/\"}]}<\/script>\n<!-- \/ Yoast SEO plugin. -->","yoast_head_json":{"title":"El Cl\u00e1sico en Supercoupe d\u2019Espagne : Bar\u00e7a 3\u20132 Real Madrid - Descartes.tn","description":"FC Barcelone bat le Real Madrid 3\u20132 en finale de la Supercoupe d\u2019Espagne apr\u00e8s un Clasico intense et spectaculaire.","robots":{"index":"index","follow":"follow","max-snippet":"max-snippet:-1","max-image-preview":"max-image-preview:large","max-video-preview":"max-video-preview:-1"},"canonical":"https:\/\/descartes.tn\/index.php\/2026\/01\/11\/el-clasico-en-supercoupe-despagne-barca-3-2-real-madrid\/","og_locale":"en_US","og_type":"article","og_title":"Barcelone s\u2019impose face au Real Madrid (3\u20132) et remporte la Supercoupe d\u2019Espagne","og_description":"Barcelone bat le Real Madrid 3\u20132 en finale de la Supercoupe d\u2019Espagne apr\u00e8s un Clasico intense et spectaculaire.","og_url":"https:\/\/descartes.tn\/index.php\/2026\/01\/11\/el-clasico-en-supercoupe-despagne-barca-3-2-real-madrid\/","og_site_name":"Descartes.tn","article_publisher":"https:\/\/www.facebook.com\/Magdescartes","article_published_time":"2026-01-11T21:27:06+00:00","og_image":[{"width":770,"height":470,"url":"https:\/\/descartes.tn\/wp-content\/uploads\/2026\/01\/IMG_9708.jpeg","type":"image\/jpeg"}],"author":"admin","twitter_card":"summary_large_image","twitter_misc":{"Written by":"admin","Est. reading time":"3 minutes"},"schema":{"@context":"https:\/\/schema.org","@graph":[{"@type":"Article","@id":"https:\/\/descartes.tn\/index.php\/2026\/01\/11\/el-clasico-en-supercoupe-despagne-barca-3-2-real-madrid\/#article","isPartOf":{"@id":"https:\/\/descartes.tn\/index.php\/2026\/01\/11\/el-clasico-en-supercoupe-despagne-barca-3-2-real-madrid\/"},"author":{"name":"admin","@id":"https:\/\/descartes.tn\/#\/schema\/person\/9fd67540eb53221af50a61878b6721ae"},"headline":"El Cl\u00e1sico en Supercoupe d\u2019Espagne : Bar\u00e7a 3\u20132 Real Madrid","datePublished":"2026-01-11T21:27:06+00:00","mainEntityOfPage":{"@id":"https:\/\/descartes.tn\/index.php\/2026\/01\/11\/el-clasico-en-supercoupe-despagne-barca-3-2-real-madrid\/"},"wordCount":604,"commentCount":0,"publisher":{"@id":"https:\/\/descartes.tn\/#organization"},"image":{"@id":"https:\/\/descartes.tn\/index.php\/2026\/01\/11\/el-clasico-en-supercoupe-despagne-barca-3-2-real-madrid\/#primaryimage"},"thumbnailUrl":"https:\/\/descartes.tn\/wp-content\/uploads\/2026\/01\/IMG_9708.jpeg","articleSection":["Actualit\u00e9s","Sport"],"inLanguage":"en-US","potentialAction":[{"@type":"CommentAction","name":"Comment","target":["https:\/\/descartes.tn\/index.php\/2026\/01\/11\/el-clasico-en-supercoupe-despagne-barca-3-2-real-madrid\/#respond"]}]},{"@type":"WebPage","@id":"https:\/\/descartes.tn\/index.php\/2026\/01\/11\/el-clasico-en-supercoupe-despagne-barca-3-2-real-madrid\/","url":"https:\/\/descartes.tn\/index.php\/2026\/01\/11\/el-clasico-en-supercoupe-despagne-barca-3-2-real-madrid\/","name":"El Cl\u00e1sico en Supercoupe d\u2019Espagne : Bar\u00e7a 3\u20132 Real Madrid - Descartes.tn","isPartOf":{"@id":"https:\/\/descartes.tn\/#website"},"primaryImageOfPage":{"@id":"https:\/\/descartes.tn\/index.php\/2026\/01\/11\/el-clasico-en-supercoupe-despagne-barca-3-2-real-madrid\/#primaryimage"},"image":{"@id":"https:\/\/descartes.tn\/index.php\/2026\/01\/11\/el-clasico-en-supercoupe-despagne-barca-3-2-real-madrid\/#primaryimage"},"thumbnailUrl":"https:\/\/descartes.tn\/wp-content\/uploads\/2026\/01\/IMG_9708.jpeg","datePublished":"2026-01-11T21:27:06+00:00","description":"FC Barcelone bat le Real Madrid 3\u20132 en finale de la Supercoupe d\u2019Espagne apr\u00e8s un Clasico intense et spectaculaire.","breadcrumb":{"@id":"https:\/\/descartes.tn\/index.php\/2026\/01\/11\/el-clasico-en-supercoupe-despagne-barca-3-2-real-madrid\/#breadcrumb"},"inLanguage":"en-US","potentialAction":[{"@type":"ReadAction","target":["https:\/\/descartes.tn\/index.php\/2026\/01\/11\/el-clasico-en-supercoupe-despagne-barca-3-2-real-madrid\/"]}]},{"@type":"ImageObject","inLanguage":"en-US","@id":"https:\/\/descartes.tn\/index.php\/2026\/01\/11\/el-clasico-en-supercoupe-despagne-barca-3-2-real-madrid\/#primaryimage","url":"https:\/\/descartes.tn\/wp-content\/uploads\/2026\/01\/IMG_9708.jpeg","contentUrl":"https:\/\/descartes.tn\/wp-content\/uploads\/2026\/01\/IMG_9708.jpeg","width":770,"height":470},{"@type":"BreadcrumbList","@id":"https:\/\/descartes.tn\/index.php\/2026\/01\/11\/el-clasico-en-supercoupe-despagne-barca-3-2-real-madrid\/#breadcrumb","itemListElement":[{"@type":"ListItem","position":1,"name":"Home","item":"https:\/\/descartes.tn\/"},{"@type":"ListItem","position":2,"name":"El Cl\u00e1sico en Supercoupe d\u2019Espagne : Bar\u00e7a 3\u20132 Real Madrid"}]},{"@type":"WebSite","@id":"https:\/\/descartes.tn\/#website","url":"https:\/\/descartes.tn\/","name":"Descartes.tn","description":"","publisher":{"@id":"https:\/\/descartes.tn\/#organization"},"potentialAction":[{"@type":"SearchAction","target":{"@type":"EntryPoint","urlTemplate":"https:\/\/descartes.tn\/?s={search_term_string}"},"query-input":{"@type":"PropertyValueSpecification","valueRequired":true,"valueName":"search_term_string"}}],"inLanguage":"en-US"},{"@type":"Organization","@id":"https:\/\/descartes.tn\/#organization","name":"Descartes.tn","url":"https:\/\/descartes.tn\/","logo":{"@type":"ImageObject","inLanguage":"en-US","@id":"https:\/\/descartes.tn\/#\/schema\/logo\/image\/","url":"https:\/\/descartes.tn\/wp-content\/uploads\/2025\/10\/cropped-Fichier-1-1.png","contentUrl":"https:\/\/descartes.tn\/wp-content\/uploads\/2025\/10\/cropped-Fichier-1-1.png","width":136,"height":19,"caption":"Descartes.tn"},"image":{"@id":"https:\/\/descartes.tn\/#\/schema\/logo\/image\/"},"sameAs":["https:\/\/www.facebook.com\/Magdescartes","https:\/\/www.instagram.com\/descartes.magazine\/"]},{"@type":"Person","@id":"https:\/\/descartes.tn\/#\/schema\/person\/9fd67540eb53221af50a61878b6721ae","name":"admin","image":{"@type":"ImageObject","inLanguage":"en-US","@id":"https:\/\/secure.gravatar.com\/avatar\/871417dfba5a884ed81f7f8e04e2eea75e8ef480bcb1e5ea634438506d493132?s=96&d=mm&r=g","url":"https:\/\/secure.gravatar.com\/avatar\/871417dfba5a884ed81f7f8e04e2eea75e8ef480bcb1e5ea634438506d493132?s=96&d=mm&r=g","contentUrl":"https:\/\/secure.gravatar.com\/avatar\/871417dfba5a884ed81f7f8e04e2eea75e8ef480bcb1e5ea634438506d493132?s=96&d=mm&r=g","caption":"admin"},"sameAs":["https:\/\/descartes.tn"],"url":"https:\/\/descartes.tn\/index.php\/author\/admin_pmykj64c\/"}]}},"_links":{"self":[{"href":"https:\/\/descartes.tn\/index.php\/wp-json\/wp\/v2\/posts\/3065","targetHints":{"allow":["GET"]}}],"collection":[{"href":"https:\/\/descartes.tn\/index.php\/wp-json\/wp\/v2\/posts"}],"about":[{"href":"https:\/\/descartes.tn\/index.php\/wp-json\/wp\/v2\/types\/post"}],"author":[{"embeddable":true,"href":"https:\/\/descartes.tn\/index.php\/wp-json\/wp\/v2\/users\/1"}],"replies":[{"embeddable":true,"href":"https:\/\/descartes.tn\/index.php\/wp-json\/wp\/v2\/comments?post=3065"}],"version-history":[{"count":1,"href":"https:\/\/descartes.tn\/index.php\/wp-json\/wp\/v2\/posts\/3065\/revisions"}],"predecessor-version":[{"id":3067,"href":"https:\/\/descartes.tn\/index.php\/wp-json\/wp\/v2\/posts\/3065\/revisions\/3067"}],"wp:featuredmedia":[{"embeddable":true,"href":"https:\/\/descartes.tn\/index.php\/wp-json\/wp\/v2\/media\/3066"}],"wp:attachment":[{"href":"https:\/\/descartes.tn\/index.php\/wp-json\/wp\/v2\/media?parent=3065"}],"wp:term":[{"taxonomy":"category","embeddable":true,"href":"https:\/\/descartes.tn\/index.php\/wp-json\/wp\/v2\/categories?post=3065"},{"taxonomy":"post_tag","embeddable":true,"href":"https:\/\/descartes.tn\/index.php\/wp-json\/wp\/v2\/tags?post=3065"}],"curies":[{"name":"wp","href":"https:\/\/api.w.org\/{rel}","templated":true}]}}