{"id":3034,"date":"2026-01-07T19:59:18","date_gmt":"2026-01-07T18:59:18","guid":{"rendered":"https:\/\/descartes.tn\/?p=3034"},"modified":"2026-01-07T19:59:19","modified_gmt":"2026-01-07T18:59:19","slug":"statue-vivante-revele-trahison-maroc-lumumba","status":"publish","type":"post","link":"https:\/\/descartes.tn\/index.php\/2026\/01\/07\/statue-vivante-revele-trahison-maroc-lumumba\/","title":{"rendered":"Le statue vivante qui a r\u00e9v\u00e9l\u00e9 une blessure que le Maroc a enterr\u00e9e depuis 65 ans"},"content":{"rendered":"\n<p>Le supporter congolais qui est rest\u00e9 debout, immobile, pendant 90 minutes dans les tribunes d\u2019un stade marocain n\u2019\u00e9tait pas un simple spectateur venu encourager son \u00e9quipe. Il \u00e9tait une <strong>statue vivante de la m\u00e9moire<\/strong>, une cicatrice historique ouverte en un instant, rappelant \u00e0 des millions une blessure oubli\u00e9e.<br>Il est rest\u00e9 silencieux\u2026 mais son message \u00e9tait clair :<br><strong>\u00ab Nous n\u2019avons pas oubli\u00e9 votre trahison. \u00bb<\/strong><\/p>\n\n\n\n<figure class=\"wp-block-image size-large\"><img loading=\"lazy\" decoding=\"async\" width=\"1024\" height=\"576\" src=\"https:\/\/descartes.tn\/wp-content\/uploads\/2026\/01\/photo_5953830068725419158_y.jpg-1024x576.webp\" alt=\"\" class=\"wp-image-3029\" srcset=\"https:\/\/descartes.tn\/wp-content\/uploads\/2026\/01\/photo_5953830068725419158_y.jpg-1024x576.webp 1024w, https:\/\/descartes.tn\/wp-content\/uploads\/2026\/01\/photo_5953830068725419158_y.jpg-300x169.webp 300w, https:\/\/descartes.tn\/wp-content\/uploads\/2026\/01\/photo_5953830068725419158_y.jpg-768x432.webp 768w, https:\/\/descartes.tn\/wp-content\/uploads\/2026\/01\/photo_5953830068725419158_y.jpg.webp 1280w\" sizes=\"auto, (max-width: 1024px) 100vw, 1024px\" \/><\/figure>\n\n\n\n<h3 class=\"wp-block-heading\"><strong>Pourquoi le Maroc ? Pourquoi maintenant ?<\/strong><\/h3>\n\n\n\n<p>Cet homme agit ainsi depuis 2013, \u00e0 chaque tournoi de la RD Congo, incarnant Patrice Lumumba, le premier Premier ministre du pays et symbole fort de la lib\u00e9ration africaine.<br>Mais ce n\u2019est que maintenant, au Maroc, que l\u2019acte est devenu viral.<br>Et ce n\u2019est pas un hasard.<br>Le Maroc n\u2019est pas un simple h\u00f4te pour la Coupe d\u2019Afrique des Nations ; il est intimement li\u00e9 \u00e0 l\u2019une des pages les plus sombres du destin de Lumumba.<\/p>\n\n\n\n<h3 class=\"wp-block-heading\"><strong>Une histoire que les Marocains ignorent<\/strong><\/h3>\n\n\n\n<p>Deux mois seulement apr\u00e8s l\u2019ind\u00e9pendance du Congo en 1960, le pays sombre dans le chaos : s\u00e9cession d\u2019une r\u00e9gion riche en minerais, r\u00e9voltes militaires, instabilit\u00e9 totale.<br>L\u2019ONU envoie des forces de maintien de la paix, y compris des unit\u00e9s marocaines dirig\u00e9es par le premier g\u00e9n\u00e9ral marocain de l\u2019histoire : <strong>Ben Hamu Kettani<\/strong>.<\/p>\n\n\n\n<p>Lorsque le colonel <strong>Joseph-D\u00e9sir\u00e9 Mobutu<\/strong> r\u00e9alise un coup d\u2019\u00c9tat contre le gouvernement de Lumumba, il n\u2019agit pas seul.<br>Il est soutenu par :<\/p>\n\n\n\n<ul class=\"wp-block-list\">\n<li>La CIA am\u00e9ricaine<\/li>\n\n\n\n<li>La Belgique coloniale<\/li>\n\n\n\n<li>Et sur le terrain, par le soutien clair de <strong>forces marocaines<\/strong><\/li>\n<\/ul>\n\n\n\n<p>Les documents historiques sont formels :<br><strong>les troupes marocaines ont contribu\u00e9 \u00e0 renverser le gouvernement l\u00e9gitime.<\/strong><\/p>\n\n\n\n<p>\u00c0 l\u2019\u00e9poque, le journal marocain <em>Al-Tahrir<\/em> d\u00e9non\u00e7ait ce qu\u2019il appelait :<\/p>\n\n\n\n<blockquote class=\"wp-block-quote is-layout-flow wp-block-quote-is-layout-flow\">\n<p>\u00ab La trahison historique \u00bb<br>\u00ab La honte du Maroc \u00bb<\/p>\n<\/blockquote>\n\n\n\n<p>Mais l\u2019\u00c9tat a enterr\u00e9 cette affaire\u2026 tout comme Lumumba fut enterr\u00e9 apr\u00e8s avoir \u00e9t\u00e9 tortur\u00e9 puis tu\u00e9. Il ne restait de lui qu\u2019une dent, restitu\u00e9e \u00e0 sa famille seulement en 2022.<\/p>\n\n\n\n<h3 class=\"wp-block-heading\"><strong>Mobutu : le tyran accueilli par le Maroc<\/strong><\/h3>\n\n\n\n<p>Apr\u00e8s l\u2019assassinat de Lumumba, Mobutu s\u2019impose en dictateur.<br>32 ann\u00e9es de r\u00e8gne marqu\u00e9 par la corruption, le pillage des ressources et la r\u00e9pression f\u00e9roce.<br>Lorsque la r\u00e9volution populaire de 1997 l\u2019oblige \u00e0 fuir, il trouve refuge <strong>au Maroc<\/strong>.<br>Le roi Hassan II l\u2019accueille comme un vieil alli\u00e9. Mobutu y vit ses derniers jours et est enterr\u00e9 \u00e0 Rabat sous les initiales <strong>MSS<\/strong>, dans une tombe anonyme, comme si le pays avait honte d\u2019abriter les restes de l\u2019un des plus grands tyrans d\u2019Afrique.<\/p>\n\n\n\n<h3 class=\"wp-block-heading\"><strong>90 minutes de silence\u2026 un choc pour tout un continent<\/strong><\/h3>\n\n\n\n<p>Le supporter congolais immobile n\u2019\u00e9tait pas seulement une image symbolique ;<br>il ravivait une m\u00e9moire \u00e9touff\u00e9e et rappelait \u00e0 une autre nation une blessure historique.<\/p>\n\n\n\n<p>Son message \u00e9tait triple :<\/p>\n\n\n\n<ol class=\"wp-block-list\">\n<li><strong>Hommage \u00e0 Lumumba<\/strong>, le leader assassin\u00e9 par le colonialisme<\/li>\n\n\n\n<li><strong>R\u00e9primande pour le Maroc<\/strong>, qui a jou\u00e9 un r\u00f4le dans sa chute et a accueilli son bourreau<\/li>\n\n\n\n<li><strong>Question pour toute l\u2019Afrique<\/strong> :<br>Quand les anciens colonisateurs et leurs complices reconna\u00eetront-ils leurs crimes et en paieront-ils le prix ?<\/li>\n<\/ol>\n\n\n\n<h3 class=\"wp-block-heading\"><strong>Entre un pass\u00e9 cach\u00e9 et un pr\u00e9sent normalis\u00e9<\/strong><\/h3>\n\n\n\n<p>Le silence de cet homme est puissant car il r\u00e9v\u00e8le un contraste saisissant :<\/p>\n\n\n\n<ul class=\"wp-block-list\">\n<li>Le Maroc aujourd\u2019hui c\u00e9l\u00e8bre le sport et les succ\u00e8s,<\/li>\n\n\n\n<li>Mais une partie de son histoire africaine reste verrouill\u00e9e et m\u00e9connue.<\/li>\n\n\n\n<li>Le pays brandit la banni\u00e8re de l\u2019Afrique sur le terrain de football,<\/li>\n\n\n\n<li>Mais certaines pages de son r\u00f4le politique restent effac\u00e9es.<\/li>\n<\/ul>\n\n\n\n<h3 class=\"wp-block-heading\"><strong>Comment un supporter a transform\u00e9 un match en le\u00e7on d\u2019histoire<\/strong><\/h3>\n\n\n\n<p>Ce moment dans les tribunes n\u2019\u00e9tait pas seulement un geste pour le sport.<br>Il a <strong>r\u00e9veill\u00e9 l\u2019histoire<\/strong>, et rappel\u00e9 que la m\u00e9moire ne peut pas \u00eatre effac\u00e9e \u00e0 jamais.<br>Le temps peut enterrer les crimes, mais un jour, quelqu\u2019un se tiendra silencieux\u2026 pour les r\u00e9v\u00e9ler \u00e0 nouveau.<\/p>\n\n\n\n<figure class=\"wp-block-gallery has-nested-images columns-default is-cropped wp-block-gallery-1 is-layout-flex wp-block-gallery-is-layout-flex\">\n<figure class=\"wp-block-image size-large\"><img loading=\"lazy\" decoding=\"async\" width=\"768\" height=\"432\" data-id=\"3030\" src=\"https:\/\/descartes.tn\/wp-content\/uploads\/2026\/01\/tunigate_web-20.webp\" alt=\"\" class=\"wp-image-3030\" srcset=\"https:\/\/descartes.tn\/wp-content\/uploads\/2026\/01\/tunigate_web-20.webp 768w, https:\/\/descartes.tn\/wp-content\/uploads\/2026\/01\/tunigate_web-20-300x169.webp 300w\" sizes=\"auto, (max-width: 768px) 100vw, 768px\" \/><\/figure>\n\n\n\n<figure class=\"wp-block-image size-large\"><img loading=\"lazy\" decoding=\"async\" width=\"686\" height=\"513\" data-id=\"3031\" src=\"https:\/\/descartes.tn\/wp-content\/uploads\/2026\/01\/0107a4ec-5e39-4d27-95c8-966c8a93eb28.webp\" alt=\"\" class=\"wp-image-3031\" srcset=\"https:\/\/descartes.tn\/wp-content\/uploads\/2026\/01\/0107a4ec-5e39-4d27-95c8-966c8a93eb28.webp 686w, https:\/\/descartes.tn\/wp-content\/uploads\/2026\/01\/0107a4ec-5e39-4d27-95c8-966c8a93eb28-300x224.webp 300w\" sizes=\"auto, (max-width: 686px) 100vw, 686px\" \/><\/figure>\n\n\n\n<figure class=\"wp-block-image size-large\"><img loading=\"lazy\" decoding=\"async\" width=\"555\" height=\"312\" data-id=\"3028\" src=\"https:\/\/descartes.tn\/wp-content\/uploads\/2026\/01\/f2a56ea8-b534-4f83-b100-eec88a725f4f_16x9_1200x676.webp\" alt=\"\" class=\"wp-image-3028\" srcset=\"https:\/\/descartes.tn\/wp-content\/uploads\/2026\/01\/f2a56ea8-b534-4f83-b100-eec88a725f4f_16x9_1200x676.webp 555w, https:\/\/descartes.tn\/wp-content\/uploads\/2026\/01\/f2a56ea8-b534-4f83-b100-eec88a725f4f_16x9_1200x676-300x169.webp 300w\" sizes=\"auto, (max-width: 555px) 100vw, 555px\" \/><\/figure>\n\n\n\n<figure class=\"wp-block-image size-large\"><img loading=\"lazy\" decoding=\"async\" width=\"1024\" height=\"728\" data-id=\"3027\" src=\"https:\/\/descartes.tn\/wp-content\/uploads\/2026\/01\/cong-se-2-1766924580-1024x728.webp\" alt=\"\" class=\"wp-image-3027\" srcset=\"https:\/\/descartes.tn\/wp-content\/uploads\/2026\/01\/cong-se-2-1766924580-1024x728.webp 1024w, https:\/\/descartes.tn\/wp-content\/uploads\/2026\/01\/cong-se-2-1766924580-300x213.webp 300w, https:\/\/descartes.tn\/wp-content\/uploads\/2026\/01\/cong-se-2-1766924580-768x546.webp 768w, https:\/\/descartes.tn\/wp-content\/uploads\/2026\/01\/cong-se-2-1766924580-1536x1092.webp 1536w, https:\/\/descartes.tn\/wp-content\/uploads\/2026\/01\/cong-se-2-1766924580.webp 1800w\" sizes=\"auto, (max-width: 1024px) 100vw, 1024px\" \/><\/figure>\n\n\n\n<figure class=\"wp-block-image size-large\"><img loading=\"lazy\" decoding=\"async\" width=\"780\" height=\"470\" data-id=\"3026\" src=\"https:\/\/descartes.tn\/wp-content\/uploads\/2026\/01\/photo_5978975534580435766_y-780x470-1.jpg\" alt=\"\" class=\"wp-image-3026\" srcset=\"https:\/\/descartes.tn\/wp-content\/uploads\/2026\/01\/photo_5978975534580435766_y-780x470-1.jpg 780w, https:\/\/descartes.tn\/wp-content\/uploads\/2026\/01\/photo_5978975534580435766_y-780x470-1-300x181.jpg 300w, https:\/\/descartes.tn\/wp-content\/uploads\/2026\/01\/photo_5978975534580435766_y-780x470-1-768x463.jpg 768w\" sizes=\"auto, (max-width: 780px) 100vw, 780px\" \/><\/figure>\n\n\n\n<figure class=\"wp-block-image size-large\"><img loading=\"lazy\" decoding=\"async\" width=\"321\" height=\"157\" data-id=\"3025\" src=\"https:\/\/descartes.tn\/wp-content\/uploads\/2026\/01\/images.jpg\" alt=\"\" class=\"wp-image-3025\" srcset=\"https:\/\/descartes.tn\/wp-content\/uploads\/2026\/01\/images.jpg 321w, https:\/\/descartes.tn\/wp-content\/uploads\/2026\/01\/images-300x147.jpg 300w\" sizes=\"auto, (max-width: 321px) 100vw, 321px\" \/><\/figure>\n\n\n\n<figure class=\"wp-block-image size-large\"><img loading=\"lazy\" decoding=\"async\" width=\"1024\" height=\"686\" data-id=\"3024\" src=\"https:\/\/descartes.tn\/wp-content\/uploads\/2026\/01\/gettyimages-515218756-1.jpg\" alt=\"\" class=\"wp-image-3024\" srcset=\"https:\/\/descartes.tn\/wp-content\/uploads\/2026\/01\/gettyimages-515218756-1.jpg 1024w, https:\/\/descartes.tn\/wp-content\/uploads\/2026\/01\/gettyimages-515218756-1-300x201.jpg 300w, https:\/\/descartes.tn\/wp-content\/uploads\/2026\/01\/gettyimages-515218756-1-768x515.jpg 768w\" sizes=\"auto, (max-width: 1024px) 100vw, 1024px\" \/><\/figure>\n\n\n\n<figure class=\"wp-block-image size-large\"><img loading=\"lazy\" decoding=\"async\" width=\"1024\" height=\"576\" data-id=\"3023\" src=\"https:\/\/descartes.tn\/wp-content\/uploads\/2026\/01\/fbd32036-aa4d-47e6-ab8b-2ceb405e4cbb-1024x576.jpg\" alt=\"\" class=\"wp-image-3023\" srcset=\"https:\/\/descartes.tn\/wp-content\/uploads\/2026\/01\/fbd32036-aa4d-47e6-ab8b-2ceb405e4cbb-1024x576.jpg 1024w, https:\/\/descartes.tn\/wp-content\/uploads\/2026\/01\/fbd32036-aa4d-47e6-ab8b-2ceb405e4cbb-300x169.jpg 300w, https:\/\/descartes.tn\/wp-content\/uploads\/2026\/01\/fbd32036-aa4d-47e6-ab8b-2ceb405e4cbb-768x432.jpg 768w, https:\/\/descartes.tn\/wp-content\/uploads\/2026\/01\/fbd32036-aa4d-47e6-ab8b-2ceb405e4cbb.jpg 1200w\" sizes=\"auto, (max-width: 1024px) 100vw, 1024px\" \/><\/figure>\n\n\n\n<figure class=\"wp-block-image size-large\"><img loading=\"lazy\" decoding=\"async\" width=\"1024\" height=\"725\" data-id=\"3022\" src=\"https:\/\/descartes.tn\/wp-content\/uploads\/2026\/01\/612048052_1413606260364727_5474685766271729545_n-1024x725.jpg\" alt=\"\" class=\"wp-image-3022\" srcset=\"https:\/\/descartes.tn\/wp-content\/uploads\/2026\/01\/612048052_1413606260364727_5474685766271729545_n-1024x725.jpg 1024w, https:\/\/descartes.tn\/wp-content\/uploads\/2026\/01\/612048052_1413606260364727_5474685766271729545_n-300x213.jpg 300w, https:\/\/descartes.tn\/wp-content\/uploads\/2026\/01\/612048052_1413606260364727_5474685766271729545_n-768x544.jpg 768w, https:\/\/descartes.tn\/wp-content\/uploads\/2026\/01\/612048052_1413606260364727_5474685766271729545_n.jpg 1080w\" sizes=\"auto, (max-width: 1024px) 100vw, 1024px\" \/><\/figure>\n\n\n\n<figure class=\"wp-block-image size-large\"><img loading=\"lazy\" decoding=\"async\" width=\"960\" height=\"540\" data-id=\"3021\" src=\"https:\/\/descartes.tn\/wp-content\/uploads\/2026\/01\/611616160_25920791637526971_6611517210123999688_n.jpg\" alt=\"\" class=\"wp-image-3021\" srcset=\"https:\/\/descartes.tn\/wp-content\/uploads\/2026\/01\/611616160_25920791637526971_6611517210123999688_n.jpg 960w, https:\/\/descartes.tn\/wp-content\/uploads\/2026\/01\/611616160_25920791637526971_6611517210123999688_n-300x169.jpg 300w, https:\/\/descartes.tn\/wp-content\/uploads\/2026\/01\/611616160_25920791637526971_6611517210123999688_n-768x432.jpg 768w\" sizes=\"auto, (max-width: 960px) 100vw, 960px\" \/><\/figure>\n\n\n\n<figure class=\"wp-block-image size-large\"><img loading=\"lazy\" decoding=\"async\" width=\"819\" height=\"1024\" data-id=\"3020\" src=\"https:\/\/descartes.tn\/wp-content\/uploads\/2026\/01\/611174101_1211502731111327_4073657874774381471_n-819x1024.jpg\" alt=\"\" class=\"wp-image-3020\" srcset=\"https:\/\/descartes.tn\/wp-content\/uploads\/2026\/01\/611174101_1211502731111327_4073657874774381471_n-819x1024.jpg 819w, https:\/\/descartes.tn\/wp-content\/uploads\/2026\/01\/611174101_1211502731111327_4073657874774381471_n-240x300.jpg 240w, https:\/\/descartes.tn\/wp-content\/uploads\/2026\/01\/611174101_1211502731111327_4073657874774381471_n-768x960.jpg 768w, https:\/\/descartes.tn\/wp-content\/uploads\/2026\/01\/611174101_1211502731111327_4073657874774381471_n.jpg 1080w\" sizes=\"auto, (max-width: 819px) 100vw, 819px\" \/><\/figure>\n<\/figure>\n","protected":false},"excerpt":{"rendered":"<p>Le supporter congolais qui est rest\u00e9 debout, immobile, pendant 90 minutes dans les tribunes d\u2019un stade marocain n\u2019\u00e9tait pas un simple spectateur venu encourager son \u00e9quipe. Il \u00e9tait une statue vivante de la m\u00e9moire, une cicatrice historique ouverte en un instant, rappelant \u00e0 des millions une blessure oubli\u00e9e.Il est rest\u00e9 silencieux\u2026 mais son message \u00e9tait [&hellip;]<\/p>\n","protected":false},"author":1,"featured_media":3021,"comment_status":"open","ping_status":"closed","sticky":false,"template":"","format":"standard","meta":{"footnotes":""},"categories":[1,4,11,5],"tags":[5832,5812,5815,5818,5814,4484,5827,5822,5804,5825,5802,4926,5820,5810,181,5800,5830,5805,5824,5806],"class_list":["post-3034","post","type-post","status-publish","format-standard","has-post-thumbnail","hentry","category-actualites","category-evenements","category-sport","category-zooming","tag-afrique-centrale","tag-assassinat-lumumba","tag-ben-hamu-kettani","tag-colonisation-belge","tag-coup-detat-congo","tag-coupe-dafrique-des-nations","tag-crimes-coloniaux","tag-football-afrique","tag-histoire-africaine","tag-histoire-cachee","tag-lumumba","tag-maroc","tag-memoire-africaine","tag-mobutu","tag-onu","tag-patrice-lumumba","tag-rdc","tag-republique-democratique-du-congo","tag-supporter-congolais","tag-trahison-du-maroc"],"yoast_head":"<!-- This site is optimized with the Yoast SEO plugin v27.5 - https:\/\/yoast.com\/product\/yoast-seo-wordpress\/ -->\n<title>Le statue vivante qui a r\u00e9v\u00e9l\u00e9 une blessure que le Maroc a enterr\u00e9e depuis 65 ans - Descartes.tn<\/title>\n<meta name=\"description\" content=\"Le supporter congolais r\u00e9v\u00e8le 65 ans de silence : le r\u00f4le du Maroc dans l\u2019assassinat de Lumumba et la m\u00e9moire oubli\u00e9e de l\u2019Afrique.\" \/>\n<meta name=\"robots\" content=\"index, follow, max-snippet:-1, max-image-preview:large, max-video-preview:-1\" \/>\n<link rel=\"canonical\" href=\"https:\/\/descartes.tn\/index.php\/2026\/01\/07\/statue-vivante-revele-trahison-maroc-lumumba\/\" \/>\n<meta property=\"og:locale\" content=\"en_US\" \/>\n<meta property=\"og:type\" content=\"article\" \/>\n<meta property=\"og:title\" content=\"Le statue vivante qui a r\u00e9v\u00e9l\u00e9 une blessure que le Maroc a enterr\u00e9e depuis 65 ans\" \/>\n<meta property=\"og:description\" content=\"Le supporter congolais r\u00e9v\u00e8le 65 ans de silence : le r\u00f4le du Maroc dans l\u2019assassinat de Lumumba et la m\u00e9moire oubli\u00e9e de l\u2019Afrique.\" \/>\n<meta property=\"og:url\" content=\"https:\/\/descartes.tn\/index.php\/2026\/01\/07\/statue-vivante-revele-trahison-maroc-lumumba\/\" \/>\n<meta property=\"og:site_name\" content=\"Descartes.tn\" \/>\n<meta property=\"article:publisher\" content=\"https:\/\/www.facebook.com\/Magdescartes\" \/>\n<meta property=\"article:published_time\" content=\"2026-01-07T18:59:18+00:00\" \/>\n<meta property=\"article:modified_time\" content=\"2026-01-07T18:59:19+00:00\" \/>\n<meta property=\"og:image\" content=\"https:\/\/descartes.tn\/wp-content\/uploads\/2026\/01\/f2a56ea8-b534-4f83-b100-eec88a725f4f_16x9_1200x676-1.webp\" \/>\n<meta name=\"author\" content=\"admin\" \/>\n<meta name=\"twitter:card\" content=\"summary_large_image\" \/>\n<meta name=\"twitter:label1\" content=\"Written by\" \/>\n\t<meta name=\"twitter:data1\" content=\"admin\" \/>\n\t<meta name=\"twitter:label2\" content=\"Est. reading time\" \/>\n\t<meta name=\"twitter:data2\" content=\"6 minutes\" \/>\n<script type=\"application\/ld+json\" class=\"yoast-schema-graph\">{\"@context\":\"https:\\\/\\\/schema.org\",\"@graph\":[{\"@type\":\"Article\",\"@id\":\"https:\\\/\\\/descartes.tn\\\/index.php\\\/2026\\\/01\\\/07\\\/statue-vivante-revele-trahison-maroc-lumumba\\\/#article\",\"isPartOf\":{\"@id\":\"https:\\\/\\\/descartes.tn\\\/index.php\\\/2026\\\/01\\\/07\\\/statue-vivante-revele-trahison-maroc-lumumba\\\/\"},\"author\":{\"name\":\"admin\",\"@id\":\"https:\\\/\\\/descartes.tn\\\/#\\\/schema\\\/person\\\/9fd67540eb53221af50a61878b6721ae\"},\"headline\":\"Le statue vivante qui a r\u00e9v\u00e9l\u00e9 une blessure que le Maroc a enterr\u00e9e depuis 65 ans\",\"datePublished\":\"2026-01-07T18:59:18+00:00\",\"dateModified\":\"2026-01-07T18:59:19+00:00\",\"mainEntityOfPage\":{\"@id\":\"https:\\\/\\\/descartes.tn\\\/index.php\\\/2026\\\/01\\\/07\\\/statue-vivante-revele-trahison-maroc-lumumba\\\/\"},\"wordCount\":674,\"commentCount\":0,\"publisher\":{\"@id\":\"https:\\\/\\\/descartes.tn\\\/#organization\"},\"image\":{\"@id\":\"https:\\\/\\\/descartes.tn\\\/index.php\\\/2026\\\/01\\\/07\\\/statue-vivante-revele-trahison-maroc-lumumba\\\/#primaryimage\"},\"thumbnailUrl\":\"https:\\\/\\\/descartes.tn\\\/wp-content\\\/uploads\\\/2026\\\/01\\\/611616160_25920791637526971_6611517210123999688_n.jpg\",\"keywords\":[\"Afrique centrale\",\"assassinat Lumumba\",\"Ben Hamu Kettani\",\"colonisation belge\",\"coup d\u2019\u00c9tat Congo\",\"Coupe d\u2019Afrique des Nations\",\"crimes coloniaux\",\"football Afrique\",\"histoire africaine\",\"histoire cach\u00e9e\",\"Lumumba\",\"Maroc\",\"m\u00e9moire africaine\",\"Mobutu\",\"ONU\",\"Patrice Lumumba\",\"RDC\",\"R\u00e9publique d\u00e9mocratique du Congo\",\"supporter congolais\",\"trahison du Maroc\"],\"articleSection\":[\"Actualit\u00e9s\",\"\u00c8v\u00e8nements\",\"Sport\",\"Zooming\"],\"inLanguage\":\"en-US\",\"potentialAction\":[{\"@type\":\"CommentAction\",\"name\":\"Comment\",\"target\":[\"https:\\\/\\\/descartes.tn\\\/index.php\\\/2026\\\/01\\\/07\\\/statue-vivante-revele-trahison-maroc-lumumba\\\/#respond\"]}]},{\"@type\":\"WebPage\",\"@id\":\"https:\\\/\\\/descartes.tn\\\/index.php\\\/2026\\\/01\\\/07\\\/statue-vivante-revele-trahison-maroc-lumumba\\\/\",\"url\":\"https:\\\/\\\/descartes.tn\\\/index.php\\\/2026\\\/01\\\/07\\\/statue-vivante-revele-trahison-maroc-lumumba\\\/\",\"name\":\"Le statue vivante qui a r\u00e9v\u00e9l\u00e9 une blessure que le Maroc a enterr\u00e9e depuis 65 ans - Descartes.tn\",\"isPartOf\":{\"@id\":\"https:\\\/\\\/descartes.tn\\\/#website\"},\"primaryImageOfPage\":{\"@id\":\"https:\\\/\\\/descartes.tn\\\/index.php\\\/2026\\\/01\\\/07\\\/statue-vivante-revele-trahison-maroc-lumumba\\\/#primaryimage\"},\"image\":{\"@id\":\"https:\\\/\\\/descartes.tn\\\/index.php\\\/2026\\\/01\\\/07\\\/statue-vivante-revele-trahison-maroc-lumumba\\\/#primaryimage\"},\"thumbnailUrl\":\"https:\\\/\\\/descartes.tn\\\/wp-content\\\/uploads\\\/2026\\\/01\\\/611616160_25920791637526971_6611517210123999688_n.jpg\",\"datePublished\":\"2026-01-07T18:59:18+00:00\",\"dateModified\":\"2026-01-07T18:59:19+00:00\",\"description\":\"Le supporter congolais r\u00e9v\u00e8le 65 ans de silence : le r\u00f4le du Maroc dans l\u2019assassinat de Lumumba et la m\u00e9moire oubli\u00e9e de l\u2019Afrique.\",\"breadcrumb\":{\"@id\":\"https:\\\/\\\/descartes.tn\\\/index.php\\\/2026\\\/01\\\/07\\\/statue-vivante-revele-trahison-maroc-lumumba\\\/#breadcrumb\"},\"inLanguage\":\"en-US\",\"potentialAction\":[{\"@type\":\"ReadAction\",\"target\":[\"https:\\\/\\\/descartes.tn\\\/index.php\\\/2026\\\/01\\\/07\\\/statue-vivante-revele-trahison-maroc-lumumba\\\/\"]}]},{\"@type\":\"ImageObject\",\"inLanguage\":\"en-US\",\"@id\":\"https:\\\/\\\/descartes.tn\\\/index.php\\\/2026\\\/01\\\/07\\\/statue-vivante-revele-trahison-maroc-lumumba\\\/#primaryimage\",\"url\":\"https:\\\/\\\/descartes.tn\\\/wp-content\\\/uploads\\\/2026\\\/01\\\/611616160_25920791637526971_6611517210123999688_n.jpg\",\"contentUrl\":\"https:\\\/\\\/descartes.tn\\\/wp-content\\\/uploads\\\/2026\\\/01\\\/611616160_25920791637526971_6611517210123999688_n.jpg\",\"width\":960,\"height\":540},{\"@type\":\"BreadcrumbList\",\"@id\":\"https:\\\/\\\/descartes.tn\\\/index.php\\\/2026\\\/01\\\/07\\\/statue-vivante-revele-trahison-maroc-lumumba\\\/#breadcrumb\",\"itemListElement\":[{\"@type\":\"ListItem\",\"position\":1,\"name\":\"Home\",\"item\":\"https:\\\/\\\/descartes.tn\\\/\"},{\"@type\":\"ListItem\",\"position\":2,\"name\":\"Le statue vivante qui a r\u00e9v\u00e9l\u00e9 une blessure que le Maroc a enterr\u00e9e depuis 65 ans\"}]},{\"@type\":\"WebSite\",\"@id\":\"https:\\\/\\\/descartes.tn\\\/#website\",\"url\":\"https:\\\/\\\/descartes.tn\\\/\",\"name\":\"Descartes.tn\",\"description\":\"\",\"publisher\":{\"@id\":\"https:\\\/\\\/descartes.tn\\\/#organization\"},\"potentialAction\":[{\"@type\":\"SearchAction\",\"target\":{\"@type\":\"EntryPoint\",\"urlTemplate\":\"https:\\\/\\\/descartes.tn\\\/?s={search_term_string}\"},\"query-input\":{\"@type\":\"PropertyValueSpecification\",\"valueRequired\":true,\"valueName\":\"search_term_string\"}}],\"inLanguage\":\"en-US\"},{\"@type\":\"Organization\",\"@id\":\"https:\\\/\\\/descartes.tn\\\/#organization\",\"name\":\"Descartes.tn\",\"url\":\"https:\\\/\\\/descartes.tn\\\/\",\"logo\":{\"@type\":\"ImageObject\",\"inLanguage\":\"en-US\",\"@id\":\"https:\\\/\\\/descartes.tn\\\/#\\\/schema\\\/logo\\\/image\\\/\",\"url\":\"https:\\\/\\\/descartes.tn\\\/wp-content\\\/uploads\\\/2025\\\/10\\\/cropped-Fichier-1-1.png\",\"contentUrl\":\"https:\\\/\\\/descartes.tn\\\/wp-content\\\/uploads\\\/2025\\\/10\\\/cropped-Fichier-1-1.png\",\"width\":136,\"height\":19,\"caption\":\"Descartes.tn\"},\"image\":{\"@id\":\"https:\\\/\\\/descartes.tn\\\/#\\\/schema\\\/logo\\\/image\\\/\"},\"sameAs\":[\"https:\\\/\\\/www.facebook.com\\\/Magdescartes\",\"https:\\\/\\\/www.instagram.com\\\/descartes.magazine\\\/\"]},{\"@type\":\"Person\",\"@id\":\"https:\\\/\\\/descartes.tn\\\/#\\\/schema\\\/person\\\/9fd67540eb53221af50a61878b6721ae\",\"name\":\"admin\",\"image\":{\"@type\":\"ImageObject\",\"inLanguage\":\"en-US\",\"@id\":\"https:\\\/\\\/secure.gravatar.com\\\/avatar\\\/871417dfba5a884ed81f7f8e04e2eea75e8ef480bcb1e5ea634438506d493132?s=96&d=mm&r=g\",\"url\":\"https:\\\/\\\/secure.gravatar.com\\\/avatar\\\/871417dfba5a884ed81f7f8e04e2eea75e8ef480bcb1e5ea634438506d493132?s=96&d=mm&r=g\",\"contentUrl\":\"https:\\\/\\\/secure.gravatar.com\\\/avatar\\\/871417dfba5a884ed81f7f8e04e2eea75e8ef480bcb1e5ea634438506d493132?s=96&d=mm&r=g\",\"caption\":\"admin\"},\"sameAs\":[\"https:\\\/\\\/descartes.tn\"],\"url\":\"https:\\\/\\\/descartes.tn\\\/index.php\\\/author\\\/admin_pmykj64c\\\/\"}]}<\/script>\n<!-- \/ Yoast SEO plugin. -->","yoast_head_json":{"title":"Le statue vivante qui a r\u00e9v\u00e9l\u00e9 une blessure que le Maroc a enterr\u00e9e depuis 65 ans - Descartes.tn","description":"Le supporter congolais r\u00e9v\u00e8le 65 ans de silence : le r\u00f4le du Maroc dans l\u2019assassinat de Lumumba et la m\u00e9moire oubli\u00e9e de l\u2019Afrique.","robots":{"index":"index","follow":"follow","max-snippet":"max-snippet:-1","max-image-preview":"max-image-preview:large","max-video-preview":"max-video-preview:-1"},"canonical":"https:\/\/descartes.tn\/index.php\/2026\/01\/07\/statue-vivante-revele-trahison-maroc-lumumba\/","og_locale":"en_US","og_type":"article","og_title":"Le statue vivante qui a r\u00e9v\u00e9l\u00e9 une blessure que le Maroc a enterr\u00e9e depuis 65 ans","og_description":"Le supporter congolais r\u00e9v\u00e8le 65 ans de silence : le r\u00f4le du Maroc dans l\u2019assassinat de Lumumba et la m\u00e9moire oubli\u00e9e de l\u2019Afrique.","og_url":"https:\/\/descartes.tn\/index.php\/2026\/01\/07\/statue-vivante-revele-trahison-maroc-lumumba\/","og_site_name":"Descartes.tn","article_publisher":"https:\/\/www.facebook.com\/Magdescartes","article_published_time":"2026-01-07T18:59:18+00:00","article_modified_time":"2026-01-07T18:59:19+00:00","og_image":[{"url":"https:\/\/descartes.tn\/wp-content\/uploads\/2026\/01\/f2a56ea8-b534-4f83-b100-eec88a725f4f_16x9_1200x676-1.webp","type":"","width":"","height":""}],"author":"admin","twitter_card":"summary_large_image","twitter_misc":{"Written by":"admin","Est. reading time":"6 minutes"},"schema":{"@context":"https:\/\/schema.org","@graph":[{"@type":"Article","@id":"https:\/\/descartes.tn\/index.php\/2026\/01\/07\/statue-vivante-revele-trahison-maroc-lumumba\/#article","isPartOf":{"@id":"https:\/\/descartes.tn\/index.php\/2026\/01\/07\/statue-vivante-revele-trahison-maroc-lumumba\/"},"author":{"name":"admin","@id":"https:\/\/descartes.tn\/#\/schema\/person\/9fd67540eb53221af50a61878b6721ae"},"headline":"Le statue vivante qui a r\u00e9v\u00e9l\u00e9 une blessure que le Maroc a enterr\u00e9e depuis 65 ans","datePublished":"2026-01-07T18:59:18+00:00","dateModified":"2026-01-07T18:59:19+00:00","mainEntityOfPage":{"@id":"https:\/\/descartes.tn\/index.php\/2026\/01\/07\/statue-vivante-revele-trahison-maroc-lumumba\/"},"wordCount":674,"commentCount":0,"publisher":{"@id":"https:\/\/descartes.tn\/#organization"},"image":{"@id":"https:\/\/descartes.tn\/index.php\/2026\/01\/07\/statue-vivante-revele-trahison-maroc-lumumba\/#primaryimage"},"thumbnailUrl":"https:\/\/descartes.tn\/wp-content\/uploads\/2026\/01\/611616160_25920791637526971_6611517210123999688_n.jpg","keywords":["Afrique centrale","assassinat Lumumba","Ben Hamu Kettani","colonisation belge","coup d\u2019\u00c9tat Congo","Coupe d\u2019Afrique des Nations","crimes coloniaux","football Afrique","histoire africaine","histoire cach\u00e9e","Lumumba","Maroc","m\u00e9moire africaine","Mobutu","ONU","Patrice Lumumba","RDC","R\u00e9publique d\u00e9mocratique du Congo","supporter congolais","trahison du Maroc"],"articleSection":["Actualit\u00e9s","\u00c8v\u00e8nements","Sport","Zooming"],"inLanguage":"en-US","potentialAction":[{"@type":"CommentAction","name":"Comment","target":["https:\/\/descartes.tn\/index.php\/2026\/01\/07\/statue-vivante-revele-trahison-maroc-lumumba\/#respond"]}]},{"@type":"WebPage","@id":"https:\/\/descartes.tn\/index.php\/2026\/01\/07\/statue-vivante-revele-trahison-maroc-lumumba\/","url":"https:\/\/descartes.tn\/index.php\/2026\/01\/07\/statue-vivante-revele-trahison-maroc-lumumba\/","name":"Le statue vivante qui a r\u00e9v\u00e9l\u00e9 une blessure que le Maroc a enterr\u00e9e depuis 65 ans - Descartes.tn","isPartOf":{"@id":"https:\/\/descartes.tn\/#website"},"primaryImageOfPage":{"@id":"https:\/\/descartes.tn\/index.php\/2026\/01\/07\/statue-vivante-revele-trahison-maroc-lumumba\/#primaryimage"},"image":{"@id":"https:\/\/descartes.tn\/index.php\/2026\/01\/07\/statue-vivante-revele-trahison-maroc-lumumba\/#primaryimage"},"thumbnailUrl":"https:\/\/descartes.tn\/wp-content\/uploads\/2026\/01\/611616160_25920791637526971_6611517210123999688_n.jpg","datePublished":"2026-01-07T18:59:18+00:00","dateModified":"2026-01-07T18:59:19+00:00","description":"Le supporter congolais r\u00e9v\u00e8le 65 ans de silence : le r\u00f4le du Maroc dans l\u2019assassinat de Lumumba et la m\u00e9moire oubli\u00e9e de l\u2019Afrique.","breadcrumb":{"@id":"https:\/\/descartes.tn\/index.php\/2026\/01\/07\/statue-vivante-revele-trahison-maroc-lumumba\/#breadcrumb"},"inLanguage":"en-US","potentialAction":[{"@type":"ReadAction","target":["https:\/\/descartes.tn\/index.php\/2026\/01\/07\/statue-vivante-revele-trahison-maroc-lumumba\/"]}]},{"@type":"ImageObject","inLanguage":"en-US","@id":"https:\/\/descartes.tn\/index.php\/2026\/01\/07\/statue-vivante-revele-trahison-maroc-lumumba\/#primaryimage","url":"https:\/\/descartes.tn\/wp-content\/uploads\/2026\/01\/611616160_25920791637526971_6611517210123999688_n.jpg","contentUrl":"https:\/\/descartes.tn\/wp-content\/uploads\/2026\/01\/611616160_25920791637526971_6611517210123999688_n.jpg","width":960,"height":540},{"@type":"BreadcrumbList","@id":"https:\/\/descartes.tn\/index.php\/2026\/01\/07\/statue-vivante-revele-trahison-maroc-lumumba\/#breadcrumb","itemListElement":[{"@type":"ListItem","position":1,"name":"Home","item":"https:\/\/descartes.tn\/"},{"@type":"ListItem","position":2,"name":"Le statue vivante qui a r\u00e9v\u00e9l\u00e9 une blessure que le Maroc a enterr\u00e9e depuis 65 ans"}]},{"@type":"WebSite","@id":"https:\/\/descartes.tn\/#website","url":"https:\/\/descartes.tn\/","name":"Descartes.tn","description":"","publisher":{"@id":"https:\/\/descartes.tn\/#organization"},"potentialAction":[{"@type":"SearchAction","target":{"@type":"EntryPoint","urlTemplate":"https:\/\/descartes.tn\/?s={search_term_string}"},"query-input":{"@type":"PropertyValueSpecification","valueRequired":true,"valueName":"search_term_string"}}],"inLanguage":"en-US"},{"@type":"Organization","@id":"https:\/\/descartes.tn\/#organization","name":"Descartes.tn","url":"https:\/\/descartes.tn\/","logo":{"@type":"ImageObject","inLanguage":"en-US","@id":"https:\/\/descartes.tn\/#\/schema\/logo\/image\/","url":"https:\/\/descartes.tn\/wp-content\/uploads\/2025\/10\/cropped-Fichier-1-1.png","contentUrl":"https:\/\/descartes.tn\/wp-content\/uploads\/2025\/10\/cropped-Fichier-1-1.png","width":136,"height":19,"caption":"Descartes.tn"},"image":{"@id":"https:\/\/descartes.tn\/#\/schema\/logo\/image\/"},"sameAs":["https:\/\/www.facebook.com\/Magdescartes","https:\/\/www.instagram.com\/descartes.magazine\/"]},{"@type":"Person","@id":"https:\/\/descartes.tn\/#\/schema\/person\/9fd67540eb53221af50a61878b6721ae","name":"admin","image":{"@type":"ImageObject","inLanguage":"en-US","@id":"https:\/\/secure.gravatar.com\/avatar\/871417dfba5a884ed81f7f8e04e2eea75e8ef480bcb1e5ea634438506d493132?s=96&d=mm&r=g","url":"https:\/\/secure.gravatar.com\/avatar\/871417dfba5a884ed81f7f8e04e2eea75e8ef480bcb1e5ea634438506d493132?s=96&d=mm&r=g","contentUrl":"https:\/\/secure.gravatar.com\/avatar\/871417dfba5a884ed81f7f8e04e2eea75e8ef480bcb1e5ea634438506d493132?s=96&d=mm&r=g","caption":"admin"},"sameAs":["https:\/\/descartes.tn"],"url":"https:\/\/descartes.tn\/index.php\/author\/admin_pmykj64c\/"}]}},"_links":{"self":[{"href":"https:\/\/descartes.tn\/index.php\/wp-json\/wp\/v2\/posts\/3034","targetHints":{"allow":["GET"]}}],"collection":[{"href":"https:\/\/descartes.tn\/index.php\/wp-json\/wp\/v2\/posts"}],"about":[{"href":"https:\/\/descartes.tn\/index.php\/wp-json\/wp\/v2\/types\/post"}],"author":[{"embeddable":true,"href":"https:\/\/descartes.tn\/index.php\/wp-json\/wp\/v2\/users\/1"}],"replies":[{"embeddable":true,"href":"https:\/\/descartes.tn\/index.php\/wp-json\/wp\/v2\/comments?post=3034"}],"version-history":[{"count":1,"href":"https:\/\/descartes.tn\/index.php\/wp-json\/wp\/v2\/posts\/3034\/revisions"}],"predecessor-version":[{"id":3045,"href":"https:\/\/descartes.tn\/index.php\/wp-json\/wp\/v2\/posts\/3034\/revisions\/3045"}],"wp:featuredmedia":[{"embeddable":true,"href":"https:\/\/descartes.tn\/index.php\/wp-json\/wp\/v2\/media\/3021"}],"wp:attachment":[{"href":"https:\/\/descartes.tn\/index.php\/wp-json\/wp\/v2\/media?parent=3034"}],"wp:term":[{"taxonomy":"category","embeddable":true,"href":"https:\/\/descartes.tn\/index.php\/wp-json\/wp\/v2\/categories?post=3034"},{"taxonomy":"post_tag","embeddable":true,"href":"https:\/\/descartes.tn\/index.php\/wp-json\/wp\/v2\/tags?post=3034"}],"curies":[{"name":"wp","href":"https:\/\/api.w.org\/{rel}","templated":true}]}}