{"id":2864,"date":"2025-12-30T15:46:46","date_gmt":"2025-12-30T14:46:46","guid":{"rendered":"https:\/\/descartes.tn\/?p=2864"},"modified":"2025-12-30T15:46:47","modified_gmt":"2025-12-30T14:46:47","slug":"saddam-hussein-le-30-decembre-2006-la-fin-dun-leader-historique-de-lirak","status":"publish","type":"post","link":"https:\/\/descartes.tn\/index.php\/2025\/12\/30\/saddam-hussein-le-30-decembre-2006-la-fin-dun-leader-historique-de-lirak\/","title":{"rendered":"Saddam Hussein : le 30 d\u00e9cembre 2006, la fin d\u2019un leader historique de l\u2019Irak"},"content":{"rendered":"\n<p>Le <strong>30 d\u00e9cembre 2006<\/strong> reste une date marquante dans l\u2019histoire de l\u2019Irak : c\u2019est le jour o\u00f9 <strong>Saddam Hussein<\/strong>, ancien pr\u00e9sident irakien et figure centrale de la politique du pays pendant plusieurs d\u00e9cennies, a \u00e9t\u00e9 ex\u00e9cut\u00e9.<\/p>\n\n\n\n<figure class=\"wp-block-image size-large\"><img loading=\"lazy\" decoding=\"async\" width=\"1024\" height=\"674\" src=\"https:\/\/descartes.tn\/wp-content\/uploads\/2025\/12\/image-161-1024x674.png\" alt=\"\" class=\"wp-image-2865\" srcset=\"https:\/\/descartes.tn\/wp-content\/uploads\/2025\/12\/image-161-1024x674.png 1024w, https:\/\/descartes.tn\/wp-content\/uploads\/2025\/12\/image-161-300x198.png 300w, https:\/\/descartes.tn\/wp-content\/uploads\/2025\/12\/image-161-768x506.png 768w, https:\/\/descartes.tn\/wp-content\/uploads\/2025\/12\/image-161.png 1500w\" sizes=\"auto, (max-width: 1024px) 100vw, 1024px\" \/><\/figure>\n\n\n\n<p>N\u00e9 le <strong>28 avril 1937<\/strong> \u00e0 Tikrit, Saddam Hussein a dirig\u00e9 l\u2019Irak de <strong>1979 \u00e0 2003<\/strong>, fa\u00e7onnant le pays \u00e0 travers des p\u00e9riodes de guerre et de d\u00e9fis majeurs, notamment le conflit avec l\u2019Iran (1980-1988) et l\u2019invasion du Kowe\u00eft en 1990. Sous sa direction, l\u2019Irak a connu \u00e0 la fois des transformations \u00e9conomiques et des tensions politiques importantes.<\/p>\n\n\n\n<p>Apr\u00e8s l\u2019invasion de l\u2019Irak men\u00e9e par les \u00c9tats-Unis et leurs alli\u00e9s en 2003, Saddam Hussein a \u00e9t\u00e9 captur\u00e9 le <strong>13 d\u00e9cembre 2003<\/strong>. Il a \u00e9t\u00e9 jug\u00e9 par un tribunal irakien pour son r\u00f4le dans le massacre de Dujail en 1982, o\u00f9 des civils ont perdu la vie \u00e0 la suite de violences r\u00e9pressives.<\/p>\n\n\n\n<p>Son ex\u00e9cution, r\u00e9alis\u00e9e le <strong>30 d\u00e9cembre 2006<\/strong>, a eu lieu au <strong>premier jour de l\u2019A\u00efd al-Adha<\/strong>, suscitant des d\u00e9bats et r\u00e9actions \u00e0 l\u2019\u00e9chelle internationale.<\/p>\n\n\n\n<p>Saddam Hussein demeure une figure historique complexe : pour certains, un leader qui a consolid\u00e9 le pouvoir et l\u2019identit\u00e9 nationale de l\u2019Irak, pour d\u2019autres, une figure controvers\u00e9e dont les d\u00e9cisions ont profond\u00e9ment marqu\u00e9 la r\u00e9gion. Son h\u00e9ritage continue de nourrir les discussions sur l\u2019histoire moderne du Moyen-Orient.<\/p>\n\n\n\n<figure class=\"wp-block-image size-large\"><img loading=\"lazy\" decoding=\"async\" width=\"1024\" height=\"632\" src=\"https:\/\/descartes.tn\/wp-content\/uploads\/2025\/12\/image-162-1024x632.png\" alt=\"\" class=\"wp-image-2866\" srcset=\"https:\/\/descartes.tn\/wp-content\/uploads\/2025\/12\/image-162-1024x632.png 1024w, https:\/\/descartes.tn\/wp-content\/uploads\/2025\/12\/image-162-300x185.png 300w, https:\/\/descartes.tn\/wp-content\/uploads\/2025\/12\/image-162-768x474.png 768w, https:\/\/descartes.tn\/wp-content\/uploads\/2025\/12\/image-162.png 1360w\" sizes=\"auto, (max-width: 1024px) 100vw, 1024px\" \/><\/figure>\n","protected":false},"excerpt":{"rendered":"<p>Le 30 d\u00e9cembre 2006 reste une date marquante dans l\u2019histoire de l\u2019Irak : c\u2019est le jour o\u00f9 Saddam Hussein, ancien pr\u00e9sident irakien et figure centrale de la politique du pays pendant plusieurs d\u00e9cennies, a \u00e9t\u00e9 ex\u00e9cut\u00e9. N\u00e9 le 28 avril 1937 \u00e0 Tikrit, Saddam Hussein a dirig\u00e9 l\u2019Irak de 1979 \u00e0 2003, fa\u00e7onnant le pays [&hellip;]<\/p>\n","protected":false},"author":1,"featured_media":2866,"comment_status":"open","ping_status":"closed","sticky":false,"template":"","format":"standard","meta":{"footnotes":""},"categories":[1,5],"tags":[5051,5064,5067,5061,5069,5063,5053,5055,5059,5057,5049],"class_list":["post-2864","post","type-post","status-publish","format-standard","has-post-thumbnail","hentry","category-actualites","category-zooming","tag-30-decembre-2006","tag-conflits-regionaux","tag-dujail","tag-execution","tag-heritage-politique","tag-histoire-contemporaine","tag-irak","tag-leader-historique","tag-moyen-orient","tag-politique-irakienne","tag-saddam-hussein"],"yoast_head":"<!-- This site is optimized with the Yoast SEO plugin v27.5 - https:\/\/yoast.com\/product\/yoast-seo-wordpress\/ -->\n<title>Saddam Hussein : le 30 d\u00e9cembre 2006, la fin d\u2019un leader historique de l\u2019Irak - Descartes.tn<\/title>\n<meta name=\"description\" content=\"Saddam Hussein, Irak, leader historique, 30 d\u00e9cembre 2006, politique irakienne, Moyen-Orient, ex\u00e9cution, histoire contemporaine, conflits r\u00e9gionaux, Dujail, h\u00e9ritage politique\" \/>\n<meta name=\"robots\" content=\"index, follow, max-snippet:-1, max-image-preview:large, max-video-preview:-1\" \/>\n<link rel=\"canonical\" href=\"https:\/\/descartes.tn\/index.php\/2025\/12\/30\/saddam-hussein-le-30-decembre-2006-la-fin-dun-leader-historique-de-lirak\/\" \/>\n<meta property=\"og:locale\" content=\"en_US\" \/>\n<meta property=\"og:type\" content=\"article\" \/>\n<meta property=\"og:title\" content=\"Saddam Hussein : le 30 d\u00e9cembre 2006, la fin d\u2019un leader historique de l\u2019Irak\" \/>\n<meta property=\"og:description\" content=\"Saddam Hussein, leader historique de l\u2019Irak, a \u00e9t\u00e9 ex\u00e9cut\u00e9 le 30 d\u00e9cembre 2006. Retour sur sa vie, son parcours politique et son h\u00e9ritage controvers\u00e9 au Moyen-Orient.\" \/>\n<meta property=\"og:url\" content=\"https:\/\/descartes.tn\/index.php\/2025\/12\/30\/saddam-hussein-le-30-decembre-2006-la-fin-dun-leader-historique-de-lirak\/\" \/>\n<meta property=\"og:site_name\" content=\"Descartes.tn\" \/>\n<meta property=\"article:publisher\" content=\"https:\/\/www.facebook.com\/Magdescartes\" \/>\n<meta property=\"article:published_time\" content=\"2025-12-30T14:46:46+00:00\" \/>\n<meta property=\"article:modified_time\" content=\"2025-12-30T14:46:47+00:00\" \/>\n<meta property=\"og:image\" content=\"https:\/\/descartes.tn\/wp-content\/uploads\/2025\/12\/image-162.png\" \/>\n\t<meta property=\"og:image:width\" content=\"1360\" \/>\n\t<meta property=\"og:image:height\" content=\"840\" \/>\n\t<meta property=\"og:image:type\" content=\"image\/png\" \/>\n<meta name=\"author\" content=\"admin\" \/>\n<meta name=\"twitter:card\" content=\"summary_large_image\" \/>\n<meta name=\"twitter:label1\" content=\"Written by\" \/>\n\t<meta name=\"twitter:data1\" content=\"admin\" \/>\n\t<meta name=\"twitter:label2\" content=\"Est. reading time\" \/>\n\t<meta name=\"twitter:data2\" content=\"2 minutes\" \/>\n<script type=\"application\/ld+json\" class=\"yoast-schema-graph\">{\"@context\":\"https:\\\/\\\/schema.org\",\"@graph\":[{\"@type\":\"Article\",\"@id\":\"https:\\\/\\\/descartes.tn\\\/index.php\\\/2025\\\/12\\\/30\\\/saddam-hussein-le-30-decembre-2006-la-fin-dun-leader-historique-de-lirak\\\/#article\",\"isPartOf\":{\"@id\":\"https:\\\/\\\/descartes.tn\\\/index.php\\\/2025\\\/12\\\/30\\\/saddam-hussein-le-30-decembre-2006-la-fin-dun-leader-historique-de-lirak\\\/\"},\"author\":{\"name\":\"admin\",\"@id\":\"https:\\\/\\\/descartes.tn\\\/#\\\/schema\\\/person\\\/9fd67540eb53221af50a61878b6721ae\"},\"headline\":\"Saddam Hussein : le 30 d\u00e9cembre 2006, la fin d\u2019un leader historique de l\u2019Irak\",\"datePublished\":\"2025-12-30T14:46:46+00:00\",\"dateModified\":\"2025-12-30T14:46:47+00:00\",\"mainEntityOfPage\":{\"@id\":\"https:\\\/\\\/descartes.tn\\\/index.php\\\/2025\\\/12\\\/30\\\/saddam-hussein-le-30-decembre-2006-la-fin-dun-leader-historique-de-lirak\\\/\"},\"wordCount\":252,\"commentCount\":0,\"publisher\":{\"@id\":\"https:\\\/\\\/descartes.tn\\\/#organization\"},\"image\":{\"@id\":\"https:\\\/\\\/descartes.tn\\\/index.php\\\/2025\\\/12\\\/30\\\/saddam-hussein-le-30-decembre-2006-la-fin-dun-leader-historique-de-lirak\\\/#primaryimage\"},\"thumbnailUrl\":\"https:\\\/\\\/descartes.tn\\\/wp-content\\\/uploads\\\/2025\\\/12\\\/image-162.png\",\"keywords\":[\"30 d\u00e9cembre 2006\",\"conflits r\u00e9gionaux\",\"Dujail\",\"ex\u00e9cution\",\"h\u00e9ritage politique\",\"histoire contemporaine\",\"Irak\",\"leader historique\",\"Moyen-Orient\",\"politique irakienne\",\"Saddam Hussein\"],\"articleSection\":[\"Actualit\u00e9s\",\"Zooming\"],\"inLanguage\":\"en-US\",\"potentialAction\":[{\"@type\":\"CommentAction\",\"name\":\"Comment\",\"target\":[\"https:\\\/\\\/descartes.tn\\\/index.php\\\/2025\\\/12\\\/30\\\/saddam-hussein-le-30-decembre-2006-la-fin-dun-leader-historique-de-lirak\\\/#respond\"]}]},{\"@type\":\"WebPage\",\"@id\":\"https:\\\/\\\/descartes.tn\\\/index.php\\\/2025\\\/12\\\/30\\\/saddam-hussein-le-30-decembre-2006-la-fin-dun-leader-historique-de-lirak\\\/\",\"url\":\"https:\\\/\\\/descartes.tn\\\/index.php\\\/2025\\\/12\\\/30\\\/saddam-hussein-le-30-decembre-2006-la-fin-dun-leader-historique-de-lirak\\\/\",\"name\":\"Saddam Hussein : le 30 d\u00e9cembre 2006, la fin d\u2019un leader historique de l\u2019Irak - Descartes.tn\",\"isPartOf\":{\"@id\":\"https:\\\/\\\/descartes.tn\\\/#website\"},\"primaryImageOfPage\":{\"@id\":\"https:\\\/\\\/descartes.tn\\\/index.php\\\/2025\\\/12\\\/30\\\/saddam-hussein-le-30-decembre-2006-la-fin-dun-leader-historique-de-lirak\\\/#primaryimage\"},\"image\":{\"@id\":\"https:\\\/\\\/descartes.tn\\\/index.php\\\/2025\\\/12\\\/30\\\/saddam-hussein-le-30-decembre-2006-la-fin-dun-leader-historique-de-lirak\\\/#primaryimage\"},\"thumbnailUrl\":\"https:\\\/\\\/descartes.tn\\\/wp-content\\\/uploads\\\/2025\\\/12\\\/image-162.png\",\"datePublished\":\"2025-12-30T14:46:46+00:00\",\"dateModified\":\"2025-12-30T14:46:47+00:00\",\"description\":\"Saddam Hussein, Irak, leader historique, 30 d\u00e9cembre 2006, politique irakienne, Moyen-Orient, ex\u00e9cution, histoire contemporaine, conflits r\u00e9gionaux, Dujail, h\u00e9ritage politique\",\"breadcrumb\":{\"@id\":\"https:\\\/\\\/descartes.tn\\\/index.php\\\/2025\\\/12\\\/30\\\/saddam-hussein-le-30-decembre-2006-la-fin-dun-leader-historique-de-lirak\\\/#breadcrumb\"},\"inLanguage\":\"en-US\",\"potentialAction\":[{\"@type\":\"ReadAction\",\"target\":[\"https:\\\/\\\/descartes.tn\\\/index.php\\\/2025\\\/12\\\/30\\\/saddam-hussein-le-30-decembre-2006-la-fin-dun-leader-historique-de-lirak\\\/\"]}]},{\"@type\":\"ImageObject\",\"inLanguage\":\"en-US\",\"@id\":\"https:\\\/\\\/descartes.tn\\\/index.php\\\/2025\\\/12\\\/30\\\/saddam-hussein-le-30-decembre-2006-la-fin-dun-leader-historique-de-lirak\\\/#primaryimage\",\"url\":\"https:\\\/\\\/descartes.tn\\\/wp-content\\\/uploads\\\/2025\\\/12\\\/image-162.png\",\"contentUrl\":\"https:\\\/\\\/descartes.tn\\\/wp-content\\\/uploads\\\/2025\\\/12\\\/image-162.png\",\"width\":1360,\"height\":840},{\"@type\":\"BreadcrumbList\",\"@id\":\"https:\\\/\\\/descartes.tn\\\/index.php\\\/2025\\\/12\\\/30\\\/saddam-hussein-le-30-decembre-2006-la-fin-dun-leader-historique-de-lirak\\\/#breadcrumb\",\"itemListElement\":[{\"@type\":\"ListItem\",\"position\":1,\"name\":\"Home\",\"item\":\"https:\\\/\\\/descartes.tn\\\/\"},{\"@type\":\"ListItem\",\"position\":2,\"name\":\"Saddam Hussein : le 30 d\u00e9cembre 2006, la fin d\u2019un leader historique de l\u2019Irak\"}]},{\"@type\":\"WebSite\",\"@id\":\"https:\\\/\\\/descartes.tn\\\/#website\",\"url\":\"https:\\\/\\\/descartes.tn\\\/\",\"name\":\"Descartes.tn\",\"description\":\"\",\"publisher\":{\"@id\":\"https:\\\/\\\/descartes.tn\\\/#organization\"},\"potentialAction\":[{\"@type\":\"SearchAction\",\"target\":{\"@type\":\"EntryPoint\",\"urlTemplate\":\"https:\\\/\\\/descartes.tn\\\/?s={search_term_string}\"},\"query-input\":{\"@type\":\"PropertyValueSpecification\",\"valueRequired\":true,\"valueName\":\"search_term_string\"}}],\"inLanguage\":\"en-US\"},{\"@type\":\"Organization\",\"@id\":\"https:\\\/\\\/descartes.tn\\\/#organization\",\"name\":\"Descartes.tn\",\"url\":\"https:\\\/\\\/descartes.tn\\\/\",\"logo\":{\"@type\":\"ImageObject\",\"inLanguage\":\"en-US\",\"@id\":\"https:\\\/\\\/descartes.tn\\\/#\\\/schema\\\/logo\\\/image\\\/\",\"url\":\"https:\\\/\\\/descartes.tn\\\/wp-content\\\/uploads\\\/2025\\\/10\\\/cropped-Fichier-1-1.png\",\"contentUrl\":\"https:\\\/\\\/descartes.tn\\\/wp-content\\\/uploads\\\/2025\\\/10\\\/cropped-Fichier-1-1.png\",\"width\":136,\"height\":19,\"caption\":\"Descartes.tn\"},\"image\":{\"@id\":\"https:\\\/\\\/descartes.tn\\\/#\\\/schema\\\/logo\\\/image\\\/\"},\"sameAs\":[\"https:\\\/\\\/www.facebook.com\\\/Magdescartes\",\"https:\\\/\\\/www.instagram.com\\\/descartes.magazine\\\/\"]},{\"@type\":\"Person\",\"@id\":\"https:\\\/\\\/descartes.tn\\\/#\\\/schema\\\/person\\\/9fd67540eb53221af50a61878b6721ae\",\"name\":\"admin\",\"image\":{\"@type\":\"ImageObject\",\"inLanguage\":\"en-US\",\"@id\":\"https:\\\/\\\/secure.gravatar.com\\\/avatar\\\/871417dfba5a884ed81f7f8e04e2eea75e8ef480bcb1e5ea634438506d493132?s=96&d=mm&r=g\",\"url\":\"https:\\\/\\\/secure.gravatar.com\\\/avatar\\\/871417dfba5a884ed81f7f8e04e2eea75e8ef480bcb1e5ea634438506d493132?s=96&d=mm&r=g\",\"contentUrl\":\"https:\\\/\\\/secure.gravatar.com\\\/avatar\\\/871417dfba5a884ed81f7f8e04e2eea75e8ef480bcb1e5ea634438506d493132?s=96&d=mm&r=g\",\"caption\":\"admin\"},\"sameAs\":[\"https:\\\/\\\/descartes.tn\"],\"url\":\"https:\\\/\\\/descartes.tn\\\/index.php\\\/author\\\/admin_pmykj64c\\\/\"}]}<\/script>\n<!-- \/ Yoast SEO plugin. -->","yoast_head_json":{"title":"Saddam Hussein : le 30 d\u00e9cembre 2006, la fin d\u2019un leader historique de l\u2019Irak - Descartes.tn","description":"Saddam Hussein, Irak, leader historique, 30 d\u00e9cembre 2006, politique irakienne, Moyen-Orient, ex\u00e9cution, histoire contemporaine, conflits r\u00e9gionaux, Dujail, h\u00e9ritage politique","robots":{"index":"index","follow":"follow","max-snippet":"max-snippet:-1","max-image-preview":"max-image-preview:large","max-video-preview":"max-video-preview:-1"},"canonical":"https:\/\/descartes.tn\/index.php\/2025\/12\/30\/saddam-hussein-le-30-decembre-2006-la-fin-dun-leader-historique-de-lirak\/","og_locale":"en_US","og_type":"article","og_title":"Saddam Hussein : le 30 d\u00e9cembre 2006, la fin d\u2019un leader historique de l\u2019Irak","og_description":"Saddam Hussein, leader historique de l\u2019Irak, a \u00e9t\u00e9 ex\u00e9cut\u00e9 le 30 d\u00e9cembre 2006. Retour sur sa vie, son parcours politique et son h\u00e9ritage controvers\u00e9 au Moyen-Orient.","og_url":"https:\/\/descartes.tn\/index.php\/2025\/12\/30\/saddam-hussein-le-30-decembre-2006-la-fin-dun-leader-historique-de-lirak\/","og_site_name":"Descartes.tn","article_publisher":"https:\/\/www.facebook.com\/Magdescartes","article_published_time":"2025-12-30T14:46:46+00:00","article_modified_time":"2025-12-30T14:46:47+00:00","og_image":[{"width":1360,"height":840,"url":"https:\/\/descartes.tn\/wp-content\/uploads\/2025\/12\/image-162.png","type":"image\/png"}],"author":"admin","twitter_card":"summary_large_image","twitter_misc":{"Written by":"admin","Est. reading time":"2 minutes"},"schema":{"@context":"https:\/\/schema.org","@graph":[{"@type":"Article","@id":"https:\/\/descartes.tn\/index.php\/2025\/12\/30\/saddam-hussein-le-30-decembre-2006-la-fin-dun-leader-historique-de-lirak\/#article","isPartOf":{"@id":"https:\/\/descartes.tn\/index.php\/2025\/12\/30\/saddam-hussein-le-30-decembre-2006-la-fin-dun-leader-historique-de-lirak\/"},"author":{"name":"admin","@id":"https:\/\/descartes.tn\/#\/schema\/person\/9fd67540eb53221af50a61878b6721ae"},"headline":"Saddam Hussein : le 30 d\u00e9cembre 2006, la fin d\u2019un leader historique de l\u2019Irak","datePublished":"2025-12-30T14:46:46+00:00","dateModified":"2025-12-30T14:46:47+00:00","mainEntityOfPage":{"@id":"https:\/\/descartes.tn\/index.php\/2025\/12\/30\/saddam-hussein-le-30-decembre-2006-la-fin-dun-leader-historique-de-lirak\/"},"wordCount":252,"commentCount":0,"publisher":{"@id":"https:\/\/descartes.tn\/#organization"},"image":{"@id":"https:\/\/descartes.tn\/index.php\/2025\/12\/30\/saddam-hussein-le-30-decembre-2006-la-fin-dun-leader-historique-de-lirak\/#primaryimage"},"thumbnailUrl":"https:\/\/descartes.tn\/wp-content\/uploads\/2025\/12\/image-162.png","keywords":["30 d\u00e9cembre 2006","conflits r\u00e9gionaux","Dujail","ex\u00e9cution","h\u00e9ritage politique","histoire contemporaine","Irak","leader historique","Moyen-Orient","politique irakienne","Saddam Hussein"],"articleSection":["Actualit\u00e9s","Zooming"],"inLanguage":"en-US","potentialAction":[{"@type":"CommentAction","name":"Comment","target":["https:\/\/descartes.tn\/index.php\/2025\/12\/30\/saddam-hussein-le-30-decembre-2006-la-fin-dun-leader-historique-de-lirak\/#respond"]}]},{"@type":"WebPage","@id":"https:\/\/descartes.tn\/index.php\/2025\/12\/30\/saddam-hussein-le-30-decembre-2006-la-fin-dun-leader-historique-de-lirak\/","url":"https:\/\/descartes.tn\/index.php\/2025\/12\/30\/saddam-hussein-le-30-decembre-2006-la-fin-dun-leader-historique-de-lirak\/","name":"Saddam Hussein : le 30 d\u00e9cembre 2006, la fin d\u2019un leader historique de l\u2019Irak - Descartes.tn","isPartOf":{"@id":"https:\/\/descartes.tn\/#website"},"primaryImageOfPage":{"@id":"https:\/\/descartes.tn\/index.php\/2025\/12\/30\/saddam-hussein-le-30-decembre-2006-la-fin-dun-leader-historique-de-lirak\/#primaryimage"},"image":{"@id":"https:\/\/descartes.tn\/index.php\/2025\/12\/30\/saddam-hussein-le-30-decembre-2006-la-fin-dun-leader-historique-de-lirak\/#primaryimage"},"thumbnailUrl":"https:\/\/descartes.tn\/wp-content\/uploads\/2025\/12\/image-162.png","datePublished":"2025-12-30T14:46:46+00:00","dateModified":"2025-12-30T14:46:47+00:00","description":"Saddam Hussein, Irak, leader historique, 30 d\u00e9cembre 2006, politique irakienne, Moyen-Orient, ex\u00e9cution, histoire contemporaine, conflits r\u00e9gionaux, Dujail, h\u00e9ritage politique","breadcrumb":{"@id":"https:\/\/descartes.tn\/index.php\/2025\/12\/30\/saddam-hussein-le-30-decembre-2006-la-fin-dun-leader-historique-de-lirak\/#breadcrumb"},"inLanguage":"en-US","potentialAction":[{"@type":"ReadAction","target":["https:\/\/descartes.tn\/index.php\/2025\/12\/30\/saddam-hussein-le-30-decembre-2006-la-fin-dun-leader-historique-de-lirak\/"]}]},{"@type":"ImageObject","inLanguage":"en-US","@id":"https:\/\/descartes.tn\/index.php\/2025\/12\/30\/saddam-hussein-le-30-decembre-2006-la-fin-dun-leader-historique-de-lirak\/#primaryimage","url":"https:\/\/descartes.tn\/wp-content\/uploads\/2025\/12\/image-162.png","contentUrl":"https:\/\/descartes.tn\/wp-content\/uploads\/2025\/12\/image-162.png","width":1360,"height":840},{"@type":"BreadcrumbList","@id":"https:\/\/descartes.tn\/index.php\/2025\/12\/30\/saddam-hussein-le-30-decembre-2006-la-fin-dun-leader-historique-de-lirak\/#breadcrumb","itemListElement":[{"@type":"ListItem","position":1,"name":"Home","item":"https:\/\/descartes.tn\/"},{"@type":"ListItem","position":2,"name":"Saddam Hussein : le 30 d\u00e9cembre 2006, la fin d\u2019un leader historique de l\u2019Irak"}]},{"@type":"WebSite","@id":"https:\/\/descartes.tn\/#website","url":"https:\/\/descartes.tn\/","name":"Descartes.tn","description":"","publisher":{"@id":"https:\/\/descartes.tn\/#organization"},"potentialAction":[{"@type":"SearchAction","target":{"@type":"EntryPoint","urlTemplate":"https:\/\/descartes.tn\/?s={search_term_string}"},"query-input":{"@type":"PropertyValueSpecification","valueRequired":true,"valueName":"search_term_string"}}],"inLanguage":"en-US"},{"@type":"Organization","@id":"https:\/\/descartes.tn\/#organization","name":"Descartes.tn","url":"https:\/\/descartes.tn\/","logo":{"@type":"ImageObject","inLanguage":"en-US","@id":"https:\/\/descartes.tn\/#\/schema\/logo\/image\/","url":"https:\/\/descartes.tn\/wp-content\/uploads\/2025\/10\/cropped-Fichier-1-1.png","contentUrl":"https:\/\/descartes.tn\/wp-content\/uploads\/2025\/10\/cropped-Fichier-1-1.png","width":136,"height":19,"caption":"Descartes.tn"},"image":{"@id":"https:\/\/descartes.tn\/#\/schema\/logo\/image\/"},"sameAs":["https:\/\/www.facebook.com\/Magdescartes","https:\/\/www.instagram.com\/descartes.magazine\/"]},{"@type":"Person","@id":"https:\/\/descartes.tn\/#\/schema\/person\/9fd67540eb53221af50a61878b6721ae","name":"admin","image":{"@type":"ImageObject","inLanguage":"en-US","@id":"https:\/\/secure.gravatar.com\/avatar\/871417dfba5a884ed81f7f8e04e2eea75e8ef480bcb1e5ea634438506d493132?s=96&d=mm&r=g","url":"https:\/\/secure.gravatar.com\/avatar\/871417dfba5a884ed81f7f8e04e2eea75e8ef480bcb1e5ea634438506d493132?s=96&d=mm&r=g","contentUrl":"https:\/\/secure.gravatar.com\/avatar\/871417dfba5a884ed81f7f8e04e2eea75e8ef480bcb1e5ea634438506d493132?s=96&d=mm&r=g","caption":"admin"},"sameAs":["https:\/\/descartes.tn"],"url":"https:\/\/descartes.tn\/index.php\/author\/admin_pmykj64c\/"}]}},"_links":{"self":[{"href":"https:\/\/descartes.tn\/index.php\/wp-json\/wp\/v2\/posts\/2864","targetHints":{"allow":["GET"]}}],"collection":[{"href":"https:\/\/descartes.tn\/index.php\/wp-json\/wp\/v2\/posts"}],"about":[{"href":"https:\/\/descartes.tn\/index.php\/wp-json\/wp\/v2\/types\/post"}],"author":[{"embeddable":true,"href":"https:\/\/descartes.tn\/index.php\/wp-json\/wp\/v2\/users\/1"}],"replies":[{"embeddable":true,"href":"https:\/\/descartes.tn\/index.php\/wp-json\/wp\/v2\/comments?post=2864"}],"version-history":[{"count":1,"href":"https:\/\/descartes.tn\/index.php\/wp-json\/wp\/v2\/posts\/2864\/revisions"}],"predecessor-version":[{"id":2867,"href":"https:\/\/descartes.tn\/index.php\/wp-json\/wp\/v2\/posts\/2864\/revisions\/2867"}],"wp:featuredmedia":[{"embeddable":true,"href":"https:\/\/descartes.tn\/index.php\/wp-json\/wp\/v2\/media\/2866"}],"wp:attachment":[{"href":"https:\/\/descartes.tn\/index.php\/wp-json\/wp\/v2\/media?parent=2864"}],"wp:term":[{"taxonomy":"category","embeddable":true,"href":"https:\/\/descartes.tn\/index.php\/wp-json\/wp\/v2\/categories?post=2864"},{"taxonomy":"post_tag","embeddable":true,"href":"https:\/\/descartes.tn\/index.php\/wp-json\/wp\/v2\/tags?post=2864"}],"curies":[{"name":"wp","href":"https:\/\/api.w.org\/{rel}","templated":true}]}}