{"id":2853,"date":"2025-12-30T13:24:01","date_gmt":"2025-12-30T12:24:01","guid":{"rendered":"https:\/\/descartes.tn\/?p=2853"},"modified":"2025-12-30T13:24:50","modified_gmt":"2025-12-30T12:24:50","slug":"michael-schumacher-12-ans-apres-son-accident-de-ski-que-sait-on-vraiment","status":"publish","type":"post","link":"https:\/\/descartes.tn\/index.php\/2025\/12\/30\/michael-schumacher-12-ans-apres-son-accident-de-ski-que-sait-on-vraiment\/","title":{"rendered":"Michael Schumacher : 12 ans apr\u00e8s son accident de ski, que sait\u2011on vraiment ?"},"content":{"rendered":"\n<p>Le <strong>29 d\u00e9cembre 2013<\/strong>, Michael Schumacher \u2014 septuple champion du monde de Formule\u202f1 \u2014 a \u00e9t\u00e9 victime d\u2019un grave accident de ski \u00e0 M\u00e9ribel, dans les Alpes fran\u00e7aises. Lors d\u2019une descente hors\u2011piste avec son fils Mick, il a chut\u00e9 et heurt\u00e9 violemment un rocher avec la t\u00eate, malgr\u00e9 le port d\u2019un casque. Les secours l\u2019ont imm\u00e9diatement transport\u00e9 \u00e0 l\u2019h\u00f4pital de Grenoble, o\u00f9 il a \u00e9t\u00e9 op\u00e9r\u00e9 pour un traumatisme cr\u00e2nien s\u00e9v\u00e8re et plac\u00e9 dans un coma artificiel.<\/p>\n\n\n\n<figure class=\"wp-block-image size-large\"><img loading=\"lazy\" decoding=\"async\" width=\"1024\" height=\"580\" src=\"https:\/\/descartes.tn\/wp-content\/uploads\/2025\/12\/image-158-1024x580.png\" alt=\"\" class=\"wp-image-2854\" srcset=\"https:\/\/descartes.tn\/wp-content\/uploads\/2025\/12\/image-158-1024x580.png 1024w, https:\/\/descartes.tn\/wp-content\/uploads\/2025\/12\/image-158-300x170.png 300w, https:\/\/descartes.tn\/wp-content\/uploads\/2025\/12\/image-158-768x435.png 768w, https:\/\/descartes.tn\/wp-content\/uploads\/2025\/12\/image-158.png 1200w\" sizes=\"auto, (max-width: 1024px) 100vw, 1024px\" \/><\/figure>\n\n\n\n<p>Schumacher est rest\u00e9 dans ce coma pendant plusieurs mois avant d\u2019en sortir en juin 2014. Il a ensuite poursuivi sa r\u00e9\u00e9ducation dans plusieurs structures sp\u00e9cialis\u00e9es, puis \u00e0 domicile, sous suivi m\u00e9dical intensif.<\/p>\n\n\n\n<p>Depuis cet accident, les d\u00e9tails pr\u00e9cis de son \u00e9tat de sant\u00e9 n\u2019ont jamais \u00e9t\u00e9 rendus publics. Sa famille a strictement contr\u00f4l\u00e9 les informations, privil\u00e9giant la protection de sa vie priv\u00e9e. Tr\u00e8s peu de donn\u00e9es m\u00e9dicales officielles ont \u00e9t\u00e9 partag\u00e9es, et aucune photo ou vid\u00e9o r\u00e9cente n\u2019a \u00e9t\u00e9 confirm\u00e9e.<\/p>\n\n\n\n<p>Les \u00e9l\u00e9ments connus ou rapport\u00e9s par des proches ou des m\u00e9dias indiquent que Schumacher <strong>vit toujours<\/strong>, mais <strong>loin des regards publics<\/strong>, sous soins continus. Certains proches laissent entendre qu\u2019il serait conscient et capable de certaines r\u00e9ponses, mais ces informations ne sont ni confirm\u00e9es ni d\u00e9taill\u00e9es officiellement. Les d\u00e9tails sur sa mobilit\u00e9, sa communication ou son autonomie restent inconnus et confidentiels.<\/p>\n\n\n\n<p>En 2025, il a effectu\u00e9 un geste public rare en signant un casque pour une action caritative li\u00e9e \u00e0 la recherche contre la d\u00e9mence, ce qui a raviv\u00e9 l\u2019espoir chez ses fans.<\/p>\n\n\n\n<p>En r\u00e9sum\u00e9, <strong>12 ans apr\u00e8s l\u2019accident<\/strong>, Michael Schumacher <strong>survit mais demeure hors de la sph\u00e8re publique<\/strong>, dans un \u00e9tat de sant\u00e9 scrupuleusement pr\u00e9serv\u00e9 par sa famille, avec tr\u00e8s peu d\u2019informations confirm\u00e9es disponibles.<\/p>\n\n\n\n<figure class=\"wp-block-image size-large\"><img loading=\"lazy\" decoding=\"async\" width=\"1024\" height=\"653\" src=\"https:\/\/descartes.tn\/wp-content\/uploads\/2025\/12\/image-159-1024x653.png\" alt=\"\" class=\"wp-image-2855\" srcset=\"https:\/\/descartes.tn\/wp-content\/uploads\/2025\/12\/image-159-1024x653.png 1024w, https:\/\/descartes.tn\/wp-content\/uploads\/2025\/12\/image-159-300x191.png 300w, https:\/\/descartes.tn\/wp-content\/uploads\/2025\/12\/image-159-768x490.png 768w, https:\/\/descartes.tn\/wp-content\/uploads\/2025\/12\/image-159-1536x980.png 1536w, https:\/\/descartes.tn\/wp-content\/uploads\/2025\/12\/image-159.png 1600w\" sizes=\"auto, (max-width: 1024px) 100vw, 1024px\" \/><\/figure>\n","protected":false},"excerpt":{"rendered":"<p>Le 29 d\u00e9cembre 2013, Michael Schumacher \u2014 septuple champion du monde de Formule\u202f1 \u2014 a \u00e9t\u00e9 victime d\u2019un grave accident de ski \u00e0 M\u00e9ribel, dans les Alpes fran\u00e7aises. Lors d\u2019une descente hors\u2011piste avec son fils Mick, il a chut\u00e9 et heurt\u00e9 violemment un rocher avec la t\u00eate, malgr\u00e9 le port d\u2019un casque. Les secours l\u2019ont [&hellip;]<\/p>\n","protected":false},"author":1,"featured_media":2854,"comment_status":"open","ping_status":"closed","sticky":false,"template":"","format":"standard","meta":{"footnotes":""},"categories":[6,1,11],"tags":[218,5011,5027,5021,5009,5025,5017,5007,5013,35,5015,5023,5019,3951],"class_list":["post-2853","post","type-post","status-publish","format-standard","has-post-thumbnail","hentry","category-a-plein-tubes","category-actualites","category-sport","tag-218","tag-accident-de-ski","tag-actualite-sportive","tag-coma","tag-formule-1","tag-legende-du-sport","tag-meribel","tag-michael-schumacher","tag-reeducation","tag-sante","tag-septuple-champion-du-monde","tag-sport-automobile","tag-traumatismes-craniens","tag-vie-privee"],"yoast_head":"<!-- This site is optimized with the Yoast SEO plugin v27.5 - https:\/\/yoast.com\/product\/yoast-seo-wordpress\/ -->\n<title>Michael Schumacher : 12 ans apr\u00e8s son accident de ski, que sait\u2011on vraiment ? - Descartes.tn<\/title>\n<meta name=\"description\" content=\"12 ans apr\u00e8s l\u2019accident, Michael Schumacher survit mais demeure hors de la sph\u00e8re publique\" \/>\n<meta name=\"robots\" content=\"index, follow, max-snippet:-1, max-image-preview:large, max-video-preview:-1\" \/>\n<link rel=\"canonical\" href=\"https:\/\/descartes.tn\/index.php\/2025\/12\/30\/michael-schumacher-12-ans-apres-son-accident-de-ski-que-sait-on-vraiment\/\" \/>\n<meta property=\"og:locale\" content=\"en_US\" \/>\n<meta property=\"og:type\" content=\"article\" \/>\n<meta property=\"og:title\" content=\"Michael Schumacher : 12 ans apr\u00e8s son accident de ski, que sait\u2011on vraiment ?\" \/>\n<meta property=\"og:description\" content=\"12 ans apr\u00e8s l\u2019accident, Michael Schumacher survit mais demeure hors de la sph\u00e8re publique\" \/>\n<meta property=\"og:url\" content=\"https:\/\/descartes.tn\/index.php\/2025\/12\/30\/michael-schumacher-12-ans-apres-son-accident-de-ski-que-sait-on-vraiment\/\" \/>\n<meta property=\"og:site_name\" content=\"Descartes.tn\" \/>\n<meta property=\"article:publisher\" content=\"https:\/\/www.facebook.com\/Magdescartes\" \/>\n<meta property=\"article:published_time\" content=\"2025-12-30T12:24:01+00:00\" \/>\n<meta property=\"article:modified_time\" content=\"2025-12-30T12:24:50+00:00\" \/>\n<meta property=\"og:image\" content=\"https:\/\/descartes.tn\/wp-content\/uploads\/2025\/12\/043_dpa-pa_14873E0077568119_1.jpg\" \/>\n\t<meta property=\"og:image:width\" content=\"432\" \/>\n\t<meta property=\"og:image:height\" content=\"243\" \/>\n\t<meta property=\"og:image:type\" content=\"image\/jpeg\" \/>\n<meta name=\"author\" content=\"admin\" \/>\n<meta name=\"twitter:card\" content=\"summary_large_image\" \/>\n<meta name=\"twitter:label1\" content=\"Written by\" \/>\n\t<meta name=\"twitter:data1\" content=\"admin\" \/>\n\t<meta name=\"twitter:label2\" content=\"Est. reading time\" \/>\n\t<meta name=\"twitter:data2\" content=\"2 minutes\" \/>\n<script type=\"application\/ld+json\" class=\"yoast-schema-graph\">{\"@context\":\"https:\\\/\\\/schema.org\",\"@graph\":[{\"@type\":\"Article\",\"@id\":\"https:\\\/\\\/descartes.tn\\\/index.php\\\/2025\\\/12\\\/30\\\/michael-schumacher-12-ans-apres-son-accident-de-ski-que-sait-on-vraiment\\\/#article\",\"isPartOf\":{\"@id\":\"https:\\\/\\\/descartes.tn\\\/index.php\\\/2025\\\/12\\\/30\\\/michael-schumacher-12-ans-apres-son-accident-de-ski-que-sait-on-vraiment\\\/\"},\"author\":{\"name\":\"admin\",\"@id\":\"https:\\\/\\\/descartes.tn\\\/#\\\/schema\\\/person\\\/9fd67540eb53221af50a61878b6721ae\"},\"headline\":\"Michael Schumacher : 12 ans apr\u00e8s son accident de ski, que sait\u2011on vraiment ?\",\"datePublished\":\"2025-12-30T12:24:01+00:00\",\"dateModified\":\"2025-12-30T12:24:50+00:00\",\"mainEntityOfPage\":{\"@id\":\"https:\\\/\\\/descartes.tn\\\/index.php\\\/2025\\\/12\\\/30\\\/michael-schumacher-12-ans-apres-son-accident-de-ski-que-sait-on-vraiment\\\/\"},\"wordCount\":338,\"commentCount\":0,\"publisher\":{\"@id\":\"https:\\\/\\\/descartes.tn\\\/#organization\"},\"image\":{\"@id\":\"https:\\\/\\\/descartes.tn\\\/index.php\\\/2025\\\/12\\\/30\\\/michael-schumacher-12-ans-apres-son-accident-de-ski-que-sait-on-vraiment\\\/#primaryimage\"},\"thumbnailUrl\":\"https:\\\/\\\/descartes.tn\\\/wp-content\\\/uploads\\\/2025\\\/12\\\/image-158.png\",\"keywords\":[\"2025\",\"accident de ski\",\"actualit\u00e9 sportive\",\"coma\",\"Formule 1\",\"l\u00e9gende du sport\",\"M\u00e9ribel\",\"Michael Schumacher\",\"r\u00e9\u00e9ducation\",\"sant\u00e9\",\"septuple champion du monde\",\"sport automobile\",\"traumatismes cr\u00e2niens\",\"vie priv\u00e9e\"],\"articleSection\":[\"A Plein Tubes\",\"Actualit\u00e9s\",\"Sport\"],\"inLanguage\":\"en-US\",\"potentialAction\":[{\"@type\":\"CommentAction\",\"name\":\"Comment\",\"target\":[\"https:\\\/\\\/descartes.tn\\\/index.php\\\/2025\\\/12\\\/30\\\/michael-schumacher-12-ans-apres-son-accident-de-ski-que-sait-on-vraiment\\\/#respond\"]}]},{\"@type\":\"WebPage\",\"@id\":\"https:\\\/\\\/descartes.tn\\\/index.php\\\/2025\\\/12\\\/30\\\/michael-schumacher-12-ans-apres-son-accident-de-ski-que-sait-on-vraiment\\\/\",\"url\":\"https:\\\/\\\/descartes.tn\\\/index.php\\\/2025\\\/12\\\/30\\\/michael-schumacher-12-ans-apres-son-accident-de-ski-que-sait-on-vraiment\\\/\",\"name\":\"Michael Schumacher : 12 ans apr\u00e8s son accident de ski, que sait\u2011on vraiment ? - Descartes.tn\",\"isPartOf\":{\"@id\":\"https:\\\/\\\/descartes.tn\\\/#website\"},\"primaryImageOfPage\":{\"@id\":\"https:\\\/\\\/descartes.tn\\\/index.php\\\/2025\\\/12\\\/30\\\/michael-schumacher-12-ans-apres-son-accident-de-ski-que-sait-on-vraiment\\\/#primaryimage\"},\"image\":{\"@id\":\"https:\\\/\\\/descartes.tn\\\/index.php\\\/2025\\\/12\\\/30\\\/michael-schumacher-12-ans-apres-son-accident-de-ski-que-sait-on-vraiment\\\/#primaryimage\"},\"thumbnailUrl\":\"https:\\\/\\\/descartes.tn\\\/wp-content\\\/uploads\\\/2025\\\/12\\\/image-158.png\",\"datePublished\":\"2025-12-30T12:24:01+00:00\",\"dateModified\":\"2025-12-30T12:24:50+00:00\",\"description\":\"12 ans apr\u00e8s l\u2019accident, Michael Schumacher survit mais demeure hors de la sph\u00e8re publique\",\"breadcrumb\":{\"@id\":\"https:\\\/\\\/descartes.tn\\\/index.php\\\/2025\\\/12\\\/30\\\/michael-schumacher-12-ans-apres-son-accident-de-ski-que-sait-on-vraiment\\\/#breadcrumb\"},\"inLanguage\":\"en-US\",\"potentialAction\":[{\"@type\":\"ReadAction\",\"target\":[\"https:\\\/\\\/descartes.tn\\\/index.php\\\/2025\\\/12\\\/30\\\/michael-schumacher-12-ans-apres-son-accident-de-ski-que-sait-on-vraiment\\\/\"]}]},{\"@type\":\"ImageObject\",\"inLanguage\":\"en-US\",\"@id\":\"https:\\\/\\\/descartes.tn\\\/index.php\\\/2025\\\/12\\\/30\\\/michael-schumacher-12-ans-apres-son-accident-de-ski-que-sait-on-vraiment\\\/#primaryimage\",\"url\":\"https:\\\/\\\/descartes.tn\\\/wp-content\\\/uploads\\\/2025\\\/12\\\/image-158.png\",\"contentUrl\":\"https:\\\/\\\/descartes.tn\\\/wp-content\\\/uploads\\\/2025\\\/12\\\/image-158.png\",\"width\":1200,\"height\":680},{\"@type\":\"BreadcrumbList\",\"@id\":\"https:\\\/\\\/descartes.tn\\\/index.php\\\/2025\\\/12\\\/30\\\/michael-schumacher-12-ans-apres-son-accident-de-ski-que-sait-on-vraiment\\\/#breadcrumb\",\"itemListElement\":[{\"@type\":\"ListItem\",\"position\":1,\"name\":\"Home\",\"item\":\"https:\\\/\\\/descartes.tn\\\/\"},{\"@type\":\"ListItem\",\"position\":2,\"name\":\"Michael Schumacher : 12 ans apr\u00e8s son accident de ski, que sait\u2011on vraiment ?\"}]},{\"@type\":\"WebSite\",\"@id\":\"https:\\\/\\\/descartes.tn\\\/#website\",\"url\":\"https:\\\/\\\/descartes.tn\\\/\",\"name\":\"Descartes.tn\",\"description\":\"\",\"publisher\":{\"@id\":\"https:\\\/\\\/descartes.tn\\\/#organization\"},\"potentialAction\":[{\"@type\":\"SearchAction\",\"target\":{\"@type\":\"EntryPoint\",\"urlTemplate\":\"https:\\\/\\\/descartes.tn\\\/?s={search_term_string}\"},\"query-input\":{\"@type\":\"PropertyValueSpecification\",\"valueRequired\":true,\"valueName\":\"search_term_string\"}}],\"inLanguage\":\"en-US\"},{\"@type\":\"Organization\",\"@id\":\"https:\\\/\\\/descartes.tn\\\/#organization\",\"name\":\"Descartes.tn\",\"url\":\"https:\\\/\\\/descartes.tn\\\/\",\"logo\":{\"@type\":\"ImageObject\",\"inLanguage\":\"en-US\",\"@id\":\"https:\\\/\\\/descartes.tn\\\/#\\\/schema\\\/logo\\\/image\\\/\",\"url\":\"https:\\\/\\\/descartes.tn\\\/wp-content\\\/uploads\\\/2025\\\/10\\\/cropped-Fichier-1-1.png\",\"contentUrl\":\"https:\\\/\\\/descartes.tn\\\/wp-content\\\/uploads\\\/2025\\\/10\\\/cropped-Fichier-1-1.png\",\"width\":136,\"height\":19,\"caption\":\"Descartes.tn\"},\"image\":{\"@id\":\"https:\\\/\\\/descartes.tn\\\/#\\\/schema\\\/logo\\\/image\\\/\"},\"sameAs\":[\"https:\\\/\\\/www.facebook.com\\\/Magdescartes\",\"https:\\\/\\\/www.instagram.com\\\/descartes.magazine\\\/\"]},{\"@type\":\"Person\",\"@id\":\"https:\\\/\\\/descartes.tn\\\/#\\\/schema\\\/person\\\/9fd67540eb53221af50a61878b6721ae\",\"name\":\"admin\",\"image\":{\"@type\":\"ImageObject\",\"inLanguage\":\"en-US\",\"@id\":\"https:\\\/\\\/secure.gravatar.com\\\/avatar\\\/871417dfba5a884ed81f7f8e04e2eea75e8ef480bcb1e5ea634438506d493132?s=96&d=mm&r=g\",\"url\":\"https:\\\/\\\/secure.gravatar.com\\\/avatar\\\/871417dfba5a884ed81f7f8e04e2eea75e8ef480bcb1e5ea634438506d493132?s=96&d=mm&r=g\",\"contentUrl\":\"https:\\\/\\\/secure.gravatar.com\\\/avatar\\\/871417dfba5a884ed81f7f8e04e2eea75e8ef480bcb1e5ea634438506d493132?s=96&d=mm&r=g\",\"caption\":\"admin\"},\"sameAs\":[\"https:\\\/\\\/descartes.tn\"],\"url\":\"https:\\\/\\\/descartes.tn\\\/index.php\\\/author\\\/admin_pmykj64c\\\/\"}]}<\/script>\n<!-- \/ Yoast SEO plugin. -->","yoast_head_json":{"title":"Michael Schumacher : 12 ans apr\u00e8s son accident de ski, que sait\u2011on vraiment ? - Descartes.tn","description":"12 ans apr\u00e8s l\u2019accident, Michael Schumacher survit mais demeure hors de la sph\u00e8re publique","robots":{"index":"index","follow":"follow","max-snippet":"max-snippet:-1","max-image-preview":"max-image-preview:large","max-video-preview":"max-video-preview:-1"},"canonical":"https:\/\/descartes.tn\/index.php\/2025\/12\/30\/michael-schumacher-12-ans-apres-son-accident-de-ski-que-sait-on-vraiment\/","og_locale":"en_US","og_type":"article","og_title":"Michael Schumacher : 12 ans apr\u00e8s son accident de ski, que sait\u2011on vraiment ?","og_description":"12 ans apr\u00e8s l\u2019accident, Michael Schumacher survit mais demeure hors de la sph\u00e8re publique","og_url":"https:\/\/descartes.tn\/index.php\/2025\/12\/30\/michael-schumacher-12-ans-apres-son-accident-de-ski-que-sait-on-vraiment\/","og_site_name":"Descartes.tn","article_publisher":"https:\/\/www.facebook.com\/Magdescartes","article_published_time":"2025-12-30T12:24:01+00:00","article_modified_time":"2025-12-30T12:24:50+00:00","og_image":[{"width":432,"height":243,"url":"https:\/\/descartes.tn\/wp-content\/uploads\/2025\/12\/043_dpa-pa_14873E0077568119_1.jpg","type":"image\/jpeg"}],"author":"admin","twitter_card":"summary_large_image","twitter_misc":{"Written by":"admin","Est. reading time":"2 minutes"},"schema":{"@context":"https:\/\/schema.org","@graph":[{"@type":"Article","@id":"https:\/\/descartes.tn\/index.php\/2025\/12\/30\/michael-schumacher-12-ans-apres-son-accident-de-ski-que-sait-on-vraiment\/#article","isPartOf":{"@id":"https:\/\/descartes.tn\/index.php\/2025\/12\/30\/michael-schumacher-12-ans-apres-son-accident-de-ski-que-sait-on-vraiment\/"},"author":{"name":"admin","@id":"https:\/\/descartes.tn\/#\/schema\/person\/9fd67540eb53221af50a61878b6721ae"},"headline":"Michael Schumacher : 12 ans apr\u00e8s son accident de ski, que sait\u2011on vraiment ?","datePublished":"2025-12-30T12:24:01+00:00","dateModified":"2025-12-30T12:24:50+00:00","mainEntityOfPage":{"@id":"https:\/\/descartes.tn\/index.php\/2025\/12\/30\/michael-schumacher-12-ans-apres-son-accident-de-ski-que-sait-on-vraiment\/"},"wordCount":338,"commentCount":0,"publisher":{"@id":"https:\/\/descartes.tn\/#organization"},"image":{"@id":"https:\/\/descartes.tn\/index.php\/2025\/12\/30\/michael-schumacher-12-ans-apres-son-accident-de-ski-que-sait-on-vraiment\/#primaryimage"},"thumbnailUrl":"https:\/\/descartes.tn\/wp-content\/uploads\/2025\/12\/image-158.png","keywords":["2025","accident de ski","actualit\u00e9 sportive","coma","Formule 1","l\u00e9gende du sport","M\u00e9ribel","Michael Schumacher","r\u00e9\u00e9ducation","sant\u00e9","septuple champion du monde","sport automobile","traumatismes cr\u00e2niens","vie priv\u00e9e"],"articleSection":["A Plein Tubes","Actualit\u00e9s","Sport"],"inLanguage":"en-US","potentialAction":[{"@type":"CommentAction","name":"Comment","target":["https:\/\/descartes.tn\/index.php\/2025\/12\/30\/michael-schumacher-12-ans-apres-son-accident-de-ski-que-sait-on-vraiment\/#respond"]}]},{"@type":"WebPage","@id":"https:\/\/descartes.tn\/index.php\/2025\/12\/30\/michael-schumacher-12-ans-apres-son-accident-de-ski-que-sait-on-vraiment\/","url":"https:\/\/descartes.tn\/index.php\/2025\/12\/30\/michael-schumacher-12-ans-apres-son-accident-de-ski-que-sait-on-vraiment\/","name":"Michael Schumacher : 12 ans apr\u00e8s son accident de ski, que sait\u2011on vraiment ? - Descartes.tn","isPartOf":{"@id":"https:\/\/descartes.tn\/#website"},"primaryImageOfPage":{"@id":"https:\/\/descartes.tn\/index.php\/2025\/12\/30\/michael-schumacher-12-ans-apres-son-accident-de-ski-que-sait-on-vraiment\/#primaryimage"},"image":{"@id":"https:\/\/descartes.tn\/index.php\/2025\/12\/30\/michael-schumacher-12-ans-apres-son-accident-de-ski-que-sait-on-vraiment\/#primaryimage"},"thumbnailUrl":"https:\/\/descartes.tn\/wp-content\/uploads\/2025\/12\/image-158.png","datePublished":"2025-12-30T12:24:01+00:00","dateModified":"2025-12-30T12:24:50+00:00","description":"12 ans apr\u00e8s l\u2019accident, Michael Schumacher survit mais demeure hors de la sph\u00e8re publique","breadcrumb":{"@id":"https:\/\/descartes.tn\/index.php\/2025\/12\/30\/michael-schumacher-12-ans-apres-son-accident-de-ski-que-sait-on-vraiment\/#breadcrumb"},"inLanguage":"en-US","potentialAction":[{"@type":"ReadAction","target":["https:\/\/descartes.tn\/index.php\/2025\/12\/30\/michael-schumacher-12-ans-apres-son-accident-de-ski-que-sait-on-vraiment\/"]}]},{"@type":"ImageObject","inLanguage":"en-US","@id":"https:\/\/descartes.tn\/index.php\/2025\/12\/30\/michael-schumacher-12-ans-apres-son-accident-de-ski-que-sait-on-vraiment\/#primaryimage","url":"https:\/\/descartes.tn\/wp-content\/uploads\/2025\/12\/image-158.png","contentUrl":"https:\/\/descartes.tn\/wp-content\/uploads\/2025\/12\/image-158.png","width":1200,"height":680},{"@type":"BreadcrumbList","@id":"https:\/\/descartes.tn\/index.php\/2025\/12\/30\/michael-schumacher-12-ans-apres-son-accident-de-ski-que-sait-on-vraiment\/#breadcrumb","itemListElement":[{"@type":"ListItem","position":1,"name":"Home","item":"https:\/\/descartes.tn\/"},{"@type":"ListItem","position":2,"name":"Michael Schumacher : 12 ans apr\u00e8s son accident de ski, que sait\u2011on vraiment ?"}]},{"@type":"WebSite","@id":"https:\/\/descartes.tn\/#website","url":"https:\/\/descartes.tn\/","name":"Descartes.tn","description":"","publisher":{"@id":"https:\/\/descartes.tn\/#organization"},"potentialAction":[{"@type":"SearchAction","target":{"@type":"EntryPoint","urlTemplate":"https:\/\/descartes.tn\/?s={search_term_string}"},"query-input":{"@type":"PropertyValueSpecification","valueRequired":true,"valueName":"search_term_string"}}],"inLanguage":"en-US"},{"@type":"Organization","@id":"https:\/\/descartes.tn\/#organization","name":"Descartes.tn","url":"https:\/\/descartes.tn\/","logo":{"@type":"ImageObject","inLanguage":"en-US","@id":"https:\/\/descartes.tn\/#\/schema\/logo\/image\/","url":"https:\/\/descartes.tn\/wp-content\/uploads\/2025\/10\/cropped-Fichier-1-1.png","contentUrl":"https:\/\/descartes.tn\/wp-content\/uploads\/2025\/10\/cropped-Fichier-1-1.png","width":136,"height":19,"caption":"Descartes.tn"},"image":{"@id":"https:\/\/descartes.tn\/#\/schema\/logo\/image\/"},"sameAs":["https:\/\/www.facebook.com\/Magdescartes","https:\/\/www.instagram.com\/descartes.magazine\/"]},{"@type":"Person","@id":"https:\/\/descartes.tn\/#\/schema\/person\/9fd67540eb53221af50a61878b6721ae","name":"admin","image":{"@type":"ImageObject","inLanguage":"en-US","@id":"https:\/\/secure.gravatar.com\/avatar\/871417dfba5a884ed81f7f8e04e2eea75e8ef480bcb1e5ea634438506d493132?s=96&d=mm&r=g","url":"https:\/\/secure.gravatar.com\/avatar\/871417dfba5a884ed81f7f8e04e2eea75e8ef480bcb1e5ea634438506d493132?s=96&d=mm&r=g","contentUrl":"https:\/\/secure.gravatar.com\/avatar\/871417dfba5a884ed81f7f8e04e2eea75e8ef480bcb1e5ea634438506d493132?s=96&d=mm&r=g","caption":"admin"},"sameAs":["https:\/\/descartes.tn"],"url":"https:\/\/descartes.tn\/index.php\/author\/admin_pmykj64c\/"}]}},"_links":{"self":[{"href":"https:\/\/descartes.tn\/index.php\/wp-json\/wp\/v2\/posts\/2853","targetHints":{"allow":["GET"]}}],"collection":[{"href":"https:\/\/descartes.tn\/index.php\/wp-json\/wp\/v2\/posts"}],"about":[{"href":"https:\/\/descartes.tn\/index.php\/wp-json\/wp\/v2\/types\/post"}],"author":[{"embeddable":true,"href":"https:\/\/descartes.tn\/index.php\/wp-json\/wp\/v2\/users\/1"}],"replies":[{"embeddable":true,"href":"https:\/\/descartes.tn\/index.php\/wp-json\/wp\/v2\/comments?post=2853"}],"version-history":[{"count":1,"href":"https:\/\/descartes.tn\/index.php\/wp-json\/wp\/v2\/posts\/2853\/revisions"}],"predecessor-version":[{"id":2857,"href":"https:\/\/descartes.tn\/index.php\/wp-json\/wp\/v2\/posts\/2853\/revisions\/2857"}],"wp:featuredmedia":[{"embeddable":true,"href":"https:\/\/descartes.tn\/index.php\/wp-json\/wp\/v2\/media\/2854"}],"wp:attachment":[{"href":"https:\/\/descartes.tn\/index.php\/wp-json\/wp\/v2\/media?parent=2853"}],"wp:term":[{"taxonomy":"category","embeddable":true,"href":"https:\/\/descartes.tn\/index.php\/wp-json\/wp\/v2\/categories?post=2853"},{"taxonomy":"post_tag","embeddable":true,"href":"https:\/\/descartes.tn\/index.php\/wp-json\/wp\/v2\/tags?post=2853"}],"curies":[{"name":"wp","href":"https:\/\/api.w.org\/{rel}","templated":true}]}}