{"id":2777,"date":"2025-12-25T15:22:38","date_gmt":"2025-12-25T14:22:38","guid":{"rendered":"https:\/\/descartes.tn\/?p=2777"},"modified":"2025-12-25T15:22:39","modified_gmt":"2025-12-25T14:22:39","slug":"hayfa-sdiri-limpact-comme-boussole","status":"publish","type":"post","link":"https:\/\/descartes.tn\/index.php\/2025\/12\/25\/hayfa-sdiri-limpact-comme-boussole\/","title":{"rendered":"Hayfa Sdiri, l\u2019impact comme boussole"},"content":{"rendered":"\n<p>\u00c0 seulement <strong>27 ans<\/strong>, <strong>Hayfa Sdiri<\/strong> s\u2019impose comme l\u2019une des voix les plus influentes de la nouvelle g\u00e9n\u00e9ration dans la r\u00e9gion <strong>MENA<\/strong>. Seule Tunisienne distingu\u00e9e dans un <strong>classement r\u00e9gional de r\u00e9f\u00e9rence<\/strong>, elle incarne une trajectoire o\u00f9 l\u2019impact social, l\u2019engagement pour la jeunesse et l\u2019ouverture sur le monde ne sont pas des slogans, mais une pratique quotidienne.<\/p>\n\n\n<div class=\"wp-block-image\">\n<figure class=\"aligncenter size-full is-resized\"><img loading=\"lazy\" decoding=\"async\" width=\"800\" height=\"800\" src=\"https:\/\/descartes.tn\/wp-content\/uploads\/2025\/12\/image-141.png\" alt=\"\" class=\"wp-image-2778\" style=\"width:396px;height:auto\" srcset=\"https:\/\/descartes.tn\/wp-content\/uploads\/2025\/12\/image-141.png 800w, https:\/\/descartes.tn\/wp-content\/uploads\/2025\/12\/image-141-300x300.png 300w, https:\/\/descartes.tn\/wp-content\/uploads\/2025\/12\/image-141-150x150.png 150w, https:\/\/descartes.tn\/wp-content\/uploads\/2025\/12\/image-141-768x768.png 768w\" sizes=\"auto, (max-width: 800px) 100vw, 800px\" \/><\/figure>\n<\/div>\n\n\n<h2 class=\"wp-block-heading\">Une vision n\u00e9e en Tunisie, port\u00e9e \u00e0 l\u2019international<\/h2>\n\n\n\n<p>N\u00e9e en Tunisie, Hayfa Sdiri grandit avec une conviction forte : le potentiel des jeunes et des communaut\u00e9s locales est immense, mais souvent sous\u2011estim\u00e9. Tr\u00e8s t\u00f4t, elle s\u2019engage dans des initiatives li\u00e9es \u00e0 l\u2019entrepreneuriat, \u00e0 l\u2019innovation sociale et \u00e0 l\u2019inclusion, convaincue que le d\u00e9veloppement durable passe par l\u2019autonomisation \u00e9conomique et culturelle.<\/p>\n\n\n\n<p>Cette vision la conduit \u00e0 travailler avec des institutions internationales majeures telles que le <strong>Programme des Nations Unies pour le D\u00e9veloppement (UNDP)<\/strong> et l\u2019<strong>Union Internationale des T\u00e9l\u00e9communications (ITU)<\/strong>, o\u00f9 elle contribue \u00e0 des programmes ax\u00e9s sur la jeunesse, l\u2019innovation et les Objectifs de D\u00e9veloppement Durable.<\/p>\n\n\n\n<h2 class=\"wp-block-heading\">Artizen : relier tradition, innovation et durabilit\u00e9<\/h2>\n\n\n\n<p>Hayfa est aujourd\u2019hui la <strong>fondatrice d\u2019Artizen<\/strong>, une plateforme ambitieuse qui connecte les <strong>artisans du Global Majority<\/strong> aux march\u00e9s internationaux. L\u2019objectif est clair : pr\u00e9server les savoir\u2011faire traditionnels tout en leur ouvrant des perspectives \u00e9conomiques durables gr\u00e2ce \u00e0 la technologie, au design et \u00e0 des mod\u00e8les commerciaux \u00e9thiques.<\/p>\n\n\n\n<p>Artizen ne se limite pas \u00e0 la vente de produits artisanaux. Le projet accompagne les artisans dans la structuration de leurs activit\u00e9s, la valorisation de leur identit\u00e9 culturelle et l\u2019acc\u00e8s \u00e0 des cha\u00eenes de valeur plus justes. Une mani\u00e8re de d\u00e9montrer que la tradition peut dialoguer avec l\u2019innovation sans se diluer.<\/p>\n\n\n\n<h2 class=\"wp-block-heading\">Un parcours forg\u00e9 par l\u2019impact<\/h2>\n\n\n\n<p>Avant Artizen, Hayfa Sdiri s\u2019est illustr\u00e9e par plusieurs initiatives en faveur de l\u2019entrepreneuriat des jeunes. Son parcours est marqu\u00e9 par une capacit\u00e9 rare \u00e0 naviguer entre le terrain local et les espaces de d\u00e9cision internationaux, entre engagement communautaire et strat\u00e9gies globales.<\/p>\n\n\n\n<p>Cette coh\u00e9rence lui vaut une reconnaissance internationale pr\u00e9coce, notamment une distinction par la <strong>BBC<\/strong>, qui l\u2019inclut parmi les <strong>100 femmes les plus influentes au monde<\/strong>. Une reconnaissance qui vient saluer non seulement ses r\u00e9alisations, mais aussi sa vision : celle d\u2019un leadership f\u00e9minin ancr\u00e9, inclusif et tourn\u00e9 vers l\u2019avenir.<\/p>\n\n\n\n<h2 class=\"wp-block-heading\">Une voix tunisienne dans les grands d\u00e9bats globaux<\/h2>\n\n\n\n<p>Aujourd\u2019hui, Hayfa Sdiri intervient dans des forums r\u00e9gionaux et internationaux o\u00f9 elle d\u00e9fend une approche du d\u00e9veloppement centr\u00e9e sur la jeunesse, la culture et l\u2019impact mesurable. Elle incarne une nouvelle g\u00e9n\u00e9ration de leaders MENA, capables de raconter une autre histoire de la r\u00e9gion : cr\u00e9ative, responsable et connect\u00e9e au monde.<\/p>\n\n\n\n<p>Son parcours rappelle que l\u2019influence ne se mesure pas uniquement \u00e0 la visibilit\u00e9 m\u00e9diatique, mais \u00e0 la capacit\u00e9 de cr\u00e9er des ponts \u2014 entre les territoires et les march\u00e9s, entre les traditions et l\u2019avenir, entre les ambitions individuelles et le bien commun.<\/p>\n\n\n\n<p><strong>Hayfa Sdiri n\u2019est pas seulement une success story tunisienne. Elle est le symbole d\u2019une g\u00e9n\u00e9ration qui transforme l\u2019impact en action et la vision en r\u00e9alit\u00e9.<\/strong><\/p>\n\n\n\n<figure class=\"wp-block-image size-large\"><img loading=\"lazy\" decoding=\"async\" width=\"1024\" height=\"256\" src=\"https:\/\/descartes.tn\/wp-content\/uploads\/2025\/12\/image-142-1024x256.png\" alt=\"\" class=\"wp-image-2779\"\/><\/figure>\n\n\n\n<figure class=\"wp-block-image size-full\"><img loading=\"lazy\" decoding=\"async\" width=\"675\" height=\"450\" src=\"https:\/\/descartes.tn\/wp-content\/uploads\/2025\/12\/image-143.png\" alt=\"\" class=\"wp-image-2780\" srcset=\"https:\/\/descartes.tn\/wp-content\/uploads\/2025\/12\/image-143.png 675w, https:\/\/descartes.tn\/wp-content\/uploads\/2025\/12\/image-143-300x200.png 300w\" sizes=\"auto, (max-width: 675px) 100vw, 675px\" \/><\/figure>\n\n\n\n<figure class=\"wp-block-image size-large\"><img loading=\"lazy\" decoding=\"async\" width=\"1024\" height=\"1024\" src=\"https:\/\/descartes.tn\/wp-content\/uploads\/2025\/12\/image-144-1024x1024.png\" alt=\"\" class=\"wp-image-2781\" srcset=\"https:\/\/descartes.tn\/wp-content\/uploads\/2025\/12\/image-144-1024x1024.png 1024w, https:\/\/descartes.tn\/wp-content\/uploads\/2025\/12\/image-144-300x300.png 300w, https:\/\/descartes.tn\/wp-content\/uploads\/2025\/12\/image-144-150x150.png 150w, https:\/\/descartes.tn\/wp-content\/uploads\/2025\/12\/image-144-768x768.png 768w, https:\/\/descartes.tn\/wp-content\/uploads\/2025\/12\/image-144.png 1200w\" sizes=\"auto, (max-width: 1024px) 100vw, 1024px\" \/><\/figure>\n","protected":false},"excerpt":{"rendered":"<p>\u00c0 seulement 27 ans, Hayfa Sdiri s\u2019impose comme l\u2019une des voix les plus influentes de la nouvelle g\u00e9n\u00e9ration dans la r\u00e9gion MENA. Seule Tunisienne distingu\u00e9e dans un classement r\u00e9gional de r\u00e9f\u00e9rence, elle incarne une trajectoire o\u00f9 l\u2019impact social, l\u2019engagement pour la jeunesse et l\u2019ouverture sur le monde ne sont pas des slogans, mais une pratique [&hellip;]<\/p>\n","protected":false},"author":1,"featured_media":2779,"comment_status":"open","ping_status":"closed","sticky":false,"template":"","format":"standard","meta":{"footnotes":""},"categories":[1,8],"tags":[4857,4851,4865,4861,4843,4849,4847,4858,4841,4845,4855,4853,4863,181,17],"class_list":["post-2777","post","type-post","status-publish","format-standard","has-post-thumbnail","hentry","category-actualites","category-entreprises","tag-artisanat-durable","tag-artizen","tag-bbc-100-women","tag-developpement-durable","tag-entrepreneure-tunisienne","tag-entrepreneuriat-social","tag-femmes-leaders","tag-global-majority","tag-hayfa-sdiri","tag-impact-social","tag-innovation-sociale","tag-jeunesse-mena","tag-leadership-feminin","tag-onu","tag-tunisie"],"yoast_head":"<!-- This site is optimized with the Yoast SEO plugin v27.5 - https:\/\/yoast.com\/product\/yoast-seo-wordpress\/ -->\n<title>Hayfa Sdiri, l\u2019impact comme boussole - Descartes.tn<\/title>\n<meta name=\"robots\" content=\"index, follow, max-snippet:-1, max-image-preview:large, max-video-preview:-1\" \/>\n<link rel=\"canonical\" href=\"https:\/\/descartes.tn\/index.php\/2025\/12\/25\/hayfa-sdiri-limpact-comme-boussole\/\" \/>\n<meta property=\"og:locale\" content=\"en_US\" \/>\n<meta property=\"og:type\" content=\"article\" \/>\n<meta property=\"og:title\" content=\"Hayfa Sdiri, l\u2019impact comme boussole\" \/>\n<meta property=\"og:description\" content=\"\u00c0 27 ans, Hayfa Sdiri est la seule Tunisienne distingu\u00e9e dans un classement r\u00e9gional MENA. Fondatrice d\u2019Artizen, elle relie artisans, innovation et impact durable, avec un parcours reconnu par l\u2019ONU et la BBC.\" \/>\n<meta property=\"og:url\" content=\"https:\/\/descartes.tn\/index.php\/2025\/12\/25\/hayfa-sdiri-limpact-comme-boussole\/\" \/>\n<meta property=\"og:site_name\" content=\"Descartes.tn\" \/>\n<meta property=\"article:publisher\" content=\"https:\/\/www.facebook.com\/Magdescartes\" \/>\n<meta property=\"article:published_time\" content=\"2025-12-25T14:22:38+00:00\" \/>\n<meta property=\"article:modified_time\" content=\"2025-12-25T14:22:39+00:00\" \/>\n<meta property=\"og:image\" content=\"https:\/\/descartes.tn\/wp-content\/uploads\/2025\/12\/image-142-e1766672402248.png\" \/>\n\t<meta property=\"og:image:width\" content=\"620\" \/>\n\t<meta property=\"og:image:height\" content=\"297\" \/>\n\t<meta property=\"og:image:type\" content=\"image\/png\" \/>\n<meta name=\"author\" content=\"admin\" \/>\n<meta name=\"twitter:card\" content=\"summary_large_image\" \/>\n<meta name=\"twitter:label1\" content=\"Written by\" \/>\n\t<meta name=\"twitter:data1\" content=\"admin\" \/>\n\t<meta name=\"twitter:label2\" content=\"Est. reading time\" \/>\n\t<meta name=\"twitter:data2\" content=\"4 minutes\" \/>\n<script type=\"application\/ld+json\" class=\"yoast-schema-graph\">{\"@context\":\"https:\\\/\\\/schema.org\",\"@graph\":[{\"@type\":\"Article\",\"@id\":\"https:\\\/\\\/descartes.tn\\\/index.php\\\/2025\\\/12\\\/25\\\/hayfa-sdiri-limpact-comme-boussole\\\/#article\",\"isPartOf\":{\"@id\":\"https:\\\/\\\/descartes.tn\\\/index.php\\\/2025\\\/12\\\/25\\\/hayfa-sdiri-limpact-comme-boussole\\\/\"},\"author\":{\"name\":\"admin\",\"@id\":\"https:\\\/\\\/descartes.tn\\\/#\\\/schema\\\/person\\\/9fd67540eb53221af50a61878b6721ae\"},\"headline\":\"Hayfa Sdiri, l\u2019impact comme boussole\",\"datePublished\":\"2025-12-25T14:22:38+00:00\",\"dateModified\":\"2025-12-25T14:22:39+00:00\",\"mainEntityOfPage\":{\"@id\":\"https:\\\/\\\/descartes.tn\\\/index.php\\\/2025\\\/12\\\/25\\\/hayfa-sdiri-limpact-comme-boussole\\\/\"},\"wordCount\":554,\"commentCount\":0,\"publisher\":{\"@id\":\"https:\\\/\\\/descartes.tn\\\/#organization\"},\"image\":{\"@id\":\"https:\\\/\\\/descartes.tn\\\/index.php\\\/2025\\\/12\\\/25\\\/hayfa-sdiri-limpact-comme-boussole\\\/#primaryimage\"},\"thumbnailUrl\":\"https:\\\/\\\/descartes.tn\\\/wp-content\\\/uploads\\\/2025\\\/12\\\/image-142-e1766672402248.png\",\"keywords\":[\"artisanat durable\",\"Artizen\",\"BBC 100 Women\",\"d\u00e9veloppement durable\",\"entrepreneure tunisienne\",\"entrepreneuriat social\",\"femmes leaders\",\"Global Majority\",\"Hayfa Sdiri\",\"impact social\",\"innovation sociale\",\"jeunesse MENA\",\"leadership f\u00e9minin\",\"ONU\",\"tunisie\"],\"articleSection\":[\"Actualit\u00e9s\",\"Entreprises\"],\"inLanguage\":\"en-US\",\"potentialAction\":[{\"@type\":\"CommentAction\",\"name\":\"Comment\",\"target\":[\"https:\\\/\\\/descartes.tn\\\/index.php\\\/2025\\\/12\\\/25\\\/hayfa-sdiri-limpact-comme-boussole\\\/#respond\"]}]},{\"@type\":\"WebPage\",\"@id\":\"https:\\\/\\\/descartes.tn\\\/index.php\\\/2025\\\/12\\\/25\\\/hayfa-sdiri-limpact-comme-boussole\\\/\",\"url\":\"https:\\\/\\\/descartes.tn\\\/index.php\\\/2025\\\/12\\\/25\\\/hayfa-sdiri-limpact-comme-boussole\\\/\",\"name\":\"Hayfa Sdiri, l\u2019impact comme boussole - Descartes.tn\",\"isPartOf\":{\"@id\":\"https:\\\/\\\/descartes.tn\\\/#website\"},\"primaryImageOfPage\":{\"@id\":\"https:\\\/\\\/descartes.tn\\\/index.php\\\/2025\\\/12\\\/25\\\/hayfa-sdiri-limpact-comme-boussole\\\/#primaryimage\"},\"image\":{\"@id\":\"https:\\\/\\\/descartes.tn\\\/index.php\\\/2025\\\/12\\\/25\\\/hayfa-sdiri-limpact-comme-boussole\\\/#primaryimage\"},\"thumbnailUrl\":\"https:\\\/\\\/descartes.tn\\\/wp-content\\\/uploads\\\/2025\\\/12\\\/image-142-e1766672402248.png\",\"datePublished\":\"2025-12-25T14:22:38+00:00\",\"dateModified\":\"2025-12-25T14:22:39+00:00\",\"breadcrumb\":{\"@id\":\"https:\\\/\\\/descartes.tn\\\/index.php\\\/2025\\\/12\\\/25\\\/hayfa-sdiri-limpact-comme-boussole\\\/#breadcrumb\"},\"inLanguage\":\"en-US\",\"potentialAction\":[{\"@type\":\"ReadAction\",\"target\":[\"https:\\\/\\\/descartes.tn\\\/index.php\\\/2025\\\/12\\\/25\\\/hayfa-sdiri-limpact-comme-boussole\\\/\"]}]},{\"@type\":\"ImageObject\",\"inLanguage\":\"en-US\",\"@id\":\"https:\\\/\\\/descartes.tn\\\/index.php\\\/2025\\\/12\\\/25\\\/hayfa-sdiri-limpact-comme-boussole\\\/#primaryimage\",\"url\":\"https:\\\/\\\/descartes.tn\\\/wp-content\\\/uploads\\\/2025\\\/12\\\/image-142-e1766672402248.png\",\"contentUrl\":\"https:\\\/\\\/descartes.tn\\\/wp-content\\\/uploads\\\/2025\\\/12\\\/image-142-e1766672402248.png\",\"width\":620,\"height\":297},{\"@type\":\"BreadcrumbList\",\"@id\":\"https:\\\/\\\/descartes.tn\\\/index.php\\\/2025\\\/12\\\/25\\\/hayfa-sdiri-limpact-comme-boussole\\\/#breadcrumb\",\"itemListElement\":[{\"@type\":\"ListItem\",\"position\":1,\"name\":\"Home\",\"item\":\"https:\\\/\\\/descartes.tn\\\/\"},{\"@type\":\"ListItem\",\"position\":2,\"name\":\"Hayfa Sdiri, l\u2019impact comme boussole\"}]},{\"@type\":\"WebSite\",\"@id\":\"https:\\\/\\\/descartes.tn\\\/#website\",\"url\":\"https:\\\/\\\/descartes.tn\\\/\",\"name\":\"Descartes.tn\",\"description\":\"\",\"publisher\":{\"@id\":\"https:\\\/\\\/descartes.tn\\\/#organization\"},\"potentialAction\":[{\"@type\":\"SearchAction\",\"target\":{\"@type\":\"EntryPoint\",\"urlTemplate\":\"https:\\\/\\\/descartes.tn\\\/?s={search_term_string}\"},\"query-input\":{\"@type\":\"PropertyValueSpecification\",\"valueRequired\":true,\"valueName\":\"search_term_string\"}}],\"inLanguage\":\"en-US\"},{\"@type\":\"Organization\",\"@id\":\"https:\\\/\\\/descartes.tn\\\/#organization\",\"name\":\"Descartes.tn\",\"url\":\"https:\\\/\\\/descartes.tn\\\/\",\"logo\":{\"@type\":\"ImageObject\",\"inLanguage\":\"en-US\",\"@id\":\"https:\\\/\\\/descartes.tn\\\/#\\\/schema\\\/logo\\\/image\\\/\",\"url\":\"https:\\\/\\\/descartes.tn\\\/wp-content\\\/uploads\\\/2025\\\/10\\\/cropped-Fichier-1-1.png\",\"contentUrl\":\"https:\\\/\\\/descartes.tn\\\/wp-content\\\/uploads\\\/2025\\\/10\\\/cropped-Fichier-1-1.png\",\"width\":136,\"height\":19,\"caption\":\"Descartes.tn\"},\"image\":{\"@id\":\"https:\\\/\\\/descartes.tn\\\/#\\\/schema\\\/logo\\\/image\\\/\"},\"sameAs\":[\"https:\\\/\\\/www.facebook.com\\\/Magdescartes\",\"https:\\\/\\\/www.instagram.com\\\/descartes.magazine\\\/\"]},{\"@type\":\"Person\",\"@id\":\"https:\\\/\\\/descartes.tn\\\/#\\\/schema\\\/person\\\/9fd67540eb53221af50a61878b6721ae\",\"name\":\"admin\",\"image\":{\"@type\":\"ImageObject\",\"inLanguage\":\"en-US\",\"@id\":\"https:\\\/\\\/secure.gravatar.com\\\/avatar\\\/871417dfba5a884ed81f7f8e04e2eea75e8ef480bcb1e5ea634438506d493132?s=96&d=mm&r=g\",\"url\":\"https:\\\/\\\/secure.gravatar.com\\\/avatar\\\/871417dfba5a884ed81f7f8e04e2eea75e8ef480bcb1e5ea634438506d493132?s=96&d=mm&r=g\",\"contentUrl\":\"https:\\\/\\\/secure.gravatar.com\\\/avatar\\\/871417dfba5a884ed81f7f8e04e2eea75e8ef480bcb1e5ea634438506d493132?s=96&d=mm&r=g\",\"caption\":\"admin\"},\"sameAs\":[\"https:\\\/\\\/descartes.tn\"],\"url\":\"https:\\\/\\\/descartes.tn\\\/index.php\\\/author\\\/admin_pmykj64c\\\/\"}]}<\/script>\n<!-- \/ Yoast SEO plugin. -->","yoast_head_json":{"title":"Hayfa Sdiri, l\u2019impact comme boussole - Descartes.tn","robots":{"index":"index","follow":"follow","max-snippet":"max-snippet:-1","max-image-preview":"max-image-preview:large","max-video-preview":"max-video-preview:-1"},"canonical":"https:\/\/descartes.tn\/index.php\/2025\/12\/25\/hayfa-sdiri-limpact-comme-boussole\/","og_locale":"en_US","og_type":"article","og_title":"Hayfa Sdiri, l\u2019impact comme boussole","og_description":"\u00c0 27 ans, Hayfa Sdiri est la seule Tunisienne distingu\u00e9e dans un classement r\u00e9gional MENA. Fondatrice d\u2019Artizen, elle relie artisans, innovation et impact durable, avec un parcours reconnu par l\u2019ONU et la BBC.","og_url":"https:\/\/descartes.tn\/index.php\/2025\/12\/25\/hayfa-sdiri-limpact-comme-boussole\/","og_site_name":"Descartes.tn","article_publisher":"https:\/\/www.facebook.com\/Magdescartes","article_published_time":"2025-12-25T14:22:38+00:00","article_modified_time":"2025-12-25T14:22:39+00:00","og_image":[{"width":620,"height":297,"url":"https:\/\/descartes.tn\/wp-content\/uploads\/2025\/12\/image-142-e1766672402248.png","type":"image\/png"}],"author":"admin","twitter_card":"summary_large_image","twitter_misc":{"Written by":"admin","Est. reading time":"4 minutes"},"schema":{"@context":"https:\/\/schema.org","@graph":[{"@type":"Article","@id":"https:\/\/descartes.tn\/index.php\/2025\/12\/25\/hayfa-sdiri-limpact-comme-boussole\/#article","isPartOf":{"@id":"https:\/\/descartes.tn\/index.php\/2025\/12\/25\/hayfa-sdiri-limpact-comme-boussole\/"},"author":{"name":"admin","@id":"https:\/\/descartes.tn\/#\/schema\/person\/9fd67540eb53221af50a61878b6721ae"},"headline":"Hayfa Sdiri, l\u2019impact comme boussole","datePublished":"2025-12-25T14:22:38+00:00","dateModified":"2025-12-25T14:22:39+00:00","mainEntityOfPage":{"@id":"https:\/\/descartes.tn\/index.php\/2025\/12\/25\/hayfa-sdiri-limpact-comme-boussole\/"},"wordCount":554,"commentCount":0,"publisher":{"@id":"https:\/\/descartes.tn\/#organization"},"image":{"@id":"https:\/\/descartes.tn\/index.php\/2025\/12\/25\/hayfa-sdiri-limpact-comme-boussole\/#primaryimage"},"thumbnailUrl":"https:\/\/descartes.tn\/wp-content\/uploads\/2025\/12\/image-142-e1766672402248.png","keywords":["artisanat durable","Artizen","BBC 100 Women","d\u00e9veloppement durable","entrepreneure tunisienne","entrepreneuriat social","femmes leaders","Global Majority","Hayfa Sdiri","impact social","innovation sociale","jeunesse MENA","leadership f\u00e9minin","ONU","tunisie"],"articleSection":["Actualit\u00e9s","Entreprises"],"inLanguage":"en-US","potentialAction":[{"@type":"CommentAction","name":"Comment","target":["https:\/\/descartes.tn\/index.php\/2025\/12\/25\/hayfa-sdiri-limpact-comme-boussole\/#respond"]}]},{"@type":"WebPage","@id":"https:\/\/descartes.tn\/index.php\/2025\/12\/25\/hayfa-sdiri-limpact-comme-boussole\/","url":"https:\/\/descartes.tn\/index.php\/2025\/12\/25\/hayfa-sdiri-limpact-comme-boussole\/","name":"Hayfa Sdiri, l\u2019impact comme boussole - Descartes.tn","isPartOf":{"@id":"https:\/\/descartes.tn\/#website"},"primaryImageOfPage":{"@id":"https:\/\/descartes.tn\/index.php\/2025\/12\/25\/hayfa-sdiri-limpact-comme-boussole\/#primaryimage"},"image":{"@id":"https:\/\/descartes.tn\/index.php\/2025\/12\/25\/hayfa-sdiri-limpact-comme-boussole\/#primaryimage"},"thumbnailUrl":"https:\/\/descartes.tn\/wp-content\/uploads\/2025\/12\/image-142-e1766672402248.png","datePublished":"2025-12-25T14:22:38+00:00","dateModified":"2025-12-25T14:22:39+00:00","breadcrumb":{"@id":"https:\/\/descartes.tn\/index.php\/2025\/12\/25\/hayfa-sdiri-limpact-comme-boussole\/#breadcrumb"},"inLanguage":"en-US","potentialAction":[{"@type":"ReadAction","target":["https:\/\/descartes.tn\/index.php\/2025\/12\/25\/hayfa-sdiri-limpact-comme-boussole\/"]}]},{"@type":"ImageObject","inLanguage":"en-US","@id":"https:\/\/descartes.tn\/index.php\/2025\/12\/25\/hayfa-sdiri-limpact-comme-boussole\/#primaryimage","url":"https:\/\/descartes.tn\/wp-content\/uploads\/2025\/12\/image-142-e1766672402248.png","contentUrl":"https:\/\/descartes.tn\/wp-content\/uploads\/2025\/12\/image-142-e1766672402248.png","width":620,"height":297},{"@type":"BreadcrumbList","@id":"https:\/\/descartes.tn\/index.php\/2025\/12\/25\/hayfa-sdiri-limpact-comme-boussole\/#breadcrumb","itemListElement":[{"@type":"ListItem","position":1,"name":"Home","item":"https:\/\/descartes.tn\/"},{"@type":"ListItem","position":2,"name":"Hayfa Sdiri, l\u2019impact comme boussole"}]},{"@type":"WebSite","@id":"https:\/\/descartes.tn\/#website","url":"https:\/\/descartes.tn\/","name":"Descartes.tn","description":"","publisher":{"@id":"https:\/\/descartes.tn\/#organization"},"potentialAction":[{"@type":"SearchAction","target":{"@type":"EntryPoint","urlTemplate":"https:\/\/descartes.tn\/?s={search_term_string}"},"query-input":{"@type":"PropertyValueSpecification","valueRequired":true,"valueName":"search_term_string"}}],"inLanguage":"en-US"},{"@type":"Organization","@id":"https:\/\/descartes.tn\/#organization","name":"Descartes.tn","url":"https:\/\/descartes.tn\/","logo":{"@type":"ImageObject","inLanguage":"en-US","@id":"https:\/\/descartes.tn\/#\/schema\/logo\/image\/","url":"https:\/\/descartes.tn\/wp-content\/uploads\/2025\/10\/cropped-Fichier-1-1.png","contentUrl":"https:\/\/descartes.tn\/wp-content\/uploads\/2025\/10\/cropped-Fichier-1-1.png","width":136,"height":19,"caption":"Descartes.tn"},"image":{"@id":"https:\/\/descartes.tn\/#\/schema\/logo\/image\/"},"sameAs":["https:\/\/www.facebook.com\/Magdescartes","https:\/\/www.instagram.com\/descartes.magazine\/"]},{"@type":"Person","@id":"https:\/\/descartes.tn\/#\/schema\/person\/9fd67540eb53221af50a61878b6721ae","name":"admin","image":{"@type":"ImageObject","inLanguage":"en-US","@id":"https:\/\/secure.gravatar.com\/avatar\/871417dfba5a884ed81f7f8e04e2eea75e8ef480bcb1e5ea634438506d493132?s=96&d=mm&r=g","url":"https:\/\/secure.gravatar.com\/avatar\/871417dfba5a884ed81f7f8e04e2eea75e8ef480bcb1e5ea634438506d493132?s=96&d=mm&r=g","contentUrl":"https:\/\/secure.gravatar.com\/avatar\/871417dfba5a884ed81f7f8e04e2eea75e8ef480bcb1e5ea634438506d493132?s=96&d=mm&r=g","caption":"admin"},"sameAs":["https:\/\/descartes.tn"],"url":"https:\/\/descartes.tn\/index.php\/author\/admin_pmykj64c\/"}]}},"_links":{"self":[{"href":"https:\/\/descartes.tn\/index.php\/wp-json\/wp\/v2\/posts\/2777","targetHints":{"allow":["GET"]}}],"collection":[{"href":"https:\/\/descartes.tn\/index.php\/wp-json\/wp\/v2\/posts"}],"about":[{"href":"https:\/\/descartes.tn\/index.php\/wp-json\/wp\/v2\/types\/post"}],"author":[{"embeddable":true,"href":"https:\/\/descartes.tn\/index.php\/wp-json\/wp\/v2\/users\/1"}],"replies":[{"embeddable":true,"href":"https:\/\/descartes.tn\/index.php\/wp-json\/wp\/v2\/comments?post=2777"}],"version-history":[{"count":2,"href":"https:\/\/descartes.tn\/index.php\/wp-json\/wp\/v2\/posts\/2777\/revisions"}],"predecessor-version":[{"id":2783,"href":"https:\/\/descartes.tn\/index.php\/wp-json\/wp\/v2\/posts\/2777\/revisions\/2783"}],"wp:featuredmedia":[{"embeddable":true,"href":"https:\/\/descartes.tn\/index.php\/wp-json\/wp\/v2\/media\/2779"}],"wp:attachment":[{"href":"https:\/\/descartes.tn\/index.php\/wp-json\/wp\/v2\/media?parent=2777"}],"wp:term":[{"taxonomy":"category","embeddable":true,"href":"https:\/\/descartes.tn\/index.php\/wp-json\/wp\/v2\/categories?post=2777"},{"taxonomy":"post_tag","embeddable":true,"href":"https:\/\/descartes.tn\/index.php\/wp-json\/wp\/v2\/tags?post=2777"}],"curies":[{"name":"wp","href":"https:\/\/api.w.org\/{rel}","templated":true}]}}