{"id":2766,"date":"2025-12-24T14:29:00","date_gmt":"2025-12-24T13:29:00","guid":{"rendered":"https:\/\/descartes.tn\/?p=2766"},"modified":"2025-12-24T10:33:42","modified_gmt":"2025-12-24T09:33:42","slug":"luniversite-virtuelle-de-tunis-uvt-lance-son-plan-daction-2025-pour-lintegration-de-lia-en-tunisie","status":"publish","type":"post","link":"https:\/\/descartes.tn\/index.php\/2025\/12\/24\/luniversite-virtuelle-de-tunis-uvt-lance-son-plan-daction-2025-pour-lintegration-de-lia-en-tunisie\/","title":{"rendered":"L\u2019Universit\u00e9 Virtuelle de Tunis (UVT) lance son Plan d\u2019Action 2025 pour l\u2019int\u00e9gration de l\u2019IA en Tunisie"},"content":{"rendered":"\n<p>L\u2019Universit\u00e9 Virtuelle de Tunis (UVT) a d\u00e9voil\u00e9 son <strong>Plan d\u2019Action 2025<\/strong>, une feuille de route strat\u00e9gique pour int\u00e9grer l\u2019intelligence artificielle (IA) dans l\u2019enseignement sup\u00e9rieur et la recherche scientifique tunisienne. Cette initiative positionne la Tunisie comme un acteur \u00e9mergent de l\u2019\u00e9conomie num\u00e9rique r\u00e9gionale, avec des impacts directs sur la formation, l\u2019innovation et la gouvernance acad\u00e9mique.<\/p>\n\n\n\n<h2 class=\"wp-block-heading\"><strong>Une vision prospective pour l\u2019excellence acad\u00e9mique et technologique<\/strong><\/h2>\n\n\n\n<p>Depuis sa cr\u00e9ation en 2002, l\u2019UVT s\u2019impose comme le moteur de la <strong>transformation digitale<\/strong> et de l\u2019enseignement \u00e0 distance en Tunisie. Le nouveau plan repose sur une <strong>\u00e9tude prospective compl\u00e8te<\/strong>, fruit de consultations avec universit\u00e9s, laboratoires de recherche et acteurs du secteur priv\u00e9.<\/p>\n\n\n\n<h3 class=\"wp-block-heading\"><strong>Les piliers strat\u00e9giques du Plan d\u2019Action 2025<\/strong><\/h3>\n\n\n\n<ul class=\"wp-block-list\">\n<li><strong>Modernisation de la formation<\/strong> : Int\u00e9gration de modules IA dans les cursus existants, incluant data science, machine learning et \u00e9thique num\u00e9rique.<\/li>\n\n\n\n<li><strong>Dynamisation de la recherche scientifique<\/strong> : D\u00e9ploiement de plateformes IA pour acc\u00e9l\u00e9rer l\u2019innovation et la recherche appliqu\u00e9e.<\/li>\n\n\n\n<li><strong>Gouvernance et \u00e9thique<\/strong> : Mise en place de cadres r\u00e9glementaires pour une utilisation responsable des technologies intelligentes.<\/li>\n\n\n\n<li><strong>Transformation digitale<\/strong> : Renforcement des infrastructures universitaires pour supporter des outils IA avanc\u00e9s.<\/li>\n<\/ul>\n\n\n\n<p>Exemple chiffr\u00e9 : L\u2019UVT pr\u00e9voit la formation de plus de 5 000 \u00e9tudiants et chercheurs sur les comp\u00e9tences IA d\u2019ici fin 2026, en collaboration avec des startups et laboratoires tunisiens.<\/p>\n\n\n\n<h2 class=\"wp-block-heading\"><strong>Plan d\u2019action 2025 : des mesures concr\u00e8tes pour le secteur tech<\/strong><\/h2>\n\n\n\n<p>Annonc\u00e9 lors de la journ\u00e9e \u00ab La strat\u00e9gie de l\u2019IA dans l\u2019enseignement sup\u00e9rieur, en action \u00bb, le plan d\u00e9taille les <strong>objectifs op\u00e9rationnels 2025<\/strong> :<\/p>\n\n\n\n<ul class=\"wp-block-list\">\n<li>Mise en ligne de l\u2019ensemble des documents strat\u00e9giques pour garantir la transparence et l\u2019acc\u00e8s aux investisseurs.<\/li>\n\n\n\n<li>Lancement de partenariats publics-priv\u00e9s pour int\u00e9grer l\u2019IA dans les laboratoires universitaires et les startups.<\/li>\n\n\n\n<li>D\u00e9veloppement de plateformes d\u2019enseignement hybride combinant e-learning et intelligence artificielle.<\/li>\n<\/ul>\n\n\n\n<p>Ces mesures concr\u00e8tes offrent un cadre clair aux <strong>entreprises technologiques et financi\u00e8res<\/strong>, garantissant un acc\u00e8s \u00e0 une main-d\u2019\u0153uvre form\u00e9e aux standards internationaux.<\/p>\n\n\n\n<h2 class=\"wp-block-heading\"><strong>Pourquoi cette initiative est un signal fort pour le march\u00e9<\/strong><\/h2>\n\n\n\n<p>En structurant l\u2019int\u00e9gration de l\u2019IA dans l\u2019enseignement sup\u00e9rieur, la Tunisie :<\/p>\n\n\n\n<ul class=\"wp-block-list\">\n<li>Se positionne comme un <strong>hub r\u00e9gional de talents technologiques<\/strong>.<\/li>\n\n\n\n<li>Renforce sa capacit\u00e9 \u00e0 <strong>attirer des investissements<\/strong> dans le secteur high-tech.<\/li>\n\n\n\n<li>Cr\u00e9e un \u00e9cosyst\u00e8me de recherche appliqu\u00e9e capable de soutenir les entreprises locales et internationales.<\/li>\n<\/ul>\n\n\n\n<p>Insight historique : Les pays qui ont anticip\u00e9 l\u2019int\u00e9gration de l\u2019IA dans l\u2019\u00e9ducation (ex. Singapour, Cor\u00e9e du Sud) ont enregistr\u00e9 une hausse de 20 \u00e0 30 % de l\u2019attractivit\u00e9 de leur march\u00e9 du travail tech en moins de cinq ans.<\/p>\n\n\n\n<h2 class=\"wp-block-heading\"><strong>Conclusion \u2013 Vers une souverainet\u00e9 num\u00e9rique tunisienne ?<\/strong><\/h2>\n\n\n\n<p>Le Plan d\u2019Action 2025 de l\u2019UVT marque un <strong>tournant strat\u00e9gique<\/strong> o\u00f9 l\u2019enseignement sup\u00e9rieur tunisien ne subit plus l\u2019innovation mais la pilote. La r\u00e9ussite d\u00e9pendra de la <strong>synergie entre le monde acad\u00e9mique et le secteur priv\u00e9<\/strong>, ainsi que de la capacit\u00e9 \u00e0 absorber les talents IA form\u00e9s.<\/p>\n\n\n\n<p><strong>Question au lecteur :<\/strong> Le secteur priv\u00e9 tunisien est-il pr\u00eat \u00e0 int\u00e9grer cette nouvelle g\u00e9n\u00e9ration d\u2019experts en IA et \u00e0 transformer l\u2019\u00e9conomie num\u00e9rique nationale ?<\/p>\n","protected":false},"excerpt":{"rendered":"<p>L\u2019Universit\u00e9 Virtuelle de Tunis (UVT) a d\u00e9voil\u00e9 son Plan d\u2019Action 2025, une feuille de route strat\u00e9gique pour int\u00e9grer l\u2019intelligence artificielle (IA) dans l\u2019enseignement sup\u00e9rieur et la recherche scientifique tunisienne. Cette initiative positionne la Tunisie comme un acteur \u00e9mergent de l\u2019\u00e9conomie num\u00e9rique r\u00e9gionale, avec des impacts directs sur la formation, l\u2019innovation et la gouvernance acad\u00e9mique. Une [&hellip;]<\/p>\n","protected":false},"author":1,"featured_media":2767,"comment_status":"open","ping_status":"closed","sticky":false,"template":"","format":"standard","meta":{"footnotes":""},"categories":[1],"tags":[],"class_list":["post-2766","post","type-post","status-publish","format-standard","has-post-thumbnail","hentry","category-actualites"],"yoast_head":"<!-- This site is optimized with the Yoast SEO plugin v27.5 - https:\/\/yoast.com\/product\/yoast-seo-wordpress\/ -->\n<title>L\u2019Universit\u00e9 Virtuelle de Tunis (UVT) lance son Plan d\u2019Action 2025 pour l\u2019int\u00e9gration de l\u2019IA en Tunisie - Descartes.tn<\/title>\n<meta name=\"description\" content=\"UVT d\u00e9voile son Plan d\u2019Action 2025 pour int\u00e9grer l\u2019IA en Tunisie : innovation, formation et recherche scientifique pour un hub tech r\u00e9gional.\" \/>\n<meta name=\"robots\" content=\"index, follow, max-snippet:-1, max-image-preview:large, max-video-preview:-1\" \/>\n<link rel=\"canonical\" href=\"https:\/\/descartes.tn\/index.php\/2025\/12\/24\/luniversite-virtuelle-de-tunis-uvt-lance-son-plan-daction-2025-pour-lintegration-de-lia-en-tunisie\/\" \/>\n<meta property=\"og:locale\" content=\"en_US\" \/>\n<meta property=\"og:type\" content=\"article\" \/>\n<meta property=\"og:title\" content=\"L\u2019Universit\u00e9 Virtuelle de Tunis (UVT) lance son Plan d\u2019Action 2025 pour l\u2019int\u00e9gration de l\u2019IA en Tunisie - Descartes.tn\" \/>\n<meta property=\"og:description\" content=\"UVT d\u00e9voile son Plan d\u2019Action 2025 pour int\u00e9grer l\u2019IA en Tunisie : innovation, formation et recherche scientifique pour un hub tech r\u00e9gional.\" \/>\n<meta property=\"og:url\" content=\"https:\/\/descartes.tn\/index.php\/2025\/12\/24\/luniversite-virtuelle-de-tunis-uvt-lance-son-plan-daction-2025-pour-lintegration-de-lia-en-tunisie\/\" \/>\n<meta property=\"og:site_name\" content=\"Descartes.tn\" \/>\n<meta property=\"article:publisher\" content=\"https:\/\/www.facebook.com\/Magdescartes\" \/>\n<meta property=\"article:published_time\" content=\"2025-12-24T13:29:00+00:00\" \/>\n<meta property=\"og:image\" content=\"https:\/\/descartes.tn\/wp-content\/uploads\/2025\/12\/UVT.jpg\" \/>\n\t<meta property=\"og:image:width\" content=\"1200\" \/>\n\t<meta property=\"og:image:height\" content=\"650\" \/>\n\t<meta property=\"og:image:type\" content=\"image\/jpeg\" \/>\n<meta name=\"author\" content=\"admin\" \/>\n<meta name=\"twitter:card\" content=\"summary_large_image\" \/>\n<meta name=\"twitter:label1\" content=\"Written by\" \/>\n\t<meta name=\"twitter:data1\" content=\"admin\" \/>\n\t<meta name=\"twitter:label2\" content=\"Est. reading time\" \/>\n\t<meta name=\"twitter:data2\" content=\"3 minutes\" \/>\n<script type=\"application\/ld+json\" class=\"yoast-schema-graph\">{\"@context\":\"https:\\\/\\\/schema.org\",\"@graph\":[{\"@type\":\"Article\",\"@id\":\"https:\\\/\\\/descartes.tn\\\/index.php\\\/2025\\\/12\\\/24\\\/luniversite-virtuelle-de-tunis-uvt-lance-son-plan-daction-2025-pour-lintegration-de-lia-en-tunisie\\\/#article\",\"isPartOf\":{\"@id\":\"https:\\\/\\\/descartes.tn\\\/index.php\\\/2025\\\/12\\\/24\\\/luniversite-virtuelle-de-tunis-uvt-lance-son-plan-daction-2025-pour-lintegration-de-lia-en-tunisie\\\/\"},\"author\":{\"name\":\"admin\",\"@id\":\"https:\\\/\\\/descartes.tn\\\/#\\\/schema\\\/person\\\/9fd67540eb53221af50a61878b6721ae\"},\"headline\":\"L\u2019Universit\u00e9 Virtuelle de Tunis (UVT) lance son Plan d\u2019Action 2025 pour l\u2019int\u00e9gration de l\u2019IA en Tunisie\",\"datePublished\":\"2025-12-24T13:29:00+00:00\",\"mainEntityOfPage\":{\"@id\":\"https:\\\/\\\/descartes.tn\\\/index.php\\\/2025\\\/12\\\/24\\\/luniversite-virtuelle-de-tunis-uvt-lance-son-plan-daction-2025-pour-lintegration-de-lia-en-tunisie\\\/\"},\"wordCount\":559,\"commentCount\":0,\"publisher\":{\"@id\":\"https:\\\/\\\/descartes.tn\\\/#organization\"},\"image\":{\"@id\":\"https:\\\/\\\/descartes.tn\\\/index.php\\\/2025\\\/12\\\/24\\\/luniversite-virtuelle-de-tunis-uvt-lance-son-plan-daction-2025-pour-lintegration-de-lia-en-tunisie\\\/#primaryimage\"},\"thumbnailUrl\":\"https:\\\/\\\/descartes.tn\\\/wp-content\\\/uploads\\\/2025\\\/12\\\/UVT.jpg\",\"articleSection\":[\"Actualit\u00e9s\"],\"inLanguage\":\"en-US\",\"potentialAction\":[{\"@type\":\"CommentAction\",\"name\":\"Comment\",\"target\":[\"https:\\\/\\\/descartes.tn\\\/index.php\\\/2025\\\/12\\\/24\\\/luniversite-virtuelle-de-tunis-uvt-lance-son-plan-daction-2025-pour-lintegration-de-lia-en-tunisie\\\/#respond\"]}]},{\"@type\":\"WebPage\",\"@id\":\"https:\\\/\\\/descartes.tn\\\/index.php\\\/2025\\\/12\\\/24\\\/luniversite-virtuelle-de-tunis-uvt-lance-son-plan-daction-2025-pour-lintegration-de-lia-en-tunisie\\\/\",\"url\":\"https:\\\/\\\/descartes.tn\\\/index.php\\\/2025\\\/12\\\/24\\\/luniversite-virtuelle-de-tunis-uvt-lance-son-plan-daction-2025-pour-lintegration-de-lia-en-tunisie\\\/\",\"name\":\"L\u2019Universit\u00e9 Virtuelle de Tunis (UVT) lance son Plan d\u2019Action 2025 pour l\u2019int\u00e9gration de l\u2019IA en Tunisie - Descartes.tn\",\"isPartOf\":{\"@id\":\"https:\\\/\\\/descartes.tn\\\/#website\"},\"primaryImageOfPage\":{\"@id\":\"https:\\\/\\\/descartes.tn\\\/index.php\\\/2025\\\/12\\\/24\\\/luniversite-virtuelle-de-tunis-uvt-lance-son-plan-daction-2025-pour-lintegration-de-lia-en-tunisie\\\/#primaryimage\"},\"image\":{\"@id\":\"https:\\\/\\\/descartes.tn\\\/index.php\\\/2025\\\/12\\\/24\\\/luniversite-virtuelle-de-tunis-uvt-lance-son-plan-daction-2025-pour-lintegration-de-lia-en-tunisie\\\/#primaryimage\"},\"thumbnailUrl\":\"https:\\\/\\\/descartes.tn\\\/wp-content\\\/uploads\\\/2025\\\/12\\\/UVT.jpg\",\"datePublished\":\"2025-12-24T13:29:00+00:00\",\"description\":\"UVT d\u00e9voile son Plan d\u2019Action 2025 pour int\u00e9grer l\u2019IA en Tunisie : innovation, formation et recherche scientifique pour un hub tech r\u00e9gional.\",\"breadcrumb\":{\"@id\":\"https:\\\/\\\/descartes.tn\\\/index.php\\\/2025\\\/12\\\/24\\\/luniversite-virtuelle-de-tunis-uvt-lance-son-plan-daction-2025-pour-lintegration-de-lia-en-tunisie\\\/#breadcrumb\"},\"inLanguage\":\"en-US\",\"potentialAction\":[{\"@type\":\"ReadAction\",\"target\":[\"https:\\\/\\\/descartes.tn\\\/index.php\\\/2025\\\/12\\\/24\\\/luniversite-virtuelle-de-tunis-uvt-lance-son-plan-daction-2025-pour-lintegration-de-lia-en-tunisie\\\/\"]}]},{\"@type\":\"ImageObject\",\"inLanguage\":\"en-US\",\"@id\":\"https:\\\/\\\/descartes.tn\\\/index.php\\\/2025\\\/12\\\/24\\\/luniversite-virtuelle-de-tunis-uvt-lance-son-plan-daction-2025-pour-lintegration-de-lia-en-tunisie\\\/#primaryimage\",\"url\":\"https:\\\/\\\/descartes.tn\\\/wp-content\\\/uploads\\\/2025\\\/12\\\/UVT.jpg\",\"contentUrl\":\"https:\\\/\\\/descartes.tn\\\/wp-content\\\/uploads\\\/2025\\\/12\\\/UVT.jpg\",\"width\":1200,\"height\":650,\"caption\":\"UVT\"},{\"@type\":\"BreadcrumbList\",\"@id\":\"https:\\\/\\\/descartes.tn\\\/index.php\\\/2025\\\/12\\\/24\\\/luniversite-virtuelle-de-tunis-uvt-lance-son-plan-daction-2025-pour-lintegration-de-lia-en-tunisie\\\/#breadcrumb\",\"itemListElement\":[{\"@type\":\"ListItem\",\"position\":1,\"name\":\"Home\",\"item\":\"https:\\\/\\\/descartes.tn\\\/\"},{\"@type\":\"ListItem\",\"position\":2,\"name\":\"L\u2019Universit\u00e9 Virtuelle de Tunis (UVT) lance son Plan d\u2019Action 2025 pour l\u2019int\u00e9gration de l\u2019IA en Tunisie\"}]},{\"@type\":\"WebSite\",\"@id\":\"https:\\\/\\\/descartes.tn\\\/#website\",\"url\":\"https:\\\/\\\/descartes.tn\\\/\",\"name\":\"Descartes.tn\",\"description\":\"\",\"publisher\":{\"@id\":\"https:\\\/\\\/descartes.tn\\\/#organization\"},\"potentialAction\":[{\"@type\":\"SearchAction\",\"target\":{\"@type\":\"EntryPoint\",\"urlTemplate\":\"https:\\\/\\\/descartes.tn\\\/?s={search_term_string}\"},\"query-input\":{\"@type\":\"PropertyValueSpecification\",\"valueRequired\":true,\"valueName\":\"search_term_string\"}}],\"inLanguage\":\"en-US\"},{\"@type\":\"Organization\",\"@id\":\"https:\\\/\\\/descartes.tn\\\/#organization\",\"name\":\"Descartes.tn\",\"url\":\"https:\\\/\\\/descartes.tn\\\/\",\"logo\":{\"@type\":\"ImageObject\",\"inLanguage\":\"en-US\",\"@id\":\"https:\\\/\\\/descartes.tn\\\/#\\\/schema\\\/logo\\\/image\\\/\",\"url\":\"https:\\\/\\\/descartes.tn\\\/wp-content\\\/uploads\\\/2025\\\/10\\\/cropped-Fichier-1-1.png\",\"contentUrl\":\"https:\\\/\\\/descartes.tn\\\/wp-content\\\/uploads\\\/2025\\\/10\\\/cropped-Fichier-1-1.png\",\"width\":136,\"height\":19,\"caption\":\"Descartes.tn\"},\"image\":{\"@id\":\"https:\\\/\\\/descartes.tn\\\/#\\\/schema\\\/logo\\\/image\\\/\"},\"sameAs\":[\"https:\\\/\\\/www.facebook.com\\\/Magdescartes\",\"https:\\\/\\\/www.instagram.com\\\/descartes.magazine\\\/\"]},{\"@type\":\"Person\",\"@id\":\"https:\\\/\\\/descartes.tn\\\/#\\\/schema\\\/person\\\/9fd67540eb53221af50a61878b6721ae\",\"name\":\"admin\",\"image\":{\"@type\":\"ImageObject\",\"inLanguage\":\"en-US\",\"@id\":\"https:\\\/\\\/secure.gravatar.com\\\/avatar\\\/871417dfba5a884ed81f7f8e04e2eea75e8ef480bcb1e5ea634438506d493132?s=96&d=mm&r=g\",\"url\":\"https:\\\/\\\/secure.gravatar.com\\\/avatar\\\/871417dfba5a884ed81f7f8e04e2eea75e8ef480bcb1e5ea634438506d493132?s=96&d=mm&r=g\",\"contentUrl\":\"https:\\\/\\\/secure.gravatar.com\\\/avatar\\\/871417dfba5a884ed81f7f8e04e2eea75e8ef480bcb1e5ea634438506d493132?s=96&d=mm&r=g\",\"caption\":\"admin\"},\"sameAs\":[\"https:\\\/\\\/descartes.tn\"],\"url\":\"https:\\\/\\\/descartes.tn\\\/index.php\\\/author\\\/admin_pmykj64c\\\/\"}]}<\/script>\n<!-- \/ Yoast SEO plugin. -->","yoast_head_json":{"title":"L\u2019Universit\u00e9 Virtuelle de Tunis (UVT) lance son Plan d\u2019Action 2025 pour l\u2019int\u00e9gration de l\u2019IA en Tunisie - Descartes.tn","description":"UVT d\u00e9voile son Plan d\u2019Action 2025 pour int\u00e9grer l\u2019IA en Tunisie : innovation, formation et recherche scientifique pour un hub tech r\u00e9gional.","robots":{"index":"index","follow":"follow","max-snippet":"max-snippet:-1","max-image-preview":"max-image-preview:large","max-video-preview":"max-video-preview:-1"},"canonical":"https:\/\/descartes.tn\/index.php\/2025\/12\/24\/luniversite-virtuelle-de-tunis-uvt-lance-son-plan-daction-2025-pour-lintegration-de-lia-en-tunisie\/","og_locale":"en_US","og_type":"article","og_title":"L\u2019Universit\u00e9 Virtuelle de Tunis (UVT) lance son Plan d\u2019Action 2025 pour l\u2019int\u00e9gration de l\u2019IA en Tunisie - Descartes.tn","og_description":"UVT d\u00e9voile son Plan d\u2019Action 2025 pour int\u00e9grer l\u2019IA en Tunisie : innovation, formation et recherche scientifique pour un hub tech r\u00e9gional.","og_url":"https:\/\/descartes.tn\/index.php\/2025\/12\/24\/luniversite-virtuelle-de-tunis-uvt-lance-son-plan-daction-2025-pour-lintegration-de-lia-en-tunisie\/","og_site_name":"Descartes.tn","article_publisher":"https:\/\/www.facebook.com\/Magdescartes","article_published_time":"2025-12-24T13:29:00+00:00","og_image":[{"width":1200,"height":650,"url":"https:\/\/descartes.tn\/wp-content\/uploads\/2025\/12\/UVT.jpg","type":"image\/jpeg"}],"author":"admin","twitter_card":"summary_large_image","twitter_misc":{"Written by":"admin","Est. reading time":"3 minutes"},"schema":{"@context":"https:\/\/schema.org","@graph":[{"@type":"Article","@id":"https:\/\/descartes.tn\/index.php\/2025\/12\/24\/luniversite-virtuelle-de-tunis-uvt-lance-son-plan-daction-2025-pour-lintegration-de-lia-en-tunisie\/#article","isPartOf":{"@id":"https:\/\/descartes.tn\/index.php\/2025\/12\/24\/luniversite-virtuelle-de-tunis-uvt-lance-son-plan-daction-2025-pour-lintegration-de-lia-en-tunisie\/"},"author":{"name":"admin","@id":"https:\/\/descartes.tn\/#\/schema\/person\/9fd67540eb53221af50a61878b6721ae"},"headline":"L\u2019Universit\u00e9 Virtuelle de Tunis (UVT) lance son Plan d\u2019Action 2025 pour l\u2019int\u00e9gration de l\u2019IA en Tunisie","datePublished":"2025-12-24T13:29:00+00:00","mainEntityOfPage":{"@id":"https:\/\/descartes.tn\/index.php\/2025\/12\/24\/luniversite-virtuelle-de-tunis-uvt-lance-son-plan-daction-2025-pour-lintegration-de-lia-en-tunisie\/"},"wordCount":559,"commentCount":0,"publisher":{"@id":"https:\/\/descartes.tn\/#organization"},"image":{"@id":"https:\/\/descartes.tn\/index.php\/2025\/12\/24\/luniversite-virtuelle-de-tunis-uvt-lance-son-plan-daction-2025-pour-lintegration-de-lia-en-tunisie\/#primaryimage"},"thumbnailUrl":"https:\/\/descartes.tn\/wp-content\/uploads\/2025\/12\/UVT.jpg","articleSection":["Actualit\u00e9s"],"inLanguage":"en-US","potentialAction":[{"@type":"CommentAction","name":"Comment","target":["https:\/\/descartes.tn\/index.php\/2025\/12\/24\/luniversite-virtuelle-de-tunis-uvt-lance-son-plan-daction-2025-pour-lintegration-de-lia-en-tunisie\/#respond"]}]},{"@type":"WebPage","@id":"https:\/\/descartes.tn\/index.php\/2025\/12\/24\/luniversite-virtuelle-de-tunis-uvt-lance-son-plan-daction-2025-pour-lintegration-de-lia-en-tunisie\/","url":"https:\/\/descartes.tn\/index.php\/2025\/12\/24\/luniversite-virtuelle-de-tunis-uvt-lance-son-plan-daction-2025-pour-lintegration-de-lia-en-tunisie\/","name":"L\u2019Universit\u00e9 Virtuelle de Tunis (UVT) lance son Plan d\u2019Action 2025 pour l\u2019int\u00e9gration de l\u2019IA en Tunisie - Descartes.tn","isPartOf":{"@id":"https:\/\/descartes.tn\/#website"},"primaryImageOfPage":{"@id":"https:\/\/descartes.tn\/index.php\/2025\/12\/24\/luniversite-virtuelle-de-tunis-uvt-lance-son-plan-daction-2025-pour-lintegration-de-lia-en-tunisie\/#primaryimage"},"image":{"@id":"https:\/\/descartes.tn\/index.php\/2025\/12\/24\/luniversite-virtuelle-de-tunis-uvt-lance-son-plan-daction-2025-pour-lintegration-de-lia-en-tunisie\/#primaryimage"},"thumbnailUrl":"https:\/\/descartes.tn\/wp-content\/uploads\/2025\/12\/UVT.jpg","datePublished":"2025-12-24T13:29:00+00:00","description":"UVT d\u00e9voile son Plan d\u2019Action 2025 pour int\u00e9grer l\u2019IA en Tunisie : innovation, formation et recherche scientifique pour un hub tech r\u00e9gional.","breadcrumb":{"@id":"https:\/\/descartes.tn\/index.php\/2025\/12\/24\/luniversite-virtuelle-de-tunis-uvt-lance-son-plan-daction-2025-pour-lintegration-de-lia-en-tunisie\/#breadcrumb"},"inLanguage":"en-US","potentialAction":[{"@type":"ReadAction","target":["https:\/\/descartes.tn\/index.php\/2025\/12\/24\/luniversite-virtuelle-de-tunis-uvt-lance-son-plan-daction-2025-pour-lintegration-de-lia-en-tunisie\/"]}]},{"@type":"ImageObject","inLanguage":"en-US","@id":"https:\/\/descartes.tn\/index.php\/2025\/12\/24\/luniversite-virtuelle-de-tunis-uvt-lance-son-plan-daction-2025-pour-lintegration-de-lia-en-tunisie\/#primaryimage","url":"https:\/\/descartes.tn\/wp-content\/uploads\/2025\/12\/UVT.jpg","contentUrl":"https:\/\/descartes.tn\/wp-content\/uploads\/2025\/12\/UVT.jpg","width":1200,"height":650,"caption":"UVT"},{"@type":"BreadcrumbList","@id":"https:\/\/descartes.tn\/index.php\/2025\/12\/24\/luniversite-virtuelle-de-tunis-uvt-lance-son-plan-daction-2025-pour-lintegration-de-lia-en-tunisie\/#breadcrumb","itemListElement":[{"@type":"ListItem","position":1,"name":"Home","item":"https:\/\/descartes.tn\/"},{"@type":"ListItem","position":2,"name":"L\u2019Universit\u00e9 Virtuelle de Tunis (UVT) lance son Plan d\u2019Action 2025 pour l\u2019int\u00e9gration de l\u2019IA en Tunisie"}]},{"@type":"WebSite","@id":"https:\/\/descartes.tn\/#website","url":"https:\/\/descartes.tn\/","name":"Descartes.tn","description":"","publisher":{"@id":"https:\/\/descartes.tn\/#organization"},"potentialAction":[{"@type":"SearchAction","target":{"@type":"EntryPoint","urlTemplate":"https:\/\/descartes.tn\/?s={search_term_string}"},"query-input":{"@type":"PropertyValueSpecification","valueRequired":true,"valueName":"search_term_string"}}],"inLanguage":"en-US"},{"@type":"Organization","@id":"https:\/\/descartes.tn\/#organization","name":"Descartes.tn","url":"https:\/\/descartes.tn\/","logo":{"@type":"ImageObject","inLanguage":"en-US","@id":"https:\/\/descartes.tn\/#\/schema\/logo\/image\/","url":"https:\/\/descartes.tn\/wp-content\/uploads\/2025\/10\/cropped-Fichier-1-1.png","contentUrl":"https:\/\/descartes.tn\/wp-content\/uploads\/2025\/10\/cropped-Fichier-1-1.png","width":136,"height":19,"caption":"Descartes.tn"},"image":{"@id":"https:\/\/descartes.tn\/#\/schema\/logo\/image\/"},"sameAs":["https:\/\/www.facebook.com\/Magdescartes","https:\/\/www.instagram.com\/descartes.magazine\/"]},{"@type":"Person","@id":"https:\/\/descartes.tn\/#\/schema\/person\/9fd67540eb53221af50a61878b6721ae","name":"admin","image":{"@type":"ImageObject","inLanguage":"en-US","@id":"https:\/\/secure.gravatar.com\/avatar\/871417dfba5a884ed81f7f8e04e2eea75e8ef480bcb1e5ea634438506d493132?s=96&d=mm&r=g","url":"https:\/\/secure.gravatar.com\/avatar\/871417dfba5a884ed81f7f8e04e2eea75e8ef480bcb1e5ea634438506d493132?s=96&d=mm&r=g","contentUrl":"https:\/\/secure.gravatar.com\/avatar\/871417dfba5a884ed81f7f8e04e2eea75e8ef480bcb1e5ea634438506d493132?s=96&d=mm&r=g","caption":"admin"},"sameAs":["https:\/\/descartes.tn"],"url":"https:\/\/descartes.tn\/index.php\/author\/admin_pmykj64c\/"}]}},"_links":{"self":[{"href":"https:\/\/descartes.tn\/index.php\/wp-json\/wp\/v2\/posts\/2766","targetHints":{"allow":["GET"]}}],"collection":[{"href":"https:\/\/descartes.tn\/index.php\/wp-json\/wp\/v2\/posts"}],"about":[{"href":"https:\/\/descartes.tn\/index.php\/wp-json\/wp\/v2\/types\/post"}],"author":[{"embeddable":true,"href":"https:\/\/descartes.tn\/index.php\/wp-json\/wp\/v2\/users\/1"}],"replies":[{"embeddable":true,"href":"https:\/\/descartes.tn\/index.php\/wp-json\/wp\/v2\/comments?post=2766"}],"version-history":[{"count":1,"href":"https:\/\/descartes.tn\/index.php\/wp-json\/wp\/v2\/posts\/2766\/revisions"}],"predecessor-version":[{"id":2768,"href":"https:\/\/descartes.tn\/index.php\/wp-json\/wp\/v2\/posts\/2766\/revisions\/2768"}],"wp:featuredmedia":[{"embeddable":true,"href":"https:\/\/descartes.tn\/index.php\/wp-json\/wp\/v2\/media\/2767"}],"wp:attachment":[{"href":"https:\/\/descartes.tn\/index.php\/wp-json\/wp\/v2\/media?parent=2766"}],"wp:term":[{"taxonomy":"category","embeddable":true,"href":"https:\/\/descartes.tn\/index.php\/wp-json\/wp\/v2\/categories?post=2766"},{"taxonomy":"post_tag","embeddable":true,"href":"https:\/\/descartes.tn\/index.php\/wp-json\/wp\/v2\/tags?post=2766"}],"curies":[{"name":"wp","href":"https:\/\/api.w.org\/{rel}","templated":true}]}}