{"id":2712,"date":"2025-12-22T14:43:00","date_gmt":"2025-12-22T13:43:00","guid":{"rendered":"https:\/\/descartes.tn\/?p=2712"},"modified":"2025-12-22T09:53:49","modified_gmt":"2025-12-22T08:53:49","slug":"entreprises-europeennes-en-tunisie-les-vrais-chiffres-derriere-un-pilier-economique","status":"publish","type":"post","link":"https:\/\/descartes.tn\/index.php\/2025\/12\/22\/entreprises-europeennes-en-tunisie-les-vrais-chiffres-derriere-un-pilier-economique\/","title":{"rendered":"Entreprises europ\u00e9ennes en Tunisie : les vrais chiffres derri\u00e8re un pilier \u00e9conomique"},"content":{"rendered":"\n<p>Un chiffre circule r\u00e9guli\u00e8rement : <strong>3 507 entreprises europ\u00e9ennes en Tunisie g\u00e9n\u00e9rant 442 847 emplois<\/strong>. Probl\u00e8me : <strong>ce chiffre pr\u00e9cis n\u2019appara\u00eet dans aucune source officielle cr\u00e9dible<\/strong>.<br>En revanche, les <strong>donn\u00e9es FIPA, minist\u00e9rielles et de la presse internationale<\/strong> confirment une r\u00e9alit\u00e9 tr\u00e8s proche \u2014 et surtout suffisante pour mesurer le <strong>poids r\u00e9el de l\u2019Europe dans l\u2019\u00e9conomie tunisienne<\/strong>.<\/p>\n\n\n\n<p>Voici les <strong>chiffres v\u00e9rifi\u00e9s<\/strong>, les <strong>secteurs cl\u00e9s<\/strong>, et ce qu\u2019ils r\u00e9v\u00e8lent de la position strat\u00e9gique de la Tunisie.<\/p>\n\n\n\n<h2 class=\"wp-block-heading\"><strong>Combien d\u2019entreprises europ\u00e9ennes sont actives en Tunisie ?<\/strong><\/h2>\n\n\n\n<h3 class=\"wp-block-heading\">Des ordres de grandeur clairs, pas des chiffres fantaisistes<\/h3>\n\n\n\n<p>Selon l\u2019<strong>Agence tunisienne de promotion de l\u2019investissement ext\u00e9rieur (FIPA)<\/strong> et plusieurs m\u00e9dias tunisiens (2024\u20132025) :<\/p>\n\n\n\n<ul class=\"wp-block-list\">\n<li><strong>4 004 entreprises \u00e9trang\u00e8res<\/strong> op\u00e8rent actuellement en Tunisie<\/li>\n\n\n\n<li><strong>Plus de 90 % sont europ\u00e9ennes<\/strong><\/li>\n\n\n\n<li>Soit <strong>environ 3 300 \u00e0 3 400 entreprises europ\u00e9ennes<\/strong><\/li>\n<\/ul>\n\n\n\n<p>Les variations s\u2019expliquent par les mises \u00e0 jour administratives, cr\u00e9ations nettes et radiations. <strong>Aucun organisme s\u00e9rieux ne publie un chiffre fig\u00e9 \u00e0 l\u2019unit\u00e9 pr\u00e8s.<\/strong><\/p>\n\n\n\n<h2 class=\"wp-block-heading\"><strong>Emplois g\u00e9n\u00e9r\u00e9s : une fourchette solide<\/strong><\/h2>\n\n\n\n<h3 class=\"wp-block-heading\">L\u00e0 o\u00f9 les chiffres convergent<\/h3>\n\n\n\n<p>Les donn\u00e9es les plus cit\u00e9es indiquent :<\/p>\n\n\n\n<ul class=\"wp-block-list\">\n<li><strong>\u2248 407 000 emplois directs<\/strong> g\u00e9n\u00e9r\u00e9s par les entreprises europ\u00e9ennes (Webdo, African Manager \u2013 donn\u00e9es FIPA)<\/li>\n\n\n\n<li><strong>\u2248 460 000 \u00e0 467 000 emplois<\/strong> pour l\u2019ensemble des entreprises \u00e9trang\u00e8res (FIPA)<\/li>\n\n\n\n<li><strong>\u2248 450 000 emplois<\/strong> selon l\u2019agence Xinhua, citant le ministre de l\u2019\u00c9conomie<\/li>\n<\/ul>\n\n\n\n<p>\ud83d\udc49 <strong>Conclusion nette<\/strong><br>Les entreprises europ\u00e9ennes g\u00e9n\u00e8rent <strong>environ 400 000 \u00e0 450 000 emplois directs en Tunisie<\/strong>, soit <strong>pr\u00e8s de 20 % de l\u2019emploi industriel et des services<\/strong>.<\/p>\n\n\n\n<h2 class=\"wp-block-heading\"><strong>Pourquoi l\u2019Union europ\u00e9enne domine l\u2019investissement en Tunisie<\/strong><\/h2>\n\n\n\n<h3 class=\"wp-block-heading\">Une relation historique devenue structurelle<\/h3>\n\n\n\n<p>L\u2019Union europ\u00e9enne est <strong>le premier partenaire \u00e9conomique de la Tunisie<\/strong> :<\/p>\n\n\n\n<ul class=\"wp-block-list\">\n<li><strong>55 % des exportations tunisiennes<\/strong> sont r\u00e9alis\u00e9es via des entreprises \u00e0 capitaux \u00e9trangers<\/li>\n\n\n\n<li>L\u2019UE concentre l\u2019essentiel de l\u2019investissement industriel<\/li>\n\n\n\n<li>Coop\u00e9ration renforc\u00e9e dans des secteurs cl\u00e9s :<ul><li>Industrie m\u00e9canique et \u00e9lectrique<\/li><\/ul><ul><li>Automobile et c\u00e2blage<\/li><\/ul><ul><li>Textile et habillement<\/li><\/ul><ul><li>Agroalimentaire<\/li><\/ul><ul><li>\u00c9nergies renouvelables<\/li><\/ul>\n<ul class=\"wp-block-list\">\n<li>Mines et industries de transformation<\/li>\n<\/ul>\n<\/li>\n<\/ul>\n\n\n\n<p>Fin 2023 et en 2025, ces priorit\u00e9s ont \u00e9t\u00e9 r\u00e9affirm\u00e9es lors d\u2019\u00e9changes officiels entre le <strong>minist\u00e8re de l\u2019Industrie<\/strong> et la <strong>d\u00e9l\u00e9gation de l\u2019Union europ\u00e9enne en Tunisie<\/strong>.<\/p>\n\n\n\n<h2 class=\"wp-block-heading\"><strong>Investissements \u00e9trangers : une dynamique toujours active<\/strong><\/h2>\n\n\n\n<h3 class=\"wp-block-heading\">Malgr\u00e9 les chocs, l\u2019attractivit\u00e9 tient<\/h3>\n\n\n\n<p>Donn\u00e9es officielles r\u00e9centes :<\/p>\n\n\n\n<ul class=\"wp-block-list\">\n<li><strong>+26 % d\u2019investissements directs \u00e9trangers (IDE) en 2024<\/strong><\/li>\n\n\n\n<li><strong>+15 % de croissance annuelle moyenne depuis 2021<\/strong><\/li>\n\n\n\n<li><strong>Stock d\u2019investissements \u00e9trangers : ~45 milliards d\u2019euros<\/strong><\/li>\n\n\n\n<li><strong>Chiffre d\u2019affaires cumul\u00e9 des entreprises \u00e9trang\u00e8res : >45 Md \u20ac<\/strong><\/li>\n<\/ul>\n\n\n\n<p>La Tunisie conserve un positionnement attractif, malgr\u00e9 les contraintes \u00e9conomiques et g\u00e9opolitiques.<\/p>\n\n\n\n<h2 class=\"wp-block-heading\"><strong>Industrie et \u00e9nergie : l\u00e0 o\u00f9 se concentre la valeur<\/strong><\/h2>\n\n\n\n<h3 class=\"wp-block-heading\">Le c\u0153ur dur de l\u2019investissement europ\u00e9en<\/h3>\n\n\n\n<h4 class=\"wp-block-heading\">Industrie<\/h4>\n\n\n\n<ul class=\"wp-block-list\">\n<li><strong>Plus de 50 % du stock d\u2019investissement \u00e9tranger<\/strong><\/li>\n\n\n\n<li>Forte pr\u00e9sence dans :<ul><li>Automobile<\/li><\/ul><ul><li>\u00c9lectronique<\/li><\/ul><ul><li>C\u00e2blage<\/li><\/ul>\n<ul class=\"wp-block-list\">\n<li>Textile technique<\/li>\n<\/ul>\n<\/li>\n<\/ul>\n\n\n\n<h4 class=\"wp-block-heading\">\u00c9nergies renouvelables<\/h4>\n\n\n\n<ul class=\"wp-block-list\">\n<li>Potentiel solaire : jusqu\u2019\u00e0 <strong>3 400 heures\/an<\/strong><\/li>\n\n\n\n<li>Capacit\u00e9 th\u00e9orique estim\u00e9e :<ul><li><strong>280 GW solaire<\/strong><\/li><\/ul>\n<ul class=\"wp-block-list\">\n<li><strong>10 GW \u00e9olien<\/strong><\/li>\n<\/ul>\n<\/li>\n<\/ul>\n\n\n\n<p>Projets r\u00e9cents (2025) :<\/p>\n\n\n\n<ul class=\"wp-block-list\">\n<li><strong>QAIR<\/strong> : ~300 MW solaire<\/li>\n\n\n\n<li><strong>Voltalia<\/strong> : ~130 MW<\/li>\n\n\n\n<li><strong>TotalEnergies \/ HDF Energy<\/strong> : projets d\u2019hydrog\u00e8ne vert pouvant atteindre <strong>3 milliards d\u2019euros<\/strong><\/li>\n<\/ul>\n\n\n\n<h2 class=\"wp-block-heading\"><strong>La France, investisseur industriel cl\u00e9<\/strong><\/h2>\n\n\n\n<ul class=\"wp-block-list\">\n<li><strong>Plus de 600 millions d\u2019euros investis<\/strong><\/li>\n\n\n\n<li>Projets r\u00e9cents :<ul><li><strong>CMR<\/strong> : nouveau site industriel, >500 emplois<\/li><\/ul>\n<ul class=\"wp-block-list\">\n<li><strong>M\u00e9cachrome<\/strong> : +600 emplois attendus<\/li>\n<\/ul>\n<\/li>\n<\/ul>\n\n\n\n<p>La France reste un <strong>acteur industriel structurant<\/strong>, pas seulement financier.<\/p>\n\n\n\n<h2 class=\"wp-block-heading\"><strong>Conclusion<\/strong><\/h2>\n\n\n\n<p>La question n\u2019est pas de chipoter sur un chiffre exact.<br>La vraie question est strat\u00e9gique : <strong>comment transformer cette base europ\u00e9enne massive en mont\u00e9e en gamme industrielle, innovation et souverainet\u00e9 \u00e9conomique durable ?<\/strong><\/p>\n","protected":false},"excerpt":{"rendered":"<p>Un chiffre circule r\u00e9guli\u00e8rement : 3 507 entreprises europ\u00e9ennes en Tunisie g\u00e9n\u00e9rant 442 847 emplois. Probl\u00e8me : ce chiffre pr\u00e9cis n\u2019appara\u00eet dans aucune source officielle cr\u00e9dible.En revanche, les donn\u00e9es FIPA, minist\u00e9rielles et de la presse internationale confirment une r\u00e9alit\u00e9 tr\u00e8s proche \u2014 et surtout suffisante pour mesurer le poids r\u00e9el de l\u2019Europe dans l\u2019\u00e9conomie tunisienne. [&hellip;]<\/p>\n","protected":false},"author":1,"featured_media":2713,"comment_status":"open","ping_status":"closed","sticky":false,"template":"","format":"standard","meta":{"footnotes":""},"categories":[1,8],"tags":[],"class_list":["post-2712","post","type-post","status-publish","format-standard","has-post-thumbnail","hentry","category-actualites","category-entreprises"],"yoast_head":"<!-- This site is optimized with the Yoast SEO plugin v27.5 - https:\/\/yoast.com\/product\/yoast-seo-wordpress\/ -->\n<title>Entreprises europ\u00e9ennes en Tunisie : les vrais chiffres derri\u00e8re un pilier \u00e9conomique - DESCARTES MAGAZINE<\/title>\n<meta name=\"description\" content=\"Entreprises europ\u00e9ennes en Tunisie : combien sont-elles vraiment, combien d\u2019emplois g\u00e9n\u00e8rent-elles et dans quels secteurs ? Analyse factuelle bas\u00e9e sur les donn\u00e9es FIPA et sources officielles.\" \/>\n<meta name=\"robots\" content=\"index, follow, max-snippet:-1, max-image-preview:large, max-video-preview:-1\" \/>\n<link rel=\"canonical\" href=\"https:\/\/descartes.tn\/index.php\/2025\/12\/22\/entreprises-europeennes-en-tunisie-les-vrais-chiffres-derriere-un-pilier-economique\/\" \/>\n<meta property=\"og:locale\" content=\"en_US\" \/>\n<meta property=\"og:type\" content=\"article\" \/>\n<meta property=\"og:title\" content=\"Entreprises europ\u00e9ennes en Tunisie : les vrais chiffres derri\u00e8re un pilier \u00e9conomique - DESCARTES MAGAZINE\" \/>\n<meta property=\"og:description\" content=\"Entreprises europ\u00e9ennes en Tunisie : combien sont-elles vraiment, combien d\u2019emplois g\u00e9n\u00e8rent-elles et dans quels secteurs ? Analyse factuelle bas\u00e9e sur les donn\u00e9es FIPA et sources officielles.\" \/>\n<meta property=\"og:url\" content=\"https:\/\/descartes.tn\/index.php\/2025\/12\/22\/entreprises-europeennes-en-tunisie-les-vrais-chiffres-derriere-un-pilier-economique\/\" \/>\n<meta property=\"og:site_name\" content=\"DESCARTES MAGAZINE\" \/>\n<meta property=\"article:publisher\" content=\"https:\/\/www.facebook.com\/Magdescartes\" \/>\n<meta property=\"article:published_time\" content=\"2025-12-22T13:43:00+00:00\" \/>\n<meta property=\"og:image\" content=\"https:\/\/descartes.tn\/wp-content\/uploads\/2025\/12\/investissement-en-Tunisie.jpg\" \/>\n\t<meta property=\"og:image:width\" content=\"1200\" \/>\n\t<meta property=\"og:image:height\" content=\"650\" \/>\n\t<meta property=\"og:image:type\" content=\"image\/jpeg\" \/>\n<meta name=\"author\" content=\"admin\" \/>\n<meta name=\"twitter:card\" content=\"summary_large_image\" \/>\n<meta name=\"twitter:label1\" content=\"Written by\" \/>\n\t<meta name=\"twitter:data1\" content=\"admin\" \/>\n\t<meta name=\"twitter:label2\" content=\"Est. reading time\" \/>\n\t<meta name=\"twitter:data2\" content=\"3 minutes\" \/>\n<script type=\"application\/ld+json\" class=\"yoast-schema-graph\">{\"@context\":\"https:\\\/\\\/schema.org\",\"@graph\":[{\"@type\":\"Article\",\"@id\":\"https:\\\/\\\/descartes.tn\\\/index.php\\\/2025\\\/12\\\/22\\\/entreprises-europeennes-en-tunisie-les-vrais-chiffres-derriere-un-pilier-economique\\\/#article\",\"isPartOf\":{\"@id\":\"https:\\\/\\\/descartes.tn\\\/index.php\\\/2025\\\/12\\\/22\\\/entreprises-europeennes-en-tunisie-les-vrais-chiffres-derriere-un-pilier-economique\\\/\"},\"author\":{\"name\":\"admin\",\"@id\":\"https:\\\/\\\/descartes.tn\\\/#\\\/schema\\\/person\\\/9fd67540eb53221af50a61878b6721ae\"},\"headline\":\"Entreprises europ\u00e9ennes en Tunisie : les vrais chiffres derri\u00e8re un pilier \u00e9conomique\",\"datePublished\":\"2025-12-22T13:43:00+00:00\",\"mainEntityOfPage\":{\"@id\":\"https:\\\/\\\/descartes.tn\\\/index.php\\\/2025\\\/12\\\/22\\\/entreprises-europeennes-en-tunisie-les-vrais-chiffres-derriere-un-pilier-economique\\\/\"},\"wordCount\":577,\"commentCount\":0,\"publisher\":{\"@id\":\"https:\\\/\\\/descartes.tn\\\/#organization\"},\"image\":{\"@id\":\"https:\\\/\\\/descartes.tn\\\/index.php\\\/2025\\\/12\\\/22\\\/entreprises-europeennes-en-tunisie-les-vrais-chiffres-derriere-un-pilier-economique\\\/#primaryimage\"},\"thumbnailUrl\":\"https:\\\/\\\/descartes.tn\\\/wp-content\\\/uploads\\\/2025\\\/12\\\/investissement-en-Tunisie.jpg\",\"articleSection\":[\"Actualit\u00e9s\",\"Entreprises\"],\"inLanguage\":\"en-US\",\"potentialAction\":[{\"@type\":\"CommentAction\",\"name\":\"Comment\",\"target\":[\"https:\\\/\\\/descartes.tn\\\/index.php\\\/2025\\\/12\\\/22\\\/entreprises-europeennes-en-tunisie-les-vrais-chiffres-derriere-un-pilier-economique\\\/#respond\"]}]},{\"@type\":\"WebPage\",\"@id\":\"https:\\\/\\\/descartes.tn\\\/index.php\\\/2025\\\/12\\\/22\\\/entreprises-europeennes-en-tunisie-les-vrais-chiffres-derriere-un-pilier-economique\\\/\",\"url\":\"https:\\\/\\\/descartes.tn\\\/index.php\\\/2025\\\/12\\\/22\\\/entreprises-europeennes-en-tunisie-les-vrais-chiffres-derriere-un-pilier-economique\\\/\",\"name\":\"Entreprises europ\u00e9ennes en Tunisie : les vrais chiffres derri\u00e8re un pilier \u00e9conomique - DESCARTES MAGAZINE\",\"isPartOf\":{\"@id\":\"https:\\\/\\\/descartes.tn\\\/#website\"},\"primaryImageOfPage\":{\"@id\":\"https:\\\/\\\/descartes.tn\\\/index.php\\\/2025\\\/12\\\/22\\\/entreprises-europeennes-en-tunisie-les-vrais-chiffres-derriere-un-pilier-economique\\\/#primaryimage\"},\"image\":{\"@id\":\"https:\\\/\\\/descartes.tn\\\/index.php\\\/2025\\\/12\\\/22\\\/entreprises-europeennes-en-tunisie-les-vrais-chiffres-derriere-un-pilier-economique\\\/#primaryimage\"},\"thumbnailUrl\":\"https:\\\/\\\/descartes.tn\\\/wp-content\\\/uploads\\\/2025\\\/12\\\/investissement-en-Tunisie.jpg\",\"datePublished\":\"2025-12-22T13:43:00+00:00\",\"description\":\"Entreprises europ\u00e9ennes en Tunisie : combien sont-elles vraiment, combien d\u2019emplois g\u00e9n\u00e8rent-elles et dans quels secteurs ? Analyse factuelle bas\u00e9e sur les donn\u00e9es FIPA et sources officielles.\",\"breadcrumb\":{\"@id\":\"https:\\\/\\\/descartes.tn\\\/index.php\\\/2025\\\/12\\\/22\\\/entreprises-europeennes-en-tunisie-les-vrais-chiffres-derriere-un-pilier-economique\\\/#breadcrumb\"},\"inLanguage\":\"en-US\",\"potentialAction\":[{\"@type\":\"ReadAction\",\"target\":[\"https:\\\/\\\/descartes.tn\\\/index.php\\\/2025\\\/12\\\/22\\\/entreprises-europeennes-en-tunisie-les-vrais-chiffres-derriere-un-pilier-economique\\\/\"]}]},{\"@type\":\"ImageObject\",\"inLanguage\":\"en-US\",\"@id\":\"https:\\\/\\\/descartes.tn\\\/index.php\\\/2025\\\/12\\\/22\\\/entreprises-europeennes-en-tunisie-les-vrais-chiffres-derriere-un-pilier-economique\\\/#primaryimage\",\"url\":\"https:\\\/\\\/descartes.tn\\\/wp-content\\\/uploads\\\/2025\\\/12\\\/investissement-en-Tunisie.jpg\",\"contentUrl\":\"https:\\\/\\\/descartes.tn\\\/wp-content\\\/uploads\\\/2025\\\/12\\\/investissement-en-Tunisie.jpg\",\"width\":1200,\"height\":650,\"caption\":\"investissement-en-Tunisie\"},{\"@type\":\"BreadcrumbList\",\"@id\":\"https:\\\/\\\/descartes.tn\\\/index.php\\\/2025\\\/12\\\/22\\\/entreprises-europeennes-en-tunisie-les-vrais-chiffres-derriere-un-pilier-economique\\\/#breadcrumb\",\"itemListElement\":[{\"@type\":\"ListItem\",\"position\":1,\"name\":\"Home\",\"item\":\"https:\\\/\\\/descartes.tn\\\/\"},{\"@type\":\"ListItem\",\"position\":2,\"name\":\"Entreprises europ\u00e9ennes en Tunisie : les vrais chiffres derri\u00e8re un pilier \u00e9conomique\"}]},{\"@type\":\"WebSite\",\"@id\":\"https:\\\/\\\/descartes.tn\\\/#website\",\"url\":\"https:\\\/\\\/descartes.tn\\\/\",\"name\":\"Descartes.tn\",\"description\":\"\",\"publisher\":{\"@id\":\"https:\\\/\\\/descartes.tn\\\/#organization\"},\"potentialAction\":[{\"@type\":\"SearchAction\",\"target\":{\"@type\":\"EntryPoint\",\"urlTemplate\":\"https:\\\/\\\/descartes.tn\\\/?s={search_term_string}\"},\"query-input\":{\"@type\":\"PropertyValueSpecification\",\"valueRequired\":true,\"valueName\":\"search_term_string\"}}],\"inLanguage\":\"en-US\"},{\"@type\":\"Organization\",\"@id\":\"https:\\\/\\\/descartes.tn\\\/#organization\",\"name\":\"Descartes.tn\",\"url\":\"https:\\\/\\\/descartes.tn\\\/\",\"logo\":{\"@type\":\"ImageObject\",\"inLanguage\":\"en-US\",\"@id\":\"https:\\\/\\\/descartes.tn\\\/#\\\/schema\\\/logo\\\/image\\\/\",\"url\":\"https:\\\/\\\/descartes.tn\\\/wp-content\\\/uploads\\\/2025\\\/10\\\/cropped-cropped-Fichier-1-1.png\",\"contentUrl\":\"https:\\\/\\\/descartes.tn\\\/wp-content\\\/uploads\\\/2025\\\/10\\\/cropped-cropped-Fichier-1-1.png\",\"width\":136,\"height\":19,\"caption\":\"Descartes.tn\"},\"image\":{\"@id\":\"https:\\\/\\\/descartes.tn\\\/#\\\/schema\\\/logo\\\/image\\\/\"},\"sameAs\":[\"https:\\\/\\\/www.facebook.com\\\/Magdescartes\",\"https:\\\/\\\/www.instagram.com\\\/descartes.magazine\\\/\"]},{\"@type\":\"Person\",\"@id\":\"https:\\\/\\\/descartes.tn\\\/#\\\/schema\\\/person\\\/9fd67540eb53221af50a61878b6721ae\",\"name\":\"admin\",\"image\":{\"@type\":\"ImageObject\",\"inLanguage\":\"en-US\",\"@id\":\"https:\\\/\\\/secure.gravatar.com\\\/avatar\\\/871417dfba5a884ed81f7f8e04e2eea75e8ef480bcb1e5ea634438506d493132?s=96&d=mm&r=g\",\"url\":\"https:\\\/\\\/secure.gravatar.com\\\/avatar\\\/871417dfba5a884ed81f7f8e04e2eea75e8ef480bcb1e5ea634438506d493132?s=96&d=mm&r=g\",\"contentUrl\":\"https:\\\/\\\/secure.gravatar.com\\\/avatar\\\/871417dfba5a884ed81f7f8e04e2eea75e8ef480bcb1e5ea634438506d493132?s=96&d=mm&r=g\",\"caption\":\"admin\"},\"sameAs\":[\"https:\\\/\\\/descartes.tn\"],\"url\":\"https:\\\/\\\/descartes.tn\\\/index.php\\\/author\\\/admin_pmykj64c\\\/\"}]}<\/script>\n<!-- \/ Yoast SEO plugin. -->","yoast_head_json":{"title":"Entreprises europ\u00e9ennes en Tunisie : les vrais chiffres derri\u00e8re un pilier \u00e9conomique - DESCARTES MAGAZINE","description":"Entreprises europ\u00e9ennes en Tunisie : combien sont-elles vraiment, combien d\u2019emplois g\u00e9n\u00e8rent-elles et dans quels secteurs ? Analyse factuelle bas\u00e9e sur les donn\u00e9es FIPA et sources officielles.","robots":{"index":"index","follow":"follow","max-snippet":"max-snippet:-1","max-image-preview":"max-image-preview:large","max-video-preview":"max-video-preview:-1"},"canonical":"https:\/\/descartes.tn\/index.php\/2025\/12\/22\/entreprises-europeennes-en-tunisie-les-vrais-chiffres-derriere-un-pilier-economique\/","og_locale":"en_US","og_type":"article","og_title":"Entreprises europ\u00e9ennes en Tunisie : les vrais chiffres derri\u00e8re un pilier \u00e9conomique - DESCARTES MAGAZINE","og_description":"Entreprises europ\u00e9ennes en Tunisie : combien sont-elles vraiment, combien d\u2019emplois g\u00e9n\u00e8rent-elles et dans quels secteurs ? Analyse factuelle bas\u00e9e sur les donn\u00e9es FIPA et sources officielles.","og_url":"https:\/\/descartes.tn\/index.php\/2025\/12\/22\/entreprises-europeennes-en-tunisie-les-vrais-chiffres-derriere-un-pilier-economique\/","og_site_name":"DESCARTES MAGAZINE","article_publisher":"https:\/\/www.facebook.com\/Magdescartes","article_published_time":"2025-12-22T13:43:00+00:00","og_image":[{"width":1200,"height":650,"url":"https:\/\/descartes.tn\/wp-content\/uploads\/2025\/12\/investissement-en-Tunisie.jpg","type":"image\/jpeg"}],"author":"admin","twitter_card":"summary_large_image","twitter_misc":{"Written by":"admin","Est. reading time":"3 minutes"},"schema":{"@context":"https:\/\/schema.org","@graph":[{"@type":"Article","@id":"https:\/\/descartes.tn\/index.php\/2025\/12\/22\/entreprises-europeennes-en-tunisie-les-vrais-chiffres-derriere-un-pilier-economique\/#article","isPartOf":{"@id":"https:\/\/descartes.tn\/index.php\/2025\/12\/22\/entreprises-europeennes-en-tunisie-les-vrais-chiffres-derriere-un-pilier-economique\/"},"author":{"name":"admin","@id":"https:\/\/descartes.tn\/#\/schema\/person\/9fd67540eb53221af50a61878b6721ae"},"headline":"Entreprises europ\u00e9ennes en Tunisie : les vrais chiffres derri\u00e8re un pilier \u00e9conomique","datePublished":"2025-12-22T13:43:00+00:00","mainEntityOfPage":{"@id":"https:\/\/descartes.tn\/index.php\/2025\/12\/22\/entreprises-europeennes-en-tunisie-les-vrais-chiffres-derriere-un-pilier-economique\/"},"wordCount":577,"commentCount":0,"publisher":{"@id":"https:\/\/descartes.tn\/#organization"},"image":{"@id":"https:\/\/descartes.tn\/index.php\/2025\/12\/22\/entreprises-europeennes-en-tunisie-les-vrais-chiffres-derriere-un-pilier-economique\/#primaryimage"},"thumbnailUrl":"https:\/\/descartes.tn\/wp-content\/uploads\/2025\/12\/investissement-en-Tunisie.jpg","articleSection":["Actualit\u00e9s","Entreprises"],"inLanguage":"en-US","potentialAction":[{"@type":"CommentAction","name":"Comment","target":["https:\/\/descartes.tn\/index.php\/2025\/12\/22\/entreprises-europeennes-en-tunisie-les-vrais-chiffres-derriere-un-pilier-economique\/#respond"]}]},{"@type":"WebPage","@id":"https:\/\/descartes.tn\/index.php\/2025\/12\/22\/entreprises-europeennes-en-tunisie-les-vrais-chiffres-derriere-un-pilier-economique\/","url":"https:\/\/descartes.tn\/index.php\/2025\/12\/22\/entreprises-europeennes-en-tunisie-les-vrais-chiffres-derriere-un-pilier-economique\/","name":"Entreprises europ\u00e9ennes en Tunisie : les vrais chiffres derri\u00e8re un pilier \u00e9conomique - DESCARTES MAGAZINE","isPartOf":{"@id":"https:\/\/descartes.tn\/#website"},"primaryImageOfPage":{"@id":"https:\/\/descartes.tn\/index.php\/2025\/12\/22\/entreprises-europeennes-en-tunisie-les-vrais-chiffres-derriere-un-pilier-economique\/#primaryimage"},"image":{"@id":"https:\/\/descartes.tn\/index.php\/2025\/12\/22\/entreprises-europeennes-en-tunisie-les-vrais-chiffres-derriere-un-pilier-economique\/#primaryimage"},"thumbnailUrl":"https:\/\/descartes.tn\/wp-content\/uploads\/2025\/12\/investissement-en-Tunisie.jpg","datePublished":"2025-12-22T13:43:00+00:00","description":"Entreprises europ\u00e9ennes en Tunisie : combien sont-elles vraiment, combien d\u2019emplois g\u00e9n\u00e8rent-elles et dans quels secteurs ? Analyse factuelle bas\u00e9e sur les donn\u00e9es FIPA et sources officielles.","breadcrumb":{"@id":"https:\/\/descartes.tn\/index.php\/2025\/12\/22\/entreprises-europeennes-en-tunisie-les-vrais-chiffres-derriere-un-pilier-economique\/#breadcrumb"},"inLanguage":"en-US","potentialAction":[{"@type":"ReadAction","target":["https:\/\/descartes.tn\/index.php\/2025\/12\/22\/entreprises-europeennes-en-tunisie-les-vrais-chiffres-derriere-un-pilier-economique\/"]}]},{"@type":"ImageObject","inLanguage":"en-US","@id":"https:\/\/descartes.tn\/index.php\/2025\/12\/22\/entreprises-europeennes-en-tunisie-les-vrais-chiffres-derriere-un-pilier-economique\/#primaryimage","url":"https:\/\/descartes.tn\/wp-content\/uploads\/2025\/12\/investissement-en-Tunisie.jpg","contentUrl":"https:\/\/descartes.tn\/wp-content\/uploads\/2025\/12\/investissement-en-Tunisie.jpg","width":1200,"height":650,"caption":"investissement-en-Tunisie"},{"@type":"BreadcrumbList","@id":"https:\/\/descartes.tn\/index.php\/2025\/12\/22\/entreprises-europeennes-en-tunisie-les-vrais-chiffres-derriere-un-pilier-economique\/#breadcrumb","itemListElement":[{"@type":"ListItem","position":1,"name":"Home","item":"https:\/\/descartes.tn\/"},{"@type":"ListItem","position":2,"name":"Entreprises europ\u00e9ennes en Tunisie : les vrais chiffres derri\u00e8re un pilier \u00e9conomique"}]},{"@type":"WebSite","@id":"https:\/\/descartes.tn\/#website","url":"https:\/\/descartes.tn\/","name":"Descartes.tn","description":"","publisher":{"@id":"https:\/\/descartes.tn\/#organization"},"potentialAction":[{"@type":"SearchAction","target":{"@type":"EntryPoint","urlTemplate":"https:\/\/descartes.tn\/?s={search_term_string}"},"query-input":{"@type":"PropertyValueSpecification","valueRequired":true,"valueName":"search_term_string"}}],"inLanguage":"en-US"},{"@type":"Organization","@id":"https:\/\/descartes.tn\/#organization","name":"Descartes.tn","url":"https:\/\/descartes.tn\/","logo":{"@type":"ImageObject","inLanguage":"en-US","@id":"https:\/\/descartes.tn\/#\/schema\/logo\/image\/","url":"https:\/\/descartes.tn\/wp-content\/uploads\/2025\/10\/cropped-cropped-Fichier-1-1.png","contentUrl":"https:\/\/descartes.tn\/wp-content\/uploads\/2025\/10\/cropped-cropped-Fichier-1-1.png","width":136,"height":19,"caption":"Descartes.tn"},"image":{"@id":"https:\/\/descartes.tn\/#\/schema\/logo\/image\/"},"sameAs":["https:\/\/www.facebook.com\/Magdescartes","https:\/\/www.instagram.com\/descartes.magazine\/"]},{"@type":"Person","@id":"https:\/\/descartes.tn\/#\/schema\/person\/9fd67540eb53221af50a61878b6721ae","name":"admin","image":{"@type":"ImageObject","inLanguage":"en-US","@id":"https:\/\/secure.gravatar.com\/avatar\/871417dfba5a884ed81f7f8e04e2eea75e8ef480bcb1e5ea634438506d493132?s=96&d=mm&r=g","url":"https:\/\/secure.gravatar.com\/avatar\/871417dfba5a884ed81f7f8e04e2eea75e8ef480bcb1e5ea634438506d493132?s=96&d=mm&r=g","contentUrl":"https:\/\/secure.gravatar.com\/avatar\/871417dfba5a884ed81f7f8e04e2eea75e8ef480bcb1e5ea634438506d493132?s=96&d=mm&r=g","caption":"admin"},"sameAs":["https:\/\/descartes.tn"],"url":"https:\/\/descartes.tn\/index.php\/author\/admin_pmykj64c\/"}]}},"_links":{"self":[{"href":"https:\/\/descartes.tn\/index.php\/wp-json\/wp\/v2\/posts\/2712","targetHints":{"allow":["GET"]}}],"collection":[{"href":"https:\/\/descartes.tn\/index.php\/wp-json\/wp\/v2\/posts"}],"about":[{"href":"https:\/\/descartes.tn\/index.php\/wp-json\/wp\/v2\/types\/post"}],"author":[{"embeddable":true,"href":"https:\/\/descartes.tn\/index.php\/wp-json\/wp\/v2\/users\/1"}],"replies":[{"embeddable":true,"href":"https:\/\/descartes.tn\/index.php\/wp-json\/wp\/v2\/comments?post=2712"}],"version-history":[{"count":1,"href":"https:\/\/descartes.tn\/index.php\/wp-json\/wp\/v2\/posts\/2712\/revisions"}],"predecessor-version":[{"id":2714,"href":"https:\/\/descartes.tn\/index.php\/wp-json\/wp\/v2\/posts\/2712\/revisions\/2714"}],"wp:featuredmedia":[{"embeddable":true,"href":"https:\/\/descartes.tn\/index.php\/wp-json\/wp\/v2\/media\/2713"}],"wp:attachment":[{"href":"https:\/\/descartes.tn\/index.php\/wp-json\/wp\/v2\/media?parent=2712"}],"wp:term":[{"taxonomy":"category","embeddable":true,"href":"https:\/\/descartes.tn\/index.php\/wp-json\/wp\/v2\/categories?post=2712"},{"taxonomy":"post_tag","embeddable":true,"href":"https:\/\/descartes.tn\/index.php\/wp-json\/wp\/v2\/tags?post=2712"}],"curies":[{"name":"wp","href":"https:\/\/api.w.org\/{rel}","templated":true}]}}