{"id":230,"date":"2025-07-04T18:46:22","date_gmt":"2025-07-04T18:46:22","guid":{"rendered":"https:\/\/descartes.tn\/?p=230"},"modified":"2025-07-04T18:50:53","modified_gmt":"2025-07-04T18:50:53","slug":"alpha-ford-met-a-lhonneur-la-creativite-tunisienne-en-collaboration-avec-esmod","status":"publish","type":"post","link":"https:\/\/descartes.tn\/index.php\/2025\/07\/04\/alpha-ford-met-a-lhonneur-la-creativite-tunisienne-en-collaboration-avec-esmod\/","title":{"rendered":"Alpha Ford met \u00e0 l&#8217;honneur la cr\u00e9ativit\u00e9 tunisienne en collaboration avec ESMOD."},"content":{"rendered":"\n<p><strong>Alpha Ford Tunisie<\/strong>, en tant que fervent soutien de la jeunesse et de l\u2019expression artistique, a eu l\u2019honneur de financer le d\u00e9fil\u00e9 de fin d&#8217;ann\u00e9e tr\u00e8s r\u00e9put\u00e9 de l&#8217;\u00e9cole <strong>ESMOD Tunis<\/strong>. Cet \u00e9v\u00e9nement s&#8217;est d\u00e9roul\u00e9 le <em><strong>30<\/strong> <\/em><strong><em>juin<\/em> \u00e0 la piscine municipale du Belv\u00e9d\u00e8re<\/strong>.<\/p>\n\n\n\n<figure class=\"wp-block-image size-full\"><img loading=\"lazy\" decoding=\"async\" width=\"500\" height=\"500\" src=\"https:\/\/descartes.tn\/wp-content\/uploads\/2025\/07\/image-13.png\" alt=\"\" class=\"wp-image-233\" srcset=\"https:\/\/descartes.tn\/wp-content\/uploads\/2025\/07\/image-13.png 500w, https:\/\/descartes.tn\/wp-content\/uploads\/2025\/07\/image-13-300x300.png 300w, https:\/\/descartes.tn\/wp-content\/uploads\/2025\/07\/image-13-150x150.png 150w\" sizes=\"auto, (max-width: 500px) 100vw, 500px\" \/><\/figure>\n\n\n\n<p>Un endroit singulier, une mise en sc\u00e8ne audacieuse, et un atmosph\u00e8re dynamique : l&#8217;\u00e9v\u00e9nement a attir\u00e9 \u00e9tudiants, designers, experts de la mode et figures tunisiennes autour d&#8217;une parade pleine de couleurs, mettant \u00e0 l&#8217;honneur l&#8217;audace et l&#8217;innovation des jeunes cr\u00e9ateurs.<\/p>\n\n\n\n<p>Lors de cet \u00e9v\u00e9nement, <strong>Alpha Ford<\/strong> a pr\u00e9sent\u00e9 deux de ses mod\u00e8les vedettes :<\/p>\n\n\n\n<p><strong>Le Ford Everest,<\/strong> embl\u00e8me de <strong><em>l&#8217;\u00e9l\u00e9gance, de la robustesse et de la polyvalence.<\/em><\/strong><\/p>\n\n\n\n<figure class=\"wp-block-image size-full\"><img loading=\"lazy\" decoding=\"async\" width=\"474\" height=\"266\" src=\"https:\/\/descartes.tn\/wp-content\/uploads\/2025\/07\/image-14.png\" alt=\"\" class=\"wp-image-234\" srcset=\"https:\/\/descartes.tn\/wp-content\/uploads\/2025\/07\/image-14.png 474w, https:\/\/descartes.tn\/wp-content\/uploads\/2025\/07\/image-14-300x168.png 300w, https:\/\/descartes.tn\/wp-content\/uploads\/2025\/07\/image-14-390x220.png 390w\" sizes=\"auto, (max-width: 474px) 100vw, 474px\" \/><\/figure>\n\n\n\n<p><strong>Le Ford Ranger Raptor<\/strong>, symbole de force et de rendement.<\/p>\n\n\n\n<figure class=\"wp-block-image size-large\"><img loading=\"lazy\" decoding=\"async\" width=\"1024\" height=\"466\" src=\"https:\/\/descartes.tn\/wp-content\/uploads\/2025\/07\/image-15-1024x466.png\" alt=\"\" class=\"wp-image-235\" srcset=\"https:\/\/descartes.tn\/wp-content\/uploads\/2025\/07\/image-15-1024x466.png 1024w, https:\/\/descartes.tn\/wp-content\/uploads\/2025\/07\/image-15-300x137.png 300w, https:\/\/descartes.tn\/wp-content\/uploads\/2025\/07\/image-15-768x349.png 768w, https:\/\/descartes.tn\/wp-content\/uploads\/2025\/07\/image-15-1536x699.png 1536w, https:\/\/descartes.tn\/wp-content\/uploads\/2025\/07\/image-15.png 2000w\" sizes=\"auto, (max-width: 1024px) 100vw, 1024px\" \/><\/figure>\n\n\n\n<p><br>Positionn\u00e9s \u00e0 l&#8217;entr\u00e9e VIP, ces voitures ont parfaitement repr\u00e9sent\u00e9 les valeurs communes de Ford et d&#8217;<strong>ESMOD<\/strong> : <strong><em>design, personnalit\u00e9 et innovation.<\/em><\/strong><\/p>\n\n\n\n<p>\u00ab Promouvoir la cr\u00e9ativit\u00e9 tunisienne, c&#8217;est \u00e9galement mettre en lumi\u00e8re des talents qui r\u00e9inventent les normes du style et de l&#8217;audace. \u00bb \u00ab <strong>Ford<\/strong> est fier de se tenir \u00e0 leurs c\u00f4t\u00e9s \u00bb, a affirm\u00e9 un porte-parole d&#8217;<strong>Alpha Ford<\/strong> lors de l&#8217;\u00e9v\u00e9nement.<\/p>\n\n\n\n<figure class=\"wp-block-image size-full\"><img loading=\"lazy\" decoding=\"async\" width=\"626\" height=\"380\" src=\"https:\/\/descartes.tn\/wp-content\/uploads\/2025\/07\/image-16.png\" alt=\"\" class=\"wp-image-237\" srcset=\"https:\/\/descartes.tn\/wp-content\/uploads\/2025\/07\/image-16.png 626w, https:\/\/descartes.tn\/wp-content\/uploads\/2025\/07\/image-16-300x182.png 300w\" sizes=\"auto, (max-width: 626px) 100vw, 626px\" \/><\/figure>\n\n\n\n<p>En soutenant des projets culturels d&#8217;une telle ampleur, <strong>Alpha Ford<\/strong> manifeste son intention de participer \u00e0 des initiatives significatives, o\u00f9 l&#8217;automobile se transforme en un moyen d&#8217;expression et de <strong>lien avec la jeunesse tunisienne<\/strong>.<\/p>\n\n\n\n<p class=\"has-text-align-center\"><em>R\u00e9diger par Omar Maatouk &#8216;DESCARTES&#8217;<\/em><\/p>\n\n\n\n<p><\/p>\n","protected":false},"excerpt":{"rendered":"<p>Alpha Ford Tunisie, en tant que fervent soutien de la jeunesse et de l\u2019expression artistique, a eu l\u2019honneur de financer le d\u00e9fil\u00e9 de fin d&#8217;ann\u00e9e tr\u00e8s r\u00e9put\u00e9 de l&#8217;\u00e9cole ESMOD Tunis. Cet \u00e9v\u00e9nement s&#8217;est d\u00e9roul\u00e9 le 30 juin \u00e0 la piscine municipale du Belv\u00e9d\u00e8re. Un endroit singulier, une mise en sc\u00e8ne audacieuse, et un atmosph\u00e8re [&hellip;]<\/p>\n","protected":false},"author":1,"featured_media":240,"comment_status":"open","ping_status":"closed","sticky":false,"template":"","format":"standard","meta":{"footnotes":""},"categories":[6,1,4],"tags":[37,36,38],"class_list":["post-230","post","type-post","status-publish","format-standard","has-post-thumbnail","hentry","category-a-plein-tubes","category-actualites","category-evenements","tag-automobile","tag-ford","tag-raptor"],"yoast_head":"<!-- This site is optimized with the Yoast SEO plugin v27.5 - https:\/\/yoast.com\/product\/yoast-seo-wordpress\/ -->\n<title>Alpha Ford met \u00e0 l&#039;honneur la cr\u00e9ativit\u00e9 tunisienne en collaboration avec ESMOD. - Descartes.tn<\/title>\n<meta name=\"robots\" content=\"index, follow, max-snippet:-1, max-image-preview:large, max-video-preview:-1\" \/>\n<link rel=\"canonical\" href=\"https:\/\/descartes.tn\/index.php\/2025\/07\/04\/alpha-ford-met-a-lhonneur-la-creativite-tunisienne-en-collaboration-avec-esmod\/\" \/>\n<meta property=\"og:locale\" content=\"en_US\" \/>\n<meta property=\"og:type\" content=\"article\" \/>\n<meta property=\"og:title\" content=\"Alpha Ford met \u00e0 l&#039;honneur la cr\u00e9ativit\u00e9 tunisienne en collaboration avec ESMOD. - Descartes.tn\" \/>\n<meta property=\"og:description\" content=\"Alpha Ford Tunisie, en tant que fervent soutien de la jeunesse et de l\u2019expression artistique, a eu l\u2019honneur de financer le d\u00e9fil\u00e9 de fin d&#8217;ann\u00e9e tr\u00e8s r\u00e9put\u00e9 de l&#8217;\u00e9cole ESMOD Tunis. Cet \u00e9v\u00e9nement s&#8217;est d\u00e9roul\u00e9 le 30 juin \u00e0 la piscine municipale du Belv\u00e9d\u00e8re. Un endroit singulier, une mise en sc\u00e8ne audacieuse, et un atmosph\u00e8re [&hellip;]\" \/>\n<meta property=\"og:url\" content=\"https:\/\/descartes.tn\/index.php\/2025\/07\/04\/alpha-ford-met-a-lhonneur-la-creativite-tunisienne-en-collaboration-avec-esmod\/\" \/>\n<meta property=\"og:site_name\" content=\"Descartes.tn\" \/>\n<meta property=\"article:publisher\" content=\"https:\/\/www.facebook.com\/Magdescartes\" \/>\n<meta property=\"article:published_time\" content=\"2025-07-04T18:46:22+00:00\" \/>\n<meta property=\"article:modified_time\" content=\"2025-07-04T18:50:53+00:00\" \/>\n<meta property=\"og:image\" content=\"https:\/\/descartes.tn\/wp-content\/uploads\/2025\/07\/images.jpg\" \/>\n\t<meta property=\"og:image:width\" content=\"267\" \/>\n\t<meta property=\"og:image:height\" content=\"189\" \/>\n\t<meta property=\"og:image:type\" content=\"image\/jpeg\" \/>\n<meta name=\"author\" content=\"admin\" \/>\n<meta name=\"twitter:card\" content=\"summary_large_image\" \/>\n<meta name=\"twitter:label1\" content=\"Written by\" \/>\n\t<meta name=\"twitter:data1\" content=\"admin\" \/>\n\t<meta name=\"twitter:label2\" content=\"Est. reading time\" \/>\n\t<meta name=\"twitter:data2\" content=\"1 minute\" \/>\n<script type=\"application\/ld+json\" class=\"yoast-schema-graph\">{\"@context\":\"https:\\\/\\\/schema.org\",\"@graph\":[{\"@type\":\"Article\",\"@id\":\"https:\\\/\\\/descartes.tn\\\/index.php\\\/2025\\\/07\\\/04\\\/alpha-ford-met-a-lhonneur-la-creativite-tunisienne-en-collaboration-avec-esmod\\\/#article\",\"isPartOf\":{\"@id\":\"https:\\\/\\\/descartes.tn\\\/index.php\\\/2025\\\/07\\\/04\\\/alpha-ford-met-a-lhonneur-la-creativite-tunisienne-en-collaboration-avec-esmod\\\/\"},\"author\":{\"name\":\"admin\",\"@id\":\"https:\\\/\\\/descartes.tn\\\/#\\\/schema\\\/person\\\/9fd67540eb53221af50a61878b6721ae\"},\"headline\":\"Alpha Ford met \u00e0 l&#8217;honneur la cr\u00e9ativit\u00e9 tunisienne en collaboration avec ESMOD.\",\"datePublished\":\"2025-07-04T18:46:22+00:00\",\"dateModified\":\"2025-07-04T18:50:53+00:00\",\"mainEntityOfPage\":{\"@id\":\"https:\\\/\\\/descartes.tn\\\/index.php\\\/2025\\\/07\\\/04\\\/alpha-ford-met-a-lhonneur-la-creativite-tunisienne-en-collaboration-avec-esmod\\\/\"},\"wordCount\":270,\"commentCount\":0,\"publisher\":{\"@id\":\"https:\\\/\\\/descartes.tn\\\/#organization\"},\"image\":{\"@id\":\"https:\\\/\\\/descartes.tn\\\/index.php\\\/2025\\\/07\\\/04\\\/alpha-ford-met-a-lhonneur-la-creativite-tunisienne-en-collaboration-avec-esmod\\\/#primaryimage\"},\"thumbnailUrl\":\"https:\\\/\\\/descartes.tn\\\/wp-content\\\/uploads\\\/2025\\\/07\\\/images.jpg\",\"keywords\":[\"automobile\",\"ford\",\"raptor\"],\"articleSection\":[\"A Plein Tubes\",\"Actualit\u00e9s\",\"\u00c8v\u00e8nements\"],\"inLanguage\":\"en-US\",\"potentialAction\":[{\"@type\":\"CommentAction\",\"name\":\"Comment\",\"target\":[\"https:\\\/\\\/descartes.tn\\\/index.php\\\/2025\\\/07\\\/04\\\/alpha-ford-met-a-lhonneur-la-creativite-tunisienne-en-collaboration-avec-esmod\\\/#respond\"]}]},{\"@type\":\"WebPage\",\"@id\":\"https:\\\/\\\/descartes.tn\\\/index.php\\\/2025\\\/07\\\/04\\\/alpha-ford-met-a-lhonneur-la-creativite-tunisienne-en-collaboration-avec-esmod\\\/\",\"url\":\"https:\\\/\\\/descartes.tn\\\/index.php\\\/2025\\\/07\\\/04\\\/alpha-ford-met-a-lhonneur-la-creativite-tunisienne-en-collaboration-avec-esmod\\\/\",\"name\":\"Alpha Ford met \u00e0 l'honneur la cr\u00e9ativit\u00e9 tunisienne en collaboration avec ESMOD. - Descartes.tn\",\"isPartOf\":{\"@id\":\"https:\\\/\\\/descartes.tn\\\/#website\"},\"primaryImageOfPage\":{\"@id\":\"https:\\\/\\\/descartes.tn\\\/index.php\\\/2025\\\/07\\\/04\\\/alpha-ford-met-a-lhonneur-la-creativite-tunisienne-en-collaboration-avec-esmod\\\/#primaryimage\"},\"image\":{\"@id\":\"https:\\\/\\\/descartes.tn\\\/index.php\\\/2025\\\/07\\\/04\\\/alpha-ford-met-a-lhonneur-la-creativite-tunisienne-en-collaboration-avec-esmod\\\/#primaryimage\"},\"thumbnailUrl\":\"https:\\\/\\\/descartes.tn\\\/wp-content\\\/uploads\\\/2025\\\/07\\\/images.jpg\",\"datePublished\":\"2025-07-04T18:46:22+00:00\",\"dateModified\":\"2025-07-04T18:50:53+00:00\",\"breadcrumb\":{\"@id\":\"https:\\\/\\\/descartes.tn\\\/index.php\\\/2025\\\/07\\\/04\\\/alpha-ford-met-a-lhonneur-la-creativite-tunisienne-en-collaboration-avec-esmod\\\/#breadcrumb\"},\"inLanguage\":\"en-US\",\"potentialAction\":[{\"@type\":\"ReadAction\",\"target\":[\"https:\\\/\\\/descartes.tn\\\/index.php\\\/2025\\\/07\\\/04\\\/alpha-ford-met-a-lhonneur-la-creativite-tunisienne-en-collaboration-avec-esmod\\\/\"]}]},{\"@type\":\"ImageObject\",\"inLanguage\":\"en-US\",\"@id\":\"https:\\\/\\\/descartes.tn\\\/index.php\\\/2025\\\/07\\\/04\\\/alpha-ford-met-a-lhonneur-la-creativite-tunisienne-en-collaboration-avec-esmod\\\/#primaryimage\",\"url\":\"https:\\\/\\\/descartes.tn\\\/wp-content\\\/uploads\\\/2025\\\/07\\\/images.jpg\",\"contentUrl\":\"https:\\\/\\\/descartes.tn\\\/wp-content\\\/uploads\\\/2025\\\/07\\\/images.jpg\",\"width\":267,\"height\":189},{\"@type\":\"BreadcrumbList\",\"@id\":\"https:\\\/\\\/descartes.tn\\\/index.php\\\/2025\\\/07\\\/04\\\/alpha-ford-met-a-lhonneur-la-creativite-tunisienne-en-collaboration-avec-esmod\\\/#breadcrumb\",\"itemListElement\":[{\"@type\":\"ListItem\",\"position\":1,\"name\":\"Home\",\"item\":\"https:\\\/\\\/descartes.tn\\\/\"},{\"@type\":\"ListItem\",\"position\":2,\"name\":\"Alpha Ford met \u00e0 l&#8217;honneur la cr\u00e9ativit\u00e9 tunisienne en collaboration avec ESMOD.\"}]},{\"@type\":\"WebSite\",\"@id\":\"https:\\\/\\\/descartes.tn\\\/#website\",\"url\":\"https:\\\/\\\/descartes.tn\\\/\",\"name\":\"Descartes.tn\",\"description\":\"\",\"publisher\":{\"@id\":\"https:\\\/\\\/descartes.tn\\\/#organization\"},\"potentialAction\":[{\"@type\":\"SearchAction\",\"target\":{\"@type\":\"EntryPoint\",\"urlTemplate\":\"https:\\\/\\\/descartes.tn\\\/?s={search_term_string}\"},\"query-input\":{\"@type\":\"PropertyValueSpecification\",\"valueRequired\":true,\"valueName\":\"search_term_string\"}}],\"inLanguage\":\"en-US\"},{\"@type\":\"Organization\",\"@id\":\"https:\\\/\\\/descartes.tn\\\/#organization\",\"name\":\"Descartes.tn\",\"url\":\"https:\\\/\\\/descartes.tn\\\/\",\"logo\":{\"@type\":\"ImageObject\",\"inLanguage\":\"en-US\",\"@id\":\"https:\\\/\\\/descartes.tn\\\/#\\\/schema\\\/logo\\\/image\\\/\",\"url\":\"https:\\\/\\\/descartes.tn\\\/wp-content\\\/uploads\\\/2025\\\/10\\\/cropped-Fichier-1-1.png\",\"contentUrl\":\"https:\\\/\\\/descartes.tn\\\/wp-content\\\/uploads\\\/2025\\\/10\\\/cropped-Fichier-1-1.png\",\"width\":136,\"height\":19,\"caption\":\"Descartes.tn\"},\"image\":{\"@id\":\"https:\\\/\\\/descartes.tn\\\/#\\\/schema\\\/logo\\\/image\\\/\"},\"sameAs\":[\"https:\\\/\\\/www.facebook.com\\\/Magdescartes\",\"https:\\\/\\\/www.instagram.com\\\/descartes.magazine\\\/\"]},{\"@type\":\"Person\",\"@id\":\"https:\\\/\\\/descartes.tn\\\/#\\\/schema\\\/person\\\/9fd67540eb53221af50a61878b6721ae\",\"name\":\"admin\",\"image\":{\"@type\":\"ImageObject\",\"inLanguage\":\"en-US\",\"@id\":\"https:\\\/\\\/secure.gravatar.com\\\/avatar\\\/871417dfba5a884ed81f7f8e04e2eea75e8ef480bcb1e5ea634438506d493132?s=96&d=mm&r=g\",\"url\":\"https:\\\/\\\/secure.gravatar.com\\\/avatar\\\/871417dfba5a884ed81f7f8e04e2eea75e8ef480bcb1e5ea634438506d493132?s=96&d=mm&r=g\",\"contentUrl\":\"https:\\\/\\\/secure.gravatar.com\\\/avatar\\\/871417dfba5a884ed81f7f8e04e2eea75e8ef480bcb1e5ea634438506d493132?s=96&d=mm&r=g\",\"caption\":\"admin\"},\"sameAs\":[\"https:\\\/\\\/descartes.tn\"],\"url\":\"https:\\\/\\\/descartes.tn\\\/index.php\\\/author\\\/admin_pmykj64c\\\/\"}]}<\/script>\n<!-- \/ Yoast SEO plugin. -->","yoast_head_json":{"title":"Alpha Ford met \u00e0 l'honneur la cr\u00e9ativit\u00e9 tunisienne en collaboration avec ESMOD. - Descartes.tn","robots":{"index":"index","follow":"follow","max-snippet":"max-snippet:-1","max-image-preview":"max-image-preview:large","max-video-preview":"max-video-preview:-1"},"canonical":"https:\/\/descartes.tn\/index.php\/2025\/07\/04\/alpha-ford-met-a-lhonneur-la-creativite-tunisienne-en-collaboration-avec-esmod\/","og_locale":"en_US","og_type":"article","og_title":"Alpha Ford met \u00e0 l'honneur la cr\u00e9ativit\u00e9 tunisienne en collaboration avec ESMOD. - Descartes.tn","og_description":"Alpha Ford Tunisie, en tant que fervent soutien de la jeunesse et de l\u2019expression artistique, a eu l\u2019honneur de financer le d\u00e9fil\u00e9 de fin d&#8217;ann\u00e9e tr\u00e8s r\u00e9put\u00e9 de l&#8217;\u00e9cole ESMOD Tunis. Cet \u00e9v\u00e9nement s&#8217;est d\u00e9roul\u00e9 le 30 juin \u00e0 la piscine municipale du Belv\u00e9d\u00e8re. Un endroit singulier, une mise en sc\u00e8ne audacieuse, et un atmosph\u00e8re [&hellip;]","og_url":"https:\/\/descartes.tn\/index.php\/2025\/07\/04\/alpha-ford-met-a-lhonneur-la-creativite-tunisienne-en-collaboration-avec-esmod\/","og_site_name":"Descartes.tn","article_publisher":"https:\/\/www.facebook.com\/Magdescartes","article_published_time":"2025-07-04T18:46:22+00:00","article_modified_time":"2025-07-04T18:50:53+00:00","og_image":[{"width":267,"height":189,"url":"https:\/\/descartes.tn\/wp-content\/uploads\/2025\/07\/images.jpg","type":"image\/jpeg"}],"author":"admin","twitter_card":"summary_large_image","twitter_misc":{"Written by":"admin","Est. reading time":"1 minute"},"schema":{"@context":"https:\/\/schema.org","@graph":[{"@type":"Article","@id":"https:\/\/descartes.tn\/index.php\/2025\/07\/04\/alpha-ford-met-a-lhonneur-la-creativite-tunisienne-en-collaboration-avec-esmod\/#article","isPartOf":{"@id":"https:\/\/descartes.tn\/index.php\/2025\/07\/04\/alpha-ford-met-a-lhonneur-la-creativite-tunisienne-en-collaboration-avec-esmod\/"},"author":{"name":"admin","@id":"https:\/\/descartes.tn\/#\/schema\/person\/9fd67540eb53221af50a61878b6721ae"},"headline":"Alpha Ford met \u00e0 l&#8217;honneur la cr\u00e9ativit\u00e9 tunisienne en collaboration avec ESMOD.","datePublished":"2025-07-04T18:46:22+00:00","dateModified":"2025-07-04T18:50:53+00:00","mainEntityOfPage":{"@id":"https:\/\/descartes.tn\/index.php\/2025\/07\/04\/alpha-ford-met-a-lhonneur-la-creativite-tunisienne-en-collaboration-avec-esmod\/"},"wordCount":270,"commentCount":0,"publisher":{"@id":"https:\/\/descartes.tn\/#organization"},"image":{"@id":"https:\/\/descartes.tn\/index.php\/2025\/07\/04\/alpha-ford-met-a-lhonneur-la-creativite-tunisienne-en-collaboration-avec-esmod\/#primaryimage"},"thumbnailUrl":"https:\/\/descartes.tn\/wp-content\/uploads\/2025\/07\/images.jpg","keywords":["automobile","ford","raptor"],"articleSection":["A Plein Tubes","Actualit\u00e9s","\u00c8v\u00e8nements"],"inLanguage":"en-US","potentialAction":[{"@type":"CommentAction","name":"Comment","target":["https:\/\/descartes.tn\/index.php\/2025\/07\/04\/alpha-ford-met-a-lhonneur-la-creativite-tunisienne-en-collaboration-avec-esmod\/#respond"]}]},{"@type":"WebPage","@id":"https:\/\/descartes.tn\/index.php\/2025\/07\/04\/alpha-ford-met-a-lhonneur-la-creativite-tunisienne-en-collaboration-avec-esmod\/","url":"https:\/\/descartes.tn\/index.php\/2025\/07\/04\/alpha-ford-met-a-lhonneur-la-creativite-tunisienne-en-collaboration-avec-esmod\/","name":"Alpha Ford met \u00e0 l'honneur la cr\u00e9ativit\u00e9 tunisienne en collaboration avec ESMOD. - Descartes.tn","isPartOf":{"@id":"https:\/\/descartes.tn\/#website"},"primaryImageOfPage":{"@id":"https:\/\/descartes.tn\/index.php\/2025\/07\/04\/alpha-ford-met-a-lhonneur-la-creativite-tunisienne-en-collaboration-avec-esmod\/#primaryimage"},"image":{"@id":"https:\/\/descartes.tn\/index.php\/2025\/07\/04\/alpha-ford-met-a-lhonneur-la-creativite-tunisienne-en-collaboration-avec-esmod\/#primaryimage"},"thumbnailUrl":"https:\/\/descartes.tn\/wp-content\/uploads\/2025\/07\/images.jpg","datePublished":"2025-07-04T18:46:22+00:00","dateModified":"2025-07-04T18:50:53+00:00","breadcrumb":{"@id":"https:\/\/descartes.tn\/index.php\/2025\/07\/04\/alpha-ford-met-a-lhonneur-la-creativite-tunisienne-en-collaboration-avec-esmod\/#breadcrumb"},"inLanguage":"en-US","potentialAction":[{"@type":"ReadAction","target":["https:\/\/descartes.tn\/index.php\/2025\/07\/04\/alpha-ford-met-a-lhonneur-la-creativite-tunisienne-en-collaboration-avec-esmod\/"]}]},{"@type":"ImageObject","inLanguage":"en-US","@id":"https:\/\/descartes.tn\/index.php\/2025\/07\/04\/alpha-ford-met-a-lhonneur-la-creativite-tunisienne-en-collaboration-avec-esmod\/#primaryimage","url":"https:\/\/descartes.tn\/wp-content\/uploads\/2025\/07\/images.jpg","contentUrl":"https:\/\/descartes.tn\/wp-content\/uploads\/2025\/07\/images.jpg","width":267,"height":189},{"@type":"BreadcrumbList","@id":"https:\/\/descartes.tn\/index.php\/2025\/07\/04\/alpha-ford-met-a-lhonneur-la-creativite-tunisienne-en-collaboration-avec-esmod\/#breadcrumb","itemListElement":[{"@type":"ListItem","position":1,"name":"Home","item":"https:\/\/descartes.tn\/"},{"@type":"ListItem","position":2,"name":"Alpha Ford met \u00e0 l&#8217;honneur la cr\u00e9ativit\u00e9 tunisienne en collaboration avec ESMOD."}]},{"@type":"WebSite","@id":"https:\/\/descartes.tn\/#website","url":"https:\/\/descartes.tn\/","name":"Descartes.tn","description":"","publisher":{"@id":"https:\/\/descartes.tn\/#organization"},"potentialAction":[{"@type":"SearchAction","target":{"@type":"EntryPoint","urlTemplate":"https:\/\/descartes.tn\/?s={search_term_string}"},"query-input":{"@type":"PropertyValueSpecification","valueRequired":true,"valueName":"search_term_string"}}],"inLanguage":"en-US"},{"@type":"Organization","@id":"https:\/\/descartes.tn\/#organization","name":"Descartes.tn","url":"https:\/\/descartes.tn\/","logo":{"@type":"ImageObject","inLanguage":"en-US","@id":"https:\/\/descartes.tn\/#\/schema\/logo\/image\/","url":"https:\/\/descartes.tn\/wp-content\/uploads\/2025\/10\/cropped-Fichier-1-1.png","contentUrl":"https:\/\/descartes.tn\/wp-content\/uploads\/2025\/10\/cropped-Fichier-1-1.png","width":136,"height":19,"caption":"Descartes.tn"},"image":{"@id":"https:\/\/descartes.tn\/#\/schema\/logo\/image\/"},"sameAs":["https:\/\/www.facebook.com\/Magdescartes","https:\/\/www.instagram.com\/descartes.magazine\/"]},{"@type":"Person","@id":"https:\/\/descartes.tn\/#\/schema\/person\/9fd67540eb53221af50a61878b6721ae","name":"admin","image":{"@type":"ImageObject","inLanguage":"en-US","@id":"https:\/\/secure.gravatar.com\/avatar\/871417dfba5a884ed81f7f8e04e2eea75e8ef480bcb1e5ea634438506d493132?s=96&d=mm&r=g","url":"https:\/\/secure.gravatar.com\/avatar\/871417dfba5a884ed81f7f8e04e2eea75e8ef480bcb1e5ea634438506d493132?s=96&d=mm&r=g","contentUrl":"https:\/\/secure.gravatar.com\/avatar\/871417dfba5a884ed81f7f8e04e2eea75e8ef480bcb1e5ea634438506d493132?s=96&d=mm&r=g","caption":"admin"},"sameAs":["https:\/\/descartes.tn"],"url":"https:\/\/descartes.tn\/index.php\/author\/admin_pmykj64c\/"}]}},"_links":{"self":[{"href":"https:\/\/descartes.tn\/index.php\/wp-json\/wp\/v2\/posts\/230","targetHints":{"allow":["GET"]}}],"collection":[{"href":"https:\/\/descartes.tn\/index.php\/wp-json\/wp\/v2\/posts"}],"about":[{"href":"https:\/\/descartes.tn\/index.php\/wp-json\/wp\/v2\/types\/post"}],"author":[{"embeddable":true,"href":"https:\/\/descartes.tn\/index.php\/wp-json\/wp\/v2\/users\/1"}],"replies":[{"embeddable":true,"href":"https:\/\/descartes.tn\/index.php\/wp-json\/wp\/v2\/comments?post=230"}],"version-history":[{"count":2,"href":"https:\/\/descartes.tn\/index.php\/wp-json\/wp\/v2\/posts\/230\/revisions"}],"predecessor-version":[{"id":245,"href":"https:\/\/descartes.tn\/index.php\/wp-json\/wp\/v2\/posts\/230\/revisions\/245"}],"wp:featuredmedia":[{"embeddable":true,"href":"https:\/\/descartes.tn\/index.php\/wp-json\/wp\/v2\/media\/240"}],"wp:attachment":[{"href":"https:\/\/descartes.tn\/index.php\/wp-json\/wp\/v2\/media?parent=230"}],"wp:term":[{"taxonomy":"category","embeddable":true,"href":"https:\/\/descartes.tn\/index.php\/wp-json\/wp\/v2\/categories?post=230"},{"taxonomy":"post_tag","embeddable":true,"href":"https:\/\/descartes.tn\/index.php\/wp-json\/wp\/v2\/tags?post=230"}],"curies":[{"name":"wp","href":"https:\/\/api.w.org\/{rel}","templated":true}]}}