{"id":167,"date":"2025-07-04T18:20:29","date_gmt":"2025-07-04T18:20:29","guid":{"rendered":"https:\/\/descartes.tn\/?p=167"},"modified":"2025-07-04T18:20:29","modified_gmt":"2025-07-04T18:20:29","slug":"cupra-devoile-en-exclusivite-le-terramar-a-gammarth-un-suv-100-cupra-a-lallure-audacieuse","status":"publish","type":"post","link":"https:\/\/descartes.tn\/index.php\/2025\/07\/04\/cupra-devoile-en-exclusivite-le-terramar-a-gammarth-un-suv-100-cupra-a-lallure-audacieuse\/","title":{"rendered":"CUPRA d\u00e9voile en exclusivit\u00e9 le Terramar \u00e0 Gammarth : un SUV 100 % CUPRA \u00e0 l\u2019allure audacieuse"},"content":{"rendered":"\n<p>Apr\u00e8s le succ\u00e8s retentissant des mod\u00e8les LEON et FORMENTOR, CUPRA a lev\u00e9 le voile, le 19 juin 2025, sur son tout nouveau SUV, le Terramar. La pr\u00e9sentation exclusive s\u2019est tenue dans le cadre prestigieux du Four Seasons Hotel \u00e0 Gammarth, marquant une \u00e9tape cl\u00e9 pour la marque avec le lancement de son premier SUV enti\u00e8rement con\u00e7u sous l\u2019identit\u00e9 CUPRA. Un mod\u00e8le au design affirm\u00e9, symbole d\u2019une nouvelle \u00e8re.<\/p>\n\n\n\n<p>La journ\u00e9e a d\u00e9but\u00e9 par une conf\u00e9rence de presse au CUPRA Garage, o\u00f9 les journalistes ont pu d\u00e9couvrir en avant-premi\u00e8re les caract\u00e9ristiques du Terramar, un v\u00e9hicule pens\u00e9 pour les amateurs de sensations fortes et de sportivit\u00e9 pure. \u00c0 cette occasion, M. Anouar Ben Ammar, Directeur G\u00e9n\u00e9ral d\u2019Ennakl Automobiles, repr\u00e9sentant officiel de CUPRA en Tunisie, a qualifi\u00e9 le Terramar de \u00ab mod\u00e8le strat\u00e9gique incarnant l\u2019ADN rebelle et avant-gardiste de la marque, en parfaite ad\u00e9quation avec les attentes du march\u00e9 tunisien. \u00bb<\/p>\n\n\n\n<p>La soir\u00e9e de lancement, immersive et r\u00e9solument audacieuse, a rassembl\u00e9 la communaut\u00e9 CUPRA, des influenceurs, des m\u00e9dias et de nombreux passionn\u00e9s d\u2019automobile. L\u2019ambiance, m\u00ealant innovation, \u00e9motion et design, a offert un \u00e9crin id\u00e9al pour r\u00e9v\u00e9ler les lignes dynamiques et le caract\u00e8re fort du nouveau Terramar.<\/p>\n\n\n\n<p>\u00c9galement pr\u00e9sent, M. Marc Riera Sch\u00f6ngarth, Vice-pr\u00e9sident des achats chez SEAT, a soulign\u00e9 l\u2019importance du march\u00e9 tunisien dans la strat\u00e9gie de d\u00e9veloppement de CUPRA \u00e0 l\u2019international.<\/p>\n\n\n\n<p>Le Terramar s\u2019impose comme le nouveau fer de lance de la marque dans le segment des SUV sportifs. Rendant hommage au l\u00e9gendaire circuit espagnol \u00e9ponyme, berceau de CUPRA, ce mod\u00e8le conjugue design rac\u00e9, puissance \u00e9motionnelle et exp\u00e9rience de conduite incomparable.<\/p>\n\n\n\n<p>D\u00e8s maintenant, deux versions sont disponibles sur le march\u00e9 tunisien :<\/p>\n\n\n\n<ul class=\"wp-block-list\">\n<li><strong>CUPRA Terramar<\/strong> : 172.980 TND TTC<\/li>\n\n\n\n<li><strong>CUPRA Terramar Sport<\/strong> : 184.980 TND TTC<\/li>\n<\/ul>\n\n\n\n<p>Deux finitions, deux personnalit\u00e9s, une m\u00eame signature : celle de CUPRA, marque rebelle par essence, tourn\u00e9e vers la performance et l\u2019innovation.<\/p>\n\n\n\n<p><strong>\u00c0 propos de CUPRA<\/strong><br>Bien plus qu\u2019un constructeur automobile, CUPRA se d\u00e9finit comme une marque lifestyle audacieuse, m\u00ealant \u00e9motion, performance et technologie. Avec ses racines ancr\u00e9es dans le sport automobile, elle ne cesse de repousser les limites du design et de l\u2019innovation, en affirmant une identit\u00e9 unique sur la sc\u00e8ne mondiale.<\/p>\n\n\n\n<figure class=\"wp-block-gallery has-nested-images columns-default is-cropped wp-block-gallery-1 is-layout-flex wp-block-gallery-is-layout-flex\">\n<figure class=\"wp-block-image size-large\"><img loading=\"lazy\" decoding=\"async\" width=\"1024\" height=\"682\" data-id=\"171\" src=\"https:\/\/descartes.tn\/wp-content\/uploads\/2025\/07\/lancement-du-cupra-terramar-94941-1024x682.webp\" alt=\"\" class=\"wp-image-171\" srcset=\"https:\/\/descartes.tn\/wp-content\/uploads\/2025\/07\/lancement-du-cupra-terramar-94941-1024x682.webp 1024w, https:\/\/descartes.tn\/wp-content\/uploads\/2025\/07\/lancement-du-cupra-terramar-94941-300x200.webp 300w, https:\/\/descartes.tn\/wp-content\/uploads\/2025\/07\/lancement-du-cupra-terramar-94941-768x512.webp 768w, https:\/\/descartes.tn\/wp-content\/uploads\/2025\/07\/lancement-du-cupra-terramar-94941-1536x1024.webp 1536w, https:\/\/descartes.tn\/wp-content\/uploads\/2025\/07\/lancement-du-cupra-terramar-94941.webp 2000w\" sizes=\"auto, (max-width: 1024px) 100vw, 1024px\" \/><\/figure>\n\n\n\n<figure class=\"wp-block-image size-large\"><img loading=\"lazy\" decoding=\"async\" width=\"1024\" height=\"682\" data-id=\"174\" src=\"https:\/\/descartes.tn\/wp-content\/uploads\/2025\/07\/lancement-du-cupra-terramar-94944-1024x682.webp\" alt=\"\" class=\"wp-image-174\" srcset=\"https:\/\/descartes.tn\/wp-content\/uploads\/2025\/07\/lancement-du-cupra-terramar-94944-1024x682.webp 1024w, https:\/\/descartes.tn\/wp-content\/uploads\/2025\/07\/lancement-du-cupra-terramar-94944-300x200.webp 300w, https:\/\/descartes.tn\/wp-content\/uploads\/2025\/07\/lancement-du-cupra-terramar-94944-768x512.webp 768w, https:\/\/descartes.tn\/wp-content\/uploads\/2025\/07\/lancement-du-cupra-terramar-94944-1536x1024.webp 1536w, https:\/\/descartes.tn\/wp-content\/uploads\/2025\/07\/lancement-du-cupra-terramar-94944.webp 2000w\" sizes=\"auto, (max-width: 1024px) 100vw, 1024px\" \/><\/figure>\n\n\n\n<figure class=\"wp-block-image size-large\"><img loading=\"lazy\" decoding=\"async\" width=\"1024\" height=\"682\" data-id=\"175\" src=\"https:\/\/descartes.tn\/wp-content\/uploads\/2025\/07\/lancement-du-cupra-terramar-94945-1024x682.webp\" alt=\"\" class=\"wp-image-175\" srcset=\"https:\/\/descartes.tn\/wp-content\/uploads\/2025\/07\/lancement-du-cupra-terramar-94945-1024x682.webp 1024w, https:\/\/descartes.tn\/wp-content\/uploads\/2025\/07\/lancement-du-cupra-terramar-94945-300x200.webp 300w, https:\/\/descartes.tn\/wp-content\/uploads\/2025\/07\/lancement-du-cupra-terramar-94945-768x512.webp 768w, https:\/\/descartes.tn\/wp-content\/uploads\/2025\/07\/lancement-du-cupra-terramar-94945-1536x1024.webp 1536w, https:\/\/descartes.tn\/wp-content\/uploads\/2025\/07\/lancement-du-cupra-terramar-94945.webp 2000w\" sizes=\"auto, (max-width: 1024px) 100vw, 1024px\" \/><\/figure>\n\n\n\n<figure class=\"wp-block-image size-large\"><img loading=\"lazy\" decoding=\"async\" width=\"1024\" height=\"682\" data-id=\"176\" src=\"https:\/\/descartes.tn\/wp-content\/uploads\/2025\/07\/lancement-du-cupra-terramar-94947-1024x682.webp\" alt=\"\" class=\"wp-image-176\" srcset=\"https:\/\/descartes.tn\/wp-content\/uploads\/2025\/07\/lancement-du-cupra-terramar-94947-1024x682.webp 1024w, https:\/\/descartes.tn\/wp-content\/uploads\/2025\/07\/lancement-du-cupra-terramar-94947-300x200.webp 300w, https:\/\/descartes.tn\/wp-content\/uploads\/2025\/07\/lancement-du-cupra-terramar-94947-768x512.webp 768w, https:\/\/descartes.tn\/wp-content\/uploads\/2025\/07\/lancement-du-cupra-terramar-94947-1536x1024.webp 1536w, https:\/\/descartes.tn\/wp-content\/uploads\/2025\/07\/lancement-du-cupra-terramar-94947.webp 2000w\" sizes=\"auto, (max-width: 1024px) 100vw, 1024px\" \/><\/figure>\n\n\n\n<figure class=\"wp-block-image size-large\"><img loading=\"lazy\" decoding=\"async\" width=\"1024\" height=\"682\" data-id=\"178\" src=\"https:\/\/descartes.tn\/wp-content\/uploads\/2025\/07\/lancement-du-cupra-terramar-94951-1-1024x682.webp\" alt=\"\" class=\"wp-image-178\" srcset=\"https:\/\/descartes.tn\/wp-content\/uploads\/2025\/07\/lancement-du-cupra-terramar-94951-1-1024x682.webp 1024w, https:\/\/descartes.tn\/wp-content\/uploads\/2025\/07\/lancement-du-cupra-terramar-94951-1-300x200.webp 300w, https:\/\/descartes.tn\/wp-content\/uploads\/2025\/07\/lancement-du-cupra-terramar-94951-1-768x512.webp 768w, https:\/\/descartes.tn\/wp-content\/uploads\/2025\/07\/lancement-du-cupra-terramar-94951-1-1536x1024.webp 1536w, https:\/\/descartes.tn\/wp-content\/uploads\/2025\/07\/lancement-du-cupra-terramar-94951-1.webp 2000w\" sizes=\"auto, (max-width: 1024px) 100vw, 1024px\" \/><\/figure>\n\n\n\n<figure class=\"wp-block-image size-large\"><img loading=\"lazy\" decoding=\"async\" width=\"1024\" height=\"682\" data-id=\"182\" src=\"https:\/\/descartes.tn\/wp-content\/uploads\/2025\/07\/lancement-du-cupra-terramar-94952-1024x682.webp\" alt=\"\" class=\"wp-image-182\" srcset=\"https:\/\/descartes.tn\/wp-content\/uploads\/2025\/07\/lancement-du-cupra-terramar-94952-1024x682.webp 1024w, https:\/\/descartes.tn\/wp-content\/uploads\/2025\/07\/lancement-du-cupra-terramar-94952-300x200.webp 300w, https:\/\/descartes.tn\/wp-content\/uploads\/2025\/07\/lancement-du-cupra-terramar-94952-768x512.webp 768w, https:\/\/descartes.tn\/wp-content\/uploads\/2025\/07\/lancement-du-cupra-terramar-94952-1536x1024.webp 1536w, https:\/\/descartes.tn\/wp-content\/uploads\/2025\/07\/lancement-du-cupra-terramar-94952.webp 2000w\" sizes=\"auto, (max-width: 1024px) 100vw, 1024px\" \/><\/figure>\n\n\n\n<figure class=\"wp-block-image size-large\"><img loading=\"lazy\" decoding=\"async\" width=\"1024\" height=\"682\" data-id=\"183\" src=\"https:\/\/descartes.tn\/wp-content\/uploads\/2025\/07\/lancement-du-cupra-terramar-94953-1024x682.webp\" alt=\"\" class=\"wp-image-183\" srcset=\"https:\/\/descartes.tn\/wp-content\/uploads\/2025\/07\/lancement-du-cupra-terramar-94953-1024x682.webp 1024w, https:\/\/descartes.tn\/wp-content\/uploads\/2025\/07\/lancement-du-cupra-terramar-94953-300x200.webp 300w, https:\/\/descartes.tn\/wp-content\/uploads\/2025\/07\/lancement-du-cupra-terramar-94953-768x512.webp 768w, https:\/\/descartes.tn\/wp-content\/uploads\/2025\/07\/lancement-du-cupra-terramar-94953-1536x1024.webp 1536w, https:\/\/descartes.tn\/wp-content\/uploads\/2025\/07\/lancement-du-cupra-terramar-94953.webp 2000w\" sizes=\"auto, (max-width: 1024px) 100vw, 1024px\" \/><\/figure>\n\n\n\n<figure class=\"wp-block-image size-large\"><img loading=\"lazy\" decoding=\"async\" width=\"1024\" height=\"682\" data-id=\"185\" src=\"https:\/\/descartes.tn\/wp-content\/uploads\/2025\/07\/lancement-du-cupra-terramar-94956-1024x682.webp\" alt=\"\" class=\"wp-image-185\" srcset=\"https:\/\/descartes.tn\/wp-content\/uploads\/2025\/07\/lancement-du-cupra-terramar-94956-1024x682.webp 1024w, https:\/\/descartes.tn\/wp-content\/uploads\/2025\/07\/lancement-du-cupra-terramar-94956-300x200.webp 300w, https:\/\/descartes.tn\/wp-content\/uploads\/2025\/07\/lancement-du-cupra-terramar-94956-768x512.webp 768w, https:\/\/descartes.tn\/wp-content\/uploads\/2025\/07\/lancement-du-cupra-terramar-94956-1536x1024.webp 1536w, https:\/\/descartes.tn\/wp-content\/uploads\/2025\/07\/lancement-du-cupra-terramar-94956.webp 2000w\" sizes=\"auto, (max-width: 1024px) 100vw, 1024px\" \/><\/figure>\n\n\n\n<figure class=\"wp-block-image size-large\"><img loading=\"lazy\" decoding=\"async\" width=\"1024\" height=\"682\" data-id=\"188\" src=\"https:\/\/descartes.tn\/wp-content\/uploads\/2025\/07\/lancement-du-cupra-terramar-94960-1024x682.webp\" alt=\"\" class=\"wp-image-188\" srcset=\"https:\/\/descartes.tn\/wp-content\/uploads\/2025\/07\/lancement-du-cupra-terramar-94960-1024x682.webp 1024w, https:\/\/descartes.tn\/wp-content\/uploads\/2025\/07\/lancement-du-cupra-terramar-94960-300x200.webp 300w, https:\/\/descartes.tn\/wp-content\/uploads\/2025\/07\/lancement-du-cupra-terramar-94960-768x512.webp 768w, https:\/\/descartes.tn\/wp-content\/uploads\/2025\/07\/lancement-du-cupra-terramar-94960-1536x1024.webp 1536w, https:\/\/descartes.tn\/wp-content\/uploads\/2025\/07\/lancement-du-cupra-terramar-94960.webp 2000w\" sizes=\"auto, (max-width: 1024px) 100vw, 1024px\" \/><\/figure>\n\n\n\n<figure class=\"wp-block-image size-large\"><img loading=\"lazy\" decoding=\"async\" width=\"1024\" height=\"682\" data-id=\"191\" src=\"https:\/\/descartes.tn\/wp-content\/uploads\/2025\/07\/lancement-du-cupra-terramar-en-tunisie-un-suv-au-caractere-bien-trempe-94898-1024x682.webp\" alt=\"\" class=\"wp-image-191\" srcset=\"https:\/\/descartes.tn\/wp-content\/uploads\/2025\/07\/lancement-du-cupra-terramar-en-tunisie-un-suv-au-caractere-bien-trempe-94898-1024x682.webp 1024w, https:\/\/descartes.tn\/wp-content\/uploads\/2025\/07\/lancement-du-cupra-terramar-en-tunisie-un-suv-au-caractere-bien-trempe-94898-300x200.webp 300w, https:\/\/descartes.tn\/wp-content\/uploads\/2025\/07\/lancement-du-cupra-terramar-en-tunisie-un-suv-au-caractere-bien-trempe-94898-768x512.webp 768w, https:\/\/descartes.tn\/wp-content\/uploads\/2025\/07\/lancement-du-cupra-terramar-en-tunisie-un-suv-au-caractere-bien-trempe-94898-1536x1024.webp 1536w, https:\/\/descartes.tn\/wp-content\/uploads\/2025\/07\/lancement-du-cupra-terramar-en-tunisie-un-suv-au-caractere-bien-trempe-94898.webp 2000w\" sizes=\"auto, (max-width: 1024px) 100vw, 1024px\" \/><\/figure>\n\n\n\n<figure class=\"wp-block-image size-large\"><img loading=\"lazy\" decoding=\"async\" width=\"1024\" height=\"682\" data-id=\"198\" src=\"https:\/\/descartes.tn\/wp-content\/uploads\/2025\/07\/lancement-du-cupra-terramar-en-tunisie-un-suv-au-caractere-bien-trempe-94907-1024x682.webp\" alt=\"\" class=\"wp-image-198\" srcset=\"https:\/\/descartes.tn\/wp-content\/uploads\/2025\/07\/lancement-du-cupra-terramar-en-tunisie-un-suv-au-caractere-bien-trempe-94907-1024x682.webp 1024w, https:\/\/descartes.tn\/wp-content\/uploads\/2025\/07\/lancement-du-cupra-terramar-en-tunisie-un-suv-au-caractere-bien-trempe-94907-300x200.webp 300w, https:\/\/descartes.tn\/wp-content\/uploads\/2025\/07\/lancement-du-cupra-terramar-en-tunisie-un-suv-au-caractere-bien-trempe-94907-768x512.webp 768w, https:\/\/descartes.tn\/wp-content\/uploads\/2025\/07\/lancement-du-cupra-terramar-en-tunisie-un-suv-au-caractere-bien-trempe-94907-1536x1024.webp 1536w, https:\/\/descartes.tn\/wp-content\/uploads\/2025\/07\/lancement-du-cupra-terramar-en-tunisie-un-suv-au-caractere-bien-trempe-94907.webp 2000w\" sizes=\"auto, (max-width: 1024px) 100vw, 1024px\" \/><\/figure>\n\n\n\n<figure class=\"wp-block-image size-large\"><img loading=\"lazy\" decoding=\"async\" width=\"1024\" height=\"682\" data-id=\"201\" src=\"https:\/\/descartes.tn\/wp-content\/uploads\/2025\/07\/lancement-du-cupra-terramar-en-tunisie-un-suv-au-caractere-bien-trempe-94910-1024x682.webp\" alt=\"\" class=\"wp-image-201\" srcset=\"https:\/\/descartes.tn\/wp-content\/uploads\/2025\/07\/lancement-du-cupra-terramar-en-tunisie-un-suv-au-caractere-bien-trempe-94910-1024x682.webp 1024w, https:\/\/descartes.tn\/wp-content\/uploads\/2025\/07\/lancement-du-cupra-terramar-en-tunisie-un-suv-au-caractere-bien-trempe-94910-300x200.webp 300w, https:\/\/descartes.tn\/wp-content\/uploads\/2025\/07\/lancement-du-cupra-terramar-en-tunisie-un-suv-au-caractere-bien-trempe-94910-768x512.webp 768w, https:\/\/descartes.tn\/wp-content\/uploads\/2025\/07\/lancement-du-cupra-terramar-en-tunisie-un-suv-au-caractere-bien-trempe-94910-1536x1024.webp 1536w, https:\/\/descartes.tn\/wp-content\/uploads\/2025\/07\/lancement-du-cupra-terramar-en-tunisie-un-suv-au-caractere-bien-trempe-94910.webp 2000w\" sizes=\"auto, (max-width: 1024px) 100vw, 1024px\" \/><\/figure>\n\n\n\n<figure class=\"wp-block-image size-large\"><img loading=\"lazy\" decoding=\"async\" width=\"1024\" height=\"682\" data-id=\"209\" src=\"https:\/\/descartes.tn\/wp-content\/uploads\/2025\/07\/lancement-du-cupra-terramar-en-tunisie-un-suv-au-caractere-bien-trempe-94921-1024x682.webp\" alt=\"\" class=\"wp-image-209\" srcset=\"https:\/\/descartes.tn\/wp-content\/uploads\/2025\/07\/lancement-du-cupra-terramar-en-tunisie-un-suv-au-caractere-bien-trempe-94921-1024x682.webp 1024w, https:\/\/descartes.tn\/wp-content\/uploads\/2025\/07\/lancement-du-cupra-terramar-en-tunisie-un-suv-au-caractere-bien-trempe-94921-300x200.webp 300w, https:\/\/descartes.tn\/wp-content\/uploads\/2025\/07\/lancement-du-cupra-terramar-en-tunisie-un-suv-au-caractere-bien-trempe-94921-768x512.webp 768w, https:\/\/descartes.tn\/wp-content\/uploads\/2025\/07\/lancement-du-cupra-terramar-en-tunisie-un-suv-au-caractere-bien-trempe-94921-1536x1024.webp 1536w, https:\/\/descartes.tn\/wp-content\/uploads\/2025\/07\/lancement-du-cupra-terramar-en-tunisie-un-suv-au-caractere-bien-trempe-94921.webp 2000w\" sizes=\"auto, (max-width: 1024px) 100vw, 1024px\" \/><\/figure>\n\n\n\n<figure class=\"wp-block-image size-large\"><img loading=\"lazy\" decoding=\"async\" width=\"1024\" height=\"682\" data-id=\"210\" src=\"https:\/\/descartes.tn\/wp-content\/uploads\/2025\/07\/lancement-du-cupra-terramar-en-tunisie-un-suv-au-caractere-bien-trempe-94922-1024x682.webp\" alt=\"\" class=\"wp-image-210\" srcset=\"https:\/\/descartes.tn\/wp-content\/uploads\/2025\/07\/lancement-du-cupra-terramar-en-tunisie-un-suv-au-caractere-bien-trempe-94922-1024x682.webp 1024w, https:\/\/descartes.tn\/wp-content\/uploads\/2025\/07\/lancement-du-cupra-terramar-en-tunisie-un-suv-au-caractere-bien-trempe-94922-300x200.webp 300w, https:\/\/descartes.tn\/wp-content\/uploads\/2025\/07\/lancement-du-cupra-terramar-en-tunisie-un-suv-au-caractere-bien-trempe-94922-768x512.webp 768w, https:\/\/descartes.tn\/wp-content\/uploads\/2025\/07\/lancement-du-cupra-terramar-en-tunisie-un-suv-au-caractere-bien-trempe-94922-1536x1024.webp 1536w, https:\/\/descartes.tn\/wp-content\/uploads\/2025\/07\/lancement-du-cupra-terramar-en-tunisie-un-suv-au-caractere-bien-trempe-94922.webp 2000w\" sizes=\"auto, (max-width: 1024px) 100vw, 1024px\" \/><\/figure>\n\n\n\n<figure class=\"wp-block-image size-large\"><img loading=\"lazy\" decoding=\"async\" width=\"1024\" height=\"682\" data-id=\"212\" src=\"https:\/\/descartes.tn\/wp-content\/uploads\/2025\/07\/lancement-du-cupra-terramar-en-tunisie-un-suv-au-caractere-bien-trempe-94924-1024x682.webp\" alt=\"\" class=\"wp-image-212\" srcset=\"https:\/\/descartes.tn\/wp-content\/uploads\/2025\/07\/lancement-du-cupra-terramar-en-tunisie-un-suv-au-caractere-bien-trempe-94924-1024x682.webp 1024w, https:\/\/descartes.tn\/wp-content\/uploads\/2025\/07\/lancement-du-cupra-terramar-en-tunisie-un-suv-au-caractere-bien-trempe-94924-300x200.webp 300w, https:\/\/descartes.tn\/wp-content\/uploads\/2025\/07\/lancement-du-cupra-terramar-en-tunisie-un-suv-au-caractere-bien-trempe-94924-768x512.webp 768w, https:\/\/descartes.tn\/wp-content\/uploads\/2025\/07\/lancement-du-cupra-terramar-en-tunisie-un-suv-au-caractere-bien-trempe-94924-1536x1024.webp 1536w, https:\/\/descartes.tn\/wp-content\/uploads\/2025\/07\/lancement-du-cupra-terramar-en-tunisie-un-suv-au-caractere-bien-trempe-94924.webp 2000w\" sizes=\"auto, (max-width: 1024px) 100vw, 1024px\" \/><\/figure>\n\n\n\n<figure class=\"wp-block-image size-large\"><img loading=\"lazy\" decoding=\"async\" width=\"1024\" height=\"682\" data-id=\"217\" src=\"https:\/\/descartes.tn\/wp-content\/uploads\/2025\/07\/lancement-du-cupra-terramar-en-tunisie-un-suv-au-caractere-bien-trempe-94929-1024x682.webp\" alt=\"\" class=\"wp-image-217\" srcset=\"https:\/\/descartes.tn\/wp-content\/uploads\/2025\/07\/lancement-du-cupra-terramar-en-tunisie-un-suv-au-caractere-bien-trempe-94929-1024x682.webp 1024w, https:\/\/descartes.tn\/wp-content\/uploads\/2025\/07\/lancement-du-cupra-terramar-en-tunisie-un-suv-au-caractere-bien-trempe-94929-300x200.webp 300w, https:\/\/descartes.tn\/wp-content\/uploads\/2025\/07\/lancement-du-cupra-terramar-en-tunisie-un-suv-au-caractere-bien-trempe-94929-768x512.webp 768w, https:\/\/descartes.tn\/wp-content\/uploads\/2025\/07\/lancement-du-cupra-terramar-en-tunisie-un-suv-au-caractere-bien-trempe-94929-1536x1024.webp 1536w, https:\/\/descartes.tn\/wp-content\/uploads\/2025\/07\/lancement-du-cupra-terramar-en-tunisie-un-suv-au-caractere-bien-trempe-94929.webp 2000w\" sizes=\"auto, (max-width: 1024px) 100vw, 1024px\" \/><\/figure>\n\n\n\n<figure class=\"wp-block-image size-large\"><img loading=\"lazy\" decoding=\"async\" width=\"1024\" height=\"682\" data-id=\"221\" src=\"https:\/\/descartes.tn\/wp-content\/uploads\/2025\/07\/lancement-du-cupra-terramar-en-tunisie-un-suv-au-caractere-bien-trempe-94934-1024x682.webp\" alt=\"\" class=\"wp-image-221\" srcset=\"https:\/\/descartes.tn\/wp-content\/uploads\/2025\/07\/lancement-du-cupra-terramar-en-tunisie-un-suv-au-caractere-bien-trempe-94934-1024x682.webp 1024w, https:\/\/descartes.tn\/wp-content\/uploads\/2025\/07\/lancement-du-cupra-terramar-en-tunisie-un-suv-au-caractere-bien-trempe-94934-300x200.webp 300w, https:\/\/descartes.tn\/wp-content\/uploads\/2025\/07\/lancement-du-cupra-terramar-en-tunisie-un-suv-au-caractere-bien-trempe-94934-768x512.webp 768w, https:\/\/descartes.tn\/wp-content\/uploads\/2025\/07\/lancement-du-cupra-terramar-en-tunisie-un-suv-au-caractere-bien-trempe-94934-1536x1024.webp 1536w, https:\/\/descartes.tn\/wp-content\/uploads\/2025\/07\/lancement-du-cupra-terramar-en-tunisie-un-suv-au-caractere-bien-trempe-94934.webp 2000w\" sizes=\"auto, (max-width: 1024px) 100vw, 1024px\" \/><\/figure>\n<\/figure>\n","protected":false},"excerpt":{"rendered":"<p>Apr\u00e8s le succ\u00e8s retentissant des mod\u00e8les LEON et FORMENTOR, CUPRA a lev\u00e9 le voile, le 19 juin 2025, sur son tout nouveau SUV, le Terramar. La pr\u00e9sentation exclusive s\u2019est tenue dans le cadre prestigieux du Four Seasons Hotel \u00e0 Gammarth, marquant une \u00e9tape cl\u00e9 pour la marque avec le lancement de son premier SUV enti\u00e8rement [&hellip;]<\/p>\n","protected":false},"author":1,"featured_media":190,"comment_status":"open","ping_status":"closed","sticky":false,"template":"","format":"standard","meta":{"footnotes":""},"categories":[6,1],"tags":[28],"class_list":["post-167","post","type-post","status-publish","format-standard","has-post-thumbnail","hentry","category-a-plein-tubes","category-actualites","tag-cupra"],"yoast_head":"<!-- This site is optimized with the Yoast SEO plugin v27.5 - https:\/\/yoast.com\/product\/yoast-seo-wordpress\/ -->\n<title>CUPRA d\u00e9voile en exclusivit\u00e9 le Terramar \u00e0 Gammarth : un SUV 100 % CUPRA \u00e0 l\u2019allure audacieuse - Descartes.tn<\/title>\n<meta name=\"robots\" content=\"index, follow, max-snippet:-1, max-image-preview:large, max-video-preview:-1\" \/>\n<link rel=\"canonical\" href=\"https:\/\/descartes.tn\/index.php\/2025\/07\/04\/cupra-devoile-en-exclusivite-le-terramar-a-gammarth-un-suv-100-cupra-a-lallure-audacieuse\/\" \/>\n<meta property=\"og:locale\" content=\"en_US\" \/>\n<meta property=\"og:type\" content=\"article\" \/>\n<meta property=\"og:title\" content=\"CUPRA d\u00e9voile en exclusivit\u00e9 le Terramar \u00e0 Gammarth : un SUV 100 % CUPRA \u00e0 l\u2019allure audacieuse - Descartes.tn\" \/>\n<meta property=\"og:description\" content=\"Apr\u00e8s le succ\u00e8s retentissant des mod\u00e8les LEON et FORMENTOR, CUPRA a lev\u00e9 le voile, le 19 juin 2025, sur son tout nouveau SUV, le Terramar. La pr\u00e9sentation exclusive s\u2019est tenue dans le cadre prestigieux du Four Seasons Hotel \u00e0 Gammarth, marquant une \u00e9tape cl\u00e9 pour la marque avec le lancement de son premier SUV enti\u00e8rement [&hellip;]\" \/>\n<meta property=\"og:url\" content=\"https:\/\/descartes.tn\/index.php\/2025\/07\/04\/cupra-devoile-en-exclusivite-le-terramar-a-gammarth-un-suv-100-cupra-a-lallure-audacieuse\/\" \/>\n<meta property=\"og:site_name\" content=\"Descartes.tn\" \/>\n<meta property=\"article:publisher\" content=\"https:\/\/www.facebook.com\/Magdescartes\" \/>\n<meta property=\"article:published_time\" content=\"2025-07-04T18:20:29+00:00\" \/>\n<meta property=\"og:image\" content=\"https:\/\/descartes.tn\/wp-content\/uploads\/2025\/07\/lancement-du-cupra-terramar-94962.webp\" \/>\n\t<meta property=\"og:image:width\" content=\"2000\" \/>\n\t<meta property=\"og:image:height\" content=\"1333\" \/>\n\t<meta property=\"og:image:type\" content=\"image\/webp\" \/>\n<meta name=\"author\" content=\"admin\" \/>\n<meta name=\"twitter:card\" content=\"summary_large_image\" \/>\n<meta name=\"twitter:label1\" content=\"Written by\" \/>\n\t<meta name=\"twitter:data1\" content=\"admin\" \/>\n\t<meta name=\"twitter:label2\" content=\"Est. reading time\" \/>\n\t<meta name=\"twitter:data2\" content=\"2 minutes\" \/>\n<script type=\"application\/ld+json\" class=\"yoast-schema-graph\">{\"@context\":\"https:\\\/\\\/schema.org\",\"@graph\":[{\"@type\":\"Article\",\"@id\":\"https:\\\/\\\/descartes.tn\\\/index.php\\\/2025\\\/07\\\/04\\\/cupra-devoile-en-exclusivite-le-terramar-a-gammarth-un-suv-100-cupra-a-lallure-audacieuse\\\/#article\",\"isPartOf\":{\"@id\":\"https:\\\/\\\/descartes.tn\\\/index.php\\\/2025\\\/07\\\/04\\\/cupra-devoile-en-exclusivite-le-terramar-a-gammarth-un-suv-100-cupra-a-lallure-audacieuse\\\/\"},\"author\":{\"name\":\"admin\",\"@id\":\"https:\\\/\\\/descartes.tn\\\/#\\\/schema\\\/person\\\/9fd67540eb53221af50a61878b6721ae\"},\"headline\":\"CUPRA d\u00e9voile en exclusivit\u00e9 le Terramar \u00e0 Gammarth : un SUV 100 % CUPRA \u00e0 l\u2019allure audacieuse\",\"datePublished\":\"2025-07-04T18:20:29+00:00\",\"mainEntityOfPage\":{\"@id\":\"https:\\\/\\\/descartes.tn\\\/index.php\\\/2025\\\/07\\\/04\\\/cupra-devoile-en-exclusivite-le-terramar-a-gammarth-un-suv-100-cupra-a-lallure-audacieuse\\\/\"},\"wordCount\":413,\"commentCount\":0,\"publisher\":{\"@id\":\"https:\\\/\\\/descartes.tn\\\/#organization\"},\"image\":{\"@id\":\"https:\\\/\\\/descartes.tn\\\/index.php\\\/2025\\\/07\\\/04\\\/cupra-devoile-en-exclusivite-le-terramar-a-gammarth-un-suv-100-cupra-a-lallure-audacieuse\\\/#primaryimage\"},\"thumbnailUrl\":\"https:\\\/\\\/descartes.tn\\\/wp-content\\\/uploads\\\/2025\\\/07\\\/lancement-du-cupra-terramar-94962.webp\",\"keywords\":[\"cupra\"],\"articleSection\":[\"A Plein Tubes\",\"Actualit\u00e9s\"],\"inLanguage\":\"en-US\",\"potentialAction\":[{\"@type\":\"CommentAction\",\"name\":\"Comment\",\"target\":[\"https:\\\/\\\/descartes.tn\\\/index.php\\\/2025\\\/07\\\/04\\\/cupra-devoile-en-exclusivite-le-terramar-a-gammarth-un-suv-100-cupra-a-lallure-audacieuse\\\/#respond\"]}]},{\"@type\":\"WebPage\",\"@id\":\"https:\\\/\\\/descartes.tn\\\/index.php\\\/2025\\\/07\\\/04\\\/cupra-devoile-en-exclusivite-le-terramar-a-gammarth-un-suv-100-cupra-a-lallure-audacieuse\\\/\",\"url\":\"https:\\\/\\\/descartes.tn\\\/index.php\\\/2025\\\/07\\\/04\\\/cupra-devoile-en-exclusivite-le-terramar-a-gammarth-un-suv-100-cupra-a-lallure-audacieuse\\\/\",\"name\":\"CUPRA d\u00e9voile en exclusivit\u00e9 le Terramar \u00e0 Gammarth : un SUV 100 % CUPRA \u00e0 l\u2019allure audacieuse - Descartes.tn\",\"isPartOf\":{\"@id\":\"https:\\\/\\\/descartes.tn\\\/#website\"},\"primaryImageOfPage\":{\"@id\":\"https:\\\/\\\/descartes.tn\\\/index.php\\\/2025\\\/07\\\/04\\\/cupra-devoile-en-exclusivite-le-terramar-a-gammarth-un-suv-100-cupra-a-lallure-audacieuse\\\/#primaryimage\"},\"image\":{\"@id\":\"https:\\\/\\\/descartes.tn\\\/index.php\\\/2025\\\/07\\\/04\\\/cupra-devoile-en-exclusivite-le-terramar-a-gammarth-un-suv-100-cupra-a-lallure-audacieuse\\\/#primaryimage\"},\"thumbnailUrl\":\"https:\\\/\\\/descartes.tn\\\/wp-content\\\/uploads\\\/2025\\\/07\\\/lancement-du-cupra-terramar-94962.webp\",\"datePublished\":\"2025-07-04T18:20:29+00:00\",\"breadcrumb\":{\"@id\":\"https:\\\/\\\/descartes.tn\\\/index.php\\\/2025\\\/07\\\/04\\\/cupra-devoile-en-exclusivite-le-terramar-a-gammarth-un-suv-100-cupra-a-lallure-audacieuse\\\/#breadcrumb\"},\"inLanguage\":\"en-US\",\"potentialAction\":[{\"@type\":\"ReadAction\",\"target\":[\"https:\\\/\\\/descartes.tn\\\/index.php\\\/2025\\\/07\\\/04\\\/cupra-devoile-en-exclusivite-le-terramar-a-gammarth-un-suv-100-cupra-a-lallure-audacieuse\\\/\"]}]},{\"@type\":\"ImageObject\",\"inLanguage\":\"en-US\",\"@id\":\"https:\\\/\\\/descartes.tn\\\/index.php\\\/2025\\\/07\\\/04\\\/cupra-devoile-en-exclusivite-le-terramar-a-gammarth-un-suv-100-cupra-a-lallure-audacieuse\\\/#primaryimage\",\"url\":\"https:\\\/\\\/descartes.tn\\\/wp-content\\\/uploads\\\/2025\\\/07\\\/lancement-du-cupra-terramar-94962.webp\",\"contentUrl\":\"https:\\\/\\\/descartes.tn\\\/wp-content\\\/uploads\\\/2025\\\/07\\\/lancement-du-cupra-terramar-94962.webp\",\"width\":2000,\"height\":1333},{\"@type\":\"BreadcrumbList\",\"@id\":\"https:\\\/\\\/descartes.tn\\\/index.php\\\/2025\\\/07\\\/04\\\/cupra-devoile-en-exclusivite-le-terramar-a-gammarth-un-suv-100-cupra-a-lallure-audacieuse\\\/#breadcrumb\",\"itemListElement\":[{\"@type\":\"ListItem\",\"position\":1,\"name\":\"Home\",\"item\":\"https:\\\/\\\/descartes.tn\\\/\"},{\"@type\":\"ListItem\",\"position\":2,\"name\":\"CUPRA d\u00e9voile en exclusivit\u00e9 le Terramar \u00e0 Gammarth : un SUV 100 % CUPRA \u00e0 l\u2019allure audacieuse\"}]},{\"@type\":\"WebSite\",\"@id\":\"https:\\\/\\\/descartes.tn\\\/#website\",\"url\":\"https:\\\/\\\/descartes.tn\\\/\",\"name\":\"Descartes.tn\",\"description\":\"\",\"publisher\":{\"@id\":\"https:\\\/\\\/descartes.tn\\\/#organization\"},\"potentialAction\":[{\"@type\":\"SearchAction\",\"target\":{\"@type\":\"EntryPoint\",\"urlTemplate\":\"https:\\\/\\\/descartes.tn\\\/?s={search_term_string}\"},\"query-input\":{\"@type\":\"PropertyValueSpecification\",\"valueRequired\":true,\"valueName\":\"search_term_string\"}}],\"inLanguage\":\"en-US\"},{\"@type\":\"Organization\",\"@id\":\"https:\\\/\\\/descartes.tn\\\/#organization\",\"name\":\"Descartes.tn\",\"url\":\"https:\\\/\\\/descartes.tn\\\/\",\"logo\":{\"@type\":\"ImageObject\",\"inLanguage\":\"en-US\",\"@id\":\"https:\\\/\\\/descartes.tn\\\/#\\\/schema\\\/logo\\\/image\\\/\",\"url\":\"https:\\\/\\\/descartes.tn\\\/wp-content\\\/uploads\\\/2025\\\/10\\\/cropped-Fichier-1-1.png\",\"contentUrl\":\"https:\\\/\\\/descartes.tn\\\/wp-content\\\/uploads\\\/2025\\\/10\\\/cropped-Fichier-1-1.png\",\"width\":136,\"height\":19,\"caption\":\"Descartes.tn\"},\"image\":{\"@id\":\"https:\\\/\\\/descartes.tn\\\/#\\\/schema\\\/logo\\\/image\\\/\"},\"sameAs\":[\"https:\\\/\\\/www.facebook.com\\\/Magdescartes\",\"https:\\\/\\\/www.instagram.com\\\/descartes.magazine\\\/\"]},{\"@type\":\"Person\",\"@id\":\"https:\\\/\\\/descartes.tn\\\/#\\\/schema\\\/person\\\/9fd67540eb53221af50a61878b6721ae\",\"name\":\"admin\",\"image\":{\"@type\":\"ImageObject\",\"inLanguage\":\"en-US\",\"@id\":\"https:\\\/\\\/secure.gravatar.com\\\/avatar\\\/871417dfba5a884ed81f7f8e04e2eea75e8ef480bcb1e5ea634438506d493132?s=96&d=mm&r=g\",\"url\":\"https:\\\/\\\/secure.gravatar.com\\\/avatar\\\/871417dfba5a884ed81f7f8e04e2eea75e8ef480bcb1e5ea634438506d493132?s=96&d=mm&r=g\",\"contentUrl\":\"https:\\\/\\\/secure.gravatar.com\\\/avatar\\\/871417dfba5a884ed81f7f8e04e2eea75e8ef480bcb1e5ea634438506d493132?s=96&d=mm&r=g\",\"caption\":\"admin\"},\"sameAs\":[\"https:\\\/\\\/descartes.tn\"],\"url\":\"https:\\\/\\\/descartes.tn\\\/index.php\\\/author\\\/admin_pmykj64c\\\/\"}]}<\/script>\n<!-- \/ Yoast SEO plugin. -->","yoast_head_json":{"title":"CUPRA d\u00e9voile en exclusivit\u00e9 le Terramar \u00e0 Gammarth : un SUV 100 % CUPRA \u00e0 l\u2019allure audacieuse - Descartes.tn","robots":{"index":"index","follow":"follow","max-snippet":"max-snippet:-1","max-image-preview":"max-image-preview:large","max-video-preview":"max-video-preview:-1"},"canonical":"https:\/\/descartes.tn\/index.php\/2025\/07\/04\/cupra-devoile-en-exclusivite-le-terramar-a-gammarth-un-suv-100-cupra-a-lallure-audacieuse\/","og_locale":"en_US","og_type":"article","og_title":"CUPRA d\u00e9voile en exclusivit\u00e9 le Terramar \u00e0 Gammarth : un SUV 100 % CUPRA \u00e0 l\u2019allure audacieuse - Descartes.tn","og_description":"Apr\u00e8s le succ\u00e8s retentissant des mod\u00e8les LEON et FORMENTOR, CUPRA a lev\u00e9 le voile, le 19 juin 2025, sur son tout nouveau SUV, le Terramar. La pr\u00e9sentation exclusive s\u2019est tenue dans le cadre prestigieux du Four Seasons Hotel \u00e0 Gammarth, marquant une \u00e9tape cl\u00e9 pour la marque avec le lancement de son premier SUV enti\u00e8rement [&hellip;]","og_url":"https:\/\/descartes.tn\/index.php\/2025\/07\/04\/cupra-devoile-en-exclusivite-le-terramar-a-gammarth-un-suv-100-cupra-a-lallure-audacieuse\/","og_site_name":"Descartes.tn","article_publisher":"https:\/\/www.facebook.com\/Magdescartes","article_published_time":"2025-07-04T18:20:29+00:00","og_image":[{"width":2000,"height":1333,"url":"https:\/\/descartes.tn\/wp-content\/uploads\/2025\/07\/lancement-du-cupra-terramar-94962.webp","type":"image\/webp"}],"author":"admin","twitter_card":"summary_large_image","twitter_misc":{"Written by":"admin","Est. reading time":"2 minutes"},"schema":{"@context":"https:\/\/schema.org","@graph":[{"@type":"Article","@id":"https:\/\/descartes.tn\/index.php\/2025\/07\/04\/cupra-devoile-en-exclusivite-le-terramar-a-gammarth-un-suv-100-cupra-a-lallure-audacieuse\/#article","isPartOf":{"@id":"https:\/\/descartes.tn\/index.php\/2025\/07\/04\/cupra-devoile-en-exclusivite-le-terramar-a-gammarth-un-suv-100-cupra-a-lallure-audacieuse\/"},"author":{"name":"admin","@id":"https:\/\/descartes.tn\/#\/schema\/person\/9fd67540eb53221af50a61878b6721ae"},"headline":"CUPRA d\u00e9voile en exclusivit\u00e9 le Terramar \u00e0 Gammarth : un SUV 100 % CUPRA \u00e0 l\u2019allure audacieuse","datePublished":"2025-07-04T18:20:29+00:00","mainEntityOfPage":{"@id":"https:\/\/descartes.tn\/index.php\/2025\/07\/04\/cupra-devoile-en-exclusivite-le-terramar-a-gammarth-un-suv-100-cupra-a-lallure-audacieuse\/"},"wordCount":413,"commentCount":0,"publisher":{"@id":"https:\/\/descartes.tn\/#organization"},"image":{"@id":"https:\/\/descartes.tn\/index.php\/2025\/07\/04\/cupra-devoile-en-exclusivite-le-terramar-a-gammarth-un-suv-100-cupra-a-lallure-audacieuse\/#primaryimage"},"thumbnailUrl":"https:\/\/descartes.tn\/wp-content\/uploads\/2025\/07\/lancement-du-cupra-terramar-94962.webp","keywords":["cupra"],"articleSection":["A Plein Tubes","Actualit\u00e9s"],"inLanguage":"en-US","potentialAction":[{"@type":"CommentAction","name":"Comment","target":["https:\/\/descartes.tn\/index.php\/2025\/07\/04\/cupra-devoile-en-exclusivite-le-terramar-a-gammarth-un-suv-100-cupra-a-lallure-audacieuse\/#respond"]}]},{"@type":"WebPage","@id":"https:\/\/descartes.tn\/index.php\/2025\/07\/04\/cupra-devoile-en-exclusivite-le-terramar-a-gammarth-un-suv-100-cupra-a-lallure-audacieuse\/","url":"https:\/\/descartes.tn\/index.php\/2025\/07\/04\/cupra-devoile-en-exclusivite-le-terramar-a-gammarth-un-suv-100-cupra-a-lallure-audacieuse\/","name":"CUPRA d\u00e9voile en exclusivit\u00e9 le Terramar \u00e0 Gammarth : un SUV 100 % CUPRA \u00e0 l\u2019allure audacieuse - Descartes.tn","isPartOf":{"@id":"https:\/\/descartes.tn\/#website"},"primaryImageOfPage":{"@id":"https:\/\/descartes.tn\/index.php\/2025\/07\/04\/cupra-devoile-en-exclusivite-le-terramar-a-gammarth-un-suv-100-cupra-a-lallure-audacieuse\/#primaryimage"},"image":{"@id":"https:\/\/descartes.tn\/index.php\/2025\/07\/04\/cupra-devoile-en-exclusivite-le-terramar-a-gammarth-un-suv-100-cupra-a-lallure-audacieuse\/#primaryimage"},"thumbnailUrl":"https:\/\/descartes.tn\/wp-content\/uploads\/2025\/07\/lancement-du-cupra-terramar-94962.webp","datePublished":"2025-07-04T18:20:29+00:00","breadcrumb":{"@id":"https:\/\/descartes.tn\/index.php\/2025\/07\/04\/cupra-devoile-en-exclusivite-le-terramar-a-gammarth-un-suv-100-cupra-a-lallure-audacieuse\/#breadcrumb"},"inLanguage":"en-US","potentialAction":[{"@type":"ReadAction","target":["https:\/\/descartes.tn\/index.php\/2025\/07\/04\/cupra-devoile-en-exclusivite-le-terramar-a-gammarth-un-suv-100-cupra-a-lallure-audacieuse\/"]}]},{"@type":"ImageObject","inLanguage":"en-US","@id":"https:\/\/descartes.tn\/index.php\/2025\/07\/04\/cupra-devoile-en-exclusivite-le-terramar-a-gammarth-un-suv-100-cupra-a-lallure-audacieuse\/#primaryimage","url":"https:\/\/descartes.tn\/wp-content\/uploads\/2025\/07\/lancement-du-cupra-terramar-94962.webp","contentUrl":"https:\/\/descartes.tn\/wp-content\/uploads\/2025\/07\/lancement-du-cupra-terramar-94962.webp","width":2000,"height":1333},{"@type":"BreadcrumbList","@id":"https:\/\/descartes.tn\/index.php\/2025\/07\/04\/cupra-devoile-en-exclusivite-le-terramar-a-gammarth-un-suv-100-cupra-a-lallure-audacieuse\/#breadcrumb","itemListElement":[{"@type":"ListItem","position":1,"name":"Home","item":"https:\/\/descartes.tn\/"},{"@type":"ListItem","position":2,"name":"CUPRA d\u00e9voile en exclusivit\u00e9 le Terramar \u00e0 Gammarth : un SUV 100 % CUPRA \u00e0 l\u2019allure audacieuse"}]},{"@type":"WebSite","@id":"https:\/\/descartes.tn\/#website","url":"https:\/\/descartes.tn\/","name":"Descartes.tn","description":"","publisher":{"@id":"https:\/\/descartes.tn\/#organization"},"potentialAction":[{"@type":"SearchAction","target":{"@type":"EntryPoint","urlTemplate":"https:\/\/descartes.tn\/?s={search_term_string}"},"query-input":{"@type":"PropertyValueSpecification","valueRequired":true,"valueName":"search_term_string"}}],"inLanguage":"en-US"},{"@type":"Organization","@id":"https:\/\/descartes.tn\/#organization","name":"Descartes.tn","url":"https:\/\/descartes.tn\/","logo":{"@type":"ImageObject","inLanguage":"en-US","@id":"https:\/\/descartes.tn\/#\/schema\/logo\/image\/","url":"https:\/\/descartes.tn\/wp-content\/uploads\/2025\/10\/cropped-Fichier-1-1.png","contentUrl":"https:\/\/descartes.tn\/wp-content\/uploads\/2025\/10\/cropped-Fichier-1-1.png","width":136,"height":19,"caption":"Descartes.tn"},"image":{"@id":"https:\/\/descartes.tn\/#\/schema\/logo\/image\/"},"sameAs":["https:\/\/www.facebook.com\/Magdescartes","https:\/\/www.instagram.com\/descartes.magazine\/"]},{"@type":"Person","@id":"https:\/\/descartes.tn\/#\/schema\/person\/9fd67540eb53221af50a61878b6721ae","name":"admin","image":{"@type":"ImageObject","inLanguage":"en-US","@id":"https:\/\/secure.gravatar.com\/avatar\/871417dfba5a884ed81f7f8e04e2eea75e8ef480bcb1e5ea634438506d493132?s=96&d=mm&r=g","url":"https:\/\/secure.gravatar.com\/avatar\/871417dfba5a884ed81f7f8e04e2eea75e8ef480bcb1e5ea634438506d493132?s=96&d=mm&r=g","contentUrl":"https:\/\/secure.gravatar.com\/avatar\/871417dfba5a884ed81f7f8e04e2eea75e8ef480bcb1e5ea634438506d493132?s=96&d=mm&r=g","caption":"admin"},"sameAs":["https:\/\/descartes.tn"],"url":"https:\/\/descartes.tn\/index.php\/author\/admin_pmykj64c\/"}]}},"_links":{"self":[{"href":"https:\/\/descartes.tn\/index.php\/wp-json\/wp\/v2\/posts\/167","targetHints":{"allow":["GET"]}}],"collection":[{"href":"https:\/\/descartes.tn\/index.php\/wp-json\/wp\/v2\/posts"}],"about":[{"href":"https:\/\/descartes.tn\/index.php\/wp-json\/wp\/v2\/types\/post"}],"author":[{"embeddable":true,"href":"https:\/\/descartes.tn\/index.php\/wp-json\/wp\/v2\/users\/1"}],"replies":[{"embeddable":true,"href":"https:\/\/descartes.tn\/index.php\/wp-json\/wp\/v2\/comments?post=167"}],"version-history":[{"count":1,"href":"https:\/\/descartes.tn\/index.php\/wp-json\/wp\/v2\/posts\/167\/revisions"}],"predecessor-version":[{"id":224,"href":"https:\/\/descartes.tn\/index.php\/wp-json\/wp\/v2\/posts\/167\/revisions\/224"}],"wp:featuredmedia":[{"embeddable":true,"href":"https:\/\/descartes.tn\/index.php\/wp-json\/wp\/v2\/media\/190"}],"wp:attachment":[{"href":"https:\/\/descartes.tn\/index.php\/wp-json\/wp\/v2\/media?parent=167"}],"wp:term":[{"taxonomy":"category","embeddable":true,"href":"https:\/\/descartes.tn\/index.php\/wp-json\/wp\/v2\/categories?post=167"},{"taxonomy":"post_tag","embeddable":true,"href":"https:\/\/descartes.tn\/index.php\/wp-json\/wp\/v2\/tags?post=167"}],"curies":[{"name":"wp","href":"https:\/\/api.w.org\/{rel}","templated":true}]}}