{"id":1420,"date":"2025-10-17T23:49:29","date_gmt":"2025-10-17T23:49:29","guid":{"rendered":"https:\/\/descartes.tn\/?p=1420"},"modified":"2025-10-17T23:49:34","modified_gmt":"2025-10-17T23:49:34","slug":"le-piquant-est-dans-la-sauce","status":"publish","type":"post","link":"https:\/\/descartes.tn\/index.php\/2025\/10\/17\/le-piquant-est-dans-la-sauce\/","title":{"rendered":"Le piquant est dans la sauce"},"content":{"rendered":"\n<figure class=\"wp-block-image size-full\"><img loading=\"lazy\" decoding=\"async\" width=\"600\" height=\"400\" src=\"https:\/\/descartes.tn\/wp-content\/uploads\/2025\/10\/IMG_6752.webp\" alt=\"\" class=\"wp-image-1421\" srcset=\"https:\/\/descartes.tn\/wp-content\/uploads\/2025\/10\/IMG_6752.webp 600w, https:\/\/descartes.tn\/wp-content\/uploads\/2025\/10\/IMG_6752-300x200.webp 300w\" sizes=\"auto, (max-width: 600px) 100vw, 600px\" \/><\/figure>\n\n\n\n<p>Nabeul, la ville du bigaradier, sera berc\u00e9e durant trois jours, les 17, 18 et 19 octobre 2025 en l\u2019occurrence,&nbsp;par les effluves du piment rouge.&nbsp;C\u2019est le destin naturel d\u2019une ville qui alterne, selon les saisons, douceur olfactive et puissance gustative.&nbsp;C\u2019est donc un VSD palpitant en perspective, un festival vou\u00e9 \u00e0&nbsp;la&nbsp;harissa&nbsp;o\u00f9 la&nbsp;capsa\u00efcine&nbsp;sera \u00e0 son paroxysme que nous concocte l\u2019Association pour la Sauvegarde de Ville de Nabeul (ASVN)&nbsp;avec le concours de ses partenaires dont notamment, le Projet d\u2019Acc\u00e8s&nbsp;aux March\u00e9s des Produits Agroalimentaires et de Terroir (PAMPAT).&nbsp;Nous sommes, d\u00e9j\u00e0, \u00e0 la onzi\u00e8me \u00e9dition de cet \u00e9v\u00e9nement culturel et culinaire qui devient incontournable et qui est, en grande partie, \u00e0 l\u2019origine de l\u2019inscription de&nbsp;la harissa&nbsp;tunisienne au&nbsp;patrimoine mondial immat\u00e9riel de l\u2019UNESCO.&nbsp;<\/p>\n\n\n\n<p>Le festival sera donc l\u2019occasion pour les producteurs des&nbsp;sp\u00e9cialit\u00e9s&nbsp;des terroirs de mettre leurs produits&nbsp;en avant et de promouvoir leurs ventes. Comme il permettra aussi bien aux amateurs de gastronomie qu\u2019aux futurs professionnels des m\u00e9tiers de cuisine de titiller les papilles des visiteurs \u00e0 la faveur de cooking-shows qui s\u2019annoncent engageants.&nbsp;Les activit\u00e9s culturelles et ludiques ne seront pas en reste avec les ateliers de mosa\u00efque, de p\u00e2te \u00e0 sel et de recyclage des emballages. Tout comme pour le rituel volet scientifique qui, contrairement, aux autres activit\u00e9s d\u00e9m\u00e9nagera de \u00ab&nbsp;Dar&nbsp;Nabel&nbsp;\u00bb, le coquet si\u00e8ge de l\u2019ASVN, pour \u00e9lire domicile&nbsp;\u00e0 l\u2019espace \u00ab&nbsp;Jeelen&nbsp;Art &amp; E<a><\/a>vents Home&nbsp;\u00bb qui n\u2019en est qu\u2019\u00e0 quelques encablures.&nbsp;<\/p>\n\n\n\n<p><strong>Article sign\u00e9&nbsp;:&nbsp;<\/strong><strong>Rached<\/strong><strong>&nbsp;KHAYATI<\/strong><\/p>\n","protected":false},"excerpt":{"rendered":"<p>Nabeul, la ville du bigaradier, sera berc\u00e9e durant trois jours, les 17, 18 et 19 octobre 2025 en l\u2019occurrence,&nbsp;par les effluves du piment rouge.&nbsp;C\u2019est le destin naturel d\u2019une ville qui alterne, selon les saisons, douceur olfactive et puissance gustative.&nbsp;C\u2019est donc un VSD palpitant en perspective, un festival vou\u00e9 \u00e0&nbsp;la&nbsp;harissa&nbsp;o\u00f9 la&nbsp;capsa\u00efcine&nbsp;sera \u00e0 son paroxysme que nous [&hellip;]<\/p>\n","protected":false},"author":1,"featured_media":1421,"comment_status":"open","ping_status":"closed","sticky":false,"template":"","format":"standard","meta":{"footnotes":""},"categories":[1,4],"tags":[],"class_list":["post-1420","post","type-post","status-publish","format-standard","has-post-thumbnail","hentry","category-actualites","category-evenements"],"yoast_head":"<!-- This site is optimized with the Yoast SEO plugin v27.5 - https:\/\/yoast.com\/product\/yoast-seo-wordpress\/ -->\n<title>Le piquant est dans la sauce - DESCARTES MAGAZINE<\/title>\n<meta name=\"robots\" content=\"index, follow, max-snippet:-1, max-image-preview:large, max-video-preview:-1\" \/>\n<link rel=\"canonical\" href=\"https:\/\/descartes.tn\/index.php\/2025\/10\/17\/le-piquant-est-dans-la-sauce\/\" \/>\n<meta property=\"og:locale\" content=\"en_US\" \/>\n<meta property=\"og:type\" content=\"article\" \/>\n<meta property=\"og:title\" content=\"Le piquant est dans la sauce\" \/>\n<meta property=\"og:description\" content=\"Nabeul, la ville du bigaradier, sera berc\u00e9e durant trois jours, les 17, 18 et 19 octobre 2025 en l\u2019occurrence,&nbsp;par les effluves du piment rouge.&nbsp;C\u2019est le destin naturel d\u2019une ville qui alterne, selon les saisons, douceur olfactive et puissance gustative.&nbsp;C\u2019est donc un VSD palpitant en perspective, un festival vou\u00e9 \u00e0&nbsp;la&nbsp;harissa&nbsp;o\u00f9 la&nbsp;capsa\u00efcine&nbsp;sera \u00e0 son paroxysme que nous [&hellip;]\" \/>\n<meta property=\"og:url\" content=\"https:\/\/descartes.tn\/index.php\/2025\/10\/17\/le-piquant-est-dans-la-sauce\/\" \/>\n<meta property=\"og:site_name\" content=\"DESCARTES MAGAZINE\" \/>\n<meta property=\"article:publisher\" content=\"https:\/\/www.facebook.com\/Magdescartes\" \/>\n<meta property=\"article:published_time\" content=\"2025-10-17T23:49:29+00:00\" \/>\n<meta property=\"article:modified_time\" content=\"2025-10-17T23:49:34+00:00\" \/>\n<meta property=\"og:image\" content=\"https:\/\/descartes.tn\/wp-content\/uploads\/2025\/10\/IMG_6752.webp\" \/>\n\t<meta property=\"og:image:width\" content=\"600\" \/>\n\t<meta property=\"og:image:height\" content=\"400\" \/>\n\t<meta property=\"og:image:type\" content=\"image\/webp\" \/>\n<meta name=\"author\" content=\"admin\" \/>\n<meta name=\"twitter:card\" content=\"summary_large_image\" \/>\n<meta name=\"twitter:label1\" content=\"Written by\" \/>\n\t<meta name=\"twitter:data1\" content=\"admin\" \/>\n\t<meta name=\"twitter:label2\" content=\"Est. reading time\" \/>\n\t<meta name=\"twitter:data2\" content=\"2 minutes\" \/>\n<script type=\"application\/ld+json\" class=\"yoast-schema-graph\">{\"@context\":\"https:\\\/\\\/schema.org\",\"@graph\":[{\"@type\":\"Article\",\"@id\":\"https:\\\/\\\/descartes.tn\\\/index.php\\\/2025\\\/10\\\/17\\\/le-piquant-est-dans-la-sauce\\\/#article\",\"isPartOf\":{\"@id\":\"https:\\\/\\\/descartes.tn\\\/index.php\\\/2025\\\/10\\\/17\\\/le-piquant-est-dans-la-sauce\\\/\"},\"author\":{\"name\":\"admin\",\"@id\":\"https:\\\/\\\/descartes.tn\\\/#\\\/schema\\\/person\\\/9fd67540eb53221af50a61878b6721ae\"},\"headline\":\"Le piquant est dans la sauce\",\"datePublished\":\"2025-10-17T23:49:29+00:00\",\"dateModified\":\"2025-10-17T23:49:34+00:00\",\"mainEntityOfPage\":{\"@id\":\"https:\\\/\\\/descartes.tn\\\/index.php\\\/2025\\\/10\\\/17\\\/le-piquant-est-dans-la-sauce\\\/\"},\"wordCount\":306,\"commentCount\":0,\"publisher\":{\"@id\":\"https:\\\/\\\/descartes.tn\\\/#organization\"},\"image\":{\"@id\":\"https:\\\/\\\/descartes.tn\\\/index.php\\\/2025\\\/10\\\/17\\\/le-piquant-est-dans-la-sauce\\\/#primaryimage\"},\"thumbnailUrl\":\"https:\\\/\\\/descartes.tn\\\/wp-content\\\/uploads\\\/2025\\\/10\\\/IMG_6752.webp\",\"articleSection\":[\"Actualit\u00e9s\",\"\u00c8v\u00e8nements\"],\"inLanguage\":\"en-US\",\"potentialAction\":[{\"@type\":\"CommentAction\",\"name\":\"Comment\",\"target\":[\"https:\\\/\\\/descartes.tn\\\/index.php\\\/2025\\\/10\\\/17\\\/le-piquant-est-dans-la-sauce\\\/#respond\"]}]},{\"@type\":\"WebPage\",\"@id\":\"https:\\\/\\\/descartes.tn\\\/index.php\\\/2025\\\/10\\\/17\\\/le-piquant-est-dans-la-sauce\\\/\",\"url\":\"https:\\\/\\\/descartes.tn\\\/index.php\\\/2025\\\/10\\\/17\\\/le-piquant-est-dans-la-sauce\\\/\",\"name\":\"Le piquant est dans la sauce - DESCARTES MAGAZINE\",\"isPartOf\":{\"@id\":\"https:\\\/\\\/descartes.tn\\\/#website\"},\"primaryImageOfPage\":{\"@id\":\"https:\\\/\\\/descartes.tn\\\/index.php\\\/2025\\\/10\\\/17\\\/le-piquant-est-dans-la-sauce\\\/#primaryimage\"},\"image\":{\"@id\":\"https:\\\/\\\/descartes.tn\\\/index.php\\\/2025\\\/10\\\/17\\\/le-piquant-est-dans-la-sauce\\\/#primaryimage\"},\"thumbnailUrl\":\"https:\\\/\\\/descartes.tn\\\/wp-content\\\/uploads\\\/2025\\\/10\\\/IMG_6752.webp\",\"datePublished\":\"2025-10-17T23:49:29+00:00\",\"dateModified\":\"2025-10-17T23:49:34+00:00\",\"breadcrumb\":{\"@id\":\"https:\\\/\\\/descartes.tn\\\/index.php\\\/2025\\\/10\\\/17\\\/le-piquant-est-dans-la-sauce\\\/#breadcrumb\"},\"inLanguage\":\"en-US\",\"potentialAction\":[{\"@type\":\"ReadAction\",\"target\":[\"https:\\\/\\\/descartes.tn\\\/index.php\\\/2025\\\/10\\\/17\\\/le-piquant-est-dans-la-sauce\\\/\"]}]},{\"@type\":\"ImageObject\",\"inLanguage\":\"en-US\",\"@id\":\"https:\\\/\\\/descartes.tn\\\/index.php\\\/2025\\\/10\\\/17\\\/le-piquant-est-dans-la-sauce\\\/#primaryimage\",\"url\":\"https:\\\/\\\/descartes.tn\\\/wp-content\\\/uploads\\\/2025\\\/10\\\/IMG_6752.webp\",\"contentUrl\":\"https:\\\/\\\/descartes.tn\\\/wp-content\\\/uploads\\\/2025\\\/10\\\/IMG_6752.webp\",\"width\":600,\"height\":400},{\"@type\":\"BreadcrumbList\",\"@id\":\"https:\\\/\\\/descartes.tn\\\/index.php\\\/2025\\\/10\\\/17\\\/le-piquant-est-dans-la-sauce\\\/#breadcrumb\",\"itemListElement\":[{\"@type\":\"ListItem\",\"position\":1,\"name\":\"Home\",\"item\":\"https:\\\/\\\/descartes.tn\\\/\"},{\"@type\":\"ListItem\",\"position\":2,\"name\":\"Le piquant est dans la sauce\"}]},{\"@type\":\"WebSite\",\"@id\":\"https:\\\/\\\/descartes.tn\\\/#website\",\"url\":\"https:\\\/\\\/descartes.tn\\\/\",\"name\":\"Descartes.tn\",\"description\":\"\",\"publisher\":{\"@id\":\"https:\\\/\\\/descartes.tn\\\/#organization\"},\"potentialAction\":[{\"@type\":\"SearchAction\",\"target\":{\"@type\":\"EntryPoint\",\"urlTemplate\":\"https:\\\/\\\/descartes.tn\\\/?s={search_term_string}\"},\"query-input\":{\"@type\":\"PropertyValueSpecification\",\"valueRequired\":true,\"valueName\":\"search_term_string\"}}],\"inLanguage\":\"en-US\"},{\"@type\":\"Organization\",\"@id\":\"https:\\\/\\\/descartes.tn\\\/#organization\",\"name\":\"Descartes.tn\",\"url\":\"https:\\\/\\\/descartes.tn\\\/\",\"logo\":{\"@type\":\"ImageObject\",\"inLanguage\":\"en-US\",\"@id\":\"https:\\\/\\\/descartes.tn\\\/#\\\/schema\\\/logo\\\/image\\\/\",\"url\":\"https:\\\/\\\/descartes.tn\\\/wp-content\\\/uploads\\\/2025\\\/10\\\/cropped-cropped-Fichier-1-1.png\",\"contentUrl\":\"https:\\\/\\\/descartes.tn\\\/wp-content\\\/uploads\\\/2025\\\/10\\\/cropped-cropped-Fichier-1-1.png\",\"width\":136,\"height\":19,\"caption\":\"Descartes.tn\"},\"image\":{\"@id\":\"https:\\\/\\\/descartes.tn\\\/#\\\/schema\\\/logo\\\/image\\\/\"},\"sameAs\":[\"https:\\\/\\\/www.facebook.com\\\/Magdescartes\",\"https:\\\/\\\/www.instagram.com\\\/descartes.magazine\\\/\"]},{\"@type\":\"Person\",\"@id\":\"https:\\\/\\\/descartes.tn\\\/#\\\/schema\\\/person\\\/9fd67540eb53221af50a61878b6721ae\",\"name\":\"admin\",\"image\":{\"@type\":\"ImageObject\",\"inLanguage\":\"en-US\",\"@id\":\"https:\\\/\\\/secure.gravatar.com\\\/avatar\\\/871417dfba5a884ed81f7f8e04e2eea75e8ef480bcb1e5ea634438506d493132?s=96&d=mm&r=g\",\"url\":\"https:\\\/\\\/secure.gravatar.com\\\/avatar\\\/871417dfba5a884ed81f7f8e04e2eea75e8ef480bcb1e5ea634438506d493132?s=96&d=mm&r=g\",\"contentUrl\":\"https:\\\/\\\/secure.gravatar.com\\\/avatar\\\/871417dfba5a884ed81f7f8e04e2eea75e8ef480bcb1e5ea634438506d493132?s=96&d=mm&r=g\",\"caption\":\"admin\"},\"sameAs\":[\"https:\\\/\\\/descartes.tn\"],\"url\":\"https:\\\/\\\/descartes.tn\\\/index.php\\\/author\\\/admin_pmykj64c\\\/\"}]}<\/script>\n<!-- \/ Yoast SEO plugin. -->","yoast_head_json":{"title":"Le piquant est dans la sauce - DESCARTES MAGAZINE","robots":{"index":"index","follow":"follow","max-snippet":"max-snippet:-1","max-image-preview":"max-image-preview:large","max-video-preview":"max-video-preview:-1"},"canonical":"https:\/\/descartes.tn\/index.php\/2025\/10\/17\/le-piquant-est-dans-la-sauce\/","og_locale":"en_US","og_type":"article","og_title":"Le piquant est dans la sauce","og_description":"Nabeul, la ville du bigaradier, sera berc\u00e9e durant trois jours, les 17, 18 et 19 octobre 2025 en l\u2019occurrence,&nbsp;par les effluves du piment rouge.&nbsp;C\u2019est le destin naturel d\u2019une ville qui alterne, selon les saisons, douceur olfactive et puissance gustative.&nbsp;C\u2019est donc un VSD palpitant en perspective, un festival vou\u00e9 \u00e0&nbsp;la&nbsp;harissa&nbsp;o\u00f9 la&nbsp;capsa\u00efcine&nbsp;sera \u00e0 son paroxysme que nous [&hellip;]","og_url":"https:\/\/descartes.tn\/index.php\/2025\/10\/17\/le-piquant-est-dans-la-sauce\/","og_site_name":"DESCARTES MAGAZINE","article_publisher":"https:\/\/www.facebook.com\/Magdescartes","article_published_time":"2025-10-17T23:49:29+00:00","article_modified_time":"2025-10-17T23:49:34+00:00","og_image":[{"width":600,"height":400,"url":"https:\/\/descartes.tn\/wp-content\/uploads\/2025\/10\/IMG_6752.webp","type":"image\/webp"}],"author":"admin","twitter_card":"summary_large_image","twitter_misc":{"Written by":"admin","Est. reading time":"2 minutes"},"schema":{"@context":"https:\/\/schema.org","@graph":[{"@type":"Article","@id":"https:\/\/descartes.tn\/index.php\/2025\/10\/17\/le-piquant-est-dans-la-sauce\/#article","isPartOf":{"@id":"https:\/\/descartes.tn\/index.php\/2025\/10\/17\/le-piquant-est-dans-la-sauce\/"},"author":{"name":"admin","@id":"https:\/\/descartes.tn\/#\/schema\/person\/9fd67540eb53221af50a61878b6721ae"},"headline":"Le piquant est dans la sauce","datePublished":"2025-10-17T23:49:29+00:00","dateModified":"2025-10-17T23:49:34+00:00","mainEntityOfPage":{"@id":"https:\/\/descartes.tn\/index.php\/2025\/10\/17\/le-piquant-est-dans-la-sauce\/"},"wordCount":306,"commentCount":0,"publisher":{"@id":"https:\/\/descartes.tn\/#organization"},"image":{"@id":"https:\/\/descartes.tn\/index.php\/2025\/10\/17\/le-piquant-est-dans-la-sauce\/#primaryimage"},"thumbnailUrl":"https:\/\/descartes.tn\/wp-content\/uploads\/2025\/10\/IMG_6752.webp","articleSection":["Actualit\u00e9s","\u00c8v\u00e8nements"],"inLanguage":"en-US","potentialAction":[{"@type":"CommentAction","name":"Comment","target":["https:\/\/descartes.tn\/index.php\/2025\/10\/17\/le-piquant-est-dans-la-sauce\/#respond"]}]},{"@type":"WebPage","@id":"https:\/\/descartes.tn\/index.php\/2025\/10\/17\/le-piquant-est-dans-la-sauce\/","url":"https:\/\/descartes.tn\/index.php\/2025\/10\/17\/le-piquant-est-dans-la-sauce\/","name":"Le piquant est dans la sauce - DESCARTES MAGAZINE","isPartOf":{"@id":"https:\/\/descartes.tn\/#website"},"primaryImageOfPage":{"@id":"https:\/\/descartes.tn\/index.php\/2025\/10\/17\/le-piquant-est-dans-la-sauce\/#primaryimage"},"image":{"@id":"https:\/\/descartes.tn\/index.php\/2025\/10\/17\/le-piquant-est-dans-la-sauce\/#primaryimage"},"thumbnailUrl":"https:\/\/descartes.tn\/wp-content\/uploads\/2025\/10\/IMG_6752.webp","datePublished":"2025-10-17T23:49:29+00:00","dateModified":"2025-10-17T23:49:34+00:00","breadcrumb":{"@id":"https:\/\/descartes.tn\/index.php\/2025\/10\/17\/le-piquant-est-dans-la-sauce\/#breadcrumb"},"inLanguage":"en-US","potentialAction":[{"@type":"ReadAction","target":["https:\/\/descartes.tn\/index.php\/2025\/10\/17\/le-piquant-est-dans-la-sauce\/"]}]},{"@type":"ImageObject","inLanguage":"en-US","@id":"https:\/\/descartes.tn\/index.php\/2025\/10\/17\/le-piquant-est-dans-la-sauce\/#primaryimage","url":"https:\/\/descartes.tn\/wp-content\/uploads\/2025\/10\/IMG_6752.webp","contentUrl":"https:\/\/descartes.tn\/wp-content\/uploads\/2025\/10\/IMG_6752.webp","width":600,"height":400},{"@type":"BreadcrumbList","@id":"https:\/\/descartes.tn\/index.php\/2025\/10\/17\/le-piquant-est-dans-la-sauce\/#breadcrumb","itemListElement":[{"@type":"ListItem","position":1,"name":"Home","item":"https:\/\/descartes.tn\/"},{"@type":"ListItem","position":2,"name":"Le piquant est dans la sauce"}]},{"@type":"WebSite","@id":"https:\/\/descartes.tn\/#website","url":"https:\/\/descartes.tn\/","name":"Descartes.tn","description":"","publisher":{"@id":"https:\/\/descartes.tn\/#organization"},"potentialAction":[{"@type":"SearchAction","target":{"@type":"EntryPoint","urlTemplate":"https:\/\/descartes.tn\/?s={search_term_string}"},"query-input":{"@type":"PropertyValueSpecification","valueRequired":true,"valueName":"search_term_string"}}],"inLanguage":"en-US"},{"@type":"Organization","@id":"https:\/\/descartes.tn\/#organization","name":"Descartes.tn","url":"https:\/\/descartes.tn\/","logo":{"@type":"ImageObject","inLanguage":"en-US","@id":"https:\/\/descartes.tn\/#\/schema\/logo\/image\/","url":"https:\/\/descartes.tn\/wp-content\/uploads\/2025\/10\/cropped-cropped-Fichier-1-1.png","contentUrl":"https:\/\/descartes.tn\/wp-content\/uploads\/2025\/10\/cropped-cropped-Fichier-1-1.png","width":136,"height":19,"caption":"Descartes.tn"},"image":{"@id":"https:\/\/descartes.tn\/#\/schema\/logo\/image\/"},"sameAs":["https:\/\/www.facebook.com\/Magdescartes","https:\/\/www.instagram.com\/descartes.magazine\/"]},{"@type":"Person","@id":"https:\/\/descartes.tn\/#\/schema\/person\/9fd67540eb53221af50a61878b6721ae","name":"admin","image":{"@type":"ImageObject","inLanguage":"en-US","@id":"https:\/\/secure.gravatar.com\/avatar\/871417dfba5a884ed81f7f8e04e2eea75e8ef480bcb1e5ea634438506d493132?s=96&d=mm&r=g","url":"https:\/\/secure.gravatar.com\/avatar\/871417dfba5a884ed81f7f8e04e2eea75e8ef480bcb1e5ea634438506d493132?s=96&d=mm&r=g","contentUrl":"https:\/\/secure.gravatar.com\/avatar\/871417dfba5a884ed81f7f8e04e2eea75e8ef480bcb1e5ea634438506d493132?s=96&d=mm&r=g","caption":"admin"},"sameAs":["https:\/\/descartes.tn"],"url":"https:\/\/descartes.tn\/index.php\/author\/admin_pmykj64c\/"}]}},"_links":{"self":[{"href":"https:\/\/descartes.tn\/index.php\/wp-json\/wp\/v2\/posts\/1420","targetHints":{"allow":["GET"]}}],"collection":[{"href":"https:\/\/descartes.tn\/index.php\/wp-json\/wp\/v2\/posts"}],"about":[{"href":"https:\/\/descartes.tn\/index.php\/wp-json\/wp\/v2\/types\/post"}],"author":[{"embeddable":true,"href":"https:\/\/descartes.tn\/index.php\/wp-json\/wp\/v2\/users\/1"}],"replies":[{"embeddable":true,"href":"https:\/\/descartes.tn\/index.php\/wp-json\/wp\/v2\/comments?post=1420"}],"version-history":[{"count":1,"href":"https:\/\/descartes.tn\/index.php\/wp-json\/wp\/v2\/posts\/1420\/revisions"}],"predecessor-version":[{"id":1422,"href":"https:\/\/descartes.tn\/index.php\/wp-json\/wp\/v2\/posts\/1420\/revisions\/1422"}],"wp:featuredmedia":[{"embeddable":true,"href":"https:\/\/descartes.tn\/index.php\/wp-json\/wp\/v2\/media\/1421"}],"wp:attachment":[{"href":"https:\/\/descartes.tn\/index.php\/wp-json\/wp\/v2\/media?parent=1420"}],"wp:term":[{"taxonomy":"category","embeddable":true,"href":"https:\/\/descartes.tn\/index.php\/wp-json\/wp\/v2\/categories?post=1420"},{"taxonomy":"post_tag","embeddable":true,"href":"https:\/\/descartes.tn\/index.php\/wp-json\/wp\/v2\/tags?post=1420"}],"curies":[{"name":"wp","href":"https:\/\/api.w.org\/{rel}","templated":true}]}}