{"id":1379,"date":"2025-10-09T15:06:55","date_gmt":"2025-10-09T15:06:55","guid":{"rendered":"https:\/\/descartes.tn\/?p=1379"},"modified":"2025-10-09T15:30:48","modified_gmt":"2025-10-09T15:30:48","slug":"israel-gaza-echange-de-tenus-sinwar-barghouti","status":"publish","type":"post","link":"https:\/\/descartes.tn\/index.php\/2025\/10\/09\/israel-gaza-echange-de-tenus-sinwar-barghouti\/","title":{"rendered":"Selon des sources isra\u00e9liennes, il est confirm\u00e9 que nous ne restituerons pas les corps de Sinwar et de son fr\u00e8re."},"content":{"rendered":"\n<figure class=\"wp-block-image size-full\"><img loading=\"lazy\" decoding=\"async\" width=\"801\" height=\"451\" src=\"https:\/\/descartes.tn\/wp-content\/uploads\/2025\/10\/9cff8895-a01c-45c7-b6da-ce6e6fd83bba_16x9_1200x676.png\" alt=\"\" class=\"wp-image-1380\" srcset=\"https:\/\/descartes.tn\/wp-content\/uploads\/2025\/10\/9cff8895-a01c-45c7-b6da-ce6e6fd83bba_16x9_1200x676.png 801w, https:\/\/descartes.tn\/wp-content\/uploads\/2025\/10\/9cff8895-a01c-45c7-b6da-ce6e6fd83bba_16x9_1200x676-300x169.png 300w, https:\/\/descartes.tn\/wp-content\/uploads\/2025\/10\/9cff8895-a01c-45c7-b6da-ce6e6fd83bba_16x9_1200x676-768x432.png 768w, https:\/\/descartes.tn\/wp-content\/uploads\/2025\/10\/9cff8895-a01c-45c7-b6da-ce6e6fd83bba_16x9_1200x676-390x220.png 390w\" sizes=\"auto, (max-width: 801px) 100vw, 801px\" \/><\/figure>\n\n\n\n<p>Alors que le gouvernement isra\u00e9lien attend une d\u00e9cision ce soir, jeudi, concernant les conditions de la premi\u00e8re \u00e9tape de l&#8217;accord de tr\u00eave et d&#8217;\u00e9change de d\u00e9tenus \u00e0 Gaza, les discussions continuent \u00e0 Charm el-Cheikh, en \u00c9gypte, pour finaliser certains d\u00e9tails, avec l&#8217;implication des m\u00e9diateurs (Qatar, \u00c9gypte et \u00c9tats-Unis).<\/p>\n\n\n\n<p class=\"has-large-font-size\"><strong>Pas d&#8217;abolition de la peine pour Barghouti.<\/strong><\/p>\n\n\n\n<p>Toutefois, une repr\u00e9sentante du gouvernement isra\u00e9lien a assur\u00e9 que Marwan Barghouti, un leader de premier plan du Fatah, ne sera pas inclus parmi ceux qui seront lib\u00e9r\u00e9s.<\/p>\n\n\n\n<p>D&#8217;apr\u00e8s l&#8217;Autorit\u00e9 isra\u00e9lienne de radiodiffusion, des sources locales ont confirm\u00e9 que les d\u00e9pouilles de l&#8217;ancien dirigeant du Hamas, Yahya Sinwar, et de son fr\u00e8re Mohammed, qui a \u00e9t\u00e9 tu\u00e9 en mai dernier, ne seront pas int\u00e9gr\u00e9es dans l&#8217;accord d&#8217;\u00e9change.<\/p>\n\n\n\n<p><\/p>\n","protected":false},"excerpt":{"rendered":"<p>Alors que le gouvernement isra\u00e9lien attend une d\u00e9cision ce soir, jeudi, concernant les conditions de la premi\u00e8re \u00e9tape de l&#8217;accord de tr\u00eave et d&#8217;\u00e9change de d\u00e9tenus \u00e0 Gaza, les discussions continuent \u00e0 Charm el-Cheikh, en \u00c9gypte, pour finaliser certains d\u00e9tails, avec l&#8217;implication des m\u00e9diateurs (Qatar, \u00c9gypte et \u00c9tats-Unis). Pas d&#8217;abolition de la peine pour Barghouti. [&hellip;]<\/p>\n","protected":false},"author":7,"featured_media":1388,"comment_status":"open","ping_status":"closed","sticky":false,"template":"","format":"standard","meta":{"footnotes":""},"categories":[1],"tags":[1215,1219,1212,64,1210,1213,1217,1218,1216,1211,1214],"class_list":["post-1379","post","type-post","status-publish","format-standard","has-post-thumbnail","hentry","category-actualites","tag-charm-el-cheikh","tag-corps-non-restitues","tag-echange-de-detenus","tag-gaza","tag-israel","tag-marwan-barghouti","tag-mediation-egypte","tag-mediation-etats-unis","tag-mediation-qatar","tag-treve-gaza","tag-yahya-sinwar"],"yoast_head":"<!-- This site is optimized with the Yoast SEO plugin v27.5 - https:\/\/yoast.com\/product\/yoast-seo-wordpress\/ -->\n<title>Isra\u00ebl exclut Barghouti et ne restituera pas les corps de Sinwar dans l\u2019\u00e9change de d\u00e9tenus \u00e0 Gaza - Descartes.tn<\/title>\n<meta name=\"description\" content=\"Isra\u00ebl exclut Marwan Barghouti de l\u2019accord de lib\u00e9ration et ne restituera pas les corps de Yahya Sinwar et de son fr\u00e8re, alors que les discussions sur l\u2019\u00e9change de d\u00e9tenus \u00e0 Gaza se poursuivent \u00e0 Charm el-Cheikh avec l\u2019implication de m\u00e9diateurs internationaux.\" \/>\n<meta name=\"robots\" content=\"index, follow, max-snippet:-1, max-image-preview:large, max-video-preview:-1\" \/>\n<link rel=\"canonical\" href=\"https:\/\/descartes.tn\/index.php\/2025\/10\/09\/israel-gaza-echange-de-tenus-sinwar-barghouti\/\" \/>\n<meta property=\"og:locale\" content=\"en_US\" \/>\n<meta property=\"og:type\" content=\"article\" \/>\n<meta property=\"og:title\" content=\"Isra\u00ebl exclut Barghouti et ne restituera pas les corps de Sinwar dans l\u2019\u00e9change de d\u00e9tenus \u00e0 Gaza - Descartes.tn\" \/>\n<meta property=\"og:description\" content=\"Isra\u00ebl exclut Marwan Barghouti de l\u2019accord de lib\u00e9ration et ne restituera pas les corps de Yahya Sinwar et de son fr\u00e8re, alors que les discussions sur l\u2019\u00e9change de d\u00e9tenus \u00e0 Gaza se poursuivent \u00e0 Charm el-Cheikh avec l\u2019implication de m\u00e9diateurs internationaux.\" \/>\n<meta property=\"og:url\" content=\"https:\/\/descartes.tn\/index.php\/2025\/10\/09\/israel-gaza-echange-de-tenus-sinwar-barghouti\/\" \/>\n<meta property=\"og:site_name\" content=\"Descartes.tn\" \/>\n<meta property=\"article:publisher\" content=\"https:\/\/www.facebook.com\/Magdescartes\" \/>\n<meta property=\"article:published_time\" content=\"2025-10-09T15:06:55+00:00\" \/>\n<meta property=\"article:modified_time\" content=\"2025-10-09T15:30:48+00:00\" \/>\n<meta property=\"og:image\" content=\"https:\/\/descartes.tn\/wp-content\/uploads\/2025\/10\/9cff8895-a01c-45c7-b6da-ce6e6fd83bba_16x9_1200x676-2.png\" \/>\n\t<meta property=\"og:image:width\" content=\"801\" \/>\n\t<meta property=\"og:image:height\" content=\"451\" \/>\n\t<meta property=\"og:image:type\" content=\"image\/png\" \/>\n<meta name=\"author\" content=\"Rayene Ameur\" \/>\n<meta name=\"twitter:card\" content=\"summary_large_image\" \/>\n<meta name=\"twitter:label1\" content=\"Written by\" \/>\n\t<meta name=\"twitter:data1\" content=\"Rayene Ameur\" \/>\n\t<meta name=\"twitter:label2\" content=\"Est. reading time\" \/>\n\t<meta name=\"twitter:data2\" content=\"1 minute\" \/>\n<script type=\"application\/ld+json\" class=\"yoast-schema-graph\">{\"@context\":\"https:\\\/\\\/schema.org\",\"@graph\":[{\"@type\":\"Article\",\"@id\":\"https:\\\/\\\/descartes.tn\\\/index.php\\\/2025\\\/10\\\/09\\\/israel-gaza-echange-de-tenus-sinwar-barghouti\\\/#article\",\"isPartOf\":{\"@id\":\"https:\\\/\\\/descartes.tn\\\/index.php\\\/2025\\\/10\\\/09\\\/israel-gaza-echange-de-tenus-sinwar-barghouti\\\/\"},\"author\":{\"name\":\"Rayene Ameur\",\"@id\":\"https:\\\/\\\/descartes.tn\\\/#\\\/schema\\\/person\\\/f6be92918350a8236133e3ab3089771b\"},\"headline\":\"Selon des sources isra\u00e9liennes, il est confirm\u00e9 que nous ne restituerons pas les corps de Sinwar et de son fr\u00e8re.\",\"datePublished\":\"2025-10-09T15:06:55+00:00\",\"dateModified\":\"2025-10-09T15:30:48+00:00\",\"mainEntityOfPage\":{\"@id\":\"https:\\\/\\\/descartes.tn\\\/index.php\\\/2025\\\/10\\\/09\\\/israel-gaza-echange-de-tenus-sinwar-barghouti\\\/\"},\"wordCount\":167,\"commentCount\":0,\"publisher\":{\"@id\":\"https:\\\/\\\/descartes.tn\\\/#organization\"},\"image\":{\"@id\":\"https:\\\/\\\/descartes.tn\\\/index.php\\\/2025\\\/10\\\/09\\\/israel-gaza-echange-de-tenus-sinwar-barghouti\\\/#primaryimage\"},\"thumbnailUrl\":\"https:\\\/\\\/descartes.tn\\\/wp-content\\\/uploads\\\/2025\\\/10\\\/9cff8895-a01c-45c7-b6da-ce6e6fd83bba_16x9_1200x676-2.png\",\"keywords\":[\"Charm el-Cheikh\",\"Corps non restitu\u00e9s\",\"\u00c9change de d\u00e9tenus\",\"gaza\",\"Isra\u00ebl\",\"Marwan Barghouti\",\"M\u00e9diation \u00c9gypte\",\"M\u00e9diation \u00c9tats-Unis\",\"M\u00e9diation Qatar\",\"Tr\u00eave Gaza\",\"Yahya Sinwar\"],\"articleSection\":[\"Actualit\u00e9s\"],\"inLanguage\":\"en-US\",\"potentialAction\":[{\"@type\":\"CommentAction\",\"name\":\"Comment\",\"target\":[\"https:\\\/\\\/descartes.tn\\\/index.php\\\/2025\\\/10\\\/09\\\/israel-gaza-echange-de-tenus-sinwar-barghouti\\\/#respond\"]}]},{\"@type\":\"WebPage\",\"@id\":\"https:\\\/\\\/descartes.tn\\\/index.php\\\/2025\\\/10\\\/09\\\/israel-gaza-echange-de-tenus-sinwar-barghouti\\\/\",\"url\":\"https:\\\/\\\/descartes.tn\\\/index.php\\\/2025\\\/10\\\/09\\\/israel-gaza-echange-de-tenus-sinwar-barghouti\\\/\",\"name\":\"Isra\u00ebl exclut Barghouti et ne restituera pas les corps de Sinwar dans l\u2019\u00e9change de d\u00e9tenus \u00e0 Gaza - Descartes.tn\",\"isPartOf\":{\"@id\":\"https:\\\/\\\/descartes.tn\\\/#website\"},\"primaryImageOfPage\":{\"@id\":\"https:\\\/\\\/descartes.tn\\\/index.php\\\/2025\\\/10\\\/09\\\/israel-gaza-echange-de-tenus-sinwar-barghouti\\\/#primaryimage\"},\"image\":{\"@id\":\"https:\\\/\\\/descartes.tn\\\/index.php\\\/2025\\\/10\\\/09\\\/israel-gaza-echange-de-tenus-sinwar-barghouti\\\/#primaryimage\"},\"thumbnailUrl\":\"https:\\\/\\\/descartes.tn\\\/wp-content\\\/uploads\\\/2025\\\/10\\\/9cff8895-a01c-45c7-b6da-ce6e6fd83bba_16x9_1200x676-2.png\",\"datePublished\":\"2025-10-09T15:06:55+00:00\",\"dateModified\":\"2025-10-09T15:30:48+00:00\",\"description\":\"Isra\u00ebl exclut Marwan Barghouti de l\u2019accord de lib\u00e9ration et ne restituera pas les corps de Yahya Sinwar et de son fr\u00e8re, alors que les discussions sur l\u2019\u00e9change de d\u00e9tenus \u00e0 Gaza se poursuivent \u00e0 Charm el-Cheikh avec l\u2019implication de m\u00e9diateurs internationaux.\",\"breadcrumb\":{\"@id\":\"https:\\\/\\\/descartes.tn\\\/index.php\\\/2025\\\/10\\\/09\\\/israel-gaza-echange-de-tenus-sinwar-barghouti\\\/#breadcrumb\"},\"inLanguage\":\"en-US\",\"potentialAction\":[{\"@type\":\"ReadAction\",\"target\":[\"https:\\\/\\\/descartes.tn\\\/index.php\\\/2025\\\/10\\\/09\\\/israel-gaza-echange-de-tenus-sinwar-barghouti\\\/\"]}]},{\"@type\":\"ImageObject\",\"inLanguage\":\"en-US\",\"@id\":\"https:\\\/\\\/descartes.tn\\\/index.php\\\/2025\\\/10\\\/09\\\/israel-gaza-echange-de-tenus-sinwar-barghouti\\\/#primaryimage\",\"url\":\"https:\\\/\\\/descartes.tn\\\/wp-content\\\/uploads\\\/2025\\\/10\\\/9cff8895-a01c-45c7-b6da-ce6e6fd83bba_16x9_1200x676-2.png\",\"contentUrl\":\"https:\\\/\\\/descartes.tn\\\/wp-content\\\/uploads\\\/2025\\\/10\\\/9cff8895-a01c-45c7-b6da-ce6e6fd83bba_16x9_1200x676-2.png\",\"width\":801,\"height\":451},{\"@type\":\"BreadcrumbList\",\"@id\":\"https:\\\/\\\/descartes.tn\\\/index.php\\\/2025\\\/10\\\/09\\\/israel-gaza-echange-de-tenus-sinwar-barghouti\\\/#breadcrumb\",\"itemListElement\":[{\"@type\":\"ListItem\",\"position\":1,\"name\":\"Home\",\"item\":\"https:\\\/\\\/descartes.tn\\\/\"},{\"@type\":\"ListItem\",\"position\":2,\"name\":\"Selon des sources isra\u00e9liennes, il est confirm\u00e9 que nous ne restituerons pas les corps de Sinwar et de son fr\u00e8re.\"}]},{\"@type\":\"WebSite\",\"@id\":\"https:\\\/\\\/descartes.tn\\\/#website\",\"url\":\"https:\\\/\\\/descartes.tn\\\/\",\"name\":\"Descartes.tn\",\"description\":\"\",\"publisher\":{\"@id\":\"https:\\\/\\\/descartes.tn\\\/#organization\"},\"potentialAction\":[{\"@type\":\"SearchAction\",\"target\":{\"@type\":\"EntryPoint\",\"urlTemplate\":\"https:\\\/\\\/descartes.tn\\\/?s={search_term_string}\"},\"query-input\":{\"@type\":\"PropertyValueSpecification\",\"valueRequired\":true,\"valueName\":\"search_term_string\"}}],\"inLanguage\":\"en-US\"},{\"@type\":\"Organization\",\"@id\":\"https:\\\/\\\/descartes.tn\\\/#organization\",\"name\":\"Descartes.tn\",\"url\":\"https:\\\/\\\/descartes.tn\\\/\",\"logo\":{\"@type\":\"ImageObject\",\"inLanguage\":\"en-US\",\"@id\":\"https:\\\/\\\/descartes.tn\\\/#\\\/schema\\\/logo\\\/image\\\/\",\"url\":\"https:\\\/\\\/descartes.tn\\\/wp-content\\\/uploads\\\/2025\\\/10\\\/cropped-Fichier-1-1.png\",\"contentUrl\":\"https:\\\/\\\/descartes.tn\\\/wp-content\\\/uploads\\\/2025\\\/10\\\/cropped-Fichier-1-1.png\",\"width\":136,\"height\":19,\"caption\":\"Descartes.tn\"},\"image\":{\"@id\":\"https:\\\/\\\/descartes.tn\\\/#\\\/schema\\\/logo\\\/image\\\/\"},\"sameAs\":[\"https:\\\/\\\/www.facebook.com\\\/Magdescartes\",\"https:\\\/\\\/www.instagram.com\\\/descartes.magazine\\\/\"]},{\"@type\":\"Person\",\"@id\":\"https:\\\/\\\/descartes.tn\\\/#\\\/schema\\\/person\\\/f6be92918350a8236133e3ab3089771b\",\"name\":\"Rayene Ameur\",\"image\":{\"@type\":\"ImageObject\",\"inLanguage\":\"en-US\",\"@id\":\"https:\\\/\\\/secure.gravatar.com\\\/avatar\\\/dac329e0df811b0889bc4232b5384b1983138cd63836a7e45f4af92b0319b760?s=96&d=mm&r=g\",\"url\":\"https:\\\/\\\/secure.gravatar.com\\\/avatar\\\/dac329e0df811b0889bc4232b5384b1983138cd63836a7e45f4af92b0319b760?s=96&d=mm&r=g\",\"contentUrl\":\"https:\\\/\\\/secure.gravatar.com\\\/avatar\\\/dac329e0df811b0889bc4232b5384b1983138cd63836a7e45f4af92b0319b760?s=96&d=mm&r=g\",\"caption\":\"Rayene Ameur\"},\"sameAs\":[\"http:\\\/\\\/www.descartes.tn\"],\"url\":\"https:\\\/\\\/descartes.tn\\\/index.php\\\/author\\\/rayen-ameur\\\/\"}]}<\/script>\n<!-- \/ Yoast SEO plugin. -->","yoast_head_json":{"title":"Isra\u00ebl exclut Barghouti et ne restituera pas les corps de Sinwar dans l\u2019\u00e9change de d\u00e9tenus \u00e0 Gaza - Descartes.tn","description":"Isra\u00ebl exclut Marwan Barghouti de l\u2019accord de lib\u00e9ration et ne restituera pas les corps de Yahya Sinwar et de son fr\u00e8re, alors que les discussions sur l\u2019\u00e9change de d\u00e9tenus \u00e0 Gaza se poursuivent \u00e0 Charm el-Cheikh avec l\u2019implication de m\u00e9diateurs internationaux.","robots":{"index":"index","follow":"follow","max-snippet":"max-snippet:-1","max-image-preview":"max-image-preview:large","max-video-preview":"max-video-preview:-1"},"canonical":"https:\/\/descartes.tn\/index.php\/2025\/10\/09\/israel-gaza-echange-de-tenus-sinwar-barghouti\/","og_locale":"en_US","og_type":"article","og_title":"Isra\u00ebl exclut Barghouti et ne restituera pas les corps de Sinwar dans l\u2019\u00e9change de d\u00e9tenus \u00e0 Gaza - Descartes.tn","og_description":"Isra\u00ebl exclut Marwan Barghouti de l\u2019accord de lib\u00e9ration et ne restituera pas les corps de Yahya Sinwar et de son fr\u00e8re, alors que les discussions sur l\u2019\u00e9change de d\u00e9tenus \u00e0 Gaza se poursuivent \u00e0 Charm el-Cheikh avec l\u2019implication de m\u00e9diateurs internationaux.","og_url":"https:\/\/descartes.tn\/index.php\/2025\/10\/09\/israel-gaza-echange-de-tenus-sinwar-barghouti\/","og_site_name":"Descartes.tn","article_publisher":"https:\/\/www.facebook.com\/Magdescartes","article_published_time":"2025-10-09T15:06:55+00:00","article_modified_time":"2025-10-09T15:30:48+00:00","og_image":[{"width":801,"height":451,"url":"https:\/\/descartes.tn\/wp-content\/uploads\/2025\/10\/9cff8895-a01c-45c7-b6da-ce6e6fd83bba_16x9_1200x676-2.png","type":"image\/png"}],"author":"Rayene Ameur","twitter_card":"summary_large_image","twitter_misc":{"Written by":"Rayene Ameur","Est. reading time":"1 minute"},"schema":{"@context":"https:\/\/schema.org","@graph":[{"@type":"Article","@id":"https:\/\/descartes.tn\/index.php\/2025\/10\/09\/israel-gaza-echange-de-tenus-sinwar-barghouti\/#article","isPartOf":{"@id":"https:\/\/descartes.tn\/index.php\/2025\/10\/09\/israel-gaza-echange-de-tenus-sinwar-barghouti\/"},"author":{"name":"Rayene Ameur","@id":"https:\/\/descartes.tn\/#\/schema\/person\/f6be92918350a8236133e3ab3089771b"},"headline":"Selon des sources isra\u00e9liennes, il est confirm\u00e9 que nous ne restituerons pas les corps de Sinwar et de son fr\u00e8re.","datePublished":"2025-10-09T15:06:55+00:00","dateModified":"2025-10-09T15:30:48+00:00","mainEntityOfPage":{"@id":"https:\/\/descartes.tn\/index.php\/2025\/10\/09\/israel-gaza-echange-de-tenus-sinwar-barghouti\/"},"wordCount":167,"commentCount":0,"publisher":{"@id":"https:\/\/descartes.tn\/#organization"},"image":{"@id":"https:\/\/descartes.tn\/index.php\/2025\/10\/09\/israel-gaza-echange-de-tenus-sinwar-barghouti\/#primaryimage"},"thumbnailUrl":"https:\/\/descartes.tn\/wp-content\/uploads\/2025\/10\/9cff8895-a01c-45c7-b6da-ce6e6fd83bba_16x9_1200x676-2.png","keywords":["Charm el-Cheikh","Corps non restitu\u00e9s","\u00c9change de d\u00e9tenus","gaza","Isra\u00ebl","Marwan Barghouti","M\u00e9diation \u00c9gypte","M\u00e9diation \u00c9tats-Unis","M\u00e9diation Qatar","Tr\u00eave Gaza","Yahya Sinwar"],"articleSection":["Actualit\u00e9s"],"inLanguage":"en-US","potentialAction":[{"@type":"CommentAction","name":"Comment","target":["https:\/\/descartes.tn\/index.php\/2025\/10\/09\/israel-gaza-echange-de-tenus-sinwar-barghouti\/#respond"]}]},{"@type":"WebPage","@id":"https:\/\/descartes.tn\/index.php\/2025\/10\/09\/israel-gaza-echange-de-tenus-sinwar-barghouti\/","url":"https:\/\/descartes.tn\/index.php\/2025\/10\/09\/israel-gaza-echange-de-tenus-sinwar-barghouti\/","name":"Isra\u00ebl exclut Barghouti et ne restituera pas les corps de Sinwar dans l\u2019\u00e9change de d\u00e9tenus \u00e0 Gaza - Descartes.tn","isPartOf":{"@id":"https:\/\/descartes.tn\/#website"},"primaryImageOfPage":{"@id":"https:\/\/descartes.tn\/index.php\/2025\/10\/09\/israel-gaza-echange-de-tenus-sinwar-barghouti\/#primaryimage"},"image":{"@id":"https:\/\/descartes.tn\/index.php\/2025\/10\/09\/israel-gaza-echange-de-tenus-sinwar-barghouti\/#primaryimage"},"thumbnailUrl":"https:\/\/descartes.tn\/wp-content\/uploads\/2025\/10\/9cff8895-a01c-45c7-b6da-ce6e6fd83bba_16x9_1200x676-2.png","datePublished":"2025-10-09T15:06:55+00:00","dateModified":"2025-10-09T15:30:48+00:00","description":"Isra\u00ebl exclut Marwan Barghouti de l\u2019accord de lib\u00e9ration et ne restituera pas les corps de Yahya Sinwar et de son fr\u00e8re, alors que les discussions sur l\u2019\u00e9change de d\u00e9tenus \u00e0 Gaza se poursuivent \u00e0 Charm el-Cheikh avec l\u2019implication de m\u00e9diateurs internationaux.","breadcrumb":{"@id":"https:\/\/descartes.tn\/index.php\/2025\/10\/09\/israel-gaza-echange-de-tenus-sinwar-barghouti\/#breadcrumb"},"inLanguage":"en-US","potentialAction":[{"@type":"ReadAction","target":["https:\/\/descartes.tn\/index.php\/2025\/10\/09\/israel-gaza-echange-de-tenus-sinwar-barghouti\/"]}]},{"@type":"ImageObject","inLanguage":"en-US","@id":"https:\/\/descartes.tn\/index.php\/2025\/10\/09\/israel-gaza-echange-de-tenus-sinwar-barghouti\/#primaryimage","url":"https:\/\/descartes.tn\/wp-content\/uploads\/2025\/10\/9cff8895-a01c-45c7-b6da-ce6e6fd83bba_16x9_1200x676-2.png","contentUrl":"https:\/\/descartes.tn\/wp-content\/uploads\/2025\/10\/9cff8895-a01c-45c7-b6da-ce6e6fd83bba_16x9_1200x676-2.png","width":801,"height":451},{"@type":"BreadcrumbList","@id":"https:\/\/descartes.tn\/index.php\/2025\/10\/09\/israel-gaza-echange-de-tenus-sinwar-barghouti\/#breadcrumb","itemListElement":[{"@type":"ListItem","position":1,"name":"Home","item":"https:\/\/descartes.tn\/"},{"@type":"ListItem","position":2,"name":"Selon des sources isra\u00e9liennes, il est confirm\u00e9 que nous ne restituerons pas les corps de Sinwar et de son fr\u00e8re."}]},{"@type":"WebSite","@id":"https:\/\/descartes.tn\/#website","url":"https:\/\/descartes.tn\/","name":"Descartes.tn","description":"","publisher":{"@id":"https:\/\/descartes.tn\/#organization"},"potentialAction":[{"@type":"SearchAction","target":{"@type":"EntryPoint","urlTemplate":"https:\/\/descartes.tn\/?s={search_term_string}"},"query-input":{"@type":"PropertyValueSpecification","valueRequired":true,"valueName":"search_term_string"}}],"inLanguage":"en-US"},{"@type":"Organization","@id":"https:\/\/descartes.tn\/#organization","name":"Descartes.tn","url":"https:\/\/descartes.tn\/","logo":{"@type":"ImageObject","inLanguage":"en-US","@id":"https:\/\/descartes.tn\/#\/schema\/logo\/image\/","url":"https:\/\/descartes.tn\/wp-content\/uploads\/2025\/10\/cropped-Fichier-1-1.png","contentUrl":"https:\/\/descartes.tn\/wp-content\/uploads\/2025\/10\/cropped-Fichier-1-1.png","width":136,"height":19,"caption":"Descartes.tn"},"image":{"@id":"https:\/\/descartes.tn\/#\/schema\/logo\/image\/"},"sameAs":["https:\/\/www.facebook.com\/Magdescartes","https:\/\/www.instagram.com\/descartes.magazine\/"]},{"@type":"Person","@id":"https:\/\/descartes.tn\/#\/schema\/person\/f6be92918350a8236133e3ab3089771b","name":"Rayene Ameur","image":{"@type":"ImageObject","inLanguage":"en-US","@id":"https:\/\/secure.gravatar.com\/avatar\/dac329e0df811b0889bc4232b5384b1983138cd63836a7e45f4af92b0319b760?s=96&d=mm&r=g","url":"https:\/\/secure.gravatar.com\/avatar\/dac329e0df811b0889bc4232b5384b1983138cd63836a7e45f4af92b0319b760?s=96&d=mm&r=g","contentUrl":"https:\/\/secure.gravatar.com\/avatar\/dac329e0df811b0889bc4232b5384b1983138cd63836a7e45f4af92b0319b760?s=96&d=mm&r=g","caption":"Rayene Ameur"},"sameAs":["http:\/\/www.descartes.tn"],"url":"https:\/\/descartes.tn\/index.php\/author\/rayen-ameur\/"}]}},"_links":{"self":[{"href":"https:\/\/descartes.tn\/index.php\/wp-json\/wp\/v2\/posts\/1379","targetHints":{"allow":["GET"]}}],"collection":[{"href":"https:\/\/descartes.tn\/index.php\/wp-json\/wp\/v2\/posts"}],"about":[{"href":"https:\/\/descartes.tn\/index.php\/wp-json\/wp\/v2\/types\/post"}],"author":[{"embeddable":true,"href":"https:\/\/descartes.tn\/index.php\/wp-json\/wp\/v2\/users\/7"}],"replies":[{"embeddable":true,"href":"https:\/\/descartes.tn\/index.php\/wp-json\/wp\/v2\/comments?post=1379"}],"version-history":[{"count":4,"href":"https:\/\/descartes.tn\/index.php\/wp-json\/wp\/v2\/posts\/1379\/revisions"}],"predecessor-version":[{"id":1387,"href":"https:\/\/descartes.tn\/index.php\/wp-json\/wp\/v2\/posts\/1379\/revisions\/1387"}],"wp:featuredmedia":[{"embeddable":true,"href":"https:\/\/descartes.tn\/index.php\/wp-json\/wp\/v2\/media\/1388"}],"wp:attachment":[{"href":"https:\/\/descartes.tn\/index.php\/wp-json\/wp\/v2\/media?parent=1379"}],"wp:term":[{"taxonomy":"category","embeddable":true,"href":"https:\/\/descartes.tn\/index.php\/wp-json\/wp\/v2\/categories?post=1379"},{"taxonomy":"post_tag","embeddable":true,"href":"https:\/\/descartes.tn\/index.php\/wp-json\/wp\/v2\/tags?post=1379"}],"curies":[{"name":"wp","href":"https:\/\/api.w.org\/{rel}","templated":true}]}}