{"id":1356,"date":"2025-10-09T10:56:01","date_gmt":"2025-10-09T10:56:01","guid":{"rendered":"https:\/\/descartes.tn\/?p=1356"},"modified":"2025-10-09T10:56:02","modified_gmt":"2025-10-09T10:56:02","slug":"al-hawariya-manifestation-pollution-environnementale","status":"publish","type":"post","link":"https:\/\/descartes.tn\/index.php\/2025\/10\/09\/al-hawariya-manifestation-pollution-environnementale\/","title":{"rendered":"Al-Hawariya : Des habitants manifestent contre la pollution environnementale."},"content":{"rendered":"\n<p>Abdel Fattah Al-Muadab, un r\u00e9sident de la localit\u00e9 de Saheb El-Jabal dans la d\u00e9l\u00e9gation d&#8217;El-Hawaria du gouvernorat de Nabeul, a partag\u00e9 aujourd&#8217;hui sur Mosa\u00efque FM qu&#8217;il compte rejoindre un groupe de concitoyens pour une manifestation ce matin. Ils voyageront en convoi automobile arborant le drapeau tunisien vers la capitale afin d&#8217;alerter les autorit\u00e9s sur une s\u00e9rie de dol\u00e9ances. Parmi celles-ci, on note \u00ab l&#8217;appel \u00e0 mettre fin \u00e0 l&#8217;injustice caus\u00e9e par cinq installations industrielles qui nuisent \u00e0 leur environnement et compromettent la qualit\u00e9 de l&#8217;air, du sol et de l&#8217;eau \u00bb.<\/p>\n\n\n\n<figure class=\"wp-block-image size-full\"><img loading=\"lazy\" decoding=\"async\" width=\"800\" height=\"600\" src=\"https:\/\/descartes.tn\/wp-content\/uploads\/2025\/10\/1760004618.png\" alt=\"\" class=\"wp-image-1357\" srcset=\"https:\/\/descartes.tn\/wp-content\/uploads\/2025\/10\/1760004618.png 800w, https:\/\/descartes.tn\/wp-content\/uploads\/2025\/10\/1760004618-300x225.png 300w, https:\/\/descartes.tn\/wp-content\/uploads\/2025\/10\/1760004618-768x576.png 768w\" sizes=\"auto, (max-width: 800px) 100vw, 800px\" \/><\/figure>\n\n\n\n<p>Al-Muadab a mis l&#8217;accent sur le fait que le d\u00e9part du convoi repr\u00e9sente la phase finale d&#8217;un processus de pourparlers et de discussions avec les autorit\u00e9s en charge, allant du niveau du gouverorat jusqu&#8217;\u00e0 celui de la province. Il a pr\u00e9cis\u00e9 que les discussions ont principalement consist\u00e9 en des entretiens avec des exploitants d&#8217;usines et un porte-parole de la Conf\u00e9d\u00e9ration tunisienne de l&#8217;industrie, du commerce et du tourisme. Cependant, aucun consensus n&#8217;a \u00e9t\u00e9 atteint concernant une solution visant \u00e0 r\u00e9duire la pollution \u00e9mise dans la r\u00e9gion, qu&#8217;elle provienne des gaz issus de l&#8217;utilisation de l&#8217;essence ou du rejet d&#8217;eaux us\u00e9es vers la mer et les \u00e9tangs voisins des zones r\u00e9sidentielles. <\/p>\n\n\n\n<p>Ce m\u00eame repr\u00e9sentant a affirm\u00e9 : \u00ab Avec mes coll\u00e8gues, nous avons formul\u00e9 diverses demandes aupr\u00e8s du pr\u00e9sident de la R\u00e9publique, y compris l&#8217;abandon de la poursuite pour pollution et l&#8217;\u00e9tablissement d&#8217;une municipalit\u00e9, d&#8217;un poste de police ainsi que plusieurs \u00e9quipements essentiels qui font d\u00e9faut dans la r\u00e9gion de Saheb al-Jabal, peupl\u00e9e selon le dernier recensement, par 16 000 r\u00e9sidents. \u00bb La pollution environnementale est \u00e0 l&#8217;origine d&#8217;une pr\u00e9valence \u00e9lev\u00e9e de cancers dans cette r\u00e9gion.<\/p>\n\n\n\n<p>Al-Moadab a d\u00e9clar\u00e9 : \u00ab Si les r\u00e9sidents de Saheb Al-Jabal ne rencontrent pas d&#8217;\u00e9coute, ils n&#8217;auront d&#8217;autre choix que de vendre leurs propri\u00e9t\u00e9s et de quitter la zone. \u00bb<\/p>\n\n\n\n<p><\/p>\n","protected":false},"excerpt":{"rendered":"<p>Abdel Fattah Al-Muadab, un r\u00e9sident de la localit\u00e9 de Saheb El-Jabal dans la d\u00e9l\u00e9gation d&#8217;El-Hawaria du gouvernorat de Nabeul, a partag\u00e9 aujourd&#8217;hui sur Mosa\u00efque FM qu&#8217;il compte rejoindre un groupe de concitoyens pour une manifestation ce matin. Ils voyageront en convoi automobile arborant le drapeau tunisien vers la capitale afin d&#8217;alerter les autorit\u00e9s sur une [&hellip;]<\/p>\n","protected":false},"author":7,"featured_media":1358,"comment_status":"open","ping_status":"closed","sticky":false,"template":"","format":"standard","meta":{"footnotes":""},"categories":[1],"tags":[1159,49,1163,1154,1165,1162,1156,203,1155,1157,1164,1158,1161,17,1160],"class_list":["post-1356","post","type-post","status-publish","format-standard","has-post-thumbnail","hentry","category-actualites","tag-abdel-fattah-al-muadab","tag-actualite","tag-air-sol-eau","tag-al-hawariya","tag-cancer-pollution-tunisie","tag-convoi-ecologique","tag-manifestation-tunisie","tag-nabeul","tag-pollution-environnementale","tag-pollution-industrielle","tag-revendications-sociales","tag-saheb-el-jabal","tag-sante-publique-tunisie","tag-tunisie","tag-usines-polluantes"],"yoast_head":"<!-- This site is optimized with the Yoast SEO plugin v27.5 - https:\/\/yoast.com\/product\/yoast-seo-wordpress\/ -->\n<title>Al-Hawariya : Manifestation contre la pollution environnementale caus\u00e9e par cinq usines - Descartes.tn<\/title>\n<meta name=\"description\" content=\"Des habitants de Saheb El-Jabal \u00e0 Al-Hawariya manifestent contre la pollution caus\u00e9e par cinq usines industrielles. Un convoi se dirige vers Tunis pour alerter les autorit\u00e9s sur la d\u00e9gradation de l&#039;air, du sol et de l&#039;eau, \u00e0 l&#039;origine de nombreux cas de cancer dans la r\u00e9gion.\" \/>\n<meta name=\"robots\" content=\"index, follow, max-snippet:-1, max-image-preview:large, max-video-preview:-1\" \/>\n<link rel=\"canonical\" href=\"https:\/\/descartes.tn\/index.php\/2025\/10\/09\/al-hawariya-manifestation-pollution-environnementale\/\" \/>\n<meta property=\"og:locale\" content=\"en_US\" \/>\n<meta property=\"og:type\" content=\"article\" \/>\n<meta property=\"og:title\" content=\"Al-Hawariya : Manifestation contre la pollution environnementale caus\u00e9e par cinq usines - Descartes.tn\" \/>\n<meta property=\"og:description\" content=\"Des habitants de Saheb El-Jabal \u00e0 Al-Hawariya manifestent contre la pollution caus\u00e9e par cinq usines industrielles. Un convoi se dirige vers Tunis pour alerter les autorit\u00e9s sur la d\u00e9gradation de l&#039;air, du sol et de l&#039;eau, \u00e0 l&#039;origine de nombreux cas de cancer dans la r\u00e9gion.\" \/>\n<meta property=\"og:url\" content=\"https:\/\/descartes.tn\/index.php\/2025\/10\/09\/al-hawariya-manifestation-pollution-environnementale\/\" \/>\n<meta property=\"og:site_name\" content=\"Descartes.tn\" \/>\n<meta property=\"article:publisher\" content=\"https:\/\/www.facebook.com\/Magdescartes\" \/>\n<meta property=\"article:published_time\" content=\"2025-10-09T10:56:01+00:00\" \/>\n<meta property=\"article:modified_time\" content=\"2025-10-09T10:56:02+00:00\" \/>\n<meta property=\"og:image\" content=\"https:\/\/descartes.tn\/wp-content\/uploads\/2025\/10\/Screenshot-2025-10-09-115507.png\" \/>\n\t<meta property=\"og:image:width\" content=\"1114\" \/>\n\t<meta property=\"og:image:height\" content=\"682\" \/>\n\t<meta property=\"og:image:type\" content=\"image\/png\" \/>\n<meta name=\"author\" content=\"Rayene Ameur\" \/>\n<meta name=\"twitter:card\" content=\"summary_large_image\" \/>\n<meta name=\"twitter:label1\" content=\"Written by\" \/>\n\t<meta name=\"twitter:data1\" content=\"Rayene Ameur\" \/>\n\t<meta name=\"twitter:label2\" content=\"Est. reading time\" \/>\n\t<meta name=\"twitter:data2\" content=\"2 minutes\" \/>\n<script type=\"application\/ld+json\" class=\"yoast-schema-graph\">{\"@context\":\"https:\\\/\\\/schema.org\",\"@graph\":[{\"@type\":\"Article\",\"@id\":\"https:\\\/\\\/descartes.tn\\\/index.php\\\/2025\\\/10\\\/09\\\/al-hawariya-manifestation-pollution-environnementale\\\/#article\",\"isPartOf\":{\"@id\":\"https:\\\/\\\/descartes.tn\\\/index.php\\\/2025\\\/10\\\/09\\\/al-hawariya-manifestation-pollution-environnementale\\\/\"},\"author\":{\"name\":\"Rayene Ameur\",\"@id\":\"https:\\\/\\\/descartes.tn\\\/#\\\/schema\\\/person\\\/f6be92918350a8236133e3ab3089771b\"},\"headline\":\"Al-Hawariya : Des habitants manifestent contre la pollution environnementale.\",\"datePublished\":\"2025-10-09T10:56:01+00:00\",\"dateModified\":\"2025-10-09T10:56:02+00:00\",\"mainEntityOfPage\":{\"@id\":\"https:\\\/\\\/descartes.tn\\\/index.php\\\/2025\\\/10\\\/09\\\/al-hawariya-manifestation-pollution-environnementale\\\/\"},\"wordCount\":360,\"commentCount\":0,\"publisher\":{\"@id\":\"https:\\\/\\\/descartes.tn\\\/#organization\"},\"image\":{\"@id\":\"https:\\\/\\\/descartes.tn\\\/index.php\\\/2025\\\/10\\\/09\\\/al-hawariya-manifestation-pollution-environnementale\\\/#primaryimage\"},\"thumbnailUrl\":\"https:\\\/\\\/descartes.tn\\\/wp-content\\\/uploads\\\/2025\\\/10\\\/Screenshot-2025-10-09-115507.png\",\"keywords\":[\"Abdel Fattah Al-Muadab\",\"actualit\u00e9\",\"air sol eau\",\"Al-Hawariya\",\"cancer pollution Tunisie\",\"convoi \u00e9cologique\",\"manifestation Tunisie\",\"Nabeul\",\"pollution environnementale\",\"pollution industrielle\",\"revendications sociales\",\"Saheb El-Jabal\",\"sant\u00e9 publique Tunisie\",\"tunisie\",\"usines polluantes\"],\"articleSection\":[\"Actualit\u00e9s\"],\"inLanguage\":\"en-US\",\"potentialAction\":[{\"@type\":\"CommentAction\",\"name\":\"Comment\",\"target\":[\"https:\\\/\\\/descartes.tn\\\/index.php\\\/2025\\\/10\\\/09\\\/al-hawariya-manifestation-pollution-environnementale\\\/#respond\"]}]},{\"@type\":\"WebPage\",\"@id\":\"https:\\\/\\\/descartes.tn\\\/index.php\\\/2025\\\/10\\\/09\\\/al-hawariya-manifestation-pollution-environnementale\\\/\",\"url\":\"https:\\\/\\\/descartes.tn\\\/index.php\\\/2025\\\/10\\\/09\\\/al-hawariya-manifestation-pollution-environnementale\\\/\",\"name\":\"Al-Hawariya : Manifestation contre la pollution environnementale caus\u00e9e par cinq usines - Descartes.tn\",\"isPartOf\":{\"@id\":\"https:\\\/\\\/descartes.tn\\\/#website\"},\"primaryImageOfPage\":{\"@id\":\"https:\\\/\\\/descartes.tn\\\/index.php\\\/2025\\\/10\\\/09\\\/al-hawariya-manifestation-pollution-environnementale\\\/#primaryimage\"},\"image\":{\"@id\":\"https:\\\/\\\/descartes.tn\\\/index.php\\\/2025\\\/10\\\/09\\\/al-hawariya-manifestation-pollution-environnementale\\\/#primaryimage\"},\"thumbnailUrl\":\"https:\\\/\\\/descartes.tn\\\/wp-content\\\/uploads\\\/2025\\\/10\\\/Screenshot-2025-10-09-115507.png\",\"datePublished\":\"2025-10-09T10:56:01+00:00\",\"dateModified\":\"2025-10-09T10:56:02+00:00\",\"description\":\"Des habitants de Saheb El-Jabal \u00e0 Al-Hawariya manifestent contre la pollution caus\u00e9e par cinq usines industrielles. Un convoi se dirige vers Tunis pour alerter les autorit\u00e9s sur la d\u00e9gradation de l'air, du sol et de l'eau, \u00e0 l'origine de nombreux cas de cancer dans la r\u00e9gion.\",\"breadcrumb\":{\"@id\":\"https:\\\/\\\/descartes.tn\\\/index.php\\\/2025\\\/10\\\/09\\\/al-hawariya-manifestation-pollution-environnementale\\\/#breadcrumb\"},\"inLanguage\":\"en-US\",\"potentialAction\":[{\"@type\":\"ReadAction\",\"target\":[\"https:\\\/\\\/descartes.tn\\\/index.php\\\/2025\\\/10\\\/09\\\/al-hawariya-manifestation-pollution-environnementale\\\/\"]}]},{\"@type\":\"ImageObject\",\"inLanguage\":\"en-US\",\"@id\":\"https:\\\/\\\/descartes.tn\\\/index.php\\\/2025\\\/10\\\/09\\\/al-hawariya-manifestation-pollution-environnementale\\\/#primaryimage\",\"url\":\"https:\\\/\\\/descartes.tn\\\/wp-content\\\/uploads\\\/2025\\\/10\\\/Screenshot-2025-10-09-115507.png\",\"contentUrl\":\"https:\\\/\\\/descartes.tn\\\/wp-content\\\/uploads\\\/2025\\\/10\\\/Screenshot-2025-10-09-115507.png\",\"width\":1114,\"height\":682},{\"@type\":\"BreadcrumbList\",\"@id\":\"https:\\\/\\\/descartes.tn\\\/index.php\\\/2025\\\/10\\\/09\\\/al-hawariya-manifestation-pollution-environnementale\\\/#breadcrumb\",\"itemListElement\":[{\"@type\":\"ListItem\",\"position\":1,\"name\":\"Home\",\"item\":\"https:\\\/\\\/descartes.tn\\\/\"},{\"@type\":\"ListItem\",\"position\":2,\"name\":\"Al-Hawariya : Des habitants manifestent contre la pollution environnementale.\"}]},{\"@type\":\"WebSite\",\"@id\":\"https:\\\/\\\/descartes.tn\\\/#website\",\"url\":\"https:\\\/\\\/descartes.tn\\\/\",\"name\":\"Descartes.tn\",\"description\":\"\",\"publisher\":{\"@id\":\"https:\\\/\\\/descartes.tn\\\/#organization\"},\"potentialAction\":[{\"@type\":\"SearchAction\",\"target\":{\"@type\":\"EntryPoint\",\"urlTemplate\":\"https:\\\/\\\/descartes.tn\\\/?s={search_term_string}\"},\"query-input\":{\"@type\":\"PropertyValueSpecification\",\"valueRequired\":true,\"valueName\":\"search_term_string\"}}],\"inLanguage\":\"en-US\"},{\"@type\":\"Organization\",\"@id\":\"https:\\\/\\\/descartes.tn\\\/#organization\",\"name\":\"Descartes.tn\",\"url\":\"https:\\\/\\\/descartes.tn\\\/\",\"logo\":{\"@type\":\"ImageObject\",\"inLanguage\":\"en-US\",\"@id\":\"https:\\\/\\\/descartes.tn\\\/#\\\/schema\\\/logo\\\/image\\\/\",\"url\":\"https:\\\/\\\/descartes.tn\\\/wp-content\\\/uploads\\\/2025\\\/10\\\/cropped-Fichier-1-1.png\",\"contentUrl\":\"https:\\\/\\\/descartes.tn\\\/wp-content\\\/uploads\\\/2025\\\/10\\\/cropped-Fichier-1-1.png\",\"width\":136,\"height\":19,\"caption\":\"Descartes.tn\"},\"image\":{\"@id\":\"https:\\\/\\\/descartes.tn\\\/#\\\/schema\\\/logo\\\/image\\\/\"},\"sameAs\":[\"https:\\\/\\\/www.facebook.com\\\/Magdescartes\",\"https:\\\/\\\/www.instagram.com\\\/descartes.magazine\\\/\"]},{\"@type\":\"Person\",\"@id\":\"https:\\\/\\\/descartes.tn\\\/#\\\/schema\\\/person\\\/f6be92918350a8236133e3ab3089771b\",\"name\":\"Rayene Ameur\",\"image\":{\"@type\":\"ImageObject\",\"inLanguage\":\"en-US\",\"@id\":\"https:\\\/\\\/secure.gravatar.com\\\/avatar\\\/dac329e0df811b0889bc4232b5384b1983138cd63836a7e45f4af92b0319b760?s=96&d=mm&r=g\",\"url\":\"https:\\\/\\\/secure.gravatar.com\\\/avatar\\\/dac329e0df811b0889bc4232b5384b1983138cd63836a7e45f4af92b0319b760?s=96&d=mm&r=g\",\"contentUrl\":\"https:\\\/\\\/secure.gravatar.com\\\/avatar\\\/dac329e0df811b0889bc4232b5384b1983138cd63836a7e45f4af92b0319b760?s=96&d=mm&r=g\",\"caption\":\"Rayene Ameur\"},\"sameAs\":[\"http:\\\/\\\/www.descartes.tn\"],\"url\":\"https:\\\/\\\/descartes.tn\\\/index.php\\\/author\\\/rayen-ameur\\\/\"}]}<\/script>\n<!-- \/ Yoast SEO plugin. -->","yoast_head_json":{"title":"Al-Hawariya : Manifestation contre la pollution environnementale caus\u00e9e par cinq usines - Descartes.tn","description":"Des habitants de Saheb El-Jabal \u00e0 Al-Hawariya manifestent contre la pollution caus\u00e9e par cinq usines industrielles. Un convoi se dirige vers Tunis pour alerter les autorit\u00e9s sur la d\u00e9gradation de l'air, du sol et de l'eau, \u00e0 l'origine de nombreux cas de cancer dans la r\u00e9gion.","robots":{"index":"index","follow":"follow","max-snippet":"max-snippet:-1","max-image-preview":"max-image-preview:large","max-video-preview":"max-video-preview:-1"},"canonical":"https:\/\/descartes.tn\/index.php\/2025\/10\/09\/al-hawariya-manifestation-pollution-environnementale\/","og_locale":"en_US","og_type":"article","og_title":"Al-Hawariya : Manifestation contre la pollution environnementale caus\u00e9e par cinq usines - Descartes.tn","og_description":"Des habitants de Saheb El-Jabal \u00e0 Al-Hawariya manifestent contre la pollution caus\u00e9e par cinq usines industrielles. Un convoi se dirige vers Tunis pour alerter les autorit\u00e9s sur la d\u00e9gradation de l'air, du sol et de l'eau, \u00e0 l'origine de nombreux cas de cancer dans la r\u00e9gion.","og_url":"https:\/\/descartes.tn\/index.php\/2025\/10\/09\/al-hawariya-manifestation-pollution-environnementale\/","og_site_name":"Descartes.tn","article_publisher":"https:\/\/www.facebook.com\/Magdescartes","article_published_time":"2025-10-09T10:56:01+00:00","article_modified_time":"2025-10-09T10:56:02+00:00","og_image":[{"width":1114,"height":682,"url":"https:\/\/descartes.tn\/wp-content\/uploads\/2025\/10\/Screenshot-2025-10-09-115507.png","type":"image\/png"}],"author":"Rayene Ameur","twitter_card":"summary_large_image","twitter_misc":{"Written by":"Rayene Ameur","Est. reading time":"2 minutes"},"schema":{"@context":"https:\/\/schema.org","@graph":[{"@type":"Article","@id":"https:\/\/descartes.tn\/index.php\/2025\/10\/09\/al-hawariya-manifestation-pollution-environnementale\/#article","isPartOf":{"@id":"https:\/\/descartes.tn\/index.php\/2025\/10\/09\/al-hawariya-manifestation-pollution-environnementale\/"},"author":{"name":"Rayene Ameur","@id":"https:\/\/descartes.tn\/#\/schema\/person\/f6be92918350a8236133e3ab3089771b"},"headline":"Al-Hawariya : Des habitants manifestent contre la pollution environnementale.","datePublished":"2025-10-09T10:56:01+00:00","dateModified":"2025-10-09T10:56:02+00:00","mainEntityOfPage":{"@id":"https:\/\/descartes.tn\/index.php\/2025\/10\/09\/al-hawariya-manifestation-pollution-environnementale\/"},"wordCount":360,"commentCount":0,"publisher":{"@id":"https:\/\/descartes.tn\/#organization"},"image":{"@id":"https:\/\/descartes.tn\/index.php\/2025\/10\/09\/al-hawariya-manifestation-pollution-environnementale\/#primaryimage"},"thumbnailUrl":"https:\/\/descartes.tn\/wp-content\/uploads\/2025\/10\/Screenshot-2025-10-09-115507.png","keywords":["Abdel Fattah Al-Muadab","actualit\u00e9","air sol eau","Al-Hawariya","cancer pollution Tunisie","convoi \u00e9cologique","manifestation Tunisie","Nabeul","pollution environnementale","pollution industrielle","revendications sociales","Saheb El-Jabal","sant\u00e9 publique Tunisie","tunisie","usines polluantes"],"articleSection":["Actualit\u00e9s"],"inLanguage":"en-US","potentialAction":[{"@type":"CommentAction","name":"Comment","target":["https:\/\/descartes.tn\/index.php\/2025\/10\/09\/al-hawariya-manifestation-pollution-environnementale\/#respond"]}]},{"@type":"WebPage","@id":"https:\/\/descartes.tn\/index.php\/2025\/10\/09\/al-hawariya-manifestation-pollution-environnementale\/","url":"https:\/\/descartes.tn\/index.php\/2025\/10\/09\/al-hawariya-manifestation-pollution-environnementale\/","name":"Al-Hawariya : Manifestation contre la pollution environnementale caus\u00e9e par cinq usines - Descartes.tn","isPartOf":{"@id":"https:\/\/descartes.tn\/#website"},"primaryImageOfPage":{"@id":"https:\/\/descartes.tn\/index.php\/2025\/10\/09\/al-hawariya-manifestation-pollution-environnementale\/#primaryimage"},"image":{"@id":"https:\/\/descartes.tn\/index.php\/2025\/10\/09\/al-hawariya-manifestation-pollution-environnementale\/#primaryimage"},"thumbnailUrl":"https:\/\/descartes.tn\/wp-content\/uploads\/2025\/10\/Screenshot-2025-10-09-115507.png","datePublished":"2025-10-09T10:56:01+00:00","dateModified":"2025-10-09T10:56:02+00:00","description":"Des habitants de Saheb El-Jabal \u00e0 Al-Hawariya manifestent contre la pollution caus\u00e9e par cinq usines industrielles. Un convoi se dirige vers Tunis pour alerter les autorit\u00e9s sur la d\u00e9gradation de l'air, du sol et de l'eau, \u00e0 l'origine de nombreux cas de cancer dans la r\u00e9gion.","breadcrumb":{"@id":"https:\/\/descartes.tn\/index.php\/2025\/10\/09\/al-hawariya-manifestation-pollution-environnementale\/#breadcrumb"},"inLanguage":"en-US","potentialAction":[{"@type":"ReadAction","target":["https:\/\/descartes.tn\/index.php\/2025\/10\/09\/al-hawariya-manifestation-pollution-environnementale\/"]}]},{"@type":"ImageObject","inLanguage":"en-US","@id":"https:\/\/descartes.tn\/index.php\/2025\/10\/09\/al-hawariya-manifestation-pollution-environnementale\/#primaryimage","url":"https:\/\/descartes.tn\/wp-content\/uploads\/2025\/10\/Screenshot-2025-10-09-115507.png","contentUrl":"https:\/\/descartes.tn\/wp-content\/uploads\/2025\/10\/Screenshot-2025-10-09-115507.png","width":1114,"height":682},{"@type":"BreadcrumbList","@id":"https:\/\/descartes.tn\/index.php\/2025\/10\/09\/al-hawariya-manifestation-pollution-environnementale\/#breadcrumb","itemListElement":[{"@type":"ListItem","position":1,"name":"Home","item":"https:\/\/descartes.tn\/"},{"@type":"ListItem","position":2,"name":"Al-Hawariya : Des habitants manifestent contre la pollution environnementale."}]},{"@type":"WebSite","@id":"https:\/\/descartes.tn\/#website","url":"https:\/\/descartes.tn\/","name":"Descartes.tn","description":"","publisher":{"@id":"https:\/\/descartes.tn\/#organization"},"potentialAction":[{"@type":"SearchAction","target":{"@type":"EntryPoint","urlTemplate":"https:\/\/descartes.tn\/?s={search_term_string}"},"query-input":{"@type":"PropertyValueSpecification","valueRequired":true,"valueName":"search_term_string"}}],"inLanguage":"en-US"},{"@type":"Organization","@id":"https:\/\/descartes.tn\/#organization","name":"Descartes.tn","url":"https:\/\/descartes.tn\/","logo":{"@type":"ImageObject","inLanguage":"en-US","@id":"https:\/\/descartes.tn\/#\/schema\/logo\/image\/","url":"https:\/\/descartes.tn\/wp-content\/uploads\/2025\/10\/cropped-Fichier-1-1.png","contentUrl":"https:\/\/descartes.tn\/wp-content\/uploads\/2025\/10\/cropped-Fichier-1-1.png","width":136,"height":19,"caption":"Descartes.tn"},"image":{"@id":"https:\/\/descartes.tn\/#\/schema\/logo\/image\/"},"sameAs":["https:\/\/www.facebook.com\/Magdescartes","https:\/\/www.instagram.com\/descartes.magazine\/"]},{"@type":"Person","@id":"https:\/\/descartes.tn\/#\/schema\/person\/f6be92918350a8236133e3ab3089771b","name":"Rayene Ameur","image":{"@type":"ImageObject","inLanguage":"en-US","@id":"https:\/\/secure.gravatar.com\/avatar\/dac329e0df811b0889bc4232b5384b1983138cd63836a7e45f4af92b0319b760?s=96&d=mm&r=g","url":"https:\/\/secure.gravatar.com\/avatar\/dac329e0df811b0889bc4232b5384b1983138cd63836a7e45f4af92b0319b760?s=96&d=mm&r=g","contentUrl":"https:\/\/secure.gravatar.com\/avatar\/dac329e0df811b0889bc4232b5384b1983138cd63836a7e45f4af92b0319b760?s=96&d=mm&r=g","caption":"Rayene Ameur"},"sameAs":["http:\/\/www.descartes.tn"],"url":"https:\/\/descartes.tn\/index.php\/author\/rayen-ameur\/"}]}},"_links":{"self":[{"href":"https:\/\/descartes.tn\/index.php\/wp-json\/wp\/v2\/posts\/1356","targetHints":{"allow":["GET"]}}],"collection":[{"href":"https:\/\/descartes.tn\/index.php\/wp-json\/wp\/v2\/posts"}],"about":[{"href":"https:\/\/descartes.tn\/index.php\/wp-json\/wp\/v2\/types\/post"}],"author":[{"embeddable":true,"href":"https:\/\/descartes.tn\/index.php\/wp-json\/wp\/v2\/users\/7"}],"replies":[{"embeddable":true,"href":"https:\/\/descartes.tn\/index.php\/wp-json\/wp\/v2\/comments?post=1356"}],"version-history":[{"count":1,"href":"https:\/\/descartes.tn\/index.php\/wp-json\/wp\/v2\/posts\/1356\/revisions"}],"predecessor-version":[{"id":1359,"href":"https:\/\/descartes.tn\/index.php\/wp-json\/wp\/v2\/posts\/1356\/revisions\/1359"}],"wp:featuredmedia":[{"embeddable":true,"href":"https:\/\/descartes.tn\/index.php\/wp-json\/wp\/v2\/media\/1358"}],"wp:attachment":[{"href":"https:\/\/descartes.tn\/index.php\/wp-json\/wp\/v2\/media?parent=1356"}],"wp:term":[{"taxonomy":"category","embeddable":true,"href":"https:\/\/descartes.tn\/index.php\/wp-json\/wp\/v2\/categories?post=1356"},{"taxonomy":"post_tag","embeddable":true,"href":"https:\/\/descartes.tn\/index.php\/wp-json\/wp\/v2\/tags?post=1356"}],"curies":[{"name":"wp","href":"https:\/\/api.w.org\/{rel}","templated":true}]}}