{"id":1255,"date":"2025-10-03T20:00:25","date_gmt":"2025-10-03T20:00:25","guid":{"rendered":"https:\/\/descartes.tn\/?p=1255"},"modified":"2025-12-20T20:45:58","modified_gmt":"2025-12-20T19:45:58","slug":"communique-officiel-de-la-flottille-de-la-resistance-maghrebine-apres-lenlevement-des-participants","status":"publish","type":"post","link":"https:\/\/descartes.tn\/index.php\/2025\/10\/03\/communique-officiel-de-la-flottille-de-la-resistance-maghrebine-apres-lenlevement-des-participants\/","title":{"rendered":"Communiqu\u00e9 officiel de la Flottille de la R\u00e9sistance Maghr\u00e9bine apr\u00e8s l\u2019enl\u00e8vement des participants"},"content":{"rendered":"<div class=\"wp-block-image\">\n<figure class=\"alignright size-full is-resized\"><img loading=\"lazy\" decoding=\"async\" width=\"298\" height=\"169\" src=\"https:\/\/descartes.tn\/wp-content\/uploads\/2025\/10\/147.jpeg\" alt=\"\" class=\"wp-image-1257\" style=\"width:547px;height:auto\" \/><\/figure>\n<\/div>\n\n\n<p><strong>Apr\u00e8s 24 heures de l\u2019enl\u00e8vement des militants de la Flottille de la Libert\u00e9, la page officielle de la Flottille Maghr\u00e9bine a publi\u00e9 une d\u00e9claration dont voici les principaux points :<\/strong><\/p>\n\n\n\n<p>\u00ab Au cours des derni\u00e8res 24 heures, les avocats de l\u2019organisation <em>Adalah<\/em> ont rencontr\u00e9 331 participants \u00e0 la Flottille de la Libert\u00e9 mondiale au port d\u2019Ashdod, o\u00f9 ils font face \u00e0 des audiences devant les autorit\u00e9s isra\u00e9liennes de l\u2019immigration. Plusieurs participants ont \u00e9t\u00e9 trait\u00e9s sans avoir pu consulter les avocats d\u2019<em>Adalah<\/em>, qui ont d&#8217;abord \u00e9t\u00e9 emp\u00each\u00e9s d&#8217;acc\u00e9der aux d\u00e9tenus. Ces mesures ont \u00e9t\u00e9 prises apr\u00e8s la capture forc\u00e9e de la flottille, intercept\u00e9e ill\u00e9galement en haute mer, alors que des dizaines de navires tentaient de briser le blocus ill\u00e9gal impos\u00e9 \u00e0 Gaza, en pleine situation de g\u00e9nocide, d\u2019atrocit\u00e9s collectives et de famine continue.<\/p>\n\n\n\n<p>Les participants sont dans un \u00e9tat relativement stable, et <em>Adalah<\/em> continue de suivre leur situation de pr\u00e8s.<\/p>\n\n\n\n<p>Apr\u00e8s leur enl\u00e8vement en eaux internationales, les participants ont \u00e9t\u00e9 contraints de s\u2019agenouiller, les mains attach\u00e9es avec des liens en plastique, pendant au moins cinq heures, apr\u00e8s que certains aient scand\u00e9 &#8220;Palestine libre&#8221;. Pendant les visites des avocats, le ministre isra\u00e9lien de la S\u00e9curit\u00e9 nationale, Itamar Ben Gvir, est venu sur place dans une d\u00e9marche clairement destin\u00e9e \u00e0 les humilier et les intimider. Les participants ont \u00e9t\u00e9 film\u00e9s et utilis\u00e9s dans une mise en sc\u00e8ne d\u00e9gradante de domination. Cette exhibition humiliante s&#8217;est accompagn\u00e9e d&#8217;une campagne isra\u00e9lienne de diffamation, qualifiant faussement les membres de la flottille de &#8220;terroristes&#8221;, dans le but de discr\u00e9diter leur mission pacifique et de justifier les m\u00e9thodes r\u00e9pressives utilis\u00e9es contre eux.<\/p>\n\n\n\n<p>Toute l\u2019op\u00e9ration est ill\u00e9gale du d\u00e9but \u00e0 la fin. L\u2019interception constitue une violation du droit international et s\u2019apparente \u00e0 un acte de piraterie en mer internationale. La tentative d\u2019Isra\u00ebl de justifier ces actes en invoquant son blocus est irrecevable : le blocus lui-m\u00eame est ill\u00e9gal, constitue une punition collective, et est utilis\u00e9 comme un instrument central dans le g\u00e9nocide en cours, notamment \u00e0 travers la famine d\u00e9lib\u00e9r\u00e9e utilis\u00e9e comme arme de guerre.<\/p>\n\n\n\n<p>Les droits des participants ont \u00e9t\u00e9 syst\u00e9matiquement viol\u00e9s tout au long de cette op\u00e9ration. En plus de les priver d\u2019eau, de toilettes et de m\u00e9dicaments, ils ont \u00e9galement \u00e9t\u00e9 emp\u00each\u00e9s d\u2019avoir acc\u00e8s \u00e0 des avocats, en violation de leurs droits fondamentaux \u00e0 une proc\u00e9dure r\u00e9guli\u00e8re, \u00e0 un proc\u00e8s \u00e9quitable et \u00e0 une repr\u00e9sentation l\u00e9gale. Hier, alors que l\u2019emplacement des volontaires de la flottille \u00e9tait inconnu, les avocats ont \u00e9t\u00e9 laiss\u00e9s \u00e0 attendre pr\u00e8s de 9 heures \u00e0 l\u2019ext\u00e9rieur du port d\u2019Ashdod, sans \u00eatre inform\u00e9s que les autorit\u00e9s isra\u00e9liennes de l\u2019immigration avaient commenc\u00e9 \u00e0 traiter les dossiers et \u00e0 tenir des audiences. Les avocats n\u2019ont appris ces proc\u00e9dures ill\u00e9gales que par des appels directs des d\u00e9tenus eux-m\u00eames. Malgr\u00e9 les tentatives r\u00e9p\u00e9t\u00e9es de la police isra\u00e9lienne d\u2019emp\u00eacher l\u2019entr\u00e9e des avocats, ceux-ci ont finalement pu acc\u00e9der au port et fournir des conseils juridiques \u00e0 331 participants. Plusieurs d\u2019entre eux ont signal\u00e9 avoir subi des agressions, des menaces et du harc\u00e8lement, y compris des r\u00e9veils brutaux d\u00e8s qu\u2019ils tentaient de dormir.<\/p>\n\n\n\n<p>Ensuite, les participants ont \u00e9t\u00e9 transf\u00e9r\u00e9s d\u2019Ashdod \u00e0 la prison de Ktzi\u2019ot dans le d\u00e9sert du N\u00e9guev. Des audiences sp\u00e9ciales ont commenc\u00e9 sans en informer l\u2019\u00e9quipe juridique, et se sont d\u00e9roul\u00e9es enti\u00e8rement sans repr\u00e9sentation l\u00e9gale. Les avocats d\u2019<em>Adalah<\/em> assistent d\u00e9sormais \u00e0 ces audiences sp\u00e9ciales, o\u00f9 les ordres de d\u00e9tention sont examin\u00e9s.<\/p>\n\n\n\n<p><em>Adalah<\/em> poursuit les d\u00e9marches l\u00e9gales pour assurer que le sort de chaque participant soit connu, continue de visiter les prisons, et appelle \u00e0 leur lib\u00e9ration imm\u00e9diate de cette d\u00e9tention ill\u00e9gale, ainsi qu\u2019\u00e0 la restitution de leurs effets personnels et des fournitures humanitaires. \u00bb<\/p>\n","protected":false},"excerpt":{"rendered":"<p>Apr\u00e8s 24 heures de l\u2019enl\u00e8vement des militants de la Flottille de la Libert\u00e9, la page officielle de la Flottille Maghr\u00e9bine a publi\u00e9 une d\u00e9claration dont voici les principaux points : \u00ab Au cours des derni\u00e8res 24 heures, les avocats de l\u2019organisation Adalah ont rencontr\u00e9 331 participants \u00e0 la Flottille de la Libert\u00e9 mondiale au port [&hellip;]<\/p>\n","protected":false},"author":2,"featured_media":1257,"comment_status":"open","ping_status":"closed","sticky":false,"template":"","format":"standard","meta":{"footnotes":""},"categories":[1],"tags":[1048],"class_list":["post-1255","post","type-post","status-publish","format-standard","has-post-thumbnail","hentry","category-actualites","tag-flotille"],"yoast_head":"<!-- This site is optimized with the Yoast SEO plugin v27.5 - https:\/\/yoast.com\/product\/yoast-seo-wordpress\/ -->\n<title>Communiqu\u00e9 officiel de la Flottille de la R\u00e9sistance Maghr\u00e9bine apr\u00e8s l\u2019enl\u00e8vement des participants - Descartes.tn<\/title>\n<meta name=\"robots\" content=\"index, follow, max-snippet:-1, max-image-preview:large, max-video-preview:-1\" \/>\n<link rel=\"canonical\" href=\"https:\/\/descartes.tn\/index.php\/2025\/10\/03\/communique-officiel-de-la-flottille-de-la-resistance-maghrebine-apres-lenlevement-des-participants\/\" \/>\n<meta property=\"og:locale\" content=\"en_US\" \/>\n<meta property=\"og:type\" content=\"article\" \/>\n<meta property=\"og:title\" content=\"Communiqu\u00e9 officiel de la Flottille de la R\u00e9sistance Maghr\u00e9bine apr\u00e8s l\u2019enl\u00e8vement des participants\" \/>\n<meta property=\"og:description\" content=\"Apr\u00e8s 24 heures de l\u2019enl\u00e8vement des militants de la Flottille de la Libert\u00e9, la page officielle de la Flottille Maghr\u00e9bine a publi\u00e9 une d\u00e9claration dont voici les principaux points : \u00ab Au cours des derni\u00e8res 24 heures, les avocats de l\u2019organisation Adalah ont rencontr\u00e9 331 participants \u00e0 la Flottille de la Libert\u00e9 mondiale au port [&hellip;]\" \/>\n<meta property=\"og:url\" content=\"https:\/\/descartes.tn\/index.php\/2025\/10\/03\/communique-officiel-de-la-flottille-de-la-resistance-maghrebine-apres-lenlevement-des-participants\/\" \/>\n<meta property=\"og:site_name\" content=\"Descartes.tn\" \/>\n<meta property=\"article:publisher\" content=\"https:\/\/www.facebook.com\/Magdescartes\" \/>\n<meta property=\"article:published_time\" content=\"2025-10-03T20:00:25+00:00\" \/>\n<meta property=\"article:modified_time\" content=\"2025-12-20T19:45:58+00:00\" \/>\n<meta property=\"og:image\" content=\"https:\/\/descartes.tn\/wp-content\/uploads\/2025\/10\/123456.jpg\" \/>\n\t<meta property=\"og:image:width\" content=\"2048\" \/>\n\t<meta property=\"og:image:height\" content=\"1363\" \/>\n\t<meta property=\"og:image:type\" content=\"image\/jpeg\" \/>\n<meta name=\"author\" content=\"Amal\" \/>\n<meta name=\"twitter:card\" content=\"summary_large_image\" \/>\n<meta name=\"twitter:label1\" content=\"Written by\" \/>\n\t<meta name=\"twitter:data1\" content=\"Amal\" \/>\n\t<meta name=\"twitter:label2\" content=\"Est. reading time\" \/>\n\t<meta name=\"twitter:data2\" content=\"4 minutes\" \/>\n<script type=\"application\/ld+json\" class=\"yoast-schema-graph\">{\"@context\":\"https:\\\/\\\/schema.org\",\"@graph\":[{\"@type\":\"Article\",\"@id\":\"https:\\\/\\\/descartes.tn\\\/index.php\\\/2025\\\/10\\\/03\\\/communique-officiel-de-la-flottille-de-la-resistance-maghrebine-apres-lenlevement-des-participants\\\/#article\",\"isPartOf\":{\"@id\":\"https:\\\/\\\/descartes.tn\\\/index.php\\\/2025\\\/10\\\/03\\\/communique-officiel-de-la-flottille-de-la-resistance-maghrebine-apres-lenlevement-des-participants\\\/\"},\"author\":{\"name\":\"Amal\",\"@id\":\"https:\\\/\\\/descartes.tn\\\/#\\\/schema\\\/person\\\/3ef1516c435e44fd54c1dbc87e343fc8\"},\"headline\":\"Communiqu\u00e9 officiel de la Flottille de la R\u00e9sistance Maghr\u00e9bine apr\u00e8s l\u2019enl\u00e8vement des participants\",\"datePublished\":\"2025-10-03T20:00:25+00:00\",\"dateModified\":\"2025-12-20T19:45:58+00:00\",\"mainEntityOfPage\":{\"@id\":\"https:\\\/\\\/descartes.tn\\\/index.php\\\/2025\\\/10\\\/03\\\/communique-officiel-de-la-flottille-de-la-resistance-maghrebine-apres-lenlevement-des-participants\\\/\"},\"wordCount\":718,\"commentCount\":0,\"publisher\":{\"@id\":\"https:\\\/\\\/descartes.tn\\\/#organization\"},\"image\":{\"@id\":\"https:\\\/\\\/descartes.tn\\\/index.php\\\/2025\\\/10\\\/03\\\/communique-officiel-de-la-flottille-de-la-resistance-maghrebine-apres-lenlevement-des-participants\\\/#primaryimage\"},\"thumbnailUrl\":\"https:\\\/\\\/descartes.tn\\\/wp-content\\\/uploads\\\/2025\\\/10\\\/147.jpeg\",\"keywords\":[\"flotille\"],\"articleSection\":[\"Actualit\u00e9s\"],\"inLanguage\":\"en-US\",\"potentialAction\":[{\"@type\":\"CommentAction\",\"name\":\"Comment\",\"target\":[\"https:\\\/\\\/descartes.tn\\\/index.php\\\/2025\\\/10\\\/03\\\/communique-officiel-de-la-flottille-de-la-resistance-maghrebine-apres-lenlevement-des-participants\\\/#respond\"]}]},{\"@type\":\"WebPage\",\"@id\":\"https:\\\/\\\/descartes.tn\\\/index.php\\\/2025\\\/10\\\/03\\\/communique-officiel-de-la-flottille-de-la-resistance-maghrebine-apres-lenlevement-des-participants\\\/\",\"url\":\"https:\\\/\\\/descartes.tn\\\/index.php\\\/2025\\\/10\\\/03\\\/communique-officiel-de-la-flottille-de-la-resistance-maghrebine-apres-lenlevement-des-participants\\\/\",\"name\":\"Communiqu\u00e9 officiel de la Flottille de la R\u00e9sistance Maghr\u00e9bine apr\u00e8s l\u2019enl\u00e8vement des participants - Descartes.tn\",\"isPartOf\":{\"@id\":\"https:\\\/\\\/descartes.tn\\\/#website\"},\"primaryImageOfPage\":{\"@id\":\"https:\\\/\\\/descartes.tn\\\/index.php\\\/2025\\\/10\\\/03\\\/communique-officiel-de-la-flottille-de-la-resistance-maghrebine-apres-lenlevement-des-participants\\\/#primaryimage\"},\"image\":{\"@id\":\"https:\\\/\\\/descartes.tn\\\/index.php\\\/2025\\\/10\\\/03\\\/communique-officiel-de-la-flottille-de-la-resistance-maghrebine-apres-lenlevement-des-participants\\\/#primaryimage\"},\"thumbnailUrl\":\"https:\\\/\\\/descartes.tn\\\/wp-content\\\/uploads\\\/2025\\\/10\\\/147.jpeg\",\"datePublished\":\"2025-10-03T20:00:25+00:00\",\"dateModified\":\"2025-12-20T19:45:58+00:00\",\"breadcrumb\":{\"@id\":\"https:\\\/\\\/descartes.tn\\\/index.php\\\/2025\\\/10\\\/03\\\/communique-officiel-de-la-flottille-de-la-resistance-maghrebine-apres-lenlevement-des-participants\\\/#breadcrumb\"},\"inLanguage\":\"en-US\",\"potentialAction\":[{\"@type\":\"ReadAction\",\"target\":[\"https:\\\/\\\/descartes.tn\\\/index.php\\\/2025\\\/10\\\/03\\\/communique-officiel-de-la-flottille-de-la-resistance-maghrebine-apres-lenlevement-des-participants\\\/\"]}]},{\"@type\":\"ImageObject\",\"inLanguage\":\"en-US\",\"@id\":\"https:\\\/\\\/descartes.tn\\\/index.php\\\/2025\\\/10\\\/03\\\/communique-officiel-de-la-flottille-de-la-resistance-maghrebine-apres-lenlevement-des-participants\\\/#primaryimage\",\"url\":\"https:\\\/\\\/descartes.tn\\\/wp-content\\\/uploads\\\/2025\\\/10\\\/147.jpeg\",\"contentUrl\":\"https:\\\/\\\/descartes.tn\\\/wp-content\\\/uploads\\\/2025\\\/10\\\/147.jpeg\",\"width\":298,\"height\":169},{\"@type\":\"BreadcrumbList\",\"@id\":\"https:\\\/\\\/descartes.tn\\\/index.php\\\/2025\\\/10\\\/03\\\/communique-officiel-de-la-flottille-de-la-resistance-maghrebine-apres-lenlevement-des-participants\\\/#breadcrumb\",\"itemListElement\":[{\"@type\":\"ListItem\",\"position\":1,\"name\":\"Home\",\"item\":\"https:\\\/\\\/descartes.tn\\\/\"},{\"@type\":\"ListItem\",\"position\":2,\"name\":\"Communiqu\u00e9 officiel de la Flottille de la R\u00e9sistance Maghr\u00e9bine apr\u00e8s l\u2019enl\u00e8vement des participants\"}]},{\"@type\":\"WebSite\",\"@id\":\"https:\\\/\\\/descartes.tn\\\/#website\",\"url\":\"https:\\\/\\\/descartes.tn\\\/\",\"name\":\"Descartes.tn\",\"description\":\"\",\"publisher\":{\"@id\":\"https:\\\/\\\/descartes.tn\\\/#organization\"},\"potentialAction\":[{\"@type\":\"SearchAction\",\"target\":{\"@type\":\"EntryPoint\",\"urlTemplate\":\"https:\\\/\\\/descartes.tn\\\/?s={search_term_string}\"},\"query-input\":{\"@type\":\"PropertyValueSpecification\",\"valueRequired\":true,\"valueName\":\"search_term_string\"}}],\"inLanguage\":\"en-US\"},{\"@type\":\"Organization\",\"@id\":\"https:\\\/\\\/descartes.tn\\\/#organization\",\"name\":\"Descartes.tn\",\"url\":\"https:\\\/\\\/descartes.tn\\\/\",\"logo\":{\"@type\":\"ImageObject\",\"inLanguage\":\"en-US\",\"@id\":\"https:\\\/\\\/descartes.tn\\\/#\\\/schema\\\/logo\\\/image\\\/\",\"url\":\"https:\\\/\\\/descartes.tn\\\/wp-content\\\/uploads\\\/2025\\\/10\\\/cropped-Fichier-1-1.png\",\"contentUrl\":\"https:\\\/\\\/descartes.tn\\\/wp-content\\\/uploads\\\/2025\\\/10\\\/cropped-Fichier-1-1.png\",\"width\":136,\"height\":19,\"caption\":\"Descartes.tn\"},\"image\":{\"@id\":\"https:\\\/\\\/descartes.tn\\\/#\\\/schema\\\/logo\\\/image\\\/\"},\"sameAs\":[\"https:\\\/\\\/www.facebook.com\\\/Magdescartes\",\"https:\\\/\\\/www.instagram.com\\\/descartes.magazine\\\/\"]},{\"@type\":\"Person\",\"@id\":\"https:\\\/\\\/descartes.tn\\\/#\\\/schema\\\/person\\\/3ef1516c435e44fd54c1dbc87e343fc8\",\"name\":\"Amal\",\"image\":{\"@type\":\"ImageObject\",\"inLanguage\":\"en-US\",\"@id\":\"https:\\\/\\\/secure.gravatar.com\\\/avatar\\\/ac2a5e90b8656c28b1310bd81898692492a345fd0216ac64d90bafaeda2660f0?s=96&d=mm&r=g\",\"url\":\"https:\\\/\\\/secure.gravatar.com\\\/avatar\\\/ac2a5e90b8656c28b1310bd81898692492a345fd0216ac64d90bafaeda2660f0?s=96&d=mm&r=g\",\"contentUrl\":\"https:\\\/\\\/secure.gravatar.com\\\/avatar\\\/ac2a5e90b8656c28b1310bd81898692492a345fd0216ac64d90bafaeda2660f0?s=96&d=mm&r=g\",\"caption\":\"Amal\"},\"url\":\"https:\\\/\\\/descartes.tn\\\/index.php\\\/author\\\/amal\\\/\"}]}<\/script>\n<!-- \/ Yoast SEO plugin. -->","yoast_head_json":{"title":"Communiqu\u00e9 officiel de la Flottille de la R\u00e9sistance Maghr\u00e9bine apr\u00e8s l\u2019enl\u00e8vement des participants - Descartes.tn","robots":{"index":"index","follow":"follow","max-snippet":"max-snippet:-1","max-image-preview":"max-image-preview:large","max-video-preview":"max-video-preview:-1"},"canonical":"https:\/\/descartes.tn\/index.php\/2025\/10\/03\/communique-officiel-de-la-flottille-de-la-resistance-maghrebine-apres-lenlevement-des-participants\/","og_locale":"en_US","og_type":"article","og_title":"Communiqu\u00e9 officiel de la Flottille de la R\u00e9sistance Maghr\u00e9bine apr\u00e8s l\u2019enl\u00e8vement des participants","og_description":"Apr\u00e8s 24 heures de l\u2019enl\u00e8vement des militants de la Flottille de la Libert\u00e9, la page officielle de la Flottille Maghr\u00e9bine a publi\u00e9 une d\u00e9claration dont voici les principaux points : \u00ab Au cours des derni\u00e8res 24 heures, les avocats de l\u2019organisation Adalah ont rencontr\u00e9 331 participants \u00e0 la Flottille de la Libert\u00e9 mondiale au port [&hellip;]","og_url":"https:\/\/descartes.tn\/index.php\/2025\/10\/03\/communique-officiel-de-la-flottille-de-la-resistance-maghrebine-apres-lenlevement-des-participants\/","og_site_name":"Descartes.tn","article_publisher":"https:\/\/www.facebook.com\/Magdescartes","article_published_time":"2025-10-03T20:00:25+00:00","article_modified_time":"2025-12-20T19:45:58+00:00","og_image":[{"width":2048,"height":1363,"url":"https:\/\/descartes.tn\/wp-content\/uploads\/2025\/10\/123456.jpg","type":"image\/jpeg"}],"author":"Amal","twitter_card":"summary_large_image","twitter_misc":{"Written by":"Amal","Est. reading time":"4 minutes"},"schema":{"@context":"https:\/\/schema.org","@graph":[{"@type":"Article","@id":"https:\/\/descartes.tn\/index.php\/2025\/10\/03\/communique-officiel-de-la-flottille-de-la-resistance-maghrebine-apres-lenlevement-des-participants\/#article","isPartOf":{"@id":"https:\/\/descartes.tn\/index.php\/2025\/10\/03\/communique-officiel-de-la-flottille-de-la-resistance-maghrebine-apres-lenlevement-des-participants\/"},"author":{"name":"Amal","@id":"https:\/\/descartes.tn\/#\/schema\/person\/3ef1516c435e44fd54c1dbc87e343fc8"},"headline":"Communiqu\u00e9 officiel de la Flottille de la R\u00e9sistance Maghr\u00e9bine apr\u00e8s l\u2019enl\u00e8vement des participants","datePublished":"2025-10-03T20:00:25+00:00","dateModified":"2025-12-20T19:45:58+00:00","mainEntityOfPage":{"@id":"https:\/\/descartes.tn\/index.php\/2025\/10\/03\/communique-officiel-de-la-flottille-de-la-resistance-maghrebine-apres-lenlevement-des-participants\/"},"wordCount":718,"commentCount":0,"publisher":{"@id":"https:\/\/descartes.tn\/#organization"},"image":{"@id":"https:\/\/descartes.tn\/index.php\/2025\/10\/03\/communique-officiel-de-la-flottille-de-la-resistance-maghrebine-apres-lenlevement-des-participants\/#primaryimage"},"thumbnailUrl":"https:\/\/descartes.tn\/wp-content\/uploads\/2025\/10\/147.jpeg","keywords":["flotille"],"articleSection":["Actualit\u00e9s"],"inLanguage":"en-US","potentialAction":[{"@type":"CommentAction","name":"Comment","target":["https:\/\/descartes.tn\/index.php\/2025\/10\/03\/communique-officiel-de-la-flottille-de-la-resistance-maghrebine-apres-lenlevement-des-participants\/#respond"]}]},{"@type":"WebPage","@id":"https:\/\/descartes.tn\/index.php\/2025\/10\/03\/communique-officiel-de-la-flottille-de-la-resistance-maghrebine-apres-lenlevement-des-participants\/","url":"https:\/\/descartes.tn\/index.php\/2025\/10\/03\/communique-officiel-de-la-flottille-de-la-resistance-maghrebine-apres-lenlevement-des-participants\/","name":"Communiqu\u00e9 officiel de la Flottille de la R\u00e9sistance Maghr\u00e9bine apr\u00e8s l\u2019enl\u00e8vement des participants - Descartes.tn","isPartOf":{"@id":"https:\/\/descartes.tn\/#website"},"primaryImageOfPage":{"@id":"https:\/\/descartes.tn\/index.php\/2025\/10\/03\/communique-officiel-de-la-flottille-de-la-resistance-maghrebine-apres-lenlevement-des-participants\/#primaryimage"},"image":{"@id":"https:\/\/descartes.tn\/index.php\/2025\/10\/03\/communique-officiel-de-la-flottille-de-la-resistance-maghrebine-apres-lenlevement-des-participants\/#primaryimage"},"thumbnailUrl":"https:\/\/descartes.tn\/wp-content\/uploads\/2025\/10\/147.jpeg","datePublished":"2025-10-03T20:00:25+00:00","dateModified":"2025-12-20T19:45:58+00:00","breadcrumb":{"@id":"https:\/\/descartes.tn\/index.php\/2025\/10\/03\/communique-officiel-de-la-flottille-de-la-resistance-maghrebine-apres-lenlevement-des-participants\/#breadcrumb"},"inLanguage":"en-US","potentialAction":[{"@type":"ReadAction","target":["https:\/\/descartes.tn\/index.php\/2025\/10\/03\/communique-officiel-de-la-flottille-de-la-resistance-maghrebine-apres-lenlevement-des-participants\/"]}]},{"@type":"ImageObject","inLanguage":"en-US","@id":"https:\/\/descartes.tn\/index.php\/2025\/10\/03\/communique-officiel-de-la-flottille-de-la-resistance-maghrebine-apres-lenlevement-des-participants\/#primaryimage","url":"https:\/\/descartes.tn\/wp-content\/uploads\/2025\/10\/147.jpeg","contentUrl":"https:\/\/descartes.tn\/wp-content\/uploads\/2025\/10\/147.jpeg","width":298,"height":169},{"@type":"BreadcrumbList","@id":"https:\/\/descartes.tn\/index.php\/2025\/10\/03\/communique-officiel-de-la-flottille-de-la-resistance-maghrebine-apres-lenlevement-des-participants\/#breadcrumb","itemListElement":[{"@type":"ListItem","position":1,"name":"Home","item":"https:\/\/descartes.tn\/"},{"@type":"ListItem","position":2,"name":"Communiqu\u00e9 officiel de la Flottille de la R\u00e9sistance Maghr\u00e9bine apr\u00e8s l\u2019enl\u00e8vement des participants"}]},{"@type":"WebSite","@id":"https:\/\/descartes.tn\/#website","url":"https:\/\/descartes.tn\/","name":"Descartes.tn","description":"","publisher":{"@id":"https:\/\/descartes.tn\/#organization"},"potentialAction":[{"@type":"SearchAction","target":{"@type":"EntryPoint","urlTemplate":"https:\/\/descartes.tn\/?s={search_term_string}"},"query-input":{"@type":"PropertyValueSpecification","valueRequired":true,"valueName":"search_term_string"}}],"inLanguage":"en-US"},{"@type":"Organization","@id":"https:\/\/descartes.tn\/#organization","name":"Descartes.tn","url":"https:\/\/descartes.tn\/","logo":{"@type":"ImageObject","inLanguage":"en-US","@id":"https:\/\/descartes.tn\/#\/schema\/logo\/image\/","url":"https:\/\/descartes.tn\/wp-content\/uploads\/2025\/10\/cropped-Fichier-1-1.png","contentUrl":"https:\/\/descartes.tn\/wp-content\/uploads\/2025\/10\/cropped-Fichier-1-1.png","width":136,"height":19,"caption":"Descartes.tn"},"image":{"@id":"https:\/\/descartes.tn\/#\/schema\/logo\/image\/"},"sameAs":["https:\/\/www.facebook.com\/Magdescartes","https:\/\/www.instagram.com\/descartes.magazine\/"]},{"@type":"Person","@id":"https:\/\/descartes.tn\/#\/schema\/person\/3ef1516c435e44fd54c1dbc87e343fc8","name":"Amal","image":{"@type":"ImageObject","inLanguage":"en-US","@id":"https:\/\/secure.gravatar.com\/avatar\/ac2a5e90b8656c28b1310bd81898692492a345fd0216ac64d90bafaeda2660f0?s=96&d=mm&r=g","url":"https:\/\/secure.gravatar.com\/avatar\/ac2a5e90b8656c28b1310bd81898692492a345fd0216ac64d90bafaeda2660f0?s=96&d=mm&r=g","contentUrl":"https:\/\/secure.gravatar.com\/avatar\/ac2a5e90b8656c28b1310bd81898692492a345fd0216ac64d90bafaeda2660f0?s=96&d=mm&r=g","caption":"Amal"},"url":"https:\/\/descartes.tn\/index.php\/author\/amal\/"}]}},"_links":{"self":[{"href":"https:\/\/descartes.tn\/index.php\/wp-json\/wp\/v2\/posts\/1255","targetHints":{"allow":["GET"]}}],"collection":[{"href":"https:\/\/descartes.tn\/index.php\/wp-json\/wp\/v2\/posts"}],"about":[{"href":"https:\/\/descartes.tn\/index.php\/wp-json\/wp\/v2\/types\/post"}],"author":[{"embeddable":true,"href":"https:\/\/descartes.tn\/index.php\/wp-json\/wp\/v2\/users\/2"}],"replies":[{"embeddable":true,"href":"https:\/\/descartes.tn\/index.php\/wp-json\/wp\/v2\/comments?post=1255"}],"version-history":[{"count":1,"href":"https:\/\/descartes.tn\/index.php\/wp-json\/wp\/v2\/posts\/1255\/revisions"}],"predecessor-version":[{"id":1258,"href":"https:\/\/descartes.tn\/index.php\/wp-json\/wp\/v2\/posts\/1255\/revisions\/1258"}],"wp:featuredmedia":[{"embeddable":true,"href":"https:\/\/descartes.tn\/index.php\/wp-json\/wp\/v2\/media\/1257"}],"wp:attachment":[{"href":"https:\/\/descartes.tn\/index.php\/wp-json\/wp\/v2\/media?parent=1255"}],"wp:term":[{"taxonomy":"category","embeddable":true,"href":"https:\/\/descartes.tn\/index.php\/wp-json\/wp\/v2\/categories?post=1255"},{"taxonomy":"post_tag","embeddable":true,"href":"https:\/\/descartes.tn\/index.php\/wp-json\/wp\/v2\/tags?post=1255"}],"curies":[{"name":"wp","href":"https:\/\/api.w.org\/{rel}","templated":true}]}}