{"id":1235,"date":"2025-09-29T16:01:28","date_gmt":"2025-09-29T16:01:28","guid":{"rendered":"https:\/\/descartes.tn\/?p=1235"},"modified":"2025-09-29T16:01:29","modified_gmt":"2025-09-29T16:01:29","slug":"81-des-tunisiens-ont-une-couverture-sante-mais-19-restent-exclus","status":"publish","type":"post","link":"https:\/\/descartes.tn\/index.php\/2025\/09\/29\/81-des-tunisiens-ont-une-couverture-sante-mais-19-restent-exclus\/","title":{"rendered":"81 % des Tunisiens ont une couverture sant\u00e9, mais 19 % restent exclus"},"content":{"rendered":"\n<figure class=\"wp-block-image size-large\"><img loading=\"lazy\" decoding=\"async\" width=\"1024\" height=\"629\" src=\"https:\/\/descartes.tn\/wp-content\/uploads\/2025\/09\/Les-cartes-de-soins-e\u0301lectroniques-CNAM-1140x700-1-1024x629.webp\" alt=\"\" class=\"wp-image-1236\" srcset=\"https:\/\/descartes.tn\/wp-content\/uploads\/2025\/09\/Les-cartes-de-soins-e\u0301lectroniques-CNAM-1140x700-1-1024x629.webp 1024w, https:\/\/descartes.tn\/wp-content\/uploads\/2025\/09\/Les-cartes-de-soins-e\u0301lectroniques-CNAM-1140x700-1-300x184.webp 300w, https:\/\/descartes.tn\/wp-content\/uploads\/2025\/09\/Les-cartes-de-soins-e\u0301lectroniques-CNAM-1140x700-1-768x472.webp 768w, https:\/\/descartes.tn\/wp-content\/uploads\/2025\/09\/Les-cartes-de-soins-e\u0301lectroniques-CNAM-1140x700-1.webp 1140w\" sizes=\"auto, (max-width: 1024px) 100vw, 1024px\" \/><\/figure>\n\n\n\n<p>Selon le recensement g\u00e9n\u00e9ral de la population et de l\u2019habitat de 2024, la couverture sant\u00e9 en Tunisie a atteint 81 %, soit huit Tunisiens sur dix. Ce chiffre englobe \u00e0 la fois l&#8217;assurance contributive et les programmes d&#8217;aide sociale. Toutefois, pr\u00e8s de 2,2 millions de personnes, soit environ 19 % de la population, demeurent sans aucune couverture maladie.<\/p>\n\n\n\n<hr class=\"wp-block-separator has-alpha-channel-opacity\" \/>\n\n\n\n<h3 class=\"wp-block-heading\"><strong>Une progression modeste en dix ans<\/strong><\/h3>\n\n\n\n<p>En comparant ces r\u00e9sultats avec ceux de 2014, la progression est rest\u00e9e limit\u00e9e, avec une augmentation de seulement 0,5 point de pourcentage (de 80,5 % \u00e0 81 %). Cette faible hausse t\u00e9moigne d&#8217;une continuit\u00e9 dans les politiques sociales, bien que l&#8217;\u00e9largissement des programmes de soutien se fasse \u00e0 un rythme lent.<\/p>\n\n\n\n<h3 class=\"wp-block-heading\"><strong>La CNAM, pilier du syst\u00e8me<\/strong><\/h3>\n\n\n\n<p>La Caisse Nationale d&#8217;Assurance Maladie (CNAM) constitue la pierre angulaire de l&#8217;assurance sant\u00e9 en Tunisie. D&#8217;apr\u00e8s les chiffres de 2024, la CNAM couvre plus de 7,2 millions de personnes, soit 60,6 % de la population totale. Ce r\u00f4le central en fait le principal garant de l&#8217;acc\u00e8s aux soins pour la majorit\u00e9 des cat\u00e9gories professionnelles et sociales.<\/p>\n\n\n\n<h3 class=\"wp-block-heading\"><strong>Le r\u00f4le des programmes d&#8217;aide sociale<\/strong><\/h3>\n\n\n\n<p>Outre la CNAM, le programme \u00ab Aman Sociali \u00bb (S\u00e9curit\u00e9 Sociale) assure une couverture sant\u00e9 \u00e0 18 % des Tunisiens. Les b\u00e9n\u00e9ficiaires se r\u00e9partissent comme suit :<\/p>\n\n\n\n<ul class=\"wp-block-list\">\n<li><strong>6,9 %<\/strong> poss\u00e8dent une carte de soins gratuits (AMG I).<\/li>\n\n\n\n<li><strong>11,1 %<\/strong> b\u00e9n\u00e9ficient d&#8217;une carte de soins \u00e0 tarifs r\u00e9duits (AMG II).<\/li>\n<\/ul>\n\n\n\n<p>Le reste de la couverture, soit 2,4 %, est assur\u00e9 par des mutuelles et d&#8217;autres syst\u00e8mes alternatifs.<\/p>\n\n\n\n<h3 class=\"wp-block-heading\"><strong>Des disparit\u00e9s entre zones urbaines et rurales<\/strong><\/h3>\n\n\n\n<p>Les donn\u00e9es r\u00e9v\u00e8lent un \u00e9cart notable entre les milieux urbains et ruraux. Le taux de couverture en ville est de 70,7 %, contre seulement 63,5 % \u00e0 la campagne. Cette disparit\u00e9 met en lumi\u00e8re l&#8217;in\u00e9galit\u00e9 d&#8217;acc\u00e8s aux services de sant\u00e9 et les d\u00e9fis que l&#8217;\u00c9tat doit surmonter pour garantir l&#8217;\u00e9quit\u00e9 sur tout le territoire.<\/p>\n\n\n\n<h3 class=\"wp-block-heading\"><strong>Les femmes, mieux couvertes que les hommes<\/strong><\/h3>\n\n\n\n<p>Le recensement de 2024 fait \u00e9galement \u00e9tat de diff\u00e9rences de genre. Le taux de couverture des femmes atteint 85,3 %, contre 76,5 % pour les hommes. En cons\u00e9quence, les hommes non couverts (23,5 %) sont nettement plus nombreux que les femmes (14,7 %).<\/p>\n\n\n\n<h3 class=\"wp-block-heading\"><strong>Des d\u00e9fis majeurs persistent<\/strong><\/h3>\n\n\n\n<p>Bien que huit Tunisiens sur dix aient une forme de couverture sant\u00e9, l&#8217;exclusion des 19 % restants pose de s\u00e9rieux probl\u00e8mes en mati\u00e8re de droit \u00e0 la sant\u00e9 et de justice sociale. Les in\u00e9galit\u00e9s entre zones urbaines et rurales, ainsi qu&#8217;entre hommes et femmes, soulignent la n\u00e9cessit\u00e9 de politiques plus inclusives et de r\u00e9formes structurelles ciblant les cat\u00e9gories les plus vuln\u00e9rables et marginalis\u00e9es<\/p>\n","protected":false},"excerpt":{"rendered":"<p>Selon le recensement g\u00e9n\u00e9ral de la population et de l\u2019habitat de 2024, la couverture sant\u00e9 en Tunisie a atteint 81 %, soit huit Tunisiens sur dix. Ce chiffre englobe \u00e0 la fois l&#8217;assurance contributive et les programmes d&#8217;aide sociale. Toutefois, pr\u00e8s de 2,2 millions de personnes, soit environ 19 % de la population, demeurent sans [&hellip;]<\/p>\n","protected":false},"author":2,"featured_media":1236,"comment_status":"open","ping_status":"closed","sticky":false,"template":"","format":"standard","meta":{"footnotes":""},"categories":[1],"tags":[1046,17],"class_list":["post-1235","post","type-post","status-publish","format-standard","has-post-thumbnail","hentry","category-actualites","tag-cnam","tag-tunisie"],"yoast_head":"<!-- This site is optimized with the Yoast SEO plugin v27.5 - https:\/\/yoast.com\/product\/yoast-seo-wordpress\/ -->\n<title>81 % des Tunisiens ont une couverture sant\u00e9, mais 19 % restent exclus - Descartes.tn<\/title>\n<meta name=\"robots\" content=\"index, follow, max-snippet:-1, max-image-preview:large, max-video-preview:-1\" \/>\n<link rel=\"canonical\" href=\"https:\/\/descartes.tn\/index.php\/2025\/09\/29\/81-des-tunisiens-ont-une-couverture-sante-mais-19-restent-exclus\/\" \/>\n<meta property=\"og:locale\" content=\"en_US\" \/>\n<meta property=\"og:type\" content=\"article\" \/>\n<meta property=\"og:title\" content=\"81 % des Tunisiens ont une couverture sant\u00e9, mais 19 % restent exclus\" \/>\n<meta property=\"og:description\" content=\"Selon le recensement g\u00e9n\u00e9ral de la population et de l\u2019habitat de 2024, la couverture sant\u00e9 en Tunisie a atteint 81 %, soit huit Tunisiens sur dix. Ce chiffre englobe \u00e0 la fois l&#8217;assurance contributive et les programmes d&#8217;aide sociale. Toutefois, pr\u00e8s de 2,2 millions de personnes, soit environ 19 % de la population, demeurent sans [&hellip;]\" \/>\n<meta property=\"og:url\" content=\"https:\/\/descartes.tn\/index.php\/2025\/09\/29\/81-des-tunisiens-ont-une-couverture-sante-mais-19-restent-exclus\/\" \/>\n<meta property=\"og:site_name\" content=\"Descartes.tn\" \/>\n<meta property=\"article:publisher\" content=\"https:\/\/www.facebook.com\/Magdescartes\" \/>\n<meta property=\"article:published_time\" content=\"2025-09-29T16:01:28+00:00\" \/>\n<meta property=\"article:modified_time\" content=\"2025-09-29T16:01:29+00:00\" \/>\n<meta property=\"og:image\" content=\"https:\/\/descartes.tn\/wp-content\/uploads\/2025\/09\/Les-cartes-de-soins-e\u0301lectroniques-CNAM-1140x700-1.webp\" \/>\n\t<meta property=\"og:image:width\" content=\"1140\" \/>\n\t<meta property=\"og:image:height\" content=\"700\" \/>\n\t<meta property=\"og:image:type\" content=\"image\/webp\" \/>\n<meta name=\"author\" content=\"Amal\" \/>\n<meta name=\"twitter:card\" content=\"summary_large_image\" \/>\n<meta name=\"twitter:label1\" content=\"Written by\" \/>\n\t<meta name=\"twitter:data1\" content=\"Amal\" \/>\n\t<meta name=\"twitter:label2\" content=\"Est. reading time\" \/>\n\t<meta name=\"twitter:data2\" content=\"3 minutes\" \/>\n<script type=\"application\/ld+json\" class=\"yoast-schema-graph\">{\"@context\":\"https:\\\/\\\/schema.org\",\"@graph\":[{\"@type\":\"Article\",\"@id\":\"https:\\\/\\\/descartes.tn\\\/index.php\\\/2025\\\/09\\\/29\\\/81-des-tunisiens-ont-une-couverture-sante-mais-19-restent-exclus\\\/#article\",\"isPartOf\":{\"@id\":\"https:\\\/\\\/descartes.tn\\\/index.php\\\/2025\\\/09\\\/29\\\/81-des-tunisiens-ont-une-couverture-sante-mais-19-restent-exclus\\\/\"},\"author\":{\"name\":\"Amal\",\"@id\":\"https:\\\/\\\/descartes.tn\\\/#\\\/schema\\\/person\\\/3ef1516c435e44fd54c1dbc87e343fc8\"},\"headline\":\"81 % des Tunisiens ont une couverture sant\u00e9, mais 19 % restent exclus\",\"datePublished\":\"2025-09-29T16:01:28+00:00\",\"dateModified\":\"2025-09-29T16:01:29+00:00\",\"mainEntityOfPage\":{\"@id\":\"https:\\\/\\\/descartes.tn\\\/index.php\\\/2025\\\/09\\\/29\\\/81-des-tunisiens-ont-une-couverture-sante-mais-19-restent-exclus\\\/\"},\"wordCount\":447,\"commentCount\":0,\"publisher\":{\"@id\":\"https:\\\/\\\/descartes.tn\\\/#organization\"},\"image\":{\"@id\":\"https:\\\/\\\/descartes.tn\\\/index.php\\\/2025\\\/09\\\/29\\\/81-des-tunisiens-ont-une-couverture-sante-mais-19-restent-exclus\\\/#primaryimage\"},\"thumbnailUrl\":\"https:\\\/\\\/descartes.tn\\\/wp-content\\\/uploads\\\/2025\\\/09\\\/Les-cartes-de-soins-e\u0301lectroniques-CNAM-1140x700-1.webp\",\"keywords\":[\"Cnam\",\"tunisie\"],\"articleSection\":[\"Actualit\u00e9s\"],\"inLanguage\":\"en-US\",\"potentialAction\":[{\"@type\":\"CommentAction\",\"name\":\"Comment\",\"target\":[\"https:\\\/\\\/descartes.tn\\\/index.php\\\/2025\\\/09\\\/29\\\/81-des-tunisiens-ont-une-couverture-sante-mais-19-restent-exclus\\\/#respond\"]}]},{\"@type\":\"WebPage\",\"@id\":\"https:\\\/\\\/descartes.tn\\\/index.php\\\/2025\\\/09\\\/29\\\/81-des-tunisiens-ont-une-couverture-sante-mais-19-restent-exclus\\\/\",\"url\":\"https:\\\/\\\/descartes.tn\\\/index.php\\\/2025\\\/09\\\/29\\\/81-des-tunisiens-ont-une-couverture-sante-mais-19-restent-exclus\\\/\",\"name\":\"81 % des Tunisiens ont une couverture sant\u00e9, mais 19 % restent exclus - Descartes.tn\",\"isPartOf\":{\"@id\":\"https:\\\/\\\/descartes.tn\\\/#website\"},\"primaryImageOfPage\":{\"@id\":\"https:\\\/\\\/descartes.tn\\\/index.php\\\/2025\\\/09\\\/29\\\/81-des-tunisiens-ont-une-couverture-sante-mais-19-restent-exclus\\\/#primaryimage\"},\"image\":{\"@id\":\"https:\\\/\\\/descartes.tn\\\/index.php\\\/2025\\\/09\\\/29\\\/81-des-tunisiens-ont-une-couverture-sante-mais-19-restent-exclus\\\/#primaryimage\"},\"thumbnailUrl\":\"https:\\\/\\\/descartes.tn\\\/wp-content\\\/uploads\\\/2025\\\/09\\\/Les-cartes-de-soins-e\u0301lectroniques-CNAM-1140x700-1.webp\",\"datePublished\":\"2025-09-29T16:01:28+00:00\",\"dateModified\":\"2025-09-29T16:01:29+00:00\",\"breadcrumb\":{\"@id\":\"https:\\\/\\\/descartes.tn\\\/index.php\\\/2025\\\/09\\\/29\\\/81-des-tunisiens-ont-une-couverture-sante-mais-19-restent-exclus\\\/#breadcrumb\"},\"inLanguage\":\"en-US\",\"potentialAction\":[{\"@type\":\"ReadAction\",\"target\":[\"https:\\\/\\\/descartes.tn\\\/index.php\\\/2025\\\/09\\\/29\\\/81-des-tunisiens-ont-une-couverture-sante-mais-19-restent-exclus\\\/\"]}]},{\"@type\":\"ImageObject\",\"inLanguage\":\"en-US\",\"@id\":\"https:\\\/\\\/descartes.tn\\\/index.php\\\/2025\\\/09\\\/29\\\/81-des-tunisiens-ont-une-couverture-sante-mais-19-restent-exclus\\\/#primaryimage\",\"url\":\"https:\\\/\\\/descartes.tn\\\/wp-content\\\/uploads\\\/2025\\\/09\\\/Les-cartes-de-soins-e\u0301lectroniques-CNAM-1140x700-1.webp\",\"contentUrl\":\"https:\\\/\\\/descartes.tn\\\/wp-content\\\/uploads\\\/2025\\\/09\\\/Les-cartes-de-soins-e\u0301lectroniques-CNAM-1140x700-1.webp\",\"width\":1140,\"height\":700},{\"@type\":\"BreadcrumbList\",\"@id\":\"https:\\\/\\\/descartes.tn\\\/index.php\\\/2025\\\/09\\\/29\\\/81-des-tunisiens-ont-une-couverture-sante-mais-19-restent-exclus\\\/#breadcrumb\",\"itemListElement\":[{\"@type\":\"ListItem\",\"position\":1,\"name\":\"Home\",\"item\":\"https:\\\/\\\/descartes.tn\\\/\"},{\"@type\":\"ListItem\",\"position\":2,\"name\":\"81 % des Tunisiens ont une couverture sant\u00e9, mais 19 % restent exclus\"}]},{\"@type\":\"WebSite\",\"@id\":\"https:\\\/\\\/descartes.tn\\\/#website\",\"url\":\"https:\\\/\\\/descartes.tn\\\/\",\"name\":\"Descartes.tn\",\"description\":\"\",\"publisher\":{\"@id\":\"https:\\\/\\\/descartes.tn\\\/#organization\"},\"potentialAction\":[{\"@type\":\"SearchAction\",\"target\":{\"@type\":\"EntryPoint\",\"urlTemplate\":\"https:\\\/\\\/descartes.tn\\\/?s={search_term_string}\"},\"query-input\":{\"@type\":\"PropertyValueSpecification\",\"valueRequired\":true,\"valueName\":\"search_term_string\"}}],\"inLanguage\":\"en-US\"},{\"@type\":\"Organization\",\"@id\":\"https:\\\/\\\/descartes.tn\\\/#organization\",\"name\":\"Descartes.tn\",\"url\":\"https:\\\/\\\/descartes.tn\\\/\",\"logo\":{\"@type\":\"ImageObject\",\"inLanguage\":\"en-US\",\"@id\":\"https:\\\/\\\/descartes.tn\\\/#\\\/schema\\\/logo\\\/image\\\/\",\"url\":\"https:\\\/\\\/descartes.tn\\\/wp-content\\\/uploads\\\/2025\\\/10\\\/cropped-Fichier-1-1.png\",\"contentUrl\":\"https:\\\/\\\/descartes.tn\\\/wp-content\\\/uploads\\\/2025\\\/10\\\/cropped-Fichier-1-1.png\",\"width\":136,\"height\":19,\"caption\":\"Descartes.tn\"},\"image\":{\"@id\":\"https:\\\/\\\/descartes.tn\\\/#\\\/schema\\\/logo\\\/image\\\/\"},\"sameAs\":[\"https:\\\/\\\/www.facebook.com\\\/Magdescartes\",\"https:\\\/\\\/www.instagram.com\\\/descartes.magazine\\\/\"]},{\"@type\":\"Person\",\"@id\":\"https:\\\/\\\/descartes.tn\\\/#\\\/schema\\\/person\\\/3ef1516c435e44fd54c1dbc87e343fc8\",\"name\":\"Amal\",\"image\":{\"@type\":\"ImageObject\",\"inLanguage\":\"en-US\",\"@id\":\"https:\\\/\\\/secure.gravatar.com\\\/avatar\\\/ac2a5e90b8656c28b1310bd81898692492a345fd0216ac64d90bafaeda2660f0?s=96&d=mm&r=g\",\"url\":\"https:\\\/\\\/secure.gravatar.com\\\/avatar\\\/ac2a5e90b8656c28b1310bd81898692492a345fd0216ac64d90bafaeda2660f0?s=96&d=mm&r=g\",\"contentUrl\":\"https:\\\/\\\/secure.gravatar.com\\\/avatar\\\/ac2a5e90b8656c28b1310bd81898692492a345fd0216ac64d90bafaeda2660f0?s=96&d=mm&r=g\",\"caption\":\"Amal\"},\"url\":\"https:\\\/\\\/descartes.tn\\\/index.php\\\/author\\\/amal\\\/\"}]}<\/script>\n<!-- \/ Yoast SEO plugin. -->","yoast_head_json":{"title":"81 % des Tunisiens ont une couverture sant\u00e9, mais 19 % restent exclus - Descartes.tn","robots":{"index":"index","follow":"follow","max-snippet":"max-snippet:-1","max-image-preview":"max-image-preview:large","max-video-preview":"max-video-preview:-1"},"canonical":"https:\/\/descartes.tn\/index.php\/2025\/09\/29\/81-des-tunisiens-ont-une-couverture-sante-mais-19-restent-exclus\/","og_locale":"en_US","og_type":"article","og_title":"81 % des Tunisiens ont une couverture sant\u00e9, mais 19 % restent exclus","og_description":"Selon le recensement g\u00e9n\u00e9ral de la population et de l\u2019habitat de 2024, la couverture sant\u00e9 en Tunisie a atteint 81 %, soit huit Tunisiens sur dix. Ce chiffre englobe \u00e0 la fois l&#8217;assurance contributive et les programmes d&#8217;aide sociale. Toutefois, pr\u00e8s de 2,2 millions de personnes, soit environ 19 % de la population, demeurent sans [&hellip;]","og_url":"https:\/\/descartes.tn\/index.php\/2025\/09\/29\/81-des-tunisiens-ont-une-couverture-sante-mais-19-restent-exclus\/","og_site_name":"Descartes.tn","article_publisher":"https:\/\/www.facebook.com\/Magdescartes","article_published_time":"2025-09-29T16:01:28+00:00","article_modified_time":"2025-09-29T16:01:29+00:00","og_image":[{"width":1140,"height":700,"url":"https:\/\/descartes.tn\/wp-content\/uploads\/2025\/09\/Les-cartes-de-soins-e\u0301lectroniques-CNAM-1140x700-1.webp","type":"image\/webp"}],"author":"Amal","twitter_card":"summary_large_image","twitter_misc":{"Written by":"Amal","Est. reading time":"3 minutes"},"schema":{"@context":"https:\/\/schema.org","@graph":[{"@type":"Article","@id":"https:\/\/descartes.tn\/index.php\/2025\/09\/29\/81-des-tunisiens-ont-une-couverture-sante-mais-19-restent-exclus\/#article","isPartOf":{"@id":"https:\/\/descartes.tn\/index.php\/2025\/09\/29\/81-des-tunisiens-ont-une-couverture-sante-mais-19-restent-exclus\/"},"author":{"name":"Amal","@id":"https:\/\/descartes.tn\/#\/schema\/person\/3ef1516c435e44fd54c1dbc87e343fc8"},"headline":"81 % des Tunisiens ont une couverture sant\u00e9, mais 19 % restent exclus","datePublished":"2025-09-29T16:01:28+00:00","dateModified":"2025-09-29T16:01:29+00:00","mainEntityOfPage":{"@id":"https:\/\/descartes.tn\/index.php\/2025\/09\/29\/81-des-tunisiens-ont-une-couverture-sante-mais-19-restent-exclus\/"},"wordCount":447,"commentCount":0,"publisher":{"@id":"https:\/\/descartes.tn\/#organization"},"image":{"@id":"https:\/\/descartes.tn\/index.php\/2025\/09\/29\/81-des-tunisiens-ont-une-couverture-sante-mais-19-restent-exclus\/#primaryimage"},"thumbnailUrl":"https:\/\/descartes.tn\/wp-content\/uploads\/2025\/09\/Les-cartes-de-soins-e\u0301lectroniques-CNAM-1140x700-1.webp","keywords":["Cnam","tunisie"],"articleSection":["Actualit\u00e9s"],"inLanguage":"en-US","potentialAction":[{"@type":"CommentAction","name":"Comment","target":["https:\/\/descartes.tn\/index.php\/2025\/09\/29\/81-des-tunisiens-ont-une-couverture-sante-mais-19-restent-exclus\/#respond"]}]},{"@type":"WebPage","@id":"https:\/\/descartes.tn\/index.php\/2025\/09\/29\/81-des-tunisiens-ont-une-couverture-sante-mais-19-restent-exclus\/","url":"https:\/\/descartes.tn\/index.php\/2025\/09\/29\/81-des-tunisiens-ont-une-couverture-sante-mais-19-restent-exclus\/","name":"81 % des Tunisiens ont une couverture sant\u00e9, mais 19 % restent exclus - Descartes.tn","isPartOf":{"@id":"https:\/\/descartes.tn\/#website"},"primaryImageOfPage":{"@id":"https:\/\/descartes.tn\/index.php\/2025\/09\/29\/81-des-tunisiens-ont-une-couverture-sante-mais-19-restent-exclus\/#primaryimage"},"image":{"@id":"https:\/\/descartes.tn\/index.php\/2025\/09\/29\/81-des-tunisiens-ont-une-couverture-sante-mais-19-restent-exclus\/#primaryimage"},"thumbnailUrl":"https:\/\/descartes.tn\/wp-content\/uploads\/2025\/09\/Les-cartes-de-soins-e\u0301lectroniques-CNAM-1140x700-1.webp","datePublished":"2025-09-29T16:01:28+00:00","dateModified":"2025-09-29T16:01:29+00:00","breadcrumb":{"@id":"https:\/\/descartes.tn\/index.php\/2025\/09\/29\/81-des-tunisiens-ont-une-couverture-sante-mais-19-restent-exclus\/#breadcrumb"},"inLanguage":"en-US","potentialAction":[{"@type":"ReadAction","target":["https:\/\/descartes.tn\/index.php\/2025\/09\/29\/81-des-tunisiens-ont-une-couverture-sante-mais-19-restent-exclus\/"]}]},{"@type":"ImageObject","inLanguage":"en-US","@id":"https:\/\/descartes.tn\/index.php\/2025\/09\/29\/81-des-tunisiens-ont-une-couverture-sante-mais-19-restent-exclus\/#primaryimage","url":"https:\/\/descartes.tn\/wp-content\/uploads\/2025\/09\/Les-cartes-de-soins-e\u0301lectroniques-CNAM-1140x700-1.webp","contentUrl":"https:\/\/descartes.tn\/wp-content\/uploads\/2025\/09\/Les-cartes-de-soins-e\u0301lectroniques-CNAM-1140x700-1.webp","width":1140,"height":700},{"@type":"BreadcrumbList","@id":"https:\/\/descartes.tn\/index.php\/2025\/09\/29\/81-des-tunisiens-ont-une-couverture-sante-mais-19-restent-exclus\/#breadcrumb","itemListElement":[{"@type":"ListItem","position":1,"name":"Home","item":"https:\/\/descartes.tn\/"},{"@type":"ListItem","position":2,"name":"81 % des Tunisiens ont une couverture sant\u00e9, mais 19 % restent exclus"}]},{"@type":"WebSite","@id":"https:\/\/descartes.tn\/#website","url":"https:\/\/descartes.tn\/","name":"Descartes.tn","description":"","publisher":{"@id":"https:\/\/descartes.tn\/#organization"},"potentialAction":[{"@type":"SearchAction","target":{"@type":"EntryPoint","urlTemplate":"https:\/\/descartes.tn\/?s={search_term_string}"},"query-input":{"@type":"PropertyValueSpecification","valueRequired":true,"valueName":"search_term_string"}}],"inLanguage":"en-US"},{"@type":"Organization","@id":"https:\/\/descartes.tn\/#organization","name":"Descartes.tn","url":"https:\/\/descartes.tn\/","logo":{"@type":"ImageObject","inLanguage":"en-US","@id":"https:\/\/descartes.tn\/#\/schema\/logo\/image\/","url":"https:\/\/descartes.tn\/wp-content\/uploads\/2025\/10\/cropped-Fichier-1-1.png","contentUrl":"https:\/\/descartes.tn\/wp-content\/uploads\/2025\/10\/cropped-Fichier-1-1.png","width":136,"height":19,"caption":"Descartes.tn"},"image":{"@id":"https:\/\/descartes.tn\/#\/schema\/logo\/image\/"},"sameAs":["https:\/\/www.facebook.com\/Magdescartes","https:\/\/www.instagram.com\/descartes.magazine\/"]},{"@type":"Person","@id":"https:\/\/descartes.tn\/#\/schema\/person\/3ef1516c435e44fd54c1dbc87e343fc8","name":"Amal","image":{"@type":"ImageObject","inLanguage":"en-US","@id":"https:\/\/secure.gravatar.com\/avatar\/ac2a5e90b8656c28b1310bd81898692492a345fd0216ac64d90bafaeda2660f0?s=96&d=mm&r=g","url":"https:\/\/secure.gravatar.com\/avatar\/ac2a5e90b8656c28b1310bd81898692492a345fd0216ac64d90bafaeda2660f0?s=96&d=mm&r=g","contentUrl":"https:\/\/secure.gravatar.com\/avatar\/ac2a5e90b8656c28b1310bd81898692492a345fd0216ac64d90bafaeda2660f0?s=96&d=mm&r=g","caption":"Amal"},"url":"https:\/\/descartes.tn\/index.php\/author\/amal\/"}]}},"_links":{"self":[{"href":"https:\/\/descartes.tn\/index.php\/wp-json\/wp\/v2\/posts\/1235","targetHints":{"allow":["GET"]}}],"collection":[{"href":"https:\/\/descartes.tn\/index.php\/wp-json\/wp\/v2\/posts"}],"about":[{"href":"https:\/\/descartes.tn\/index.php\/wp-json\/wp\/v2\/types\/post"}],"author":[{"embeddable":true,"href":"https:\/\/descartes.tn\/index.php\/wp-json\/wp\/v2\/users\/2"}],"replies":[{"embeddable":true,"href":"https:\/\/descartes.tn\/index.php\/wp-json\/wp\/v2\/comments?post=1235"}],"version-history":[{"count":1,"href":"https:\/\/descartes.tn\/index.php\/wp-json\/wp\/v2\/posts\/1235\/revisions"}],"predecessor-version":[{"id":1237,"href":"https:\/\/descartes.tn\/index.php\/wp-json\/wp\/v2\/posts\/1235\/revisions\/1237"}],"wp:featuredmedia":[{"embeddable":true,"href":"https:\/\/descartes.tn\/index.php\/wp-json\/wp\/v2\/media\/1236"}],"wp:attachment":[{"href":"https:\/\/descartes.tn\/index.php\/wp-json\/wp\/v2\/media?parent=1235"}],"wp:term":[{"taxonomy":"category","embeddable":true,"href":"https:\/\/descartes.tn\/index.php\/wp-json\/wp\/v2\/categories?post=1235"},{"taxonomy":"post_tag","embeddable":true,"href":"https:\/\/descartes.tn\/index.php\/wp-json\/wp\/v2\/tags?post=1235"}],"curies":[{"name":"wp","href":"https:\/\/api.w.org\/{rel}","templated":true}]}}