{"id":1182,"date":"2025-09-08T09:55:16","date_gmt":"2025-09-08T09:55:16","guid":{"rendered":"https:\/\/descartes.tn\/?p=1182"},"modified":"2025-09-08T09:55:42","modified_gmt":"2025-09-08T09:55:42","slug":"flottille-sumud-gaza-mohamed-mrad-greta-thunberg","status":"publish","type":"post","link":"https:\/\/descartes.tn\/index.php\/2025\/09\/08\/flottille-sumud-gaza-mohamed-mrad-greta-thunberg\/","title":{"rendered":"Des personnalit\u00e9s internationales et tunisiennes \u00e0 bord de l\u2019\u00ab Flottille du Sumud \u00bb pour Gaza"},"content":{"rendered":"\n<p>La <strong>Flottille du Sumud<\/strong> a pris le large depuis Barcelone et plusieurs ports m\u00e9diterran\u00e9ens dans le cadre du plus grand mouvement civil maritime jamais organis\u00e9 pour <strong>briser le blocus impos\u00e9 \u00e0 Gaza<\/strong>. L\u2019initiative, soutenue par la coalition internationale <em>Freedom Flotilla<\/em>, rassemble des militants, des parlementaires, des artistes et des figures publiques de divers horizons.<\/p>\n\n\n<div class=\"wp-block-image\">\n<figure class=\"aligncenter size-full\"><img loading=\"lazy\" decoding=\"async\" width=\"781\" height=\"439\" src=\"https:\/\/descartes.tn\/wp-content\/uploads\/2025\/09\/ezgif.com-webp-to-png-converter-27.png\" alt=\"\" class=\"wp-image-1183\" srcset=\"https:\/\/descartes.tn\/wp-content\/uploads\/2025\/09\/ezgif.com-webp-to-png-converter-27.png 781w, https:\/\/descartes.tn\/wp-content\/uploads\/2025\/09\/ezgif.com-webp-to-png-converter-27-300x169.png 300w, https:\/\/descartes.tn\/wp-content\/uploads\/2025\/09\/ezgif.com-webp-to-png-converter-27-768x432.png 768w, https:\/\/descartes.tn\/wp-content\/uploads\/2025\/09\/ezgif.com-webp-to-png-converter-27-390x220.png 390w\" sizes=\"auto, (max-width: 781px) 100vw, 781px\" \/><\/figure>\n<\/div>\n\n\n<p class=\"has-text-align-center has-medium-font-size\"><strong>Des figures internationales engag\u00e9es<\/strong><\/p>\n\n\n\n<p>Parmi les personnalit\u00e9s les plus en vue figurent :<\/p>\n\n\n\n<ul class=\"wp-block-list\">\n<li><strong>Greta Thunberg<\/strong>, militante \u00e9cologiste su\u00e9doise,<\/li>\n\n\n\n<li><strong>Susan Sarandon<\/strong>, actrice am\u00e9ricaine et d\u00e9fenseuse des droits humains,<\/li>\n\n\n\n<li><strong>Liam Cunningham<\/strong> et <strong>Gustaf Skarsg\u00e5rd<\/strong>, acteurs de renomm\u00e9e internationale,<\/li>\n\n\n\n<li><strong>Zwelivelile Mandela<\/strong>, petit-fils de Nelson Mandela,<\/li>\n\n\n\n<li>ainsi que des \u00e9lus europ\u00e9ens tels que <strong>Mariana Mort\u00e1gua<\/strong> (Portugal).<\/li>\n<\/ul>\n\n\n\n<p>Ces voix influentes entendent rappeler l\u2019urgence humanitaire \u00e0 Gaza et la n\u00e9cessit\u00e9 d\u2019un engagement international pour mettre fin \u00e0 l\u2019enfermement de plus de deux millions de Palestiniens.<\/p>\n\n\n\n<p class=\"has-text-align-center has-medium-font-size\"><strong>Une forte pr\u00e9sence tunisienne<\/strong><\/p>\n\n\n\n<p>La Tunisie est particuli\u00e8rement repr\u00e9sent\u00e9e dans cette mobilisation, avec la participation de plusieurs figures publiques, parmi lesquelles :<\/p>\n\n\n\n<ul class=\"wp-block-list\">\n<li><strong>Mohamed Mrad<\/strong>, acteur et mod\u00e8le tunisien reconnu,<\/li>\n\n\n\n<li><strong>Rima Hassan<\/strong>, d\u00e9put\u00e9e au Parlement europ\u00e9en d\u2019origine palestinienne et tr\u00e8s active sur la sc\u00e8ne internationale,<\/li>\n\n\n\n<li><strong>Mohamed Ali<\/strong>, d\u00e9put\u00e9 tunisien engag\u00e9 dans le soutien \u00e0 la cause palestinienne,<\/li>\n\n\n\n<li>ainsi que des artistes tels que <strong>Moncef Turki<\/strong> et <strong>Khmais Bahri<\/strong>.<\/li>\n<\/ul>\n\n\n\n<p>En plus de ces personnalit\u00e9s, plus de <strong>120 citoyens tunisiens<\/strong> ont rejoint la flottille maghr\u00e9bine, confirmant ainsi l\u2019attachement profond du peuple tunisien \u00e0 la solidarit\u00e9 avec Gaza.<\/p>\n\n\n\n<p class=\"has-text-align-center has-medium-font-size\"><strong>Un message de solidarit\u00e9 universelle<\/strong><\/p>\n\n\n\n<p>La Flottille du Sumud n\u2019est pas seulement une initiative humanitaire ; elle constitue un <strong>message politique et moral<\/strong> adress\u00e9 au monde. Par la diversit\u00e9 de ses participants militants, artistes, parlementaires, sportifs, journalistes elle t\u00e9moigne de l\u2019ampleur du soutien mondial \u00e0 la population de Gaza et du rejet du blocus qui l\u2019\u00e9touffe depuis des ann\u00e9es.<\/p>\n\n\n\n<p>Alors que les navires s\u2019approchent des eaux internationales, l\u2019attention mondiale reste tourn\u00e9e vers ce convoi in\u00e9dit. La pr\u00e9sence de personnalit\u00e9s tunisiennes de premier plan, telles que <strong>Mohamed Mrad<\/strong>, illustre l\u2019importance de l\u2019engagement culturel et citoyen dans ce combat universel pour la libert\u00e9 et la dignit\u00e9.<\/p>\n\n\n\n<p class=\"has-text-align-center has-small-font-size\"><em>R\u00e9dig\u00e9 par <strong>Omar Maatouk<\/strong> &#8216;DESCARTES&#8217;.<\/em><\/p>\n\n\n\n<p class=\"has-medium-font-size\"><strong><em>Album : <\/em><\/strong><\/p>\n\n\n\n<div class=\"wp-block-columns is-layout-flex wp-container-core-columns-is-layout-28f84493 wp-block-columns-is-layout-flex\">\n<div class=\"wp-block-column is-layout-flow wp-block-column-is-layout-flow\">\n<figure class=\"wp-block-image size-large\"><a href=\"https:\/\/www.instagram.com\/p\/DOTktq-jIPX\/?utm_source=ig_web_copy_link&amp;igsh=MzRlODBiNWFlZA==\" target=\"_blank\" rel=\" noreferrer noopener\"><img loading=\"lazy\" decoding=\"async\" width=\"1024\" height=\"1024\" src=\"https:\/\/descartes.tn\/wp-content\/uploads\/2025\/09\/1-1-1024x1024.png\" alt=\"\" class=\"wp-image-1184\" srcset=\"https:\/\/descartes.tn\/wp-content\/uploads\/2025\/09\/1-1-1024x1024.png 1024w, https:\/\/descartes.tn\/wp-content\/uploads\/2025\/09\/1-1-300x300.png 300w, https:\/\/descartes.tn\/wp-content\/uploads\/2025\/09\/1-1-150x150.png 150w, https:\/\/descartes.tn\/wp-content\/uploads\/2025\/09\/1-1-768x768.png 768w, https:\/\/descartes.tn\/wp-content\/uploads\/2025\/09\/1-1.png 1080w\" sizes=\"auto, (max-width: 1024px) 100vw, 1024px\" \/><\/a><\/figure>\n<\/div>\n\n\n\n<div class=\"wp-block-column is-layout-flow wp-block-column-is-layout-flow\">\n<figure class=\"wp-block-image size-large\"><a href=\"https:\/\/www.instagram.com\/p\/DOTktq-jIPX\/?utm_source=ig_web_copy_link&amp;igsh=MzRlODBiNWFlZA==\" target=\"_blank\" rel=\" noreferrer noopener\"><img loading=\"lazy\" decoding=\"async\" width=\"1024\" height=\"1024\" src=\"https:\/\/descartes.tn\/wp-content\/uploads\/2025\/09\/2-1-1024x1024.png\" alt=\"\" class=\"wp-image-1185\" srcset=\"https:\/\/descartes.tn\/wp-content\/uploads\/2025\/09\/2-1-1024x1024.png 1024w, https:\/\/descartes.tn\/wp-content\/uploads\/2025\/09\/2-1-300x300.png 300w, https:\/\/descartes.tn\/wp-content\/uploads\/2025\/09\/2-1-150x150.png 150w, https:\/\/descartes.tn\/wp-content\/uploads\/2025\/09\/2-1-768x768.png 768w, https:\/\/descartes.tn\/wp-content\/uploads\/2025\/09\/2-1.png 1080w\" sizes=\"auto, (max-width: 1024px) 100vw, 1024px\" \/><\/a><\/figure>\n<\/div>\n\n\n\n<div class=\"wp-block-column is-layout-flow wp-block-column-is-layout-flow\">\n<figure class=\"wp-block-image size-large\"><a href=\"https:\/\/www.instagram.com\/p\/DOTktq-jIPX\/?utm_source=ig_web_copy_link&amp;igsh=MzRlODBiNWFlZA==\" target=\"_blank\" rel=\" noreferrer noopener\"><img loading=\"lazy\" decoding=\"async\" width=\"1024\" height=\"1024\" src=\"https:\/\/descartes.tn\/wp-content\/uploads\/2025\/09\/3-1-1024x1024.png\" alt=\"\" class=\"wp-image-1186\" srcset=\"https:\/\/descartes.tn\/wp-content\/uploads\/2025\/09\/3-1-1024x1024.png 1024w, https:\/\/descartes.tn\/wp-content\/uploads\/2025\/09\/3-1-300x300.png 300w, https:\/\/descartes.tn\/wp-content\/uploads\/2025\/09\/3-1-150x150.png 150w, https:\/\/descartes.tn\/wp-content\/uploads\/2025\/09\/3-1-768x768.png 768w, https:\/\/descartes.tn\/wp-content\/uploads\/2025\/09\/3-1.png 1080w\" sizes=\"auto, (max-width: 1024px) 100vw, 1024px\" \/><\/a><\/figure>\n<\/div>\n<\/div>\n\n\n\n<div class=\"wp-block-columns is-layout-flex wp-container-core-columns-is-layout-28f84493 wp-block-columns-is-layout-flex\">\n<div class=\"wp-block-column is-layout-flow wp-block-column-is-layout-flow\">\n<figure class=\"wp-block-image size-large\"><a href=\"https:\/\/www.instagram.com\/p\/DOTktq-jIPX\/?utm_source=ig_web_copy_link&amp;igsh=MzRlODBiNWFlZA==\" target=\"_blank\" rel=\" noreferrer noopener\"><img loading=\"lazy\" decoding=\"async\" width=\"1080\" height=\"1080\" src=\"https:\/\/descartes.tn\/wp-content\/uploads\/2025\/09\/4-1024x1024.png\" alt=\"\" class=\"wp-image-1187\" srcset=\"https:\/\/descartes.tn\/wp-content\/uploads\/2025\/09\/4-1024x1024.png 1024w, https:\/\/descartes.tn\/wp-content\/uploads\/2025\/09\/4-300x300.png 300w, https:\/\/descartes.tn\/wp-content\/uploads\/2025\/09\/4-150x150.png 150w, https:\/\/descartes.tn\/wp-content\/uploads\/2025\/09\/4-768x768.png 768w, https:\/\/descartes.tn\/wp-content\/uploads\/2025\/09\/4.png 1080w\" sizes=\"auto, (max-width: 1080px) 100vw, 1080px\" \/><\/a><\/figure>\n<\/div>\n\n\n\n<div class=\"wp-block-column is-layout-flow wp-block-column-is-layout-flow\">\n<figure class=\"wp-block-image size-large\"><a href=\"https:\/\/www.instagram.com\/p\/DOTktq-jIPX\/?utm_source=ig_web_copy_link&amp;igsh=MzRlODBiNWFlZA==\" target=\"_blank\" rel=\" noreferrer noopener\"><img loading=\"lazy\" decoding=\"async\" width=\"1024\" height=\"1024\" src=\"https:\/\/descartes.tn\/wp-content\/uploads\/2025\/09\/5-1024x1024.png\" alt=\"\" class=\"wp-image-1188\" srcset=\"https:\/\/descartes.tn\/wp-content\/uploads\/2025\/09\/5-1024x1024.png 1024w, https:\/\/descartes.tn\/wp-content\/uploads\/2025\/09\/5-300x300.png 300w, https:\/\/descartes.tn\/wp-content\/uploads\/2025\/09\/5-150x150.png 150w, https:\/\/descartes.tn\/wp-content\/uploads\/2025\/09\/5-768x768.png 768w, https:\/\/descartes.tn\/wp-content\/uploads\/2025\/09\/5.png 1080w\" sizes=\"auto, (max-width: 1024px) 100vw, 1024px\" \/><\/a><\/figure>\n<\/div>\n\n\n\n<div class=\"wp-block-column is-layout-flow wp-block-column-is-layout-flow\">\n<figure class=\"wp-block-image size-large\"><a href=\"https:\/\/www.instagram.com\/p\/DOTktq-jIPX\/?utm_source=ig_web_copy_link&amp;igsh=MzRlODBiNWFlZA==\" target=\"_blank\" rel=\" noreferrer noopener\"><img loading=\"lazy\" decoding=\"async\" width=\"1024\" height=\"1024\" src=\"https:\/\/descartes.tn\/wp-content\/uploads\/2025\/09\/6-1024x1024.png\" alt=\"\" class=\"wp-image-1189\" srcset=\"https:\/\/descartes.tn\/wp-content\/uploads\/2025\/09\/6-1024x1024.png 1024w, https:\/\/descartes.tn\/wp-content\/uploads\/2025\/09\/6-300x300.png 300w, https:\/\/descartes.tn\/wp-content\/uploads\/2025\/09\/6-150x150.png 150w, https:\/\/descartes.tn\/wp-content\/uploads\/2025\/09\/6-768x768.png 768w, https:\/\/descartes.tn\/wp-content\/uploads\/2025\/09\/6.png 1080w\" sizes=\"auto, (max-width: 1024px) 100vw, 1024px\" \/><\/a><\/figure>\n<\/div>\n<\/div>\n\n\n\n<div class=\"wp-block-columns is-layout-flex wp-container-core-columns-is-layout-28f84493 wp-block-columns-is-layout-flex\">\n<div class=\"wp-block-column is-layout-flow wp-block-column-is-layout-flow\">\n<figure class=\"wp-block-image size-large\"><a href=\"https:\/\/www.instagram.com\/p\/DOTktq-jIPX\/?utm_source=ig_web_copy_link&amp;igsh=MzRlODBiNWFlZA==\" target=\"_blank\" rel=\" noreferrer noopener\"><img loading=\"lazy\" decoding=\"async\" width=\"1024\" height=\"1024\" src=\"https:\/\/descartes.tn\/wp-content\/uploads\/2025\/09\/7-1024x1024.png\" alt=\"\" class=\"wp-image-1190\" srcset=\"https:\/\/descartes.tn\/wp-content\/uploads\/2025\/09\/7-1024x1024.png 1024w, https:\/\/descartes.tn\/wp-content\/uploads\/2025\/09\/7-300x300.png 300w, https:\/\/descartes.tn\/wp-content\/uploads\/2025\/09\/7-150x150.png 150w, https:\/\/descartes.tn\/wp-content\/uploads\/2025\/09\/7-768x768.png 768w, https:\/\/descartes.tn\/wp-content\/uploads\/2025\/09\/7.png 1080w\" sizes=\"auto, (max-width: 1024px) 100vw, 1024px\" \/><\/a><\/figure>\n<\/div>\n\n\n\n<div class=\"wp-block-column is-layout-flow wp-block-column-is-layout-flow\">\n<figure class=\"wp-block-image size-large\"><a href=\"https:\/\/www.instagram.com\/p\/DOTktq-jIPX\/?utm_source=ig_web_copy_link&amp;igsh=MzRlODBiNWFlZA==\" target=\"_blank\" rel=\" noreferrer noopener\"><img loading=\"lazy\" decoding=\"async\" width=\"1024\" height=\"1024\" src=\"https:\/\/descartes.tn\/wp-content\/uploads\/2025\/09\/8-1024x1024.png\" alt=\"\" class=\"wp-image-1191\" srcset=\"https:\/\/descartes.tn\/wp-content\/uploads\/2025\/09\/8-1024x1024.png 1024w, https:\/\/descartes.tn\/wp-content\/uploads\/2025\/09\/8-300x300.png 300w, https:\/\/descartes.tn\/wp-content\/uploads\/2025\/09\/8-150x150.png 150w, https:\/\/descartes.tn\/wp-content\/uploads\/2025\/09\/8-768x768.png 768w, https:\/\/descartes.tn\/wp-content\/uploads\/2025\/09\/8.png 1080w\" sizes=\"auto, (max-width: 1024px) 100vw, 1024px\" \/><\/a><\/figure>\n<\/div>\n\n\n\n<div class=\"wp-block-column is-layout-flow wp-block-column-is-layout-flow\">\n<figure class=\"wp-block-image size-large\"><a href=\"https:\/\/www.instagram.com\/p\/DOTktq-jIPX\/?utm_source=ig_web_copy_link&amp;igsh=MzRlODBiNWFlZA==\" target=\"_blank\" rel=\" noreferrer noopener\"><img loading=\"lazy\" decoding=\"async\" width=\"1024\" height=\"1024\" src=\"https:\/\/descartes.tn\/wp-content\/uploads\/2025\/09\/9-1024x1024.png\" alt=\"\" class=\"wp-image-1192\" srcset=\"https:\/\/descartes.tn\/wp-content\/uploads\/2025\/09\/9-1024x1024.png 1024w, https:\/\/descartes.tn\/wp-content\/uploads\/2025\/09\/9-300x300.png 300w, https:\/\/descartes.tn\/wp-content\/uploads\/2025\/09\/9-150x150.png 150w, https:\/\/descartes.tn\/wp-content\/uploads\/2025\/09\/9-768x768.png 768w, https:\/\/descartes.tn\/wp-content\/uploads\/2025\/09\/9.png 1080w\" sizes=\"auto, (max-width: 1024px) 100vw, 1024px\" \/><\/a><\/figure>\n<\/div>\n<\/div>\n\n\n\n<p class=\"has-text-align-center has-small-font-size\"><em>Traitement &amp; Conception Graphique par <strong>Omar Maatouk<\/strong> &#8216;DESCARTES&#8217;.<\/em><\/p>\n\n\n\n<p><\/p>\n","protected":false},"excerpt":{"rendered":"<p>La Flottille du Sumud a pris le large depuis Barcelone et plusieurs ports m\u00e9diterran\u00e9ens dans le cadre du plus grand mouvement civil maritime jamais organis\u00e9 pour briser le blocus impos\u00e9 \u00e0 Gaza. L\u2019initiative, soutenue par la coalition internationale Freedom Flotilla, rassemble des militants, des parlementaires, des artistes et des figures publiques de divers horizons. Des [&hellip;]<\/p>\n","protected":false},"author":1,"featured_media":1183,"comment_status":"open","ping_status":"closed","sticky":false,"template":"","format":"standard","meta":{"footnotes":""},"categories":[1,4],"tags":[49,1021,64,1018,1017,1019,1020,17],"class_list":["post-1182","post","type-post","status-publish","format-standard","has-post-thumbnail","hentry","category-actualites","category-evenements","tag-actualite","tag-briser-le-blocus-de-gaza","tag-gaza","tag-greta-thunberg-gaza","tag-mohamed-mrad-flottille-du-sumud","tag-personnalites-internationales-gaza","tag-solidarite-tunisienne-palestine","tag-tunisie"],"yoast_head":"<!-- This site is optimized with the Yoast SEO plugin v27.5 - https:\/\/yoast.com\/product\/yoast-seo-wordpress\/ -->\n<title>Des personnalit\u00e9s internationales et tunisiennes rejoignent la Flottille du Sumud pour Gaza - Descartes.tn<\/title>\n<meta name=\"description\" content=\"La Flottille du Sumud r\u00e9unit Greta Thunberg, Susan Sarandon, Mohamed Mrad et d\u2019autres figures pour briser le blocus de Gaza\" \/>\n<meta name=\"robots\" content=\"index, follow, max-snippet:-1, max-image-preview:large, max-video-preview:-1\" \/>\n<link rel=\"canonical\" href=\"https:\/\/descartes.tn\/index.php\/2025\/09\/08\/flottille-sumud-gaza-mohamed-mrad-greta-thunberg\/\" \/>\n<meta property=\"og:locale\" content=\"en_US\" \/>\n<meta property=\"og:type\" content=\"article\" \/>\n<meta property=\"og:title\" content=\"Des personnalit\u00e9s internationales et tunisiennes rejoignent la Flottille du Sumud pour Gaza - Descartes.tn\" \/>\n<meta property=\"og:description\" content=\"La Flottille du Sumud r\u00e9unit Greta Thunberg, Susan Sarandon, Mohamed Mrad et d\u2019autres figures pour briser le blocus de Gaza\" \/>\n<meta property=\"og:url\" content=\"https:\/\/descartes.tn\/index.php\/2025\/09\/08\/flottille-sumud-gaza-mohamed-mrad-greta-thunberg\/\" \/>\n<meta property=\"og:site_name\" content=\"Descartes.tn\" \/>\n<meta property=\"article:publisher\" content=\"https:\/\/www.facebook.com\/Magdescartes\" \/>\n<meta property=\"article:published_time\" content=\"2025-09-08T09:55:16+00:00\" \/>\n<meta property=\"article:modified_time\" content=\"2025-09-08T09:55:42+00:00\" \/>\n<meta property=\"og:image\" content=\"https:\/\/descartes.tn\/wp-content\/uploads\/2025\/09\/ezgif.com-webp-to-png-converter-27.png\" \/>\n\t<meta property=\"og:image:width\" content=\"781\" \/>\n\t<meta property=\"og:image:height\" content=\"439\" \/>\n\t<meta property=\"og:image:type\" content=\"image\/png\" \/>\n<meta name=\"author\" content=\"admin\" \/>\n<meta name=\"twitter:card\" content=\"summary_large_image\" \/>\n<meta name=\"twitter:label1\" content=\"Written by\" \/>\n\t<meta name=\"twitter:data1\" content=\"admin\" \/>\n\t<meta name=\"twitter:label2\" content=\"Est. reading time\" \/>\n\t<meta name=\"twitter:data2\" content=\"4 minutes\" \/>\n<script type=\"application\/ld+json\" class=\"yoast-schema-graph\">{\"@context\":\"https:\\\/\\\/schema.org\",\"@graph\":[{\"@type\":\"Article\",\"@id\":\"https:\\\/\\\/descartes.tn\\\/index.php\\\/2025\\\/09\\\/08\\\/flottille-sumud-gaza-mohamed-mrad-greta-thunberg\\\/#article\",\"isPartOf\":{\"@id\":\"https:\\\/\\\/descartes.tn\\\/index.php\\\/2025\\\/09\\\/08\\\/flottille-sumud-gaza-mohamed-mrad-greta-thunberg\\\/\"},\"author\":{\"name\":\"admin\",\"@id\":\"https:\\\/\\\/descartes.tn\\\/#\\\/schema\\\/person\\\/9fd67540eb53221af50a61878b6721ae\"},\"headline\":\"Des personnalit\u00e9s internationales et tunisiennes \u00e0 bord de l\u2019\u00ab Flottille du Sumud \u00bb pour Gaza\",\"datePublished\":\"2025-09-08T09:55:16+00:00\",\"dateModified\":\"2025-09-08T09:55:42+00:00\",\"mainEntityOfPage\":{\"@id\":\"https:\\\/\\\/descartes.tn\\\/index.php\\\/2025\\\/09\\\/08\\\/flottille-sumud-gaza-mohamed-mrad-greta-thunberg\\\/\"},\"wordCount\":394,\"commentCount\":0,\"publisher\":{\"@id\":\"https:\\\/\\\/descartes.tn\\\/#organization\"},\"image\":{\"@id\":\"https:\\\/\\\/descartes.tn\\\/index.php\\\/2025\\\/09\\\/08\\\/flottille-sumud-gaza-mohamed-mrad-greta-thunberg\\\/#primaryimage\"},\"thumbnailUrl\":\"https:\\\/\\\/descartes.tn\\\/wp-content\\\/uploads\\\/2025\\\/09\\\/ezgif.com-webp-to-png-converter-27.png\",\"keywords\":[\"actualit\u00e9\",\"briser le blocus de Gaza\",\"gaza\",\"Greta Thunberg Gaza\",\"Mohamed Mrad Flottille du Sumud\",\"personnalit\u00e9s internationales Gaza\",\"solidarit\u00e9 tunisienne Palestine\",\"tunisie\"],\"articleSection\":[\"Actualit\u00e9s\",\"\u00c8v\u00e8nements\"],\"inLanguage\":\"en-US\",\"potentialAction\":[{\"@type\":\"CommentAction\",\"name\":\"Comment\",\"target\":[\"https:\\\/\\\/descartes.tn\\\/index.php\\\/2025\\\/09\\\/08\\\/flottille-sumud-gaza-mohamed-mrad-greta-thunberg\\\/#respond\"]}]},{\"@type\":\"WebPage\",\"@id\":\"https:\\\/\\\/descartes.tn\\\/index.php\\\/2025\\\/09\\\/08\\\/flottille-sumud-gaza-mohamed-mrad-greta-thunberg\\\/\",\"url\":\"https:\\\/\\\/descartes.tn\\\/index.php\\\/2025\\\/09\\\/08\\\/flottille-sumud-gaza-mohamed-mrad-greta-thunberg\\\/\",\"name\":\"Des personnalit\u00e9s internationales et tunisiennes rejoignent la Flottille du Sumud pour Gaza - Descartes.tn\",\"isPartOf\":{\"@id\":\"https:\\\/\\\/descartes.tn\\\/#website\"},\"primaryImageOfPage\":{\"@id\":\"https:\\\/\\\/descartes.tn\\\/index.php\\\/2025\\\/09\\\/08\\\/flottille-sumud-gaza-mohamed-mrad-greta-thunberg\\\/#primaryimage\"},\"image\":{\"@id\":\"https:\\\/\\\/descartes.tn\\\/index.php\\\/2025\\\/09\\\/08\\\/flottille-sumud-gaza-mohamed-mrad-greta-thunberg\\\/#primaryimage\"},\"thumbnailUrl\":\"https:\\\/\\\/descartes.tn\\\/wp-content\\\/uploads\\\/2025\\\/09\\\/ezgif.com-webp-to-png-converter-27.png\",\"datePublished\":\"2025-09-08T09:55:16+00:00\",\"dateModified\":\"2025-09-08T09:55:42+00:00\",\"description\":\"La Flottille du Sumud r\u00e9unit Greta Thunberg, Susan Sarandon, Mohamed Mrad et d\u2019autres figures pour briser le blocus de Gaza\",\"breadcrumb\":{\"@id\":\"https:\\\/\\\/descartes.tn\\\/index.php\\\/2025\\\/09\\\/08\\\/flottille-sumud-gaza-mohamed-mrad-greta-thunberg\\\/#breadcrumb\"},\"inLanguage\":\"en-US\",\"potentialAction\":[{\"@type\":\"ReadAction\",\"target\":[\"https:\\\/\\\/descartes.tn\\\/index.php\\\/2025\\\/09\\\/08\\\/flottille-sumud-gaza-mohamed-mrad-greta-thunberg\\\/\"]}]},{\"@type\":\"ImageObject\",\"inLanguage\":\"en-US\",\"@id\":\"https:\\\/\\\/descartes.tn\\\/index.php\\\/2025\\\/09\\\/08\\\/flottille-sumud-gaza-mohamed-mrad-greta-thunberg\\\/#primaryimage\",\"url\":\"https:\\\/\\\/descartes.tn\\\/wp-content\\\/uploads\\\/2025\\\/09\\\/ezgif.com-webp-to-png-converter-27.png\",\"contentUrl\":\"https:\\\/\\\/descartes.tn\\\/wp-content\\\/uploads\\\/2025\\\/09\\\/ezgif.com-webp-to-png-converter-27.png\",\"width\":781,\"height\":439},{\"@type\":\"BreadcrumbList\",\"@id\":\"https:\\\/\\\/descartes.tn\\\/index.php\\\/2025\\\/09\\\/08\\\/flottille-sumud-gaza-mohamed-mrad-greta-thunberg\\\/#breadcrumb\",\"itemListElement\":[{\"@type\":\"ListItem\",\"position\":1,\"name\":\"Home\",\"item\":\"https:\\\/\\\/descartes.tn\\\/\"},{\"@type\":\"ListItem\",\"position\":2,\"name\":\"Des personnalit\u00e9s internationales et tunisiennes \u00e0 bord de l\u2019\u00ab Flottille du Sumud \u00bb pour Gaza\"}]},{\"@type\":\"WebSite\",\"@id\":\"https:\\\/\\\/descartes.tn\\\/#website\",\"url\":\"https:\\\/\\\/descartes.tn\\\/\",\"name\":\"Descartes.tn\",\"description\":\"\",\"publisher\":{\"@id\":\"https:\\\/\\\/descartes.tn\\\/#organization\"},\"potentialAction\":[{\"@type\":\"SearchAction\",\"target\":{\"@type\":\"EntryPoint\",\"urlTemplate\":\"https:\\\/\\\/descartes.tn\\\/?s={search_term_string}\"},\"query-input\":{\"@type\":\"PropertyValueSpecification\",\"valueRequired\":true,\"valueName\":\"search_term_string\"}}],\"inLanguage\":\"en-US\"},{\"@type\":\"Organization\",\"@id\":\"https:\\\/\\\/descartes.tn\\\/#organization\",\"name\":\"Descartes.tn\",\"url\":\"https:\\\/\\\/descartes.tn\\\/\",\"logo\":{\"@type\":\"ImageObject\",\"inLanguage\":\"en-US\",\"@id\":\"https:\\\/\\\/descartes.tn\\\/#\\\/schema\\\/logo\\\/image\\\/\",\"url\":\"https:\\\/\\\/descartes.tn\\\/wp-content\\\/uploads\\\/2025\\\/10\\\/cropped-Fichier-1-1.png\",\"contentUrl\":\"https:\\\/\\\/descartes.tn\\\/wp-content\\\/uploads\\\/2025\\\/10\\\/cropped-Fichier-1-1.png\",\"width\":136,\"height\":19,\"caption\":\"Descartes.tn\"},\"image\":{\"@id\":\"https:\\\/\\\/descartes.tn\\\/#\\\/schema\\\/logo\\\/image\\\/\"},\"sameAs\":[\"https:\\\/\\\/www.facebook.com\\\/Magdescartes\",\"https:\\\/\\\/www.instagram.com\\\/descartes.magazine\\\/\"]},{\"@type\":\"Person\",\"@id\":\"https:\\\/\\\/descartes.tn\\\/#\\\/schema\\\/person\\\/9fd67540eb53221af50a61878b6721ae\",\"name\":\"admin\",\"image\":{\"@type\":\"ImageObject\",\"inLanguage\":\"en-US\",\"@id\":\"https:\\\/\\\/secure.gravatar.com\\\/avatar\\\/871417dfba5a884ed81f7f8e04e2eea75e8ef480bcb1e5ea634438506d493132?s=96&d=mm&r=g\",\"url\":\"https:\\\/\\\/secure.gravatar.com\\\/avatar\\\/871417dfba5a884ed81f7f8e04e2eea75e8ef480bcb1e5ea634438506d493132?s=96&d=mm&r=g\",\"contentUrl\":\"https:\\\/\\\/secure.gravatar.com\\\/avatar\\\/871417dfba5a884ed81f7f8e04e2eea75e8ef480bcb1e5ea634438506d493132?s=96&d=mm&r=g\",\"caption\":\"admin\"},\"sameAs\":[\"https:\\\/\\\/descartes.tn\"],\"url\":\"https:\\\/\\\/descartes.tn\\\/index.php\\\/author\\\/admin_pmykj64c\\\/\"}]}<\/script>\n<!-- \/ Yoast SEO plugin. -->","yoast_head_json":{"title":"Des personnalit\u00e9s internationales et tunisiennes rejoignent la Flottille du Sumud pour Gaza - Descartes.tn","description":"La Flottille du Sumud r\u00e9unit Greta Thunberg, Susan Sarandon, Mohamed Mrad et d\u2019autres figures pour briser le blocus de Gaza","robots":{"index":"index","follow":"follow","max-snippet":"max-snippet:-1","max-image-preview":"max-image-preview:large","max-video-preview":"max-video-preview:-1"},"canonical":"https:\/\/descartes.tn\/index.php\/2025\/09\/08\/flottille-sumud-gaza-mohamed-mrad-greta-thunberg\/","og_locale":"en_US","og_type":"article","og_title":"Des personnalit\u00e9s internationales et tunisiennes rejoignent la Flottille du Sumud pour Gaza - Descartes.tn","og_description":"La Flottille du Sumud r\u00e9unit Greta Thunberg, Susan Sarandon, Mohamed Mrad et d\u2019autres figures pour briser le blocus de Gaza","og_url":"https:\/\/descartes.tn\/index.php\/2025\/09\/08\/flottille-sumud-gaza-mohamed-mrad-greta-thunberg\/","og_site_name":"Descartes.tn","article_publisher":"https:\/\/www.facebook.com\/Magdescartes","article_published_time":"2025-09-08T09:55:16+00:00","article_modified_time":"2025-09-08T09:55:42+00:00","og_image":[{"width":781,"height":439,"url":"https:\/\/descartes.tn\/wp-content\/uploads\/2025\/09\/ezgif.com-webp-to-png-converter-27.png","type":"image\/png"}],"author":"admin","twitter_card":"summary_large_image","twitter_misc":{"Written by":"admin","Est. reading time":"4 minutes"},"schema":{"@context":"https:\/\/schema.org","@graph":[{"@type":"Article","@id":"https:\/\/descartes.tn\/index.php\/2025\/09\/08\/flottille-sumud-gaza-mohamed-mrad-greta-thunberg\/#article","isPartOf":{"@id":"https:\/\/descartes.tn\/index.php\/2025\/09\/08\/flottille-sumud-gaza-mohamed-mrad-greta-thunberg\/"},"author":{"name":"admin","@id":"https:\/\/descartes.tn\/#\/schema\/person\/9fd67540eb53221af50a61878b6721ae"},"headline":"Des personnalit\u00e9s internationales et tunisiennes \u00e0 bord de l\u2019\u00ab Flottille du Sumud \u00bb pour Gaza","datePublished":"2025-09-08T09:55:16+00:00","dateModified":"2025-09-08T09:55:42+00:00","mainEntityOfPage":{"@id":"https:\/\/descartes.tn\/index.php\/2025\/09\/08\/flottille-sumud-gaza-mohamed-mrad-greta-thunberg\/"},"wordCount":394,"commentCount":0,"publisher":{"@id":"https:\/\/descartes.tn\/#organization"},"image":{"@id":"https:\/\/descartes.tn\/index.php\/2025\/09\/08\/flottille-sumud-gaza-mohamed-mrad-greta-thunberg\/#primaryimage"},"thumbnailUrl":"https:\/\/descartes.tn\/wp-content\/uploads\/2025\/09\/ezgif.com-webp-to-png-converter-27.png","keywords":["actualit\u00e9","briser le blocus de Gaza","gaza","Greta Thunberg Gaza","Mohamed Mrad Flottille du Sumud","personnalit\u00e9s internationales Gaza","solidarit\u00e9 tunisienne Palestine","tunisie"],"articleSection":["Actualit\u00e9s","\u00c8v\u00e8nements"],"inLanguage":"en-US","potentialAction":[{"@type":"CommentAction","name":"Comment","target":["https:\/\/descartes.tn\/index.php\/2025\/09\/08\/flottille-sumud-gaza-mohamed-mrad-greta-thunberg\/#respond"]}]},{"@type":"WebPage","@id":"https:\/\/descartes.tn\/index.php\/2025\/09\/08\/flottille-sumud-gaza-mohamed-mrad-greta-thunberg\/","url":"https:\/\/descartes.tn\/index.php\/2025\/09\/08\/flottille-sumud-gaza-mohamed-mrad-greta-thunberg\/","name":"Des personnalit\u00e9s internationales et tunisiennes rejoignent la Flottille du Sumud pour Gaza - Descartes.tn","isPartOf":{"@id":"https:\/\/descartes.tn\/#website"},"primaryImageOfPage":{"@id":"https:\/\/descartes.tn\/index.php\/2025\/09\/08\/flottille-sumud-gaza-mohamed-mrad-greta-thunberg\/#primaryimage"},"image":{"@id":"https:\/\/descartes.tn\/index.php\/2025\/09\/08\/flottille-sumud-gaza-mohamed-mrad-greta-thunberg\/#primaryimage"},"thumbnailUrl":"https:\/\/descartes.tn\/wp-content\/uploads\/2025\/09\/ezgif.com-webp-to-png-converter-27.png","datePublished":"2025-09-08T09:55:16+00:00","dateModified":"2025-09-08T09:55:42+00:00","description":"La Flottille du Sumud r\u00e9unit Greta Thunberg, Susan Sarandon, Mohamed Mrad et d\u2019autres figures pour briser le blocus de Gaza","breadcrumb":{"@id":"https:\/\/descartes.tn\/index.php\/2025\/09\/08\/flottille-sumud-gaza-mohamed-mrad-greta-thunberg\/#breadcrumb"},"inLanguage":"en-US","potentialAction":[{"@type":"ReadAction","target":["https:\/\/descartes.tn\/index.php\/2025\/09\/08\/flottille-sumud-gaza-mohamed-mrad-greta-thunberg\/"]}]},{"@type":"ImageObject","inLanguage":"en-US","@id":"https:\/\/descartes.tn\/index.php\/2025\/09\/08\/flottille-sumud-gaza-mohamed-mrad-greta-thunberg\/#primaryimage","url":"https:\/\/descartes.tn\/wp-content\/uploads\/2025\/09\/ezgif.com-webp-to-png-converter-27.png","contentUrl":"https:\/\/descartes.tn\/wp-content\/uploads\/2025\/09\/ezgif.com-webp-to-png-converter-27.png","width":781,"height":439},{"@type":"BreadcrumbList","@id":"https:\/\/descartes.tn\/index.php\/2025\/09\/08\/flottille-sumud-gaza-mohamed-mrad-greta-thunberg\/#breadcrumb","itemListElement":[{"@type":"ListItem","position":1,"name":"Home","item":"https:\/\/descartes.tn\/"},{"@type":"ListItem","position":2,"name":"Des personnalit\u00e9s internationales et tunisiennes \u00e0 bord de l\u2019\u00ab Flottille du Sumud \u00bb pour Gaza"}]},{"@type":"WebSite","@id":"https:\/\/descartes.tn\/#website","url":"https:\/\/descartes.tn\/","name":"Descartes.tn","description":"","publisher":{"@id":"https:\/\/descartes.tn\/#organization"},"potentialAction":[{"@type":"SearchAction","target":{"@type":"EntryPoint","urlTemplate":"https:\/\/descartes.tn\/?s={search_term_string}"},"query-input":{"@type":"PropertyValueSpecification","valueRequired":true,"valueName":"search_term_string"}}],"inLanguage":"en-US"},{"@type":"Organization","@id":"https:\/\/descartes.tn\/#organization","name":"Descartes.tn","url":"https:\/\/descartes.tn\/","logo":{"@type":"ImageObject","inLanguage":"en-US","@id":"https:\/\/descartes.tn\/#\/schema\/logo\/image\/","url":"https:\/\/descartes.tn\/wp-content\/uploads\/2025\/10\/cropped-Fichier-1-1.png","contentUrl":"https:\/\/descartes.tn\/wp-content\/uploads\/2025\/10\/cropped-Fichier-1-1.png","width":136,"height":19,"caption":"Descartes.tn"},"image":{"@id":"https:\/\/descartes.tn\/#\/schema\/logo\/image\/"},"sameAs":["https:\/\/www.facebook.com\/Magdescartes","https:\/\/www.instagram.com\/descartes.magazine\/"]},{"@type":"Person","@id":"https:\/\/descartes.tn\/#\/schema\/person\/9fd67540eb53221af50a61878b6721ae","name":"admin","image":{"@type":"ImageObject","inLanguage":"en-US","@id":"https:\/\/secure.gravatar.com\/avatar\/871417dfba5a884ed81f7f8e04e2eea75e8ef480bcb1e5ea634438506d493132?s=96&d=mm&r=g","url":"https:\/\/secure.gravatar.com\/avatar\/871417dfba5a884ed81f7f8e04e2eea75e8ef480bcb1e5ea634438506d493132?s=96&d=mm&r=g","contentUrl":"https:\/\/secure.gravatar.com\/avatar\/871417dfba5a884ed81f7f8e04e2eea75e8ef480bcb1e5ea634438506d493132?s=96&d=mm&r=g","caption":"admin"},"sameAs":["https:\/\/descartes.tn"],"url":"https:\/\/descartes.tn\/index.php\/author\/admin_pmykj64c\/"}]}},"_links":{"self":[{"href":"https:\/\/descartes.tn\/index.php\/wp-json\/wp\/v2\/posts\/1182","targetHints":{"allow":["GET"]}}],"collection":[{"href":"https:\/\/descartes.tn\/index.php\/wp-json\/wp\/v2\/posts"}],"about":[{"href":"https:\/\/descartes.tn\/index.php\/wp-json\/wp\/v2\/types\/post"}],"author":[{"embeddable":true,"href":"https:\/\/descartes.tn\/index.php\/wp-json\/wp\/v2\/users\/1"}],"replies":[{"embeddable":true,"href":"https:\/\/descartes.tn\/index.php\/wp-json\/wp\/v2\/comments?post=1182"}],"version-history":[{"count":2,"href":"https:\/\/descartes.tn\/index.php\/wp-json\/wp\/v2\/posts\/1182\/revisions"}],"predecessor-version":[{"id":1194,"href":"https:\/\/descartes.tn\/index.php\/wp-json\/wp\/v2\/posts\/1182\/revisions\/1194"}],"wp:featuredmedia":[{"embeddable":true,"href":"https:\/\/descartes.tn\/index.php\/wp-json\/wp\/v2\/media\/1183"}],"wp:attachment":[{"href":"https:\/\/descartes.tn\/index.php\/wp-json\/wp\/v2\/media?parent=1182"}],"wp:term":[{"taxonomy":"category","embeddable":true,"href":"https:\/\/descartes.tn\/index.php\/wp-json\/wp\/v2\/categories?post=1182"},{"taxonomy":"post_tag","embeddable":true,"href":"https:\/\/descartes.tn\/index.php\/wp-json\/wp\/v2\/tags?post=1182"}],"curies":[{"name":"wp","href":"https:\/\/api.w.org\/{rel}","templated":true}]}}