{"id":1174,"date":"2025-09-07T11:14:55","date_gmt":"2025-09-07T11:14:55","guid":{"rendered":"https:\/\/descartes.tn\/?p=1174"},"modified":"2025-09-07T11:14:56","modified_gmt":"2025-09-07T11:14:56","slug":"japon-shigeru-ishiba-demission","status":"publish","type":"post","link":"https:\/\/descartes.tn\/index.php\/2025\/09\/07\/japon-shigeru-ishiba-demission\/","title":{"rendered":"Japon : le Premier ministre Shigeru Ishiba d\u00e9missionne"},"content":{"rendered":"\n<p>Shigeru Ishiba, le Premier ministre du Japon, a d\u00e9clar\u00e9 qu&#8217;il se retire ce 7 septembre 2025, apr\u00e8s avoir dirig\u00e9 le gouvernement et le Parti lib\u00e9ral-d\u00e9mocrate (LDP) pendant moins d&#8217;une ann\u00e9e.<\/p>\n\n\n<div class=\"wp-block-image\">\n<figure class=\"aligncenter size-full\"><img loading=\"lazy\" decoding=\"async\" width=\"720\" height=\"405\" src=\"https:\/\/descartes.tn\/wp-content\/uploads\/2025\/09\/1340432_720.jpg\" alt=\"\" class=\"wp-image-1175\" srcset=\"https:\/\/descartes.tn\/wp-content\/uploads\/2025\/09\/1340432_720.jpg 720w, https:\/\/descartes.tn\/wp-content\/uploads\/2025\/09\/1340432_720-300x169.jpg 300w, https:\/\/descartes.tn\/wp-content\/uploads\/2025\/09\/1340432_720-390x220.jpg 390w\" sizes=\"auto, (max-width: 720px) 100vw, 720px\" \/><\/figure>\n<\/div>\n\n\n<p>Cette d\u00e9cision est le r\u00e9sultat de pertes \u00e9lectorales significatives, ayant fait perdre au LDP sa majorit\u00e9 sans partage \u00e0 l&#8217;Assembl\u00e9e, et \u00e0 une pression grandissante en interne du parti, o\u00f9 des personnalit\u00e9s telles que Shinjiro Koizumi et l\u2019ex-Premier ministre Yoshihide Suga ont pr\u00e9conis\u00e9 un rafra\u00eechissement du leadership pour maintenir la coh\u00e9sion du LDP.<\/p>\n\n\n\n<p>En d\u00e9pit d&#8217;une conjoncture \u00e9conomique difficile, Ishiba a jug\u00e9 que son administration avait r\u00e9alis\u00e9 certains objectifs, en particulier dans le cadre des pourparlers commerciaux avec les \u00c9tats-Unis, ce qui a permis une transition sans occasionner un vide politique.<\/p>\n\n\n\n<p>La d\u00e9mission pave la voie \u00e0 une \u00e9lection interne au LDP pour l&#8217;\u00e9lection d&#8217;un nouveau pr\u00e9sident, lequel pourrait par la suite acc\u00e9der au poste de Premier ministre. Le prochain Premier ministre devra g\u00e9rer un Parlement divis\u00e9 et pourrait se voir dans l&#8217;obligation de forger des coalitions ou de consid\u00e9rer une dissolution de la chambre basse.<\/p>\n\n\n\n<p class=\"has-text-align-center has-small-font-size\"><em>R\u00e9dig\u00e9 par Omar Maatouk &#8216;DESCARTES&#8217;.<\/em><\/p>\n","protected":false},"excerpt":{"rendered":"<p>Shigeru Ishiba, le Premier ministre du Japon, a d\u00e9clar\u00e9 qu&#8217;il se retire ce 7 septembre 2025, apr\u00e8s avoir dirig\u00e9 le gouvernement et le Parti lib\u00e9ral-d\u00e9mocrate (LDP) pendant moins d&#8217;une ann\u00e9e. Cette d\u00e9cision est le r\u00e9sultat de pertes \u00e9lectorales significatives, ayant fait perdre au LDP sa majorit\u00e9 sans partage \u00e0 l&#8217;Assembl\u00e9e, et \u00e0 une pression grandissante [&hellip;]<\/p>\n","protected":false},"author":1,"featured_media":1176,"comment_status":"open","ping_status":"closed","sticky":false,"template":"","format":"standard","meta":{"footnotes":""},"categories":[1],"tags":[49,1011,1010,1012,1009],"class_list":["post-1174","post","type-post","status-publish","format-standard","has-post-thumbnail","hentry","category-actualites","tag-actualite","tag-ishiba-demission","tag-ldp-japon","tag-politique-japonaise","tag-premier-ministre-japon"],"yoast_head":"<!-- This site is optimized with the Yoast SEO plugin v27.5 - https:\/\/yoast.com\/product\/yoast-seo-wordpress\/ -->\n<title>Japon : le Premier ministre Shigeru Ishiba d\u00e9missionne - Descartes.tn<\/title>\n<meta name=\"description\" content=\"Le Premier ministre japonais Shigeru Ishiba d\u00e9missionne apr\u00e8s moins d\u2019un an au pouvoir, ouvrant la voie \u00e0 une \u00e9lection interne du Parti lib\u00e9ral-d\u00e9mocrate (LDP) pour choisir son successeur.\" \/>\n<meta name=\"robots\" content=\"index, follow, max-snippet:-1, max-image-preview:large, max-video-preview:-1\" \/>\n<link rel=\"canonical\" href=\"https:\/\/descartes.tn\/index.php\/2025\/09\/07\/japon-shigeru-ishiba-demission\/\" \/>\n<meta property=\"og:locale\" content=\"en_US\" \/>\n<meta property=\"og:type\" content=\"article\" \/>\n<meta property=\"og:title\" content=\"Japon : le Premier ministre Shigeru Ishiba d\u00e9missionne - Descartes.tn\" \/>\n<meta property=\"og:description\" content=\"Le Premier ministre japonais Shigeru Ishiba d\u00e9missionne apr\u00e8s moins d\u2019un an au pouvoir, ouvrant la voie \u00e0 une \u00e9lection interne du Parti lib\u00e9ral-d\u00e9mocrate (LDP) pour choisir son successeur.\" \/>\n<meta property=\"og:url\" content=\"https:\/\/descartes.tn\/index.php\/2025\/09\/07\/japon-shigeru-ishiba-demission\/\" \/>\n<meta property=\"og:site_name\" content=\"Descartes.tn\" \/>\n<meta property=\"article:publisher\" content=\"https:\/\/www.facebook.com\/Magdescartes\" \/>\n<meta property=\"article:published_time\" content=\"2025-09-07T11:14:55+00:00\" \/>\n<meta property=\"article:modified_time\" content=\"2025-09-07T11:14:56+00:00\" \/>\n<meta property=\"og:image\" content=\"https:\/\/descartes.tn\/wp-content\/uploads\/2025\/09\/Keystone_178.png\" \/>\n\t<meta property=\"og:image:width\" content=\"1200\" \/>\n\t<meta property=\"og:image:height\" content=\"640\" \/>\n\t<meta property=\"og:image:type\" content=\"image\/png\" \/>\n<meta name=\"author\" content=\"admin\" \/>\n<meta name=\"twitter:card\" content=\"summary_large_image\" \/>\n<meta name=\"twitter:label1\" content=\"Written by\" \/>\n\t<meta name=\"twitter:data1\" content=\"admin\" \/>\n\t<meta name=\"twitter:label2\" content=\"Est. reading time\" \/>\n\t<meta name=\"twitter:data2\" content=\"2 minutes\" \/>\n<script type=\"application\/ld+json\" class=\"yoast-schema-graph\">{\"@context\":\"https:\\\/\\\/schema.org\",\"@graph\":[{\"@type\":\"Article\",\"@id\":\"https:\\\/\\\/descartes.tn\\\/index.php\\\/2025\\\/09\\\/07\\\/japon-shigeru-ishiba-demission\\\/#article\",\"isPartOf\":{\"@id\":\"https:\\\/\\\/descartes.tn\\\/index.php\\\/2025\\\/09\\\/07\\\/japon-shigeru-ishiba-demission\\\/\"},\"author\":{\"name\":\"admin\",\"@id\":\"https:\\\/\\\/descartes.tn\\\/#\\\/schema\\\/person\\\/9fd67540eb53221af50a61878b6721ae\"},\"headline\":\"Japon : le Premier ministre Shigeru Ishiba d\u00e9missionne\",\"datePublished\":\"2025-09-07T11:14:55+00:00\",\"dateModified\":\"2025-09-07T11:14:56+00:00\",\"mainEntityOfPage\":{\"@id\":\"https:\\\/\\\/descartes.tn\\\/index.php\\\/2025\\\/09\\\/07\\\/japon-shigeru-ishiba-demission\\\/\"},\"wordCount\":212,\"commentCount\":0,\"publisher\":{\"@id\":\"https:\\\/\\\/descartes.tn\\\/#organization\"},\"image\":{\"@id\":\"https:\\\/\\\/descartes.tn\\\/index.php\\\/2025\\\/09\\\/07\\\/japon-shigeru-ishiba-demission\\\/#primaryimage\"},\"thumbnailUrl\":\"https:\\\/\\\/descartes.tn\\\/wp-content\\\/uploads\\\/2025\\\/09\\\/Keystone_178.png\",\"keywords\":[\"actualit\u00e9\",\"Ishiba d\u00e9mission\",\"LDP Japon\",\"politique japonaise\",\"Premier ministre Japon\"],\"articleSection\":[\"Actualit\u00e9s\"],\"inLanguage\":\"en-US\",\"potentialAction\":[{\"@type\":\"CommentAction\",\"name\":\"Comment\",\"target\":[\"https:\\\/\\\/descartes.tn\\\/index.php\\\/2025\\\/09\\\/07\\\/japon-shigeru-ishiba-demission\\\/#respond\"]}]},{\"@type\":\"WebPage\",\"@id\":\"https:\\\/\\\/descartes.tn\\\/index.php\\\/2025\\\/09\\\/07\\\/japon-shigeru-ishiba-demission\\\/\",\"url\":\"https:\\\/\\\/descartes.tn\\\/index.php\\\/2025\\\/09\\\/07\\\/japon-shigeru-ishiba-demission\\\/\",\"name\":\"Japon : le Premier ministre Shigeru Ishiba d\u00e9missionne - Descartes.tn\",\"isPartOf\":{\"@id\":\"https:\\\/\\\/descartes.tn\\\/#website\"},\"primaryImageOfPage\":{\"@id\":\"https:\\\/\\\/descartes.tn\\\/index.php\\\/2025\\\/09\\\/07\\\/japon-shigeru-ishiba-demission\\\/#primaryimage\"},\"image\":{\"@id\":\"https:\\\/\\\/descartes.tn\\\/index.php\\\/2025\\\/09\\\/07\\\/japon-shigeru-ishiba-demission\\\/#primaryimage\"},\"thumbnailUrl\":\"https:\\\/\\\/descartes.tn\\\/wp-content\\\/uploads\\\/2025\\\/09\\\/Keystone_178.png\",\"datePublished\":\"2025-09-07T11:14:55+00:00\",\"dateModified\":\"2025-09-07T11:14:56+00:00\",\"description\":\"Le Premier ministre japonais Shigeru Ishiba d\u00e9missionne apr\u00e8s moins d\u2019un an au pouvoir, ouvrant la voie \u00e0 une \u00e9lection interne du Parti lib\u00e9ral-d\u00e9mocrate (LDP) pour choisir son successeur.\",\"breadcrumb\":{\"@id\":\"https:\\\/\\\/descartes.tn\\\/index.php\\\/2025\\\/09\\\/07\\\/japon-shigeru-ishiba-demission\\\/#breadcrumb\"},\"inLanguage\":\"en-US\",\"potentialAction\":[{\"@type\":\"ReadAction\",\"target\":[\"https:\\\/\\\/descartes.tn\\\/index.php\\\/2025\\\/09\\\/07\\\/japon-shigeru-ishiba-demission\\\/\"]}]},{\"@type\":\"ImageObject\",\"inLanguage\":\"en-US\",\"@id\":\"https:\\\/\\\/descartes.tn\\\/index.php\\\/2025\\\/09\\\/07\\\/japon-shigeru-ishiba-demission\\\/#primaryimage\",\"url\":\"https:\\\/\\\/descartes.tn\\\/wp-content\\\/uploads\\\/2025\\\/09\\\/Keystone_178.png\",\"contentUrl\":\"https:\\\/\\\/descartes.tn\\\/wp-content\\\/uploads\\\/2025\\\/09\\\/Keystone_178.png\",\"width\":1200,\"height\":640},{\"@type\":\"BreadcrumbList\",\"@id\":\"https:\\\/\\\/descartes.tn\\\/index.php\\\/2025\\\/09\\\/07\\\/japon-shigeru-ishiba-demission\\\/#breadcrumb\",\"itemListElement\":[{\"@type\":\"ListItem\",\"position\":1,\"name\":\"Home\",\"item\":\"https:\\\/\\\/descartes.tn\\\/\"},{\"@type\":\"ListItem\",\"position\":2,\"name\":\"Japon : le Premier ministre Shigeru Ishiba d\u00e9missionne\"}]},{\"@type\":\"WebSite\",\"@id\":\"https:\\\/\\\/descartes.tn\\\/#website\",\"url\":\"https:\\\/\\\/descartes.tn\\\/\",\"name\":\"Descartes.tn\",\"description\":\"\",\"publisher\":{\"@id\":\"https:\\\/\\\/descartes.tn\\\/#organization\"},\"potentialAction\":[{\"@type\":\"SearchAction\",\"target\":{\"@type\":\"EntryPoint\",\"urlTemplate\":\"https:\\\/\\\/descartes.tn\\\/?s={search_term_string}\"},\"query-input\":{\"@type\":\"PropertyValueSpecification\",\"valueRequired\":true,\"valueName\":\"search_term_string\"}}],\"inLanguage\":\"en-US\"},{\"@type\":\"Organization\",\"@id\":\"https:\\\/\\\/descartes.tn\\\/#organization\",\"name\":\"Descartes.tn\",\"url\":\"https:\\\/\\\/descartes.tn\\\/\",\"logo\":{\"@type\":\"ImageObject\",\"inLanguage\":\"en-US\",\"@id\":\"https:\\\/\\\/descartes.tn\\\/#\\\/schema\\\/logo\\\/image\\\/\",\"url\":\"https:\\\/\\\/descartes.tn\\\/wp-content\\\/uploads\\\/2025\\\/10\\\/cropped-Fichier-1-1.png\",\"contentUrl\":\"https:\\\/\\\/descartes.tn\\\/wp-content\\\/uploads\\\/2025\\\/10\\\/cropped-Fichier-1-1.png\",\"width\":136,\"height\":19,\"caption\":\"Descartes.tn\"},\"image\":{\"@id\":\"https:\\\/\\\/descartes.tn\\\/#\\\/schema\\\/logo\\\/image\\\/\"},\"sameAs\":[\"https:\\\/\\\/www.facebook.com\\\/Magdescartes\",\"https:\\\/\\\/www.instagram.com\\\/descartes.magazine\\\/\"]},{\"@type\":\"Person\",\"@id\":\"https:\\\/\\\/descartes.tn\\\/#\\\/schema\\\/person\\\/9fd67540eb53221af50a61878b6721ae\",\"name\":\"admin\",\"image\":{\"@type\":\"ImageObject\",\"inLanguage\":\"en-US\",\"@id\":\"https:\\\/\\\/secure.gravatar.com\\\/avatar\\\/871417dfba5a884ed81f7f8e04e2eea75e8ef480bcb1e5ea634438506d493132?s=96&d=mm&r=g\",\"url\":\"https:\\\/\\\/secure.gravatar.com\\\/avatar\\\/871417dfba5a884ed81f7f8e04e2eea75e8ef480bcb1e5ea634438506d493132?s=96&d=mm&r=g\",\"contentUrl\":\"https:\\\/\\\/secure.gravatar.com\\\/avatar\\\/871417dfba5a884ed81f7f8e04e2eea75e8ef480bcb1e5ea634438506d493132?s=96&d=mm&r=g\",\"caption\":\"admin\"},\"sameAs\":[\"https:\\\/\\\/descartes.tn\"],\"url\":\"https:\\\/\\\/descartes.tn\\\/index.php\\\/author\\\/admin_pmykj64c\\\/\"}]}<\/script>\n<!-- \/ Yoast SEO plugin. -->","yoast_head_json":{"title":"Japon : le Premier ministre Shigeru Ishiba d\u00e9missionne - Descartes.tn","description":"Le Premier ministre japonais Shigeru Ishiba d\u00e9missionne apr\u00e8s moins d\u2019un an au pouvoir, ouvrant la voie \u00e0 une \u00e9lection interne du Parti lib\u00e9ral-d\u00e9mocrate (LDP) pour choisir son successeur.","robots":{"index":"index","follow":"follow","max-snippet":"max-snippet:-1","max-image-preview":"max-image-preview:large","max-video-preview":"max-video-preview:-1"},"canonical":"https:\/\/descartes.tn\/index.php\/2025\/09\/07\/japon-shigeru-ishiba-demission\/","og_locale":"en_US","og_type":"article","og_title":"Japon : le Premier ministre Shigeru Ishiba d\u00e9missionne - Descartes.tn","og_description":"Le Premier ministre japonais Shigeru Ishiba d\u00e9missionne apr\u00e8s moins d\u2019un an au pouvoir, ouvrant la voie \u00e0 une \u00e9lection interne du Parti lib\u00e9ral-d\u00e9mocrate (LDP) pour choisir son successeur.","og_url":"https:\/\/descartes.tn\/index.php\/2025\/09\/07\/japon-shigeru-ishiba-demission\/","og_site_name":"Descartes.tn","article_publisher":"https:\/\/www.facebook.com\/Magdescartes","article_published_time":"2025-09-07T11:14:55+00:00","article_modified_time":"2025-09-07T11:14:56+00:00","og_image":[{"width":1200,"height":640,"url":"https:\/\/descartes.tn\/wp-content\/uploads\/2025\/09\/Keystone_178.png","type":"image\/png"}],"author":"admin","twitter_card":"summary_large_image","twitter_misc":{"Written by":"admin","Est. reading time":"2 minutes"},"schema":{"@context":"https:\/\/schema.org","@graph":[{"@type":"Article","@id":"https:\/\/descartes.tn\/index.php\/2025\/09\/07\/japon-shigeru-ishiba-demission\/#article","isPartOf":{"@id":"https:\/\/descartes.tn\/index.php\/2025\/09\/07\/japon-shigeru-ishiba-demission\/"},"author":{"name":"admin","@id":"https:\/\/descartes.tn\/#\/schema\/person\/9fd67540eb53221af50a61878b6721ae"},"headline":"Japon : le Premier ministre Shigeru Ishiba d\u00e9missionne","datePublished":"2025-09-07T11:14:55+00:00","dateModified":"2025-09-07T11:14:56+00:00","mainEntityOfPage":{"@id":"https:\/\/descartes.tn\/index.php\/2025\/09\/07\/japon-shigeru-ishiba-demission\/"},"wordCount":212,"commentCount":0,"publisher":{"@id":"https:\/\/descartes.tn\/#organization"},"image":{"@id":"https:\/\/descartes.tn\/index.php\/2025\/09\/07\/japon-shigeru-ishiba-demission\/#primaryimage"},"thumbnailUrl":"https:\/\/descartes.tn\/wp-content\/uploads\/2025\/09\/Keystone_178.png","keywords":["actualit\u00e9","Ishiba d\u00e9mission","LDP Japon","politique japonaise","Premier ministre Japon"],"articleSection":["Actualit\u00e9s"],"inLanguage":"en-US","potentialAction":[{"@type":"CommentAction","name":"Comment","target":["https:\/\/descartes.tn\/index.php\/2025\/09\/07\/japon-shigeru-ishiba-demission\/#respond"]}]},{"@type":"WebPage","@id":"https:\/\/descartes.tn\/index.php\/2025\/09\/07\/japon-shigeru-ishiba-demission\/","url":"https:\/\/descartes.tn\/index.php\/2025\/09\/07\/japon-shigeru-ishiba-demission\/","name":"Japon : le Premier ministre Shigeru Ishiba d\u00e9missionne - Descartes.tn","isPartOf":{"@id":"https:\/\/descartes.tn\/#website"},"primaryImageOfPage":{"@id":"https:\/\/descartes.tn\/index.php\/2025\/09\/07\/japon-shigeru-ishiba-demission\/#primaryimage"},"image":{"@id":"https:\/\/descartes.tn\/index.php\/2025\/09\/07\/japon-shigeru-ishiba-demission\/#primaryimage"},"thumbnailUrl":"https:\/\/descartes.tn\/wp-content\/uploads\/2025\/09\/Keystone_178.png","datePublished":"2025-09-07T11:14:55+00:00","dateModified":"2025-09-07T11:14:56+00:00","description":"Le Premier ministre japonais Shigeru Ishiba d\u00e9missionne apr\u00e8s moins d\u2019un an au pouvoir, ouvrant la voie \u00e0 une \u00e9lection interne du Parti lib\u00e9ral-d\u00e9mocrate (LDP) pour choisir son successeur.","breadcrumb":{"@id":"https:\/\/descartes.tn\/index.php\/2025\/09\/07\/japon-shigeru-ishiba-demission\/#breadcrumb"},"inLanguage":"en-US","potentialAction":[{"@type":"ReadAction","target":["https:\/\/descartes.tn\/index.php\/2025\/09\/07\/japon-shigeru-ishiba-demission\/"]}]},{"@type":"ImageObject","inLanguage":"en-US","@id":"https:\/\/descartes.tn\/index.php\/2025\/09\/07\/japon-shigeru-ishiba-demission\/#primaryimage","url":"https:\/\/descartes.tn\/wp-content\/uploads\/2025\/09\/Keystone_178.png","contentUrl":"https:\/\/descartes.tn\/wp-content\/uploads\/2025\/09\/Keystone_178.png","width":1200,"height":640},{"@type":"BreadcrumbList","@id":"https:\/\/descartes.tn\/index.php\/2025\/09\/07\/japon-shigeru-ishiba-demission\/#breadcrumb","itemListElement":[{"@type":"ListItem","position":1,"name":"Home","item":"https:\/\/descartes.tn\/"},{"@type":"ListItem","position":2,"name":"Japon : le Premier ministre Shigeru Ishiba d\u00e9missionne"}]},{"@type":"WebSite","@id":"https:\/\/descartes.tn\/#website","url":"https:\/\/descartes.tn\/","name":"Descartes.tn","description":"","publisher":{"@id":"https:\/\/descartes.tn\/#organization"},"potentialAction":[{"@type":"SearchAction","target":{"@type":"EntryPoint","urlTemplate":"https:\/\/descartes.tn\/?s={search_term_string}"},"query-input":{"@type":"PropertyValueSpecification","valueRequired":true,"valueName":"search_term_string"}}],"inLanguage":"en-US"},{"@type":"Organization","@id":"https:\/\/descartes.tn\/#organization","name":"Descartes.tn","url":"https:\/\/descartes.tn\/","logo":{"@type":"ImageObject","inLanguage":"en-US","@id":"https:\/\/descartes.tn\/#\/schema\/logo\/image\/","url":"https:\/\/descartes.tn\/wp-content\/uploads\/2025\/10\/cropped-Fichier-1-1.png","contentUrl":"https:\/\/descartes.tn\/wp-content\/uploads\/2025\/10\/cropped-Fichier-1-1.png","width":136,"height":19,"caption":"Descartes.tn"},"image":{"@id":"https:\/\/descartes.tn\/#\/schema\/logo\/image\/"},"sameAs":["https:\/\/www.facebook.com\/Magdescartes","https:\/\/www.instagram.com\/descartes.magazine\/"]},{"@type":"Person","@id":"https:\/\/descartes.tn\/#\/schema\/person\/9fd67540eb53221af50a61878b6721ae","name":"admin","image":{"@type":"ImageObject","inLanguage":"en-US","@id":"https:\/\/secure.gravatar.com\/avatar\/871417dfba5a884ed81f7f8e04e2eea75e8ef480bcb1e5ea634438506d493132?s=96&d=mm&r=g","url":"https:\/\/secure.gravatar.com\/avatar\/871417dfba5a884ed81f7f8e04e2eea75e8ef480bcb1e5ea634438506d493132?s=96&d=mm&r=g","contentUrl":"https:\/\/secure.gravatar.com\/avatar\/871417dfba5a884ed81f7f8e04e2eea75e8ef480bcb1e5ea634438506d493132?s=96&d=mm&r=g","caption":"admin"},"sameAs":["https:\/\/descartes.tn"],"url":"https:\/\/descartes.tn\/index.php\/author\/admin_pmykj64c\/"}]}},"_links":{"self":[{"href":"https:\/\/descartes.tn\/index.php\/wp-json\/wp\/v2\/posts\/1174","targetHints":{"allow":["GET"]}}],"collection":[{"href":"https:\/\/descartes.tn\/index.php\/wp-json\/wp\/v2\/posts"}],"about":[{"href":"https:\/\/descartes.tn\/index.php\/wp-json\/wp\/v2\/types\/post"}],"author":[{"embeddable":true,"href":"https:\/\/descartes.tn\/index.php\/wp-json\/wp\/v2\/users\/1"}],"replies":[{"embeddable":true,"href":"https:\/\/descartes.tn\/index.php\/wp-json\/wp\/v2\/comments?post=1174"}],"version-history":[{"count":1,"href":"https:\/\/descartes.tn\/index.php\/wp-json\/wp\/v2\/posts\/1174\/revisions"}],"predecessor-version":[{"id":1177,"href":"https:\/\/descartes.tn\/index.php\/wp-json\/wp\/v2\/posts\/1174\/revisions\/1177"}],"wp:featuredmedia":[{"embeddable":true,"href":"https:\/\/descartes.tn\/index.php\/wp-json\/wp\/v2\/media\/1176"}],"wp:attachment":[{"href":"https:\/\/descartes.tn\/index.php\/wp-json\/wp\/v2\/media?parent=1174"}],"wp:term":[{"taxonomy":"category","embeddable":true,"href":"https:\/\/descartes.tn\/index.php\/wp-json\/wp\/v2\/categories?post=1174"},{"taxonomy":"post_tag","embeddable":true,"href":"https:\/\/descartes.tn\/index.php\/wp-json\/wp\/v2\/tags?post=1174"}],"curies":[{"name":"wp","href":"https:\/\/api.w.org\/{rel}","templated":true}]}}