{"id":1062,"date":"2025-08-13T15:33:07","date_gmt":"2025-08-13T15:33:07","guid":{"rendered":"https:\/\/descartes.tn\/?p=1062"},"modified":"2025-08-13T15:33:08","modified_gmt":"2025-08-13T15:33:08","slug":"spectacle-de-zied-gharsa-au-festival-international-de-nabeul-un-public-assoiffe-un-maitre-genereux-mais-patient","status":"publish","type":"post","link":"https:\/\/descartes.tn\/index.php\/2025\/08\/13\/spectacle-de-zied-gharsa-au-festival-international-de-nabeul-un-public-assoiffe-un-maitre-genereux-mais-patient\/","title":{"rendered":"Spectacle de Zied Gharsa au Festival International de Nabeul\u00a0:Un public assoiff\u00e9, un ma\u00eetre g\u00e9n\u00e9reux mais patient"},"content":{"rendered":"\n<p>Refai Amal<\/p>\n\n\n\n<figure class=\"wp-block-image size-large\"><img loading=\"lazy\" decoding=\"async\" width=\"1024\" height=\"576\" src=\"https:\/\/descartes.tn\/wp-content\/uploads\/2025\/08\/ziedd-1024x576.jpg\" alt=\"\" class=\"wp-image-1063\" srcset=\"https:\/\/descartes.tn\/wp-content\/uploads\/2025\/08\/ziedd-1024x576.jpg 1024w, https:\/\/descartes.tn\/wp-content\/uploads\/2025\/08\/ziedd-300x169.jpg 300w, https:\/\/descartes.tn\/wp-content\/uploads\/2025\/08\/ziedd-768x432.jpg 768w, https:\/\/descartes.tn\/wp-content\/uploads\/2025\/08\/ziedd-1536x864.jpg 1536w, https:\/\/descartes.tn\/wp-content\/uploads\/2025\/08\/ziedd-390x220.jpg 390w, https:\/\/descartes.tn\/wp-content\/uploads\/2025\/08\/ziedd.jpg 2048w\" sizes=\"auto, (max-width: 1024px) 100vw, 1024px\" \/><\/figure>\n\n\n\n<p><strong>Apr\u00e8s une absence d\u2019environ quinze ans, la ville de Nabeul renoue avec la musique et le malouf gr\u00e2ce \u00e0 la grande \u00e9cole du malouf et des chansons tunisiennes. Un rendez-vous qui r\u00e9unit de nouveau le public, et l\u2019une des grandes figures de la sc\u00e8ne musicale tunisienne&nbsp;: Zied Gharsa. Le tout sur la sc\u00e8ne de th\u00e9\u00e2tre Plein air Moncef Kort, dans le cadre de la 37<\/strong>\u1d49<strong> \u00e9dition du Festival International de Nabeul, le 11 ao<\/strong>\u00fb<strong>t 2025.<\/strong><\/p>\n\n\n\n<p><strong>Fadhel Jaziri&nbsp;: absent au yeux, pr\u00e9sent dans les coeurs<\/strong><\/p>\n\n\n\n<p>Le spectacle a d\u00e9but\u00e9 par un hommage rendu par l\u2019artiste \u00e0 feu Fadhel Jaziri d\u00e9c\u00e9d\u00e9 le m\u00eame jour. Zied Gharsa a annonc\u00e9 d\u00e9dier la soir\u00e9e \u00e0 la m\u00e9moire du disparu. Lors de la conf\u00e9rence de presse, il a confi\u00e9 ne pas s\u2019attendre \u00e0 ce d\u00e9part brutal, tout en sachant que l\u2019\u00e9tat de sant\u00e9 du metteur en sc\u00e8ne s\u2019\u00e9tait d\u00e9t\u00e9rior\u00e9, pensant toutefois qu\u2019il allait se r\u00e9tablir&nbsp;:&nbsp; \u00ab&nbsp;Mais la volont\u00e9 de Dieu en a d\u00e9cid\u00e9 autrement&nbsp;\u00bb<\/p>\n\n\n\n<p>Le pr\u00e9sident de l\u2019Association d\u2019Animation et des Festivals, Montassar Kacem, a lui aussi ouvert la soir\u00e9e par quelques mots en m\u00e9moire du d\u00e9funt, invitant le public \u00e0 observer une minute de silence en son honneur.<\/p>\n\n\n\n<p><strong>Zied Gharsa&nbsp;: Quand l\u2019artiste devient une \u00e9cole<\/strong><\/p>\n\n\n\n<p>Zied Gharsa a pris position au centre de la sc\u00e8ne \u00e0 22h pr\u00e9cises. Le public, avide et attentif, semblait attendre que le&#8217;ma\u00eetre-serveur&#8217; assouplisse sa soif de m\u00e9lodies raffin\u00e9es et d&#8217;airs enivrants. Toutefois, l&#8217;artiste a d\u00e9cid\u00e9 de prolonger le plaisir en offrant ses morceaux de malouf avec lenteur et d\u00e9licatesse, comme s&#8217;il voulait enseigner \u00e0 son auditoire la patience et l&#8217;art de savourer.<\/p>\n\n\n\n<p>Le concert, tout comme ses pr\u00e9c\u00e9dents succ\u00e8s, a \u00e9t\u00e9 marqu\u00e9 par la joie, l&#8217;enthousiasme et les danses du public, mais surtout par la relation unique entre l&#8217;artiste et ses spectateurs : une relation bas\u00e9e sur le respect, l&#8217;\u00e9coute, l&#8217;\u00e9change et le partage des responsabilit\u00e9s.<\/p>\n\n\n\n<p><strong>Khmais tarnen et Tahar Gharsa pr\u00e9sent au spectacle&nbsp;:<\/strong><\/p>\n\n\n\n<p><br>Parmi les r\u00e9cits racont\u00e9s au public, on trouve celui du \u00ab oud perdu \u00bb. Zied Gharsa a fait une d\u00e9monstration de oud historique sur sc\u00e8ne, emmenant son public dans un voyage vers le pass\u00e9, lorsqu&#8217;il a \u00e9t\u00e9 touch\u00e9 par les doigts de Khmais tarnen et de son p\u00e8re, Tahar Gharsa.<\/p>\n\n\n\n<p>C&#8217;est en 1957 que Khmais Tarnen a offert son propre oud \u00e0 Tahar Gharsa. Cet instrument ancien, qui remonte probablement aux ann\u00e9es 1800, a \u00e9t\u00e9 un pilier des ann\u00e9es artistiques de Tahar Gharsa. En 1969, il a \u00e9t\u00e9 attribu\u00e9 \u00e0 Hammadi Essid, un ami du musicien. Suite au d\u00e9c\u00e8s des deux hommes, l&#8217;oud disparut.<\/p>\n\n\n\n<p>Zied Gharsa a retrouv\u00e9 l&#8217;instrument dans une boutique deux ans apr\u00e8s le d\u00e9c\u00e8s de son p\u00e8re et l&#8217;a achet\u00e9. N\u00e9anmoins, quelques ann\u00e9es plus tard, le studio de l&#8217;artiste a \u00e9t\u00e9 cambriol\u00e9 et l&#8217;oud a \u00e9t\u00e9 vol\u00e9.<\/p>\n\n\n\n<p>L\u2019ann\u00e9e derni\u00e8re, un ami le contacta apr\u00e8s avoir reconnu l\u2019instrument : il fut r\u00e9cup\u00e9r\u00e9 en mauvais \u00e9tat, puis restaur\u00e9 par l\u2019artiste.<br>Aujourd\u2019hui, Zied Gharsa voit en ce oud l\u2019incarnation de l\u2019\u00e2me de son p\u00e8re et de Khmais Tarnan un symbole de chance et un h\u00e9ritage familial qu\u2019il ch\u00e9rit et pr\u00e9sente avec fiert\u00e9.<\/p>\n\n\n\n<p><strong>Octobre 2025&nbsp;: Ouverture de L\u2019Acad\u00e9mie Zied Gharsa de musique et d\u2019arts<\/strong><\/p>\n\n\n\n<p>Dans une interview accord\u00e9e au magazine Descartes, Zied Gharsa a donn\u00e9 plus de d\u00e9tails sur l&#8217;Acad\u00e9mie de musique et d&#8217;arts qu&#8217;il s&#8217;appr\u00eate \u00e0 inaugurer. Nacer Karouachi, Mounir Ghiriani et Fethi Kosdaghli ont \u00e9tabli un partenariat pour ce projet qui aura lieu \u00e0 Laouina, dans le gouvernorat de Tunis. L\u2019acad\u00e9mie ne se limitera pas au malouf mais proposera aussi des cours de musique, de th\u00e9\u00e2tre et de peinture. L&#8217;ouverture est programm\u00e9e pour octobre 2025, avec un engagement personnel de l&#8217;artiste pour superviser le club de malouf pour enfants et adultes, et enseigner \u00e0 la fois les instruments traditionnels et modernes.<\/p>\n\n\n\n<p><strong>Mohamed Tahar et Mohamed Raouf : deux lionceaux sur les traces de leur p\u00e8re<\/strong><\/p>\n\n\n\n<p>Pendant le spectacle, deux jeunes visages rayonnants ont attir\u00e9 l&#8217;attention : Mohamed Raouf, qui \u00e9tait aux c\u00f4t\u00e9s de son p\u00e8re sur sc\u00e8ne, et Mohamed Tahar, qui lui ressemble de pr\u00e8s, observant depuis les coulisses. Zied Gharsa explique qu\u2019il entretient une relation d\u2019amiti\u00e9 avec ses enfants. Il consid\u00e8re Mohamed Tahar comme un pilier qui reprendra un jour le flambeau et qu\u2019il pr\u00e9pare au m\u00e9tier en l\u2019immergeant dans le monde de la sc\u00e8ne. Mohamed Raouf, lui, apprend le malouf et le oud.<br>L\u2019artiste souligne que les occasions d\u2019apprendre concr\u00e8tement le m\u00e9tier sont rares, c\u2019est pourquoi il a offert cette chance \u00e0 ses \u00ab enfants artistiques \u00bb par le pass\u00e9, et aujourd\u2019hui \u00e0 son propre fils biologique, pour qu\u2019il puisse s\u2019exercer sur sc\u00e8ne.<\/p>\n","protected":false},"excerpt":{"rendered":"<p>Refai Amal Apr\u00e8s une absence d\u2019environ quinze ans, la ville de Nabeul renoue avec la musique et le malouf gr\u00e2ce \u00e0 la grande \u00e9cole du malouf et des chansons tunisiennes. Un rendez-vous qui r\u00e9unit de nouveau le public, et l\u2019une des grandes figures de la sc\u00e8ne musicale tunisienne&nbsp;: Zied Gharsa. Le tout sur la sc\u00e8ne [&hellip;]<\/p>\n","protected":false},"author":2,"featured_media":1064,"comment_status":"open","ping_status":"closed","sticky":false,"template":"","format":"standard","meta":{"footnotes":""},"categories":[1,4,5],"tags":[149,203,952],"class_list":["post-1062","post","type-post","status-publish","format-standard","has-post-thumbnail","hentry","category-actualites","category-evenements","category-zooming","tag-festival","tag-nabeul","tag-ziedgharsa"],"yoast_head":"<!-- This site is optimized with the Yoast SEO plugin v27.5 - https:\/\/yoast.com\/product\/yoast-seo-wordpress\/ -->\n<title>Spectacle de Zied Gharsa au Festival International de Nabeul\u00a0:Un public assoiff\u00e9, un ma\u00eetre g\u00e9n\u00e9reux mais patient - Descartes.tn<\/title>\n<meta name=\"robots\" content=\"index, follow, max-snippet:-1, max-image-preview:large, max-video-preview:-1\" \/>\n<link rel=\"canonical\" href=\"https:\/\/descartes.tn\/index.php\/2025\/08\/13\/spectacle-de-zied-gharsa-au-festival-international-de-nabeul-un-public-assoiffe-un-maitre-genereux-mais-patient\/\" \/>\n<meta property=\"og:locale\" content=\"en_US\" \/>\n<meta property=\"og:type\" content=\"article\" \/>\n<meta property=\"og:title\" content=\"Spectacle de Zied Gharsa au Festival International de Nabeul\u00a0:Un public assoiff\u00e9, un ma\u00eetre g\u00e9n\u00e9reux mais patient\" \/>\n<meta property=\"og:description\" content=\"Refai Amal Apr\u00e8s une absence d\u2019environ quinze ans, la ville de Nabeul renoue avec la musique et le malouf gr\u00e2ce \u00e0 la grande \u00e9cole du malouf et des chansons tunisiennes. Un rendez-vous qui r\u00e9unit de nouveau le public, et l\u2019une des grandes figures de la sc\u00e8ne musicale tunisienne&nbsp;: Zied Gharsa. Le tout sur la sc\u00e8ne [&hellip;]\" \/>\n<meta property=\"og:url\" content=\"https:\/\/descartes.tn\/index.php\/2025\/08\/13\/spectacle-de-zied-gharsa-au-festival-international-de-nabeul-un-public-assoiffe-un-maitre-genereux-mais-patient\/\" \/>\n<meta property=\"og:site_name\" content=\"Descartes.tn\" \/>\n<meta property=\"article:publisher\" content=\"https:\/\/www.facebook.com\/Magdescartes\" \/>\n<meta property=\"article:published_time\" content=\"2025-08-13T15:33:07+00:00\" \/>\n<meta property=\"article:modified_time\" content=\"2025-08-13T15:33:08+00:00\" \/>\n<meta property=\"og:image\" content=\"https:\/\/descartes.tn\/wp-content\/uploads\/2025\/08\/530857048_122122473368921473_4938464220001483975_n.jpg\" \/>\n\t<meta property=\"og:image:width\" content=\"2048\" \/>\n\t<meta property=\"og:image:height\" content=\"1152\" \/>\n\t<meta property=\"og:image:type\" content=\"image\/jpeg\" \/>\n<meta name=\"author\" content=\"Amal\" \/>\n<meta name=\"twitter:card\" content=\"summary_large_image\" \/>\n<meta name=\"twitter:label1\" content=\"Written by\" \/>\n\t<meta name=\"twitter:data1\" content=\"Amal\" \/>\n\t<meta name=\"twitter:label2\" content=\"Est. reading time\" \/>\n\t<meta name=\"twitter:data2\" content=\"4 minutes\" \/>\n<script type=\"application\/ld+json\" class=\"yoast-schema-graph\">{\"@context\":\"https:\\\/\\\/schema.org\",\"@graph\":[{\"@type\":\"Article\",\"@id\":\"https:\\\/\\\/descartes.tn\\\/index.php\\\/2025\\\/08\\\/13\\\/spectacle-de-zied-gharsa-au-festival-international-de-nabeul-un-public-assoiffe-un-maitre-genereux-mais-patient\\\/#article\",\"isPartOf\":{\"@id\":\"https:\\\/\\\/descartes.tn\\\/index.php\\\/2025\\\/08\\\/13\\\/spectacle-de-zied-gharsa-au-festival-international-de-nabeul-un-public-assoiffe-un-maitre-genereux-mais-patient\\\/\"},\"author\":{\"name\":\"Amal\",\"@id\":\"https:\\\/\\\/descartes.tn\\\/#\\\/schema\\\/person\\\/3ef1516c435e44fd54c1dbc87e343fc8\"},\"headline\":\"Spectacle de Zied Gharsa au Festival International de Nabeul\u00a0:Un public assoiff\u00e9, un ma\u00eetre g\u00e9n\u00e9reux mais patient\",\"datePublished\":\"2025-08-13T15:33:07+00:00\",\"dateModified\":\"2025-08-13T15:33:08+00:00\",\"mainEntityOfPage\":{\"@id\":\"https:\\\/\\\/descartes.tn\\\/index.php\\\/2025\\\/08\\\/13\\\/spectacle-de-zied-gharsa-au-festival-international-de-nabeul-un-public-assoiffe-un-maitre-genereux-mais-patient\\\/\"},\"wordCount\":888,\"commentCount\":0,\"publisher\":{\"@id\":\"https:\\\/\\\/descartes.tn\\\/#organization\"},\"image\":{\"@id\":\"https:\\\/\\\/descartes.tn\\\/index.php\\\/2025\\\/08\\\/13\\\/spectacle-de-zied-gharsa-au-festival-international-de-nabeul-un-public-assoiffe-un-maitre-genereux-mais-patient\\\/#primaryimage\"},\"thumbnailUrl\":\"https:\\\/\\\/descartes.tn\\\/wp-content\\\/uploads\\\/2025\\\/08\\\/zieddd.jpg\",\"keywords\":[\"festival\",\"Nabeul\",\"ziedgharsa\"],\"articleSection\":[\"Actualit\u00e9s\",\"\u00c8v\u00e8nements\",\"Zooming\"],\"inLanguage\":\"en-US\",\"potentialAction\":[{\"@type\":\"CommentAction\",\"name\":\"Comment\",\"target\":[\"https:\\\/\\\/descartes.tn\\\/index.php\\\/2025\\\/08\\\/13\\\/spectacle-de-zied-gharsa-au-festival-international-de-nabeul-un-public-assoiffe-un-maitre-genereux-mais-patient\\\/#respond\"]}]},{\"@type\":\"WebPage\",\"@id\":\"https:\\\/\\\/descartes.tn\\\/index.php\\\/2025\\\/08\\\/13\\\/spectacle-de-zied-gharsa-au-festival-international-de-nabeul-un-public-assoiffe-un-maitre-genereux-mais-patient\\\/\",\"url\":\"https:\\\/\\\/descartes.tn\\\/index.php\\\/2025\\\/08\\\/13\\\/spectacle-de-zied-gharsa-au-festival-international-de-nabeul-un-public-assoiffe-un-maitre-genereux-mais-patient\\\/\",\"name\":\"Spectacle de Zied Gharsa au Festival International de Nabeul\u00a0:Un public assoiff\u00e9, un ma\u00eetre g\u00e9n\u00e9reux mais patient - Descartes.tn\",\"isPartOf\":{\"@id\":\"https:\\\/\\\/descartes.tn\\\/#website\"},\"primaryImageOfPage\":{\"@id\":\"https:\\\/\\\/descartes.tn\\\/index.php\\\/2025\\\/08\\\/13\\\/spectacle-de-zied-gharsa-au-festival-international-de-nabeul-un-public-assoiffe-un-maitre-genereux-mais-patient\\\/#primaryimage\"},\"image\":{\"@id\":\"https:\\\/\\\/descartes.tn\\\/index.php\\\/2025\\\/08\\\/13\\\/spectacle-de-zied-gharsa-au-festival-international-de-nabeul-un-public-assoiffe-un-maitre-genereux-mais-patient\\\/#primaryimage\"},\"thumbnailUrl\":\"https:\\\/\\\/descartes.tn\\\/wp-content\\\/uploads\\\/2025\\\/08\\\/zieddd.jpg\",\"datePublished\":\"2025-08-13T15:33:07+00:00\",\"dateModified\":\"2025-08-13T15:33:08+00:00\",\"breadcrumb\":{\"@id\":\"https:\\\/\\\/descartes.tn\\\/index.php\\\/2025\\\/08\\\/13\\\/spectacle-de-zied-gharsa-au-festival-international-de-nabeul-un-public-assoiffe-un-maitre-genereux-mais-patient\\\/#breadcrumb\"},\"inLanguage\":\"en-US\",\"potentialAction\":[{\"@type\":\"ReadAction\",\"target\":[\"https:\\\/\\\/descartes.tn\\\/index.php\\\/2025\\\/08\\\/13\\\/spectacle-de-zied-gharsa-au-festival-international-de-nabeul-un-public-assoiffe-un-maitre-genereux-mais-patient\\\/\"]}]},{\"@type\":\"ImageObject\",\"inLanguage\":\"en-US\",\"@id\":\"https:\\\/\\\/descartes.tn\\\/index.php\\\/2025\\\/08\\\/13\\\/spectacle-de-zied-gharsa-au-festival-international-de-nabeul-un-public-assoiffe-un-maitre-genereux-mais-patient\\\/#primaryimage\",\"url\":\"https:\\\/\\\/descartes.tn\\\/wp-content\\\/uploads\\\/2025\\\/08\\\/zieddd.jpg\",\"contentUrl\":\"https:\\\/\\\/descartes.tn\\\/wp-content\\\/uploads\\\/2025\\\/08\\\/zieddd.jpg\",\"width\":2048,\"height\":1152},{\"@type\":\"BreadcrumbList\",\"@id\":\"https:\\\/\\\/descartes.tn\\\/index.php\\\/2025\\\/08\\\/13\\\/spectacle-de-zied-gharsa-au-festival-international-de-nabeul-un-public-assoiffe-un-maitre-genereux-mais-patient\\\/#breadcrumb\",\"itemListElement\":[{\"@type\":\"ListItem\",\"position\":1,\"name\":\"Home\",\"item\":\"https:\\\/\\\/descartes.tn\\\/\"},{\"@type\":\"ListItem\",\"position\":2,\"name\":\"Spectacle de Zied Gharsa au Festival International de Nabeul\u00a0:Un public assoiff\u00e9, un ma\u00eetre g\u00e9n\u00e9reux mais patient\"}]},{\"@type\":\"WebSite\",\"@id\":\"https:\\\/\\\/descartes.tn\\\/#website\",\"url\":\"https:\\\/\\\/descartes.tn\\\/\",\"name\":\"Descartes.tn\",\"description\":\"\",\"publisher\":{\"@id\":\"https:\\\/\\\/descartes.tn\\\/#organization\"},\"potentialAction\":[{\"@type\":\"SearchAction\",\"target\":{\"@type\":\"EntryPoint\",\"urlTemplate\":\"https:\\\/\\\/descartes.tn\\\/?s={search_term_string}\"},\"query-input\":{\"@type\":\"PropertyValueSpecification\",\"valueRequired\":true,\"valueName\":\"search_term_string\"}}],\"inLanguage\":\"en-US\"},{\"@type\":\"Organization\",\"@id\":\"https:\\\/\\\/descartes.tn\\\/#organization\",\"name\":\"Descartes.tn\",\"url\":\"https:\\\/\\\/descartes.tn\\\/\",\"logo\":{\"@type\":\"ImageObject\",\"inLanguage\":\"en-US\",\"@id\":\"https:\\\/\\\/descartes.tn\\\/#\\\/schema\\\/logo\\\/image\\\/\",\"url\":\"https:\\\/\\\/descartes.tn\\\/wp-content\\\/uploads\\\/2025\\\/10\\\/cropped-Fichier-1-1.png\",\"contentUrl\":\"https:\\\/\\\/descartes.tn\\\/wp-content\\\/uploads\\\/2025\\\/10\\\/cropped-Fichier-1-1.png\",\"width\":136,\"height\":19,\"caption\":\"Descartes.tn\"},\"image\":{\"@id\":\"https:\\\/\\\/descartes.tn\\\/#\\\/schema\\\/logo\\\/image\\\/\"},\"sameAs\":[\"https:\\\/\\\/www.facebook.com\\\/Magdescartes\",\"https:\\\/\\\/www.instagram.com\\\/descartes.magazine\\\/\"]},{\"@type\":\"Person\",\"@id\":\"https:\\\/\\\/descartes.tn\\\/#\\\/schema\\\/person\\\/3ef1516c435e44fd54c1dbc87e343fc8\",\"name\":\"Amal\",\"image\":{\"@type\":\"ImageObject\",\"inLanguage\":\"en-US\",\"@id\":\"https:\\\/\\\/secure.gravatar.com\\\/avatar\\\/ac2a5e90b8656c28b1310bd81898692492a345fd0216ac64d90bafaeda2660f0?s=96&d=mm&r=g\",\"url\":\"https:\\\/\\\/secure.gravatar.com\\\/avatar\\\/ac2a5e90b8656c28b1310bd81898692492a345fd0216ac64d90bafaeda2660f0?s=96&d=mm&r=g\",\"contentUrl\":\"https:\\\/\\\/secure.gravatar.com\\\/avatar\\\/ac2a5e90b8656c28b1310bd81898692492a345fd0216ac64d90bafaeda2660f0?s=96&d=mm&r=g\",\"caption\":\"Amal\"},\"url\":\"https:\\\/\\\/descartes.tn\\\/index.php\\\/author\\\/amal\\\/\"}]}<\/script>\n<!-- \/ Yoast SEO plugin. -->","yoast_head_json":{"title":"Spectacle de Zied Gharsa au Festival International de Nabeul\u00a0:Un public assoiff\u00e9, un ma\u00eetre g\u00e9n\u00e9reux mais patient - Descartes.tn","robots":{"index":"index","follow":"follow","max-snippet":"max-snippet:-1","max-image-preview":"max-image-preview:large","max-video-preview":"max-video-preview:-1"},"canonical":"https:\/\/descartes.tn\/index.php\/2025\/08\/13\/spectacle-de-zied-gharsa-au-festival-international-de-nabeul-un-public-assoiffe-un-maitre-genereux-mais-patient\/","og_locale":"en_US","og_type":"article","og_title":"Spectacle de Zied Gharsa au Festival International de Nabeul\u00a0:Un public assoiff\u00e9, un ma\u00eetre g\u00e9n\u00e9reux mais patient","og_description":"Refai Amal Apr\u00e8s une absence d\u2019environ quinze ans, la ville de Nabeul renoue avec la musique et le malouf gr\u00e2ce \u00e0 la grande \u00e9cole du malouf et des chansons tunisiennes. Un rendez-vous qui r\u00e9unit de nouveau le public, et l\u2019une des grandes figures de la sc\u00e8ne musicale tunisienne&nbsp;: Zied Gharsa. Le tout sur la sc\u00e8ne [&hellip;]","og_url":"https:\/\/descartes.tn\/index.php\/2025\/08\/13\/spectacle-de-zied-gharsa-au-festival-international-de-nabeul-un-public-assoiffe-un-maitre-genereux-mais-patient\/","og_site_name":"Descartes.tn","article_publisher":"https:\/\/www.facebook.com\/Magdescartes","article_published_time":"2025-08-13T15:33:07+00:00","article_modified_time":"2025-08-13T15:33:08+00:00","og_image":[{"width":2048,"height":1152,"url":"https:\/\/descartes.tn\/wp-content\/uploads\/2025\/08\/530857048_122122473368921473_4938464220001483975_n.jpg","type":"image\/jpeg"}],"author":"Amal","twitter_card":"summary_large_image","twitter_misc":{"Written by":"Amal","Est. reading time":"4 minutes"},"schema":{"@context":"https:\/\/schema.org","@graph":[{"@type":"Article","@id":"https:\/\/descartes.tn\/index.php\/2025\/08\/13\/spectacle-de-zied-gharsa-au-festival-international-de-nabeul-un-public-assoiffe-un-maitre-genereux-mais-patient\/#article","isPartOf":{"@id":"https:\/\/descartes.tn\/index.php\/2025\/08\/13\/spectacle-de-zied-gharsa-au-festival-international-de-nabeul-un-public-assoiffe-un-maitre-genereux-mais-patient\/"},"author":{"name":"Amal","@id":"https:\/\/descartes.tn\/#\/schema\/person\/3ef1516c435e44fd54c1dbc87e343fc8"},"headline":"Spectacle de Zied Gharsa au Festival International de Nabeul\u00a0:Un public assoiff\u00e9, un ma\u00eetre g\u00e9n\u00e9reux mais patient","datePublished":"2025-08-13T15:33:07+00:00","dateModified":"2025-08-13T15:33:08+00:00","mainEntityOfPage":{"@id":"https:\/\/descartes.tn\/index.php\/2025\/08\/13\/spectacle-de-zied-gharsa-au-festival-international-de-nabeul-un-public-assoiffe-un-maitre-genereux-mais-patient\/"},"wordCount":888,"commentCount":0,"publisher":{"@id":"https:\/\/descartes.tn\/#organization"},"image":{"@id":"https:\/\/descartes.tn\/index.php\/2025\/08\/13\/spectacle-de-zied-gharsa-au-festival-international-de-nabeul-un-public-assoiffe-un-maitre-genereux-mais-patient\/#primaryimage"},"thumbnailUrl":"https:\/\/descartes.tn\/wp-content\/uploads\/2025\/08\/zieddd.jpg","keywords":["festival","Nabeul","ziedgharsa"],"articleSection":["Actualit\u00e9s","\u00c8v\u00e8nements","Zooming"],"inLanguage":"en-US","potentialAction":[{"@type":"CommentAction","name":"Comment","target":["https:\/\/descartes.tn\/index.php\/2025\/08\/13\/spectacle-de-zied-gharsa-au-festival-international-de-nabeul-un-public-assoiffe-un-maitre-genereux-mais-patient\/#respond"]}]},{"@type":"WebPage","@id":"https:\/\/descartes.tn\/index.php\/2025\/08\/13\/spectacle-de-zied-gharsa-au-festival-international-de-nabeul-un-public-assoiffe-un-maitre-genereux-mais-patient\/","url":"https:\/\/descartes.tn\/index.php\/2025\/08\/13\/spectacle-de-zied-gharsa-au-festival-international-de-nabeul-un-public-assoiffe-un-maitre-genereux-mais-patient\/","name":"Spectacle de Zied Gharsa au Festival International de Nabeul\u00a0:Un public assoiff\u00e9, un ma\u00eetre g\u00e9n\u00e9reux mais patient - Descartes.tn","isPartOf":{"@id":"https:\/\/descartes.tn\/#website"},"primaryImageOfPage":{"@id":"https:\/\/descartes.tn\/index.php\/2025\/08\/13\/spectacle-de-zied-gharsa-au-festival-international-de-nabeul-un-public-assoiffe-un-maitre-genereux-mais-patient\/#primaryimage"},"image":{"@id":"https:\/\/descartes.tn\/index.php\/2025\/08\/13\/spectacle-de-zied-gharsa-au-festival-international-de-nabeul-un-public-assoiffe-un-maitre-genereux-mais-patient\/#primaryimage"},"thumbnailUrl":"https:\/\/descartes.tn\/wp-content\/uploads\/2025\/08\/zieddd.jpg","datePublished":"2025-08-13T15:33:07+00:00","dateModified":"2025-08-13T15:33:08+00:00","breadcrumb":{"@id":"https:\/\/descartes.tn\/index.php\/2025\/08\/13\/spectacle-de-zied-gharsa-au-festival-international-de-nabeul-un-public-assoiffe-un-maitre-genereux-mais-patient\/#breadcrumb"},"inLanguage":"en-US","potentialAction":[{"@type":"ReadAction","target":["https:\/\/descartes.tn\/index.php\/2025\/08\/13\/spectacle-de-zied-gharsa-au-festival-international-de-nabeul-un-public-assoiffe-un-maitre-genereux-mais-patient\/"]}]},{"@type":"ImageObject","inLanguage":"en-US","@id":"https:\/\/descartes.tn\/index.php\/2025\/08\/13\/spectacle-de-zied-gharsa-au-festival-international-de-nabeul-un-public-assoiffe-un-maitre-genereux-mais-patient\/#primaryimage","url":"https:\/\/descartes.tn\/wp-content\/uploads\/2025\/08\/zieddd.jpg","contentUrl":"https:\/\/descartes.tn\/wp-content\/uploads\/2025\/08\/zieddd.jpg","width":2048,"height":1152},{"@type":"BreadcrumbList","@id":"https:\/\/descartes.tn\/index.php\/2025\/08\/13\/spectacle-de-zied-gharsa-au-festival-international-de-nabeul-un-public-assoiffe-un-maitre-genereux-mais-patient\/#breadcrumb","itemListElement":[{"@type":"ListItem","position":1,"name":"Home","item":"https:\/\/descartes.tn\/"},{"@type":"ListItem","position":2,"name":"Spectacle de Zied Gharsa au Festival International de Nabeul\u00a0:Un public assoiff\u00e9, un ma\u00eetre g\u00e9n\u00e9reux mais patient"}]},{"@type":"WebSite","@id":"https:\/\/descartes.tn\/#website","url":"https:\/\/descartes.tn\/","name":"Descartes.tn","description":"","publisher":{"@id":"https:\/\/descartes.tn\/#organization"},"potentialAction":[{"@type":"SearchAction","target":{"@type":"EntryPoint","urlTemplate":"https:\/\/descartes.tn\/?s={search_term_string}"},"query-input":{"@type":"PropertyValueSpecification","valueRequired":true,"valueName":"search_term_string"}}],"inLanguage":"en-US"},{"@type":"Organization","@id":"https:\/\/descartes.tn\/#organization","name":"Descartes.tn","url":"https:\/\/descartes.tn\/","logo":{"@type":"ImageObject","inLanguage":"en-US","@id":"https:\/\/descartes.tn\/#\/schema\/logo\/image\/","url":"https:\/\/descartes.tn\/wp-content\/uploads\/2025\/10\/cropped-Fichier-1-1.png","contentUrl":"https:\/\/descartes.tn\/wp-content\/uploads\/2025\/10\/cropped-Fichier-1-1.png","width":136,"height":19,"caption":"Descartes.tn"},"image":{"@id":"https:\/\/descartes.tn\/#\/schema\/logo\/image\/"},"sameAs":["https:\/\/www.facebook.com\/Magdescartes","https:\/\/www.instagram.com\/descartes.magazine\/"]},{"@type":"Person","@id":"https:\/\/descartes.tn\/#\/schema\/person\/3ef1516c435e44fd54c1dbc87e343fc8","name":"Amal","image":{"@type":"ImageObject","inLanguage":"en-US","@id":"https:\/\/secure.gravatar.com\/avatar\/ac2a5e90b8656c28b1310bd81898692492a345fd0216ac64d90bafaeda2660f0?s=96&d=mm&r=g","url":"https:\/\/secure.gravatar.com\/avatar\/ac2a5e90b8656c28b1310bd81898692492a345fd0216ac64d90bafaeda2660f0?s=96&d=mm&r=g","contentUrl":"https:\/\/secure.gravatar.com\/avatar\/ac2a5e90b8656c28b1310bd81898692492a345fd0216ac64d90bafaeda2660f0?s=96&d=mm&r=g","caption":"Amal"},"url":"https:\/\/descartes.tn\/index.php\/author\/amal\/"}]}},"_links":{"self":[{"href":"https:\/\/descartes.tn\/index.php\/wp-json\/wp\/v2\/posts\/1062","targetHints":{"allow":["GET"]}}],"collection":[{"href":"https:\/\/descartes.tn\/index.php\/wp-json\/wp\/v2\/posts"}],"about":[{"href":"https:\/\/descartes.tn\/index.php\/wp-json\/wp\/v2\/types\/post"}],"author":[{"embeddable":true,"href":"https:\/\/descartes.tn\/index.php\/wp-json\/wp\/v2\/users\/2"}],"replies":[{"embeddable":true,"href":"https:\/\/descartes.tn\/index.php\/wp-json\/wp\/v2\/comments?post=1062"}],"version-history":[{"count":1,"href":"https:\/\/descartes.tn\/index.php\/wp-json\/wp\/v2\/posts\/1062\/revisions"}],"predecessor-version":[{"id":1065,"href":"https:\/\/descartes.tn\/index.php\/wp-json\/wp\/v2\/posts\/1062\/revisions\/1065"}],"wp:featuredmedia":[{"embeddable":true,"href":"https:\/\/descartes.tn\/index.php\/wp-json\/wp\/v2\/media\/1064"}],"wp:attachment":[{"href":"https:\/\/descartes.tn\/index.php\/wp-json\/wp\/v2\/media?parent=1062"}],"wp:term":[{"taxonomy":"category","embeddable":true,"href":"https:\/\/descartes.tn\/index.php\/wp-json\/wp\/v2\/categories?post=1062"},{"taxonomy":"post_tag","embeddable":true,"href":"https:\/\/descartes.tn\/index.php\/wp-json\/wp\/v2\/tags?post=1062"}],"curies":[{"name":"wp","href":"https:\/\/api.w.org\/{rel}","templated":true}]}}