{"id":1045,"date":"2025-08-10T13:45:58","date_gmt":"2025-08-10T13:45:58","guid":{"rendered":"https:\/\/descartes.tn\/?p=1045"},"modified":"2025-08-11T09:32:25","modified_gmt":"2025-08-11T09:32:25","slug":"raouf-maher-rend-hommage-aux-parents-lors-de-son-spectacle-au-festival-international-de-nabeul","status":"publish","type":"post","link":"https:\/\/descartes.tn\/index.php\/2025\/08\/10\/raouf-maher-rend-hommage-aux-parents-lors-de-son-spectacle-au-festival-international-de-nabeul\/","title":{"rendered":"Raouf Maher rend hommage aux parents lors de son spectacle au Festival International de Nabeul"},"content":{"rendered":"\n<p>Refai Amal<\/p>\n\n\n\n<figure class=\"wp-block-image size-large\"><img loading=\"lazy\" decoding=\"async\" width=\"1024\" height=\"576\" src=\"https:\/\/descartes.tn\/wp-content\/uploads\/2025\/08\/530298401_122121880472921473_5940063665912989388_n-1024x576.jpg\" alt=\"\" class=\"wp-image-1046\" srcset=\"https:\/\/descartes.tn\/wp-content\/uploads\/2025\/08\/530298401_122121880472921473_5940063665912989388_n-1024x576.jpg 1024w, https:\/\/descartes.tn\/wp-content\/uploads\/2025\/08\/530298401_122121880472921473_5940063665912989388_n-300x169.jpg 300w, https:\/\/descartes.tn\/wp-content\/uploads\/2025\/08\/530298401_122121880472921473_5940063665912989388_n-768x432.jpg 768w, https:\/\/descartes.tn\/wp-content\/uploads\/2025\/08\/530298401_122121880472921473_5940063665912989388_n-1536x864.jpg 1536w, https:\/\/descartes.tn\/wp-content\/uploads\/2025\/08\/530298401_122121880472921473_5940063665912989388_n-390x220.jpg 390w, https:\/\/descartes.tn\/wp-content\/uploads\/2025\/08\/530298401_122121880472921473_5940063665912989388_n.jpg 2048w\" sizes=\"auto, (max-width: 1024px) 100vw, 1024px\" \/><\/figure>\n\n\n\n<p><strong>Sous les acclamations et les applaudissements chaleureux du public, le spectacle de l\u2019artiste Raouf Maher a illumin\u00e9 \u00e0 la 37<sup>e<\/sup> \u00e9dition du Festival International de Nabeul, le Samedi 09 <\/strong><strong>ao\u00fbt 2025, au th\u00e9\u00e2tre plein air Moncef &nbsp;Kort Nabeul. <\/strong><strong><\/strong><\/p>\n\n\n\n<p>Comme le veut la tradition, le pr\u00e9sident de l\u2019Association d\u2019Animation et de Festivals, Montasser Kacem&nbsp;, a prononc\u00e9 le mot d\u2019ouverture. Dans son style humoristique habituel, il a chaleureusement accueilli le public, les a invit\u00e9s \u00e0 suivre les prochains spectacles et \u00e0 pr\u00e9server la propret\u00e9 du th\u00e9\u00e2tre.<\/p>\n\n\n\n<p>Le spectacle a \u00e9t\u00e9 fortement marqu\u00e9 par une ambiance traditionnelle \u00e9voquant le patrimoine du sud tunisien, \u00e0 travers le dialecte, les tenues et les danses. Le nord du pays n\u2019a cependant pas \u00e9t\u00e9 en reste, les spectateurs de toutes les r\u00e9gions ayant trouv\u00e9 dans ce concert une chanson \u00e0 leur go\u00fbt, sur laquelle ils ont dans\u00e9 et chant\u00e9 avec entrain.<\/p>\n\n\n\n<p>Raouf Maher a d\u00e9clar\u00e9 que sa derni\u00e8re chanson, intitul\u00e9e \u00ab&nbsp;El Waldine&nbsp;\u00bb (Les parents), est celle qui lui tient le plus \u00e0 c\u0153ur. Il a introduit cette chanson avec des paroles \u00e9mouvantes, rendant hommage aux p\u00e8res et m\u00e8res disparus, et a invit\u00e9 le public \u00e0 r\u00e9fl\u00e9chir \u00e0 la b\u00e9n\u00e9diction que repr\u00e9sente la pr\u00e9sence des parents \u00e0 nos c\u00f4t\u00e9s \u00e0 diff\u00e9rents moments de la vie.<\/p>\n\n\n\n<p>Le public a accueilli cette chanson avec beaucoup d\u2019\u00e9motion. Bien qu\u2019elle soit moins connue que d\u2019autres titres comme \u00ab&nbsp;El Khatafa&nbsp;\u00bb, elle a su incarner l\u2019\u00e2me de la soir\u00e9e.<\/p>\n\n\n\n<p>Dans une d\u00e9claration apr\u00e8s le spectacle, Raouf Maher a exprim\u00e9 sa joie et sa gratitude envers le public de Nabeul, affirmant&nbsp;:&nbsp;\u00ab&nbsp;D\u00e8s la premi\u00e8re minute, ils m\u2019ont fait sentir comme si j\u2019\u00e9tais en famille&nbsp;\u00bb<\/p>\n\n\n\n<p>Les fans de l\u2019artiste peuvent s\u2019attendre \u00e0 trois nouvelles \u0153uvres \u00e0 venir, dont l\u2019une est actuellement en phase de montage, avec une sortie pr\u00e9vue apr\u00e8s le mois d\u2019ao\u00fbt.<\/p>\n","protected":false},"excerpt":{"rendered":"<p>Refai Amal Sous les acclamations et les applaudissements chaleureux du public, le spectacle de l\u2019artiste Raouf Maher a illumin\u00e9 \u00e0 la 37e \u00e9dition du Festival International de Nabeul, le Samedi 09 ao\u00fbt 2025, au th\u00e9\u00e2tre plein air Moncef &nbsp;Kort Nabeul. Comme le veut la tradition, le pr\u00e9sident de l\u2019Association d\u2019Animation et de Festivals, Montasser Kacem&nbsp;, [&hellip;]<\/p>\n","protected":false},"author":2,"featured_media":1047,"comment_status":"open","ping_status":"closed","sticky":false,"template":"","format":"standard","meta":{"footnotes":""},"categories":[1,4,5],"tags":[149,203,936],"class_list":["post-1045","post","type-post","status-publish","format-standard","has-post-thumbnail","hentry","category-actualites","category-evenements","category-zooming","tag-festival","tag-nabeul","tag-raoufmaher"],"yoast_head":"<!-- This site is optimized with the Yoast SEO plugin v27.5 - https:\/\/yoast.com\/product\/yoast-seo-wordpress\/ -->\n<title>Raouf Maher rend hommage aux parents lors de son spectacle au Festival International de Nabeul - Descartes.tn<\/title>\n<meta name=\"robots\" content=\"index, follow, max-snippet:-1, max-image-preview:large, max-video-preview:-1\" \/>\n<link rel=\"canonical\" href=\"https:\/\/descartes.tn\/index.php\/2025\/08\/10\/raouf-maher-rend-hommage-aux-parents-lors-de-son-spectacle-au-festival-international-de-nabeul\/\" \/>\n<meta property=\"og:locale\" content=\"en_US\" \/>\n<meta property=\"og:type\" content=\"article\" \/>\n<meta property=\"og:title\" content=\"Raouf Maher rend hommage aux parents lors de son spectacle au Festival International de Nabeul\" \/>\n<meta property=\"og:description\" content=\"Refai Amal Sous les acclamations et les applaudissements chaleureux du public, le spectacle de l\u2019artiste Raouf Maher a illumin\u00e9 \u00e0 la 37e \u00e9dition du Festival International de Nabeul, le Samedi 09 ao\u00fbt 2025, au th\u00e9\u00e2tre plein air Moncef &nbsp;Kort Nabeul. Comme le veut la tradition, le pr\u00e9sident de l\u2019Association d\u2019Animation et de Festivals, Montasser Kacem&nbsp;, [&hellip;]\" \/>\n<meta property=\"og:url\" content=\"https:\/\/descartes.tn\/index.php\/2025\/08\/10\/raouf-maher-rend-hommage-aux-parents-lors-de-son-spectacle-au-festival-international-de-nabeul\/\" \/>\n<meta property=\"og:site_name\" content=\"Descartes.tn\" \/>\n<meta property=\"article:publisher\" content=\"https:\/\/www.facebook.com\/Magdescartes\" \/>\n<meta property=\"article:published_time\" content=\"2025-08-10T13:45:58+00:00\" \/>\n<meta property=\"article:modified_time\" content=\"2025-08-11T09:32:25+00:00\" \/>\n<meta property=\"og:image\" content=\"https:\/\/descartes.tn\/wp-content\/uploads\/2025\/08\/530298401_122121880472921473_5940063665912989388_n.jpg\" \/>\n\t<meta property=\"og:image:width\" content=\"2048\" \/>\n\t<meta property=\"og:image:height\" content=\"1152\" \/>\n\t<meta property=\"og:image:type\" content=\"image\/jpeg\" \/>\n<meta name=\"author\" content=\"Amal\" \/>\n<meta name=\"twitter:card\" content=\"summary_large_image\" \/>\n<meta name=\"twitter:label1\" content=\"Written by\" \/>\n\t<meta name=\"twitter:data1\" content=\"Amal\" \/>\n\t<meta name=\"twitter:label2\" content=\"Est. reading time\" \/>\n\t<meta name=\"twitter:data2\" content=\"2 minutes\" \/>\n<script type=\"application\/ld+json\" class=\"yoast-schema-graph\">{\"@context\":\"https:\\\/\\\/schema.org\",\"@graph\":[{\"@type\":\"Article\",\"@id\":\"https:\\\/\\\/descartes.tn\\\/index.php\\\/2025\\\/08\\\/10\\\/raouf-maher-rend-hommage-aux-parents-lors-de-son-spectacle-au-festival-international-de-nabeul\\\/#article\",\"isPartOf\":{\"@id\":\"https:\\\/\\\/descartes.tn\\\/index.php\\\/2025\\\/08\\\/10\\\/raouf-maher-rend-hommage-aux-parents-lors-de-son-spectacle-au-festival-international-de-nabeul\\\/\"},\"author\":{\"name\":\"Amal\",\"@id\":\"https:\\\/\\\/descartes.tn\\\/#\\\/schema\\\/person\\\/3ef1516c435e44fd54c1dbc87e343fc8\"},\"headline\":\"Raouf Maher rend hommage aux parents lors de son spectacle au Festival International de Nabeul\",\"datePublished\":\"2025-08-10T13:45:58+00:00\",\"dateModified\":\"2025-08-11T09:32:25+00:00\",\"mainEntityOfPage\":{\"@id\":\"https:\\\/\\\/descartes.tn\\\/index.php\\\/2025\\\/08\\\/10\\\/raouf-maher-rend-hommage-aux-parents-lors-de-son-spectacle-au-festival-international-de-nabeul\\\/\"},\"wordCount\":356,\"commentCount\":0,\"publisher\":{\"@id\":\"https:\\\/\\\/descartes.tn\\\/#organization\"},\"image\":{\"@id\":\"https:\\\/\\\/descartes.tn\\\/index.php\\\/2025\\\/08\\\/10\\\/raouf-maher-rend-hommage-aux-parents-lors-de-son-spectacle-au-festival-international-de-nabeul\\\/#primaryimage\"},\"thumbnailUrl\":\"https:\\\/\\\/descartes.tn\\\/wp-content\\\/uploads\\\/2025\\\/08\\\/530811059_122121880214921473_2229242205003112247_n.jpg\",\"keywords\":[\"festival\",\"Nabeul\",\"raoufmaher\"],\"articleSection\":[\"Actualit\u00e9s\",\"\u00c8v\u00e8nements\",\"Zooming\"],\"inLanguage\":\"en-US\",\"potentialAction\":[{\"@type\":\"CommentAction\",\"name\":\"Comment\",\"target\":[\"https:\\\/\\\/descartes.tn\\\/index.php\\\/2025\\\/08\\\/10\\\/raouf-maher-rend-hommage-aux-parents-lors-de-son-spectacle-au-festival-international-de-nabeul\\\/#respond\"]}]},{\"@type\":\"WebPage\",\"@id\":\"https:\\\/\\\/descartes.tn\\\/index.php\\\/2025\\\/08\\\/10\\\/raouf-maher-rend-hommage-aux-parents-lors-de-son-spectacle-au-festival-international-de-nabeul\\\/\",\"url\":\"https:\\\/\\\/descartes.tn\\\/index.php\\\/2025\\\/08\\\/10\\\/raouf-maher-rend-hommage-aux-parents-lors-de-son-spectacle-au-festival-international-de-nabeul\\\/\",\"name\":\"Raouf Maher rend hommage aux parents lors de son spectacle au Festival International de Nabeul - Descartes.tn\",\"isPartOf\":{\"@id\":\"https:\\\/\\\/descartes.tn\\\/#website\"},\"primaryImageOfPage\":{\"@id\":\"https:\\\/\\\/descartes.tn\\\/index.php\\\/2025\\\/08\\\/10\\\/raouf-maher-rend-hommage-aux-parents-lors-de-son-spectacle-au-festival-international-de-nabeul\\\/#primaryimage\"},\"image\":{\"@id\":\"https:\\\/\\\/descartes.tn\\\/index.php\\\/2025\\\/08\\\/10\\\/raouf-maher-rend-hommage-aux-parents-lors-de-son-spectacle-au-festival-international-de-nabeul\\\/#primaryimage\"},\"thumbnailUrl\":\"https:\\\/\\\/descartes.tn\\\/wp-content\\\/uploads\\\/2025\\\/08\\\/530811059_122121880214921473_2229242205003112247_n.jpg\",\"datePublished\":\"2025-08-10T13:45:58+00:00\",\"dateModified\":\"2025-08-11T09:32:25+00:00\",\"breadcrumb\":{\"@id\":\"https:\\\/\\\/descartes.tn\\\/index.php\\\/2025\\\/08\\\/10\\\/raouf-maher-rend-hommage-aux-parents-lors-de-son-spectacle-au-festival-international-de-nabeul\\\/#breadcrumb\"},\"inLanguage\":\"en-US\",\"potentialAction\":[{\"@type\":\"ReadAction\",\"target\":[\"https:\\\/\\\/descartes.tn\\\/index.php\\\/2025\\\/08\\\/10\\\/raouf-maher-rend-hommage-aux-parents-lors-de-son-spectacle-au-festival-international-de-nabeul\\\/\"]}]},{\"@type\":\"ImageObject\",\"inLanguage\":\"en-US\",\"@id\":\"https:\\\/\\\/descartes.tn\\\/index.php\\\/2025\\\/08\\\/10\\\/raouf-maher-rend-hommage-aux-parents-lors-de-son-spectacle-au-festival-international-de-nabeul\\\/#primaryimage\",\"url\":\"https:\\\/\\\/descartes.tn\\\/wp-content\\\/uploads\\\/2025\\\/08\\\/530811059_122121880214921473_2229242205003112247_n.jpg\",\"contentUrl\":\"https:\\\/\\\/descartes.tn\\\/wp-content\\\/uploads\\\/2025\\\/08\\\/530811059_122121880214921473_2229242205003112247_n.jpg\",\"width\":2048,\"height\":1152},{\"@type\":\"BreadcrumbList\",\"@id\":\"https:\\\/\\\/descartes.tn\\\/index.php\\\/2025\\\/08\\\/10\\\/raouf-maher-rend-hommage-aux-parents-lors-de-son-spectacle-au-festival-international-de-nabeul\\\/#breadcrumb\",\"itemListElement\":[{\"@type\":\"ListItem\",\"position\":1,\"name\":\"Home\",\"item\":\"https:\\\/\\\/descartes.tn\\\/\"},{\"@type\":\"ListItem\",\"position\":2,\"name\":\"Raouf Maher rend hommage aux parents lors de son spectacle au Festival International de Nabeul\"}]},{\"@type\":\"WebSite\",\"@id\":\"https:\\\/\\\/descartes.tn\\\/#website\",\"url\":\"https:\\\/\\\/descartes.tn\\\/\",\"name\":\"Descartes.tn\",\"description\":\"\",\"publisher\":{\"@id\":\"https:\\\/\\\/descartes.tn\\\/#organization\"},\"potentialAction\":[{\"@type\":\"SearchAction\",\"target\":{\"@type\":\"EntryPoint\",\"urlTemplate\":\"https:\\\/\\\/descartes.tn\\\/?s={search_term_string}\"},\"query-input\":{\"@type\":\"PropertyValueSpecification\",\"valueRequired\":true,\"valueName\":\"search_term_string\"}}],\"inLanguage\":\"en-US\"},{\"@type\":\"Organization\",\"@id\":\"https:\\\/\\\/descartes.tn\\\/#organization\",\"name\":\"Descartes.tn\",\"url\":\"https:\\\/\\\/descartes.tn\\\/\",\"logo\":{\"@type\":\"ImageObject\",\"inLanguage\":\"en-US\",\"@id\":\"https:\\\/\\\/descartes.tn\\\/#\\\/schema\\\/logo\\\/image\\\/\",\"url\":\"https:\\\/\\\/descartes.tn\\\/wp-content\\\/uploads\\\/2025\\\/10\\\/cropped-Fichier-1-1.png\",\"contentUrl\":\"https:\\\/\\\/descartes.tn\\\/wp-content\\\/uploads\\\/2025\\\/10\\\/cropped-Fichier-1-1.png\",\"width\":136,\"height\":19,\"caption\":\"Descartes.tn\"},\"image\":{\"@id\":\"https:\\\/\\\/descartes.tn\\\/#\\\/schema\\\/logo\\\/image\\\/\"},\"sameAs\":[\"https:\\\/\\\/www.facebook.com\\\/Magdescartes\",\"https:\\\/\\\/www.instagram.com\\\/descartes.magazine\\\/\"]},{\"@type\":\"Person\",\"@id\":\"https:\\\/\\\/descartes.tn\\\/#\\\/schema\\\/person\\\/3ef1516c435e44fd54c1dbc87e343fc8\",\"name\":\"Amal\",\"image\":{\"@type\":\"ImageObject\",\"inLanguage\":\"en-US\",\"@id\":\"https:\\\/\\\/secure.gravatar.com\\\/avatar\\\/ac2a5e90b8656c28b1310bd81898692492a345fd0216ac64d90bafaeda2660f0?s=96&d=mm&r=g\",\"url\":\"https:\\\/\\\/secure.gravatar.com\\\/avatar\\\/ac2a5e90b8656c28b1310bd81898692492a345fd0216ac64d90bafaeda2660f0?s=96&d=mm&r=g\",\"contentUrl\":\"https:\\\/\\\/secure.gravatar.com\\\/avatar\\\/ac2a5e90b8656c28b1310bd81898692492a345fd0216ac64d90bafaeda2660f0?s=96&d=mm&r=g\",\"caption\":\"Amal\"},\"url\":\"https:\\\/\\\/descartes.tn\\\/index.php\\\/author\\\/amal\\\/\"}]}<\/script>\n<!-- \/ Yoast SEO plugin. -->","yoast_head_json":{"title":"Raouf Maher rend hommage aux parents lors de son spectacle au Festival International de Nabeul - Descartes.tn","robots":{"index":"index","follow":"follow","max-snippet":"max-snippet:-1","max-image-preview":"max-image-preview:large","max-video-preview":"max-video-preview:-1"},"canonical":"https:\/\/descartes.tn\/index.php\/2025\/08\/10\/raouf-maher-rend-hommage-aux-parents-lors-de-son-spectacle-au-festival-international-de-nabeul\/","og_locale":"en_US","og_type":"article","og_title":"Raouf Maher rend hommage aux parents lors de son spectacle au Festival International de Nabeul","og_description":"Refai Amal Sous les acclamations et les applaudissements chaleureux du public, le spectacle de l\u2019artiste Raouf Maher a illumin\u00e9 \u00e0 la 37e \u00e9dition du Festival International de Nabeul, le Samedi 09 ao\u00fbt 2025, au th\u00e9\u00e2tre plein air Moncef &nbsp;Kort Nabeul. Comme le veut la tradition, le pr\u00e9sident de l\u2019Association d\u2019Animation et de Festivals, Montasser Kacem&nbsp;, [&hellip;]","og_url":"https:\/\/descartes.tn\/index.php\/2025\/08\/10\/raouf-maher-rend-hommage-aux-parents-lors-de-son-spectacle-au-festival-international-de-nabeul\/","og_site_name":"Descartes.tn","article_publisher":"https:\/\/www.facebook.com\/Magdescartes","article_published_time":"2025-08-10T13:45:58+00:00","article_modified_time":"2025-08-11T09:32:25+00:00","og_image":[{"width":2048,"height":1152,"url":"https:\/\/descartes.tn\/wp-content\/uploads\/2025\/08\/530298401_122121880472921473_5940063665912989388_n.jpg","type":"image\/jpeg"}],"author":"Amal","twitter_card":"summary_large_image","twitter_misc":{"Written by":"Amal","Est. reading time":"2 minutes"},"schema":{"@context":"https:\/\/schema.org","@graph":[{"@type":"Article","@id":"https:\/\/descartes.tn\/index.php\/2025\/08\/10\/raouf-maher-rend-hommage-aux-parents-lors-de-son-spectacle-au-festival-international-de-nabeul\/#article","isPartOf":{"@id":"https:\/\/descartes.tn\/index.php\/2025\/08\/10\/raouf-maher-rend-hommage-aux-parents-lors-de-son-spectacle-au-festival-international-de-nabeul\/"},"author":{"name":"Amal","@id":"https:\/\/descartes.tn\/#\/schema\/person\/3ef1516c435e44fd54c1dbc87e343fc8"},"headline":"Raouf Maher rend hommage aux parents lors de son spectacle au Festival International de Nabeul","datePublished":"2025-08-10T13:45:58+00:00","dateModified":"2025-08-11T09:32:25+00:00","mainEntityOfPage":{"@id":"https:\/\/descartes.tn\/index.php\/2025\/08\/10\/raouf-maher-rend-hommage-aux-parents-lors-de-son-spectacle-au-festival-international-de-nabeul\/"},"wordCount":356,"commentCount":0,"publisher":{"@id":"https:\/\/descartes.tn\/#organization"},"image":{"@id":"https:\/\/descartes.tn\/index.php\/2025\/08\/10\/raouf-maher-rend-hommage-aux-parents-lors-de-son-spectacle-au-festival-international-de-nabeul\/#primaryimage"},"thumbnailUrl":"https:\/\/descartes.tn\/wp-content\/uploads\/2025\/08\/530811059_122121880214921473_2229242205003112247_n.jpg","keywords":["festival","Nabeul","raoufmaher"],"articleSection":["Actualit\u00e9s","\u00c8v\u00e8nements","Zooming"],"inLanguage":"en-US","potentialAction":[{"@type":"CommentAction","name":"Comment","target":["https:\/\/descartes.tn\/index.php\/2025\/08\/10\/raouf-maher-rend-hommage-aux-parents-lors-de-son-spectacle-au-festival-international-de-nabeul\/#respond"]}]},{"@type":"WebPage","@id":"https:\/\/descartes.tn\/index.php\/2025\/08\/10\/raouf-maher-rend-hommage-aux-parents-lors-de-son-spectacle-au-festival-international-de-nabeul\/","url":"https:\/\/descartes.tn\/index.php\/2025\/08\/10\/raouf-maher-rend-hommage-aux-parents-lors-de-son-spectacle-au-festival-international-de-nabeul\/","name":"Raouf Maher rend hommage aux parents lors de son spectacle au Festival International de Nabeul - Descartes.tn","isPartOf":{"@id":"https:\/\/descartes.tn\/#website"},"primaryImageOfPage":{"@id":"https:\/\/descartes.tn\/index.php\/2025\/08\/10\/raouf-maher-rend-hommage-aux-parents-lors-de-son-spectacle-au-festival-international-de-nabeul\/#primaryimage"},"image":{"@id":"https:\/\/descartes.tn\/index.php\/2025\/08\/10\/raouf-maher-rend-hommage-aux-parents-lors-de-son-spectacle-au-festival-international-de-nabeul\/#primaryimage"},"thumbnailUrl":"https:\/\/descartes.tn\/wp-content\/uploads\/2025\/08\/530811059_122121880214921473_2229242205003112247_n.jpg","datePublished":"2025-08-10T13:45:58+00:00","dateModified":"2025-08-11T09:32:25+00:00","breadcrumb":{"@id":"https:\/\/descartes.tn\/index.php\/2025\/08\/10\/raouf-maher-rend-hommage-aux-parents-lors-de-son-spectacle-au-festival-international-de-nabeul\/#breadcrumb"},"inLanguage":"en-US","potentialAction":[{"@type":"ReadAction","target":["https:\/\/descartes.tn\/index.php\/2025\/08\/10\/raouf-maher-rend-hommage-aux-parents-lors-de-son-spectacle-au-festival-international-de-nabeul\/"]}]},{"@type":"ImageObject","inLanguage":"en-US","@id":"https:\/\/descartes.tn\/index.php\/2025\/08\/10\/raouf-maher-rend-hommage-aux-parents-lors-de-son-spectacle-au-festival-international-de-nabeul\/#primaryimage","url":"https:\/\/descartes.tn\/wp-content\/uploads\/2025\/08\/530811059_122121880214921473_2229242205003112247_n.jpg","contentUrl":"https:\/\/descartes.tn\/wp-content\/uploads\/2025\/08\/530811059_122121880214921473_2229242205003112247_n.jpg","width":2048,"height":1152},{"@type":"BreadcrumbList","@id":"https:\/\/descartes.tn\/index.php\/2025\/08\/10\/raouf-maher-rend-hommage-aux-parents-lors-de-son-spectacle-au-festival-international-de-nabeul\/#breadcrumb","itemListElement":[{"@type":"ListItem","position":1,"name":"Home","item":"https:\/\/descartes.tn\/"},{"@type":"ListItem","position":2,"name":"Raouf Maher rend hommage aux parents lors de son spectacle au Festival International de Nabeul"}]},{"@type":"WebSite","@id":"https:\/\/descartes.tn\/#website","url":"https:\/\/descartes.tn\/","name":"Descartes.tn","description":"","publisher":{"@id":"https:\/\/descartes.tn\/#organization"},"potentialAction":[{"@type":"SearchAction","target":{"@type":"EntryPoint","urlTemplate":"https:\/\/descartes.tn\/?s={search_term_string}"},"query-input":{"@type":"PropertyValueSpecification","valueRequired":true,"valueName":"search_term_string"}}],"inLanguage":"en-US"},{"@type":"Organization","@id":"https:\/\/descartes.tn\/#organization","name":"Descartes.tn","url":"https:\/\/descartes.tn\/","logo":{"@type":"ImageObject","inLanguage":"en-US","@id":"https:\/\/descartes.tn\/#\/schema\/logo\/image\/","url":"https:\/\/descartes.tn\/wp-content\/uploads\/2025\/10\/cropped-Fichier-1-1.png","contentUrl":"https:\/\/descartes.tn\/wp-content\/uploads\/2025\/10\/cropped-Fichier-1-1.png","width":136,"height":19,"caption":"Descartes.tn"},"image":{"@id":"https:\/\/descartes.tn\/#\/schema\/logo\/image\/"},"sameAs":["https:\/\/www.facebook.com\/Magdescartes","https:\/\/www.instagram.com\/descartes.magazine\/"]},{"@type":"Person","@id":"https:\/\/descartes.tn\/#\/schema\/person\/3ef1516c435e44fd54c1dbc87e343fc8","name":"Amal","image":{"@type":"ImageObject","inLanguage":"en-US","@id":"https:\/\/secure.gravatar.com\/avatar\/ac2a5e90b8656c28b1310bd81898692492a345fd0216ac64d90bafaeda2660f0?s=96&d=mm&r=g","url":"https:\/\/secure.gravatar.com\/avatar\/ac2a5e90b8656c28b1310bd81898692492a345fd0216ac64d90bafaeda2660f0?s=96&d=mm&r=g","contentUrl":"https:\/\/secure.gravatar.com\/avatar\/ac2a5e90b8656c28b1310bd81898692492a345fd0216ac64d90bafaeda2660f0?s=96&d=mm&r=g","caption":"Amal"},"url":"https:\/\/descartes.tn\/index.php\/author\/amal\/"}]}},"_links":{"self":[{"href":"https:\/\/descartes.tn\/index.php\/wp-json\/wp\/v2\/posts\/1045","targetHints":{"allow":["GET"]}}],"collection":[{"href":"https:\/\/descartes.tn\/index.php\/wp-json\/wp\/v2\/posts"}],"about":[{"href":"https:\/\/descartes.tn\/index.php\/wp-json\/wp\/v2\/types\/post"}],"author":[{"embeddable":true,"href":"https:\/\/descartes.tn\/index.php\/wp-json\/wp\/v2\/users\/2"}],"replies":[{"embeddable":true,"href":"https:\/\/descartes.tn\/index.php\/wp-json\/wp\/v2\/comments?post=1045"}],"version-history":[{"count":1,"href":"https:\/\/descartes.tn\/index.php\/wp-json\/wp\/v2\/posts\/1045\/revisions"}],"predecessor-version":[{"id":1048,"href":"https:\/\/descartes.tn\/index.php\/wp-json\/wp\/v2\/posts\/1045\/revisions\/1048"}],"wp:featuredmedia":[{"embeddable":true,"href":"https:\/\/descartes.tn\/index.php\/wp-json\/wp\/v2\/media\/1047"}],"wp:attachment":[{"href":"https:\/\/descartes.tn\/index.php\/wp-json\/wp\/v2\/media?parent=1045"}],"wp:term":[{"taxonomy":"category","embeddable":true,"href":"https:\/\/descartes.tn\/index.php\/wp-json\/wp\/v2\/categories?post=1045"},{"taxonomy":"post_tag","embeddable":true,"href":"https:\/\/descartes.tn\/index.php\/wp-json\/wp\/v2\/tags?post=1045"}],"curies":[{"name":"wp","href":"https:\/\/api.w.org\/{rel}","templated":true}]}}